{"id":3107,"date":"2016-08-14T11:04:54","date_gmt":"2016-08-14T10:04:54","guid":{"rendered":"https:\/\/elcotarro.com\/?p=3107"},"modified":"2016-08-13T11:18:49","modified_gmt":"2016-08-13T10:18:49","slug":"33-anos-sin-faltar","status":"publish","type":"post","link":"https:\/\/elcotarro.com\/?p=3107","title":{"rendered":"33 A\u00d1OS SIN FALTAR"},"content":{"rendered":"<p>Ahora, ya m\u00e1s tranquilos y como promet\u00ed, dedico <strong><em>El Cotarro<\/em><\/strong> de este domingo la Isla Bonita y a toda la buena gente palmera. Lo hago record\u00e1ndoles la historia real de un curioso encuentro de amigos que, justo hace quince d\u00edas, se volvi\u00f3 a revivir en territorio palmero, cumpliendo nada m\u00e1s y nada menos que su \u00a133 aniversario! El acontecimiento celebrado y todo lo que all\u00ed pas\u00f3, fue protagonizado por un selecto grupo de palmeros (a cu\u00e1l m\u00e1s influyente y popular) y tiene mucho que ver con el car\u00e1cter palmero y su maravillosa manera de entender la amistad y la vida. Por cierto: Diez puntos para la consejera de Pol\u00edtica Territorial y Seguridad del Gobierno de Canarias, la palmera <strong>Nieves Lady Barreto<\/strong>, quien aplaz\u00f3 su boda por estar pendiente del incendio, dejando al futuro esposo, compuesto y sin novia. Seguro que el hombre habr\u00e1 entendido las circunstancias, al igual que el lugar donde se iba a realizar el oportuno banquete posterior al casorio. El pr\u00f3ximo domingo intentar\u00e9 contarles alguito m\u00e1s.<\/p>\n<p style=\"text-align: center\"><a href=\"https:\/\/elcotarro.com\/wp-content\/uploads\/2016\/08\/FOTO-2.-LAS-SIRENAS-2016-FOTO-OFICIAL.jpg\"><img loading=\"lazy\" decoding=\"async\" class=\"alignnone size-full wp-image-3108\" src=\"https:\/\/elcotarro.com\/wp-content\/uploads\/2016\/08\/FOTO-2.-LAS-SIRENAS-2016-FOTO-OFICIAL.jpg\" alt=\"FOTO 2.- LAS SIRENAS 2016 - FOTO OFICIAL\" width=\"1474\" height=\"828\" srcset=\"https:\/\/elcotarro.com\/wp-content\/uploads\/2016\/08\/FOTO-2.-LAS-SIRENAS-2016-FOTO-OFICIAL.jpg 1474w, https:\/\/elcotarro.com\/wp-content\/uploads\/2016\/08\/FOTO-2.-LAS-SIRENAS-2016-FOTO-OFICIAL-300x169.jpg 300w, https:\/\/elcotarro.com\/wp-content\/uploads\/2016\/08\/FOTO-2.-LAS-SIRENAS-2016-FOTO-OFICIAL-1024x575.jpg 1024w\" sizes=\"auto, (max-width: 1474px) 100vw, 1474px\" \/><\/a><\/p>\n<p style=\"text-align: center\"><em>Foto de Familia Oficial del \u201cDesembarco de Las Sirenas\u201d 2016 en la isla de La Palma, con \u201cSosohnova\u201d delante.<\/em><\/p>\n","protected":false},"excerpt":{"rendered":"<p>Ahora, ya m\u00e1s tranquilos y como promet\u00ed, dedico El Cotarro de este domingo la Isla Bonita y a toda la buena gente palmera. Lo hago record\u00e1ndoles la historia real de un curioso encuentro de amigos que, justo hace quince d\u00edas, se volvi\u00f3 a revivir en territorio palmero, cumpliendo nada m\u00e1s y nada menos que su &#8230; <a class=\"read-more\" href=\"https:\/\/elcotarro.com\/?p=3107\">Read more<\/a><\/p>\n","protected":false},"author":2,"featured_media":0,"comment_status":"open","ping_status":"open","sticky":false,"template":"","format":"standard","meta":{"_jetpack_memberships_contains_paid_content":false,"footnotes":""},"categories":[1],"tags":[],"class_list":["post-3107","post","type-post","status-publish","format-standard","hentry","category-sin-categoria"],"yoast_head":"<!-- This site is optimized with the Yoast SEO plugin v27.0 - https:\/\/yoast.com\/product\/yoast-seo-wordpress\/ -->\n<title>33 A\u00d1OS SIN FALTAR - El Cotarro<\/title>\n<meta name=\"robots\" content=\"index, follow, max-snippet:-1, max-image-preview:large, max-video-preview:-1\" \/>\n<link rel=\"canonical\" href=\"https:\/\/elcotarro.com\/?p=3107\" \/>\n<meta property=\"og:locale\" content=\"es_ES\" \/>\n<meta property=\"og:type\" content=\"article\" \/>\n<meta property=\"og:title\" content=\"33 A\u00d1OS SIN FALTAR - El Cotarro\" \/>\n<meta property=\"og:description\" content=\"Ahora, ya m\u00e1s tranquilos y como promet\u00ed, dedico El Cotarro de este domingo la Isla Bonita y a toda la buena gente palmera. Lo hago record\u00e1ndoles la historia real de un curioso encuentro de amigos que, justo hace quince d\u00edas, se volvi\u00f3 a revivir en territorio palmero, cumpliendo nada m\u00e1s y nada menos que su ... Read more\" \/>\n<meta property=\"og:url\" content=\"https:\/\/elcotarro.com\/?p=3107\" \/>\n<meta property=\"og:site_name\" content=\"El Cotarro\" \/>\n<meta property=\"article:publisher\" content=\"https:\/\/www.facebook.com\/ElCotarro.Tenerife\" \/>\n<meta property=\"article:published_time\" content=\"2016-08-14T10:04:54+00:00\" \/>\n<meta property=\"og:image\" content=\"https:\/\/elcotarro.com\/wp-content\/uploads\/2016\/08\/FOTO-2.-LAS-SIRENAS-2016-FOTO-OFICIAL.jpg\" \/>\n<meta name=\"author\" content=\"Jos\u00e9 Carlos Marrero Gonz\u00e1lez\" \/>\n<meta name=\"twitter:label1\" content=\"Escrito por\" \/>\n\t<meta name=\"twitter:data1\" content=\"Jos\u00e9 Carlos Marrero Gonz\u00e1lez\" \/>\n\t<meta name=\"twitter:label2\" content=\"Tiempo de lectura\" \/>\n\t<meta name=\"twitter:data2\" content=\"1 minuto\" \/>\n<script type=\"application\/ld+json\" class=\"yoast-schema-graph\">{\"@context\":\"https:\/\/schema.org\",\"@graph\":[{\"@type\":\"Article\",\"@id\":\"https:\/\/elcotarro.com\/?p=3107#article\",\"isPartOf\":{\"@id\":\"https:\/\/elcotarro.com\/?p=3107\"},\"author\":{\"name\":\"Jos\u00e9 Carlos Marrero Gonz\u00e1lez\",\"@id\":\"https:\/\/elcotarro.com\/#\/schema\/person\/af537ee7d60d15984c7e0affcd8a918b\"},\"headline\":\"33 A\u00d1OS SIN FALTAR\",\"datePublished\":\"2016-08-14T10:04:54+00:00\",\"mainEntityOfPage\":{\"@id\":\"https:\/\/elcotarro.com\/?p=3107\"},\"wordCount\":200,\"commentCount\":0,\"publisher\":{\"@id\":\"https:\/\/elcotarro.com\/#organization\"},\"image\":{\"@id\":\"https:\/\/elcotarro.com\/?p=3107#primaryimage\"},\"thumbnailUrl\":\"https:\/\/elcotarro.com\/wp-content\/uploads\/2016\/08\/FOTO-2.-LAS-SIRENAS-2016-FOTO-OFICIAL.jpg\",\"inLanguage\":\"es\",\"potentialAction\":[{\"@type\":\"CommentAction\",\"name\":\"Comment\",\"target\":[\"https:\/\/elcotarro.com\/?p=3107#respond\"]}]},{\"@type\":\"WebPage\",\"@id\":\"https:\/\/elcotarro.com\/?p=3107\",\"url\":\"https:\/\/elcotarro.com\/?p=3107\",\"name\":\"33 A\u00d1OS SIN FALTAR - El Cotarro\",\"isPartOf\":{\"@id\":\"https:\/\/elcotarro.com\/#website\"},\"primaryImageOfPage\":{\"@id\":\"https:\/\/elcotarro.com\/?p=3107#primaryimage\"},\"image\":{\"@id\":\"https:\/\/elcotarro.com\/?p=3107#primaryimage\"},\"thumbnailUrl\":\"https:\/\/elcotarro.com\/wp-content\/uploads\/2016\/08\/FOTO-2.-LAS-SIRENAS-2016-FOTO-OFICIAL.jpg\",\"datePublished\":\"2016-08-14T10:04:54+00:00\",\"breadcrumb\":{\"@id\":\"https:\/\/elcotarro.com\/?p=3107#breadcrumb\"},\"inLanguage\":\"es\",\"potentialAction\":[{\"@type\":\"ReadAction\",\"target\":[\"https:\/\/elcotarro.com\/?p=3107\"]}]},{\"@type\":\"ImageObject\",\"inLanguage\":\"es\",\"@id\":\"https:\/\/elcotarro.com\/?p=3107#primaryimage\",\"url\":\"https:\/\/elcotarro.com\/wp-content\/uploads\/2016\/08\/FOTO-2.-LAS-SIRENAS-2016-FOTO-OFICIAL.jpg\",\"contentUrl\":\"https:\/\/elcotarro.com\/wp-content\/uploads\/2016\/08\/FOTO-2.-LAS-SIRENAS-2016-FOTO-OFICIAL.jpg\",\"width\":1474,\"height\":828},{\"@type\":\"BreadcrumbList\",\"@id\":\"https:\/\/elcotarro.com\/?p=3107#breadcrumb\",\"itemListElement\":[{\"@type\":\"ListItem\",\"position\":1,\"name\":\"Portada\",\"item\":\"https:\/\/elcotarro.com\/\"},{\"@type\":\"ListItem\",\"position\":2,\"name\":\"33 A\u00d1OS SIN FALTAR\"}]},{\"@type\":\"WebSite\",\"@id\":\"https:\/\/elcotarro.com\/#website\",\"url\":\"https:\/\/elcotarro.com\/\",\"name\":\"El Cotarro\",\"description\":\"Peri\u00f3dico Digital Independiente dirigido por Jos\u00e9 Carlos Marrero\",\"publisher\":{\"@id\":\"https:\/\/elcotarro.com\/#organization\"},\"potentialAction\":[{\"@type\":\"SearchAction\",\"target\":{\"@type\":\"EntryPoint\",\"urlTemplate\":\"https:\/\/elcotarro.com\/?s={search_term_string}\"},\"query-input\":{\"@type\":\"PropertyValueSpecification\",\"valueRequired\":true,\"valueName\":\"search_term_string\"}}],\"inLanguage\":\"es\"},{\"@type\":\"Organization\",\"@id\":\"https:\/\/elcotarro.com\/#organization\",\"name\":\"El Cotarro\",\"url\":\"https:\/\/elcotarro.com\/\",\"logo\":{\"@type\":\"ImageObject\",\"inLanguage\":\"es\",\"@id\":\"https:\/\/elcotarro.com\/#\/schema\/logo\/image\/\",\"url\":\"https:\/\/elcotarro.com\/wp-content\/uploads\/2014\/09\/Cabecera_El_Cotarro_v2.jpg\",\"contentUrl\":\"https:\/\/elcotarro.com\/wp-content\/uploads\/2014\/09\/Cabecera_El_Cotarro_v2.jpg\",\"width\":3540,\"height\":441,\"caption\":\"El Cotarro\"},\"image\":{\"@id\":\"https:\/\/elcotarro.com\/#\/schema\/logo\/image\/\"},\"sameAs\":[\"https:\/\/www.facebook.com\/ElCotarro.Tenerife\"]},{\"@type\":\"Person\",\"@id\":\"https:\/\/elcotarro.com\/#\/schema\/person\/af537ee7d60d15984c7e0affcd8a918b\",\"name\":\"Jos\u00e9 Carlos Marrero Gonz\u00e1lez\",\"image\":{\"@type\":\"ImageObject\",\"inLanguage\":\"es\",\"@id\":\"https:\/\/elcotarro.com\/#\/schema\/person\/image\/\",\"url\":\"https:\/\/secure.gravatar.com\/avatar\/def4da036efb5d32c74d49c351f6dccc064dd69ad9f3aadc295c5a9a5391ca01?s=96&d=mm&r=g\",\"contentUrl\":\"https:\/\/secure.gravatar.com\/avatar\/def4da036efb5d32c74d49c351f6dccc064dd69ad9f3aadc295c5a9a5391ca01?s=96&d=mm&r=g\",\"caption\":\"Jos\u00e9 Carlos Marrero Gonz\u00e1lez\"},\"sameAs\":[\"https:\/\/elcotarro.com\"],\"url\":\"https:\/\/elcotarro.com\/?author=2\"}]}<\/script>\n<!-- \/ Yoast SEO plugin. -->","yoast_head_json":{"title":"33 A\u00d1OS SIN FALTAR - El Cotarro","robots":{"index":"index","follow":"follow","max-snippet":"max-snippet:-1","max-image-preview":"max-image-preview:large","max-video-preview":"max-video-preview:-1"},"canonical":"https:\/\/elcotarro.com\/?p=3107","og_locale":"es_ES","og_type":"article","og_title":"33 A\u00d1OS SIN FALTAR - El Cotarro","og_description":"Ahora, ya m\u00e1s tranquilos y como promet\u00ed, dedico El Cotarro de este domingo la Isla Bonita y a toda la buena gente palmera. Lo hago record\u00e1ndoles la historia real de un curioso encuentro de amigos que, justo hace quince d\u00edas, se volvi\u00f3 a revivir en territorio palmero, cumpliendo nada m\u00e1s y nada menos que su ... Read more","og_url":"https:\/\/elcotarro.com\/?p=3107","og_site_name":"El Cotarro","article_publisher":"https:\/\/www.facebook.com\/ElCotarro.Tenerife","article_published_time":"2016-08-14T10:04:54+00:00","og_image":[{"url":"https:\/\/elcotarro.com\/wp-content\/uploads\/2016\/08\/FOTO-2.-LAS-SIRENAS-2016-FOTO-OFICIAL.jpg","type":"","width":"","height":""}],"author":"Jos\u00e9 Carlos Marrero Gonz\u00e1lez","twitter_misc":{"Escrito por":"Jos\u00e9 Carlos Marrero Gonz\u00e1lez","Tiempo de lectura":"1 minuto"},"schema":{"@context":"https:\/\/schema.org","@graph":[{"@type":"Article","@id":"https:\/\/elcotarro.com\/?p=3107#article","isPartOf":{"@id":"https:\/\/elcotarro.com\/?p=3107"},"author":{"name":"Jos\u00e9 Carlos Marrero Gonz\u00e1lez","@id":"https:\/\/elcotarro.com\/#\/schema\/person\/af537ee7d60d15984c7e0affcd8a918b"},"headline":"33 A\u00d1OS SIN FALTAR","datePublished":"2016-08-14T10:04:54+00:00","mainEntityOfPage":{"@id":"https:\/\/elcotarro.com\/?p=3107"},"wordCount":200,"commentCount":0,"publisher":{"@id":"https:\/\/elcotarro.com\/#organization"},"image":{"@id":"https:\/\/elcotarro.com\/?p=3107#primaryimage"},"thumbnailUrl":"https:\/\/elcotarro.com\/wp-content\/uploads\/2016\/08\/FOTO-2.-LAS-SIRENAS-2016-FOTO-OFICIAL.jpg","inLanguage":"es","potentialAction":[{"@type":"CommentAction","name":"Comment","target":["https:\/\/elcotarro.com\/?p=3107#respond"]}]},{"@type":"WebPage","@id":"https:\/\/elcotarro.com\/?p=3107","url":"https:\/\/elcotarro.com\/?p=3107","name":"33 A\u00d1OS SIN FALTAR - El Cotarro","isPartOf":{"@id":"https:\/\/elcotarro.com\/#website"},"primaryImageOfPage":{"@id":"https:\/\/elcotarro.com\/?p=3107#primaryimage"},"image":{"@id":"https:\/\/elcotarro.com\/?p=3107#primaryimage"},"thumbnailUrl":"https:\/\/elcotarro.com\/wp-content\/uploads\/2016\/08\/FOTO-2.-LAS-SIRENAS-2016-FOTO-OFICIAL.jpg","datePublished":"2016-08-14T10:04:54+00:00","breadcrumb":{"@id":"https:\/\/elcotarro.com\/?p=3107#breadcrumb"},"inLanguage":"es","potentialAction":[{"@type":"ReadAction","target":["https:\/\/elcotarro.com\/?p=3107"]}]},{"@type":"ImageObject","inLanguage":"es","@id":"https:\/\/elcotarro.com\/?p=3107#primaryimage","url":"https:\/\/elcotarro.com\/wp-content\/uploads\/2016\/08\/FOTO-2.-LAS-SIRENAS-2016-FOTO-OFICIAL.jpg","contentUrl":"https:\/\/elcotarro.com\/wp-content\/uploads\/2016\/08\/FOTO-2.-LAS-SIRENAS-2016-FOTO-OFICIAL.jpg","width":1474,"height":828},{"@type":"BreadcrumbList","@id":"https:\/\/elcotarro.com\/?p=3107#breadcrumb","itemListElement":[{"@type":"ListItem","position":1,"name":"Portada","item":"https:\/\/elcotarro.com\/"},{"@type":"ListItem","position":2,"name":"33 A\u00d1OS SIN FALTAR"}]},{"@type":"WebSite","@id":"https:\/\/elcotarro.com\/#website","url":"https:\/\/elcotarro.com\/","name":"El Cotarro","description":"Peri\u00f3dico Digital Independiente dirigido por Jos\u00e9 Carlos Marrero","publisher":{"@id":"https:\/\/elcotarro.com\/#organization"},"potentialAction":[{"@type":"SearchAction","target":{"@type":"EntryPoint","urlTemplate":"https:\/\/elcotarro.com\/?s={search_term_string}"},"query-input":{"@type":"PropertyValueSpecification","valueRequired":true,"valueName":"search_term_string"}}],"inLanguage":"es"},{"@type":"Organization","@id":"https:\/\/elcotarro.com\/#organization","name":"El Cotarro","url":"https:\/\/elcotarro.com\/","logo":{"@type":"ImageObject","inLanguage":"es","@id":"https:\/\/elcotarro.com\/#\/schema\/logo\/image\/","url":"https:\/\/elcotarro.com\/wp-content\/uploads\/2014\/09\/Cabecera_El_Cotarro_v2.jpg","contentUrl":"https:\/\/elcotarro.com\/wp-content\/uploads\/2014\/09\/Cabecera_El_Cotarro_v2.jpg","width":3540,"height":441,"caption":"El Cotarro"},"image":{"@id":"https:\/\/elcotarro.com\/#\/schema\/logo\/image\/"},"sameAs":["https:\/\/www.facebook.com\/ElCotarro.Tenerife"]},{"@type":"Person","@id":"https:\/\/elcotarro.com\/#\/schema\/person\/af537ee7d60d15984c7e0affcd8a918b","name":"Jos\u00e9 Carlos Marrero Gonz\u00e1lez","image":{"@type":"ImageObject","inLanguage":"es","@id":"https:\/\/elcotarro.com\/#\/schema\/person\/image\/","url":"https:\/\/secure.gravatar.com\/avatar\/def4da036efb5d32c74d49c351f6dccc064dd69ad9f3aadc295c5a9a5391ca01?s=96&d=mm&r=g","contentUrl":"https:\/\/secure.gravatar.com\/avatar\/def4da036efb5d32c74d49c351f6dccc064dd69ad9f3aadc295c5a9a5391ca01?s=96&d=mm&r=g","caption":"Jos\u00e9 Carlos Marrero Gonz\u00e1lez"},"sameAs":["https:\/\/elcotarro.com"],"url":"https:\/\/elcotarro.com\/?author=2"}]}},"jetpack_featured_media_url":"","jetpack_sharing_enabled":true,"_links":{"self":[{"href":"https:\/\/elcotarro.com\/index.php?rest_route=\/wp\/v2\/posts\/3107","targetHints":{"allow":["GET"]}}],"collection":[{"href":"https:\/\/elcotarro.com\/index.php?rest_route=\/wp\/v2\/posts"}],"about":[{"href":"https:\/\/elcotarro.com\/index.php?rest_route=\/wp\/v2\/types\/post"}],"author":[{"embeddable":true,"href":"https:\/\/elcotarro.com\/index.php?rest_route=\/wp\/v2\/users\/2"}],"replies":[{"embeddable":true,"href":"https:\/\/elcotarro.com\/index.php?rest_route=%2Fwp%2Fv2%2Fcomments&post=3107"}],"version-history":[{"count":1,"href":"https:\/\/elcotarro.com\/index.php?rest_route=\/wp\/v2\/posts\/3107\/revisions"}],"predecessor-version":[{"id":3109,"href":"https:\/\/elcotarro.com\/index.php?rest_route=\/wp\/v2\/posts\/3107\/revisions\/3109"}],"wp:attachment":[{"href":"https:\/\/elcotarro.com\/index.php?rest_route=%2Fwp%2Fv2%2Fmedia&parent=3107"}],"wp:term":[{"taxonomy":"category","embeddable":true,"href":"https:\/\/elcotarro.com\/index.php?rest_route=%2Fwp%2Fv2%2Fcategories&post=3107"},{"taxonomy":"post_tag","embeddable":true,"href":"https:\/\/elcotarro.com\/index.php?rest_route=%2Fwp%2Fv2%2Ftags&post=3107"}],"curies":[{"name":"wp","href":"https:\/\/api.w.org\/{rel}","templated":true}]}}