{"id":3110,"date":"2016-08-14T11:03:53","date_gmt":"2016-08-14T10:03:53","guid":{"rendered":"https:\/\/elcotarro.com\/?p=3110"},"modified":"2016-08-13T11:19:53","modified_gmt":"2016-08-13T10:19:53","slug":"de-los-alfaques-a-las-sirenas","status":"publish","type":"post","link":"https:\/\/elcotarro.com\/?p=3110","title":{"rendered":"DE \u201cLOS ALFAQUES\u201d A \u201cLAS SIRENAS\u201d"},"content":{"rendered":"<p>Por si no conocen la historia, les recordar\u00e9 que el a\u00f1o 1983, un grupo de amigos palmeros se reun\u00edan en una zona del Real Club N\u00e1utico de Santa Cruz de La Palma que llamaban \u201cLos Alfaques\u201d, y que cada s\u00e1bado se un\u00edan al gran maestro Quico Concepci\u00f3n para ir con el grupo de \u201cLa Sabatina\u201d a pintar paisajes palmeros\u2026 Entre ellos estaban <strong>Miguel Perdig\u00f3n Ben\u00edtez<\/strong> (el que fuera gran alcalde de la capital palmera) <strong>Tito Ayut <\/strong>(gran delantero del C.D. Mensajero que jug\u00f3 en el Canarias de la primera divisi\u00f3n venezolana), <strong>Roberto Amador<\/strong> (ilustre empresario) y <strong>V\u00edctor Lorenzo D\u00edaz Molina<\/strong> (el gran <strong>Sos\u00f3<\/strong>, para los amigos) Un s\u00e1bado se fueron de comida y vacil\u00f3n para Fuencaliente y, metidos en \u201csimones\u201d (l\u00e9ase unos buenos vasos de vino) desembarcaron en la playa con sana alegr\u00eda y unas algas por la cabeza a modo de corona\u2026 Los ba\u00f1istas que por all\u00ed estaban les vieron con tan buena pinta, que comentaron\u2026 \u201c\u00a1tremendo desembarco de sirenas!\u201d \u2026 Y como son los palmeros para poner nombres a personas y cosas, \u201cSirenas\u201d les llamaron y \u201cSirenas\u201d se quedaron, repitiendo el desembarco cada a\u00f1o.<\/p>\n<p style=\"text-align: center\"><a href=\"https:\/\/elcotarro.com\/wp-content\/uploads\/2016\/08\/FOTO-3.-LAS-SIRENAS-ORIGINALES.jpg\"><img loading=\"lazy\" decoding=\"async\" class=\"alignnone size-full wp-image-3111\" src=\"https:\/\/elcotarro.com\/wp-content\/uploads\/2016\/08\/FOTO-3.-LAS-SIRENAS-ORIGINALES.jpg\" alt=\"FOTO 3.- LAS SIRENAS ORIGINALES\" width=\"697\" height=\"468\" srcset=\"https:\/\/elcotarro.com\/wp-content\/uploads\/2016\/08\/FOTO-3.-LAS-SIRENAS-ORIGINALES.jpg 697w, https:\/\/elcotarro.com\/wp-content\/uploads\/2016\/08\/FOTO-3.-LAS-SIRENAS-ORIGINALES-300x201.jpg 300w\" sizes=\"auto, (max-width: 697px) 100vw, 697px\" \/><\/a><\/p>\n<p style=\"text-align: center\"><em>Hist\u00f3rica foto de Las Sirenas, en uno de sus primeros cinco a\u00f1os de \u201cdesembarco\u201d, con algunos de sus fundadores originales.<\/em><\/p>\n","protected":false},"excerpt":{"rendered":"<p>Por si no conocen la historia, les recordar\u00e9 que el a\u00f1o 1983, un grupo de amigos palmeros se reun\u00edan en una zona del Real Club N\u00e1utico de Santa Cruz de La Palma que llamaban \u201cLos Alfaques\u201d, y que cada s\u00e1bado se un\u00edan al gran maestro Quico Concepci\u00f3n para ir con el grupo de \u201cLa Sabatina\u201d &#8230; <a class=\"read-more\" href=\"https:\/\/elcotarro.com\/?p=3110\">Read more<\/a><\/p>\n","protected":false},"author":2,"featured_media":0,"comment_status":"open","ping_status":"open","sticky":false,"template":"","format":"standard","meta":{"_jetpack_memberships_contains_paid_content":false,"footnotes":""},"categories":[1],"tags":[],"class_list":["post-3110","post","type-post","status-publish","format-standard","hentry","category-sin-categoria"],"yoast_head":"<!-- This site is optimized with the Yoast SEO plugin v27.0 - https:\/\/yoast.com\/product\/yoast-seo-wordpress\/ -->\n<title>DE \u201cLOS ALFAQUES\u201d A \u201cLAS SIRENAS\u201d - El Cotarro<\/title>\n<meta name=\"robots\" content=\"index, follow, max-snippet:-1, max-image-preview:large, max-video-preview:-1\" \/>\n<link rel=\"canonical\" href=\"https:\/\/elcotarro.com\/?p=3110\" \/>\n<meta property=\"og:locale\" content=\"es_ES\" \/>\n<meta property=\"og:type\" content=\"article\" \/>\n<meta property=\"og:title\" content=\"DE \u201cLOS ALFAQUES\u201d A \u201cLAS SIRENAS\u201d - El Cotarro\" \/>\n<meta property=\"og:description\" content=\"Por si no conocen la historia, les recordar\u00e9 que el a\u00f1o 1983, un grupo de amigos palmeros se reun\u00edan en una zona del Real Club N\u00e1utico de Santa Cruz de La Palma que llamaban \u201cLos Alfaques\u201d, y que cada s\u00e1bado se un\u00edan al gran maestro Quico Concepci\u00f3n para ir con el grupo de \u201cLa Sabatina\u201d ... Read more\" \/>\n<meta property=\"og:url\" content=\"https:\/\/elcotarro.com\/?p=3110\" \/>\n<meta property=\"og:site_name\" content=\"El Cotarro\" \/>\n<meta property=\"article:publisher\" content=\"https:\/\/www.facebook.com\/ElCotarro.Tenerife\" \/>\n<meta property=\"article:published_time\" content=\"2016-08-14T10:03:53+00:00\" \/>\n<meta property=\"og:image\" content=\"https:\/\/elcotarro.com\/wp-content\/uploads\/2016\/08\/FOTO-3.-LAS-SIRENAS-ORIGINALES.jpg\" \/>\n<meta name=\"author\" content=\"Jos\u00e9 Carlos Marrero Gonz\u00e1lez\" \/>\n<meta name=\"twitter:label1\" content=\"Escrito por\" \/>\n\t<meta name=\"twitter:data1\" content=\"Jos\u00e9 Carlos Marrero Gonz\u00e1lez\" \/>\n\t<meta name=\"twitter:label2\" content=\"Tiempo de lectura\" \/>\n\t<meta name=\"twitter:data2\" content=\"1 minuto\" \/>\n<script type=\"application\/ld+json\" class=\"yoast-schema-graph\">{\"@context\":\"https:\/\/schema.org\",\"@graph\":[{\"@type\":\"Article\",\"@id\":\"https:\/\/elcotarro.com\/?p=3110#article\",\"isPartOf\":{\"@id\":\"https:\/\/elcotarro.com\/?p=3110\"},\"author\":{\"name\":\"Jos\u00e9 Carlos Marrero Gonz\u00e1lez\",\"@id\":\"https:\/\/elcotarro.com\/#\/schema\/person\/af537ee7d60d15984c7e0affcd8a918b\"},\"headline\":\"DE \u201cLOS ALFAQUES\u201d A \u201cLAS SIRENAS\u201d\",\"datePublished\":\"2016-08-14T10:03:53+00:00\",\"mainEntityOfPage\":{\"@id\":\"https:\/\/elcotarro.com\/?p=3110\"},\"wordCount\":230,\"commentCount\":0,\"publisher\":{\"@id\":\"https:\/\/elcotarro.com\/#organization\"},\"image\":{\"@id\":\"https:\/\/elcotarro.com\/?p=3110#primaryimage\"},\"thumbnailUrl\":\"https:\/\/elcotarro.com\/wp-content\/uploads\/2016\/08\/FOTO-3.-LAS-SIRENAS-ORIGINALES.jpg\",\"inLanguage\":\"es\",\"potentialAction\":[{\"@type\":\"CommentAction\",\"name\":\"Comment\",\"target\":[\"https:\/\/elcotarro.com\/?p=3110#respond\"]}]},{\"@type\":\"WebPage\",\"@id\":\"https:\/\/elcotarro.com\/?p=3110\",\"url\":\"https:\/\/elcotarro.com\/?p=3110\",\"name\":\"DE \u201cLOS ALFAQUES\u201d A \u201cLAS SIRENAS\u201d - El Cotarro\",\"isPartOf\":{\"@id\":\"https:\/\/elcotarro.com\/#website\"},\"primaryImageOfPage\":{\"@id\":\"https:\/\/elcotarro.com\/?p=3110#primaryimage\"},\"image\":{\"@id\":\"https:\/\/elcotarro.com\/?p=3110#primaryimage\"},\"thumbnailUrl\":\"https:\/\/elcotarro.com\/wp-content\/uploads\/2016\/08\/FOTO-3.-LAS-SIRENAS-ORIGINALES.jpg\",\"datePublished\":\"2016-08-14T10:03:53+00:00\",\"breadcrumb\":{\"@id\":\"https:\/\/elcotarro.com\/?p=3110#breadcrumb\"},\"inLanguage\":\"es\",\"potentialAction\":[{\"@type\":\"ReadAction\",\"target\":[\"https:\/\/elcotarro.com\/?p=3110\"]}]},{\"@type\":\"ImageObject\",\"inLanguage\":\"es\",\"@id\":\"https:\/\/elcotarro.com\/?p=3110#primaryimage\",\"url\":\"https:\/\/elcotarro.com\/wp-content\/uploads\/2016\/08\/FOTO-3.-LAS-SIRENAS-ORIGINALES.jpg\",\"contentUrl\":\"https:\/\/elcotarro.com\/wp-content\/uploads\/2016\/08\/FOTO-3.-LAS-SIRENAS-ORIGINALES.jpg\",\"width\":697,\"height\":468},{\"@type\":\"BreadcrumbList\",\"@id\":\"https:\/\/elcotarro.com\/?p=3110#breadcrumb\",\"itemListElement\":[{\"@type\":\"ListItem\",\"position\":1,\"name\":\"Portada\",\"item\":\"https:\/\/elcotarro.com\/\"},{\"@type\":\"ListItem\",\"position\":2,\"name\":\"DE \u201cLOS ALFAQUES\u201d A \u201cLAS SIRENAS\u201d\"}]},{\"@type\":\"WebSite\",\"@id\":\"https:\/\/elcotarro.com\/#website\",\"url\":\"https:\/\/elcotarro.com\/\",\"name\":\"El Cotarro\",\"description\":\"Peri\u00f3dico Digital Independiente dirigido por Jos\u00e9 Carlos Marrero\",\"publisher\":{\"@id\":\"https:\/\/elcotarro.com\/#organization\"},\"potentialAction\":[{\"@type\":\"SearchAction\",\"target\":{\"@type\":\"EntryPoint\",\"urlTemplate\":\"https:\/\/elcotarro.com\/?s={search_term_string}\"},\"query-input\":{\"@type\":\"PropertyValueSpecification\",\"valueRequired\":true,\"valueName\":\"search_term_string\"}}],\"inLanguage\":\"es\"},{\"@type\":\"Organization\",\"@id\":\"https:\/\/elcotarro.com\/#organization\",\"name\":\"El Cotarro\",\"url\":\"https:\/\/elcotarro.com\/\",\"logo\":{\"@type\":\"ImageObject\",\"inLanguage\":\"es\",\"@id\":\"https:\/\/elcotarro.com\/#\/schema\/logo\/image\/\",\"url\":\"https:\/\/elcotarro.com\/wp-content\/uploads\/2014\/09\/Cabecera_El_Cotarro_v2.jpg\",\"contentUrl\":\"https:\/\/elcotarro.com\/wp-content\/uploads\/2014\/09\/Cabecera_El_Cotarro_v2.jpg\",\"width\":3540,\"height\":441,\"caption\":\"El Cotarro\"},\"image\":{\"@id\":\"https:\/\/elcotarro.com\/#\/schema\/logo\/image\/\"},\"sameAs\":[\"https:\/\/www.facebook.com\/ElCotarro.Tenerife\"]},{\"@type\":\"Person\",\"@id\":\"https:\/\/elcotarro.com\/#\/schema\/person\/af537ee7d60d15984c7e0affcd8a918b\",\"name\":\"Jos\u00e9 Carlos Marrero Gonz\u00e1lez\",\"image\":{\"@type\":\"ImageObject\",\"inLanguage\":\"es\",\"@id\":\"https:\/\/elcotarro.com\/#\/schema\/person\/image\/\",\"url\":\"https:\/\/secure.gravatar.com\/avatar\/def4da036efb5d32c74d49c351f6dccc064dd69ad9f3aadc295c5a9a5391ca01?s=96&d=mm&r=g\",\"contentUrl\":\"https:\/\/secure.gravatar.com\/avatar\/def4da036efb5d32c74d49c351f6dccc064dd69ad9f3aadc295c5a9a5391ca01?s=96&d=mm&r=g\",\"caption\":\"Jos\u00e9 Carlos Marrero Gonz\u00e1lez\"},\"sameAs\":[\"https:\/\/elcotarro.com\"],\"url\":\"https:\/\/elcotarro.com\/?author=2\"}]}<\/script>\n<!-- \/ Yoast SEO plugin. -->","yoast_head_json":{"title":"DE \u201cLOS ALFAQUES\u201d A \u201cLAS SIRENAS\u201d - El Cotarro","robots":{"index":"index","follow":"follow","max-snippet":"max-snippet:-1","max-image-preview":"max-image-preview:large","max-video-preview":"max-video-preview:-1"},"canonical":"https:\/\/elcotarro.com\/?p=3110","og_locale":"es_ES","og_type":"article","og_title":"DE \u201cLOS ALFAQUES\u201d A \u201cLAS SIRENAS\u201d - El Cotarro","og_description":"Por si no conocen la historia, les recordar\u00e9 que el a\u00f1o 1983, un grupo de amigos palmeros se reun\u00edan en una zona del Real Club N\u00e1utico de Santa Cruz de La Palma que llamaban \u201cLos Alfaques\u201d, y que cada s\u00e1bado se un\u00edan al gran maestro Quico Concepci\u00f3n para ir con el grupo de \u201cLa Sabatina\u201d ... Read more","og_url":"https:\/\/elcotarro.com\/?p=3110","og_site_name":"El Cotarro","article_publisher":"https:\/\/www.facebook.com\/ElCotarro.Tenerife","article_published_time":"2016-08-14T10:03:53+00:00","og_image":[{"url":"https:\/\/elcotarro.com\/wp-content\/uploads\/2016\/08\/FOTO-3.-LAS-SIRENAS-ORIGINALES.jpg","type":"","width":"","height":""}],"author":"Jos\u00e9 Carlos Marrero Gonz\u00e1lez","twitter_misc":{"Escrito por":"Jos\u00e9 Carlos Marrero Gonz\u00e1lez","Tiempo de lectura":"1 minuto"},"schema":{"@context":"https:\/\/schema.org","@graph":[{"@type":"Article","@id":"https:\/\/elcotarro.com\/?p=3110#article","isPartOf":{"@id":"https:\/\/elcotarro.com\/?p=3110"},"author":{"name":"Jos\u00e9 Carlos Marrero Gonz\u00e1lez","@id":"https:\/\/elcotarro.com\/#\/schema\/person\/af537ee7d60d15984c7e0affcd8a918b"},"headline":"DE \u201cLOS ALFAQUES\u201d A \u201cLAS SIRENAS\u201d","datePublished":"2016-08-14T10:03:53+00:00","mainEntityOfPage":{"@id":"https:\/\/elcotarro.com\/?p=3110"},"wordCount":230,"commentCount":0,"publisher":{"@id":"https:\/\/elcotarro.com\/#organization"},"image":{"@id":"https:\/\/elcotarro.com\/?p=3110#primaryimage"},"thumbnailUrl":"https:\/\/elcotarro.com\/wp-content\/uploads\/2016\/08\/FOTO-3.-LAS-SIRENAS-ORIGINALES.jpg","inLanguage":"es","potentialAction":[{"@type":"CommentAction","name":"Comment","target":["https:\/\/elcotarro.com\/?p=3110#respond"]}]},{"@type":"WebPage","@id":"https:\/\/elcotarro.com\/?p=3110","url":"https:\/\/elcotarro.com\/?p=3110","name":"DE \u201cLOS ALFAQUES\u201d A \u201cLAS SIRENAS\u201d - El Cotarro","isPartOf":{"@id":"https:\/\/elcotarro.com\/#website"},"primaryImageOfPage":{"@id":"https:\/\/elcotarro.com\/?p=3110#primaryimage"},"image":{"@id":"https:\/\/elcotarro.com\/?p=3110#primaryimage"},"thumbnailUrl":"https:\/\/elcotarro.com\/wp-content\/uploads\/2016\/08\/FOTO-3.-LAS-SIRENAS-ORIGINALES.jpg","datePublished":"2016-08-14T10:03:53+00:00","breadcrumb":{"@id":"https:\/\/elcotarro.com\/?p=3110#breadcrumb"},"inLanguage":"es","potentialAction":[{"@type":"ReadAction","target":["https:\/\/elcotarro.com\/?p=3110"]}]},{"@type":"ImageObject","inLanguage":"es","@id":"https:\/\/elcotarro.com\/?p=3110#primaryimage","url":"https:\/\/elcotarro.com\/wp-content\/uploads\/2016\/08\/FOTO-3.-LAS-SIRENAS-ORIGINALES.jpg","contentUrl":"https:\/\/elcotarro.com\/wp-content\/uploads\/2016\/08\/FOTO-3.-LAS-SIRENAS-ORIGINALES.jpg","width":697,"height":468},{"@type":"BreadcrumbList","@id":"https:\/\/elcotarro.com\/?p=3110#breadcrumb","itemListElement":[{"@type":"ListItem","position":1,"name":"Portada","item":"https:\/\/elcotarro.com\/"},{"@type":"ListItem","position":2,"name":"DE \u201cLOS ALFAQUES\u201d A \u201cLAS SIRENAS\u201d"}]},{"@type":"WebSite","@id":"https:\/\/elcotarro.com\/#website","url":"https:\/\/elcotarro.com\/","name":"El Cotarro","description":"Peri\u00f3dico Digital Independiente dirigido por Jos\u00e9 Carlos Marrero","publisher":{"@id":"https:\/\/elcotarro.com\/#organization"},"potentialAction":[{"@type":"SearchAction","target":{"@type":"EntryPoint","urlTemplate":"https:\/\/elcotarro.com\/?s={search_term_string}"},"query-input":{"@type":"PropertyValueSpecification","valueRequired":true,"valueName":"search_term_string"}}],"inLanguage":"es"},{"@type":"Organization","@id":"https:\/\/elcotarro.com\/#organization","name":"El Cotarro","url":"https:\/\/elcotarro.com\/","logo":{"@type":"ImageObject","inLanguage":"es","@id":"https:\/\/elcotarro.com\/#\/schema\/logo\/image\/","url":"https:\/\/elcotarro.com\/wp-content\/uploads\/2014\/09\/Cabecera_El_Cotarro_v2.jpg","contentUrl":"https:\/\/elcotarro.com\/wp-content\/uploads\/2014\/09\/Cabecera_El_Cotarro_v2.jpg","width":3540,"height":441,"caption":"El Cotarro"},"image":{"@id":"https:\/\/elcotarro.com\/#\/schema\/logo\/image\/"},"sameAs":["https:\/\/www.facebook.com\/ElCotarro.Tenerife"]},{"@type":"Person","@id":"https:\/\/elcotarro.com\/#\/schema\/person\/af537ee7d60d15984c7e0affcd8a918b","name":"Jos\u00e9 Carlos Marrero Gonz\u00e1lez","image":{"@type":"ImageObject","inLanguage":"es","@id":"https:\/\/elcotarro.com\/#\/schema\/person\/image\/","url":"https:\/\/secure.gravatar.com\/avatar\/def4da036efb5d32c74d49c351f6dccc064dd69ad9f3aadc295c5a9a5391ca01?s=96&d=mm&r=g","contentUrl":"https:\/\/secure.gravatar.com\/avatar\/def4da036efb5d32c74d49c351f6dccc064dd69ad9f3aadc295c5a9a5391ca01?s=96&d=mm&r=g","caption":"Jos\u00e9 Carlos Marrero Gonz\u00e1lez"},"sameAs":["https:\/\/elcotarro.com"],"url":"https:\/\/elcotarro.com\/?author=2"}]}},"jetpack_featured_media_url":"","jetpack_sharing_enabled":true,"_links":{"self":[{"href":"https:\/\/elcotarro.com\/index.php?rest_route=\/wp\/v2\/posts\/3110","targetHints":{"allow":["GET"]}}],"collection":[{"href":"https:\/\/elcotarro.com\/index.php?rest_route=\/wp\/v2\/posts"}],"about":[{"href":"https:\/\/elcotarro.com\/index.php?rest_route=\/wp\/v2\/types\/post"}],"author":[{"embeddable":true,"href":"https:\/\/elcotarro.com\/index.php?rest_route=\/wp\/v2\/users\/2"}],"replies":[{"embeddable":true,"href":"https:\/\/elcotarro.com\/index.php?rest_route=%2Fwp%2Fv2%2Fcomments&post=3110"}],"version-history":[{"count":1,"href":"https:\/\/elcotarro.com\/index.php?rest_route=\/wp\/v2\/posts\/3110\/revisions"}],"predecessor-version":[{"id":3112,"href":"https:\/\/elcotarro.com\/index.php?rest_route=\/wp\/v2\/posts\/3110\/revisions\/3112"}],"wp:attachment":[{"href":"https:\/\/elcotarro.com\/index.php?rest_route=%2Fwp%2Fv2%2Fmedia&parent=3110"}],"wp:term":[{"taxonomy":"category","embeddable":true,"href":"https:\/\/elcotarro.com\/index.php?rest_route=%2Fwp%2Fv2%2Fcategories&post=3110"},{"taxonomy":"post_tag","embeddable":true,"href":"https:\/\/elcotarro.com\/index.php?rest_route=%2Fwp%2Fv2%2Ftags&post=3110"}],"curies":[{"name":"wp","href":"https:\/\/api.w.org\/{rel}","templated":true}]}}