{"id":3125,"date":"2016-08-14T10:58:15","date_gmt":"2016-08-14T09:58:15","guid":{"rendered":"https:\/\/elcotarro.com\/?p=3125"},"modified":"2016-08-13T11:26:11","modified_gmt":"2016-08-13T10:26:11","slug":"sosohnova-vestida-de-sirena","status":"publish","type":"post","link":"https:\/\/elcotarro.com\/?p=3125","title":{"rendered":"SOSOHNOVA VESTIDA DE SIRENA"},"content":{"rendered":"<p>Termino dando cuenta de la presencia estelar de quien no pod\u00eda faltar\u2026 Yo creo que no hay nadie en La Palma (y fuera de ella) que no conozca a <strong>V\u00edctor Lorenzo D\u00edaz Molina<\/strong>, m\u00e1s conocido por todos como el gran <strong>Sos\u00f3<\/strong>, bien en su versi\u00f3n de \u201cEnano\u201d cuando bailaba la tradicional danza palmera; bien en su versi\u00f3n con traje t\u00edpico, portando el primer gran trozo de trono del retablo de Las Nieves en la romer\u00eda de la Bajada del Trono; bien en su faceta de artesano para \u201cLa Pandorga\u201d; bien en su versi\u00f3n de los mascarones, convertido en <strong><em>\u201cLa Luna de Valencia\u201d<\/em><\/strong>; o bien en su versi\u00f3n carnavalera de \u201cLos Indianos\u201d, encarnando a la <strong><em>\u201cLa Negra Tomasa<\/em><\/strong>\u201d\u2026 Los amigos de Las Sirenas\u201d le conocen tambi\u00e9n como la <strong><em>\u201cSosohnova\u201d<\/em><\/strong> artista experta por caminar en la cuerda floja\u2026 <strong>Sos\u00f3<\/strong> estuvo este a\u00f1o durante todo el \u201ctour\u201d de Las Sirenas y protagoniz\u00f3 el toque colorista del encuentro, con su triunfal aparici\u00f3n ataviado de sirena, con dise\u00f1o exclusivo elaborado para \u00e9l, incluyendo una diadema rumbera, aparte de las esclavas (de 4 \u20ac) adornadas con \u201clujosos\u201d abalorios.<\/p>\n<p style=\"text-align: center\"><a href=\"https:\/\/elcotarro.com\/wp-content\/uploads\/2016\/08\/FOTO-7.-SOS\u00d3-VESTIDO-DE-SIRENA.jpg\"><img loading=\"lazy\" decoding=\"async\" class=\"alignnone size-full wp-image-3126\" src=\"https:\/\/elcotarro.com\/wp-content\/uploads\/2016\/08\/FOTO-7.-SOS\u00d3-VESTIDO-DE-SIRENA.jpg\" alt=\"FOTO 7.- SOS\u00d3 VESTIDO DE SIRENA\" width=\"576\" height=\"768\" srcset=\"https:\/\/elcotarro.com\/wp-content\/uploads\/2016\/08\/FOTO-7.-SOS\u00d3-VESTIDO-DE-SIRENA.jpg 576w, https:\/\/elcotarro.com\/wp-content\/uploads\/2016\/08\/FOTO-7.-SOS\u00d3-VESTIDO-DE-SIRENA-225x300.jpg 225w\" sizes=\"auto, (max-width: 576px) 100vw, 576px\" \/><\/a><\/p>\n<p style=\"text-align: center\"><em>V\u00edctor Lorenzo D\u00edaz, el gran Sos\u00f3, vestido de sirena y convertido en Sosohnova.<\/em><\/p>\n","protected":false},"excerpt":{"rendered":"<p>Termino dando cuenta de la presencia estelar de quien no pod\u00eda faltar\u2026 Yo creo que no hay nadie en La Palma (y fuera de ella) que no conozca a V\u00edctor Lorenzo D\u00edaz Molina, m\u00e1s conocido por todos como el gran Sos\u00f3, bien en su versi\u00f3n de \u201cEnano\u201d cuando bailaba la tradicional danza palmera; bien en &#8230; <a class=\"read-more\" href=\"https:\/\/elcotarro.com\/?p=3125\">Read more<\/a><\/p>\n","protected":false},"author":2,"featured_media":0,"comment_status":"open","ping_status":"open","sticky":false,"template":"","format":"standard","meta":{"_jetpack_memberships_contains_paid_content":false,"footnotes":""},"categories":[1],"tags":[],"class_list":["post-3125","post","type-post","status-publish","format-standard","hentry","category-sin-categoria"],"yoast_head":"<!-- This site is optimized with the Yoast SEO plugin v27.0 - https:\/\/yoast.com\/product\/yoast-seo-wordpress\/ -->\n<title>SOSOHNOVA VESTIDA DE SIRENA - El Cotarro<\/title>\n<meta name=\"robots\" content=\"index, follow, max-snippet:-1, max-image-preview:large, max-video-preview:-1\" \/>\n<link rel=\"canonical\" href=\"https:\/\/elcotarro.com\/?p=3125\" \/>\n<meta property=\"og:locale\" content=\"es_ES\" \/>\n<meta property=\"og:type\" content=\"article\" \/>\n<meta property=\"og:title\" content=\"SOSOHNOVA VESTIDA DE SIRENA - El Cotarro\" \/>\n<meta property=\"og:description\" content=\"Termino dando cuenta de la presencia estelar de quien no pod\u00eda faltar\u2026 Yo creo que no hay nadie en La Palma (y fuera de ella) que no conozca a V\u00edctor Lorenzo D\u00edaz Molina, m\u00e1s conocido por todos como el gran Sos\u00f3, bien en su versi\u00f3n de \u201cEnano\u201d cuando bailaba la tradicional danza palmera; bien en ... Read more\" \/>\n<meta property=\"og:url\" content=\"https:\/\/elcotarro.com\/?p=3125\" \/>\n<meta property=\"og:site_name\" content=\"El Cotarro\" \/>\n<meta property=\"article:publisher\" content=\"https:\/\/www.facebook.com\/ElCotarro.Tenerife\" \/>\n<meta property=\"article:published_time\" content=\"2016-08-14T09:58:15+00:00\" \/>\n<meta name=\"author\" content=\"Jos\u00e9 Carlos Marrero Gonz\u00e1lez\" \/>\n<meta name=\"twitter:label1\" content=\"Escrito por\" \/>\n\t<meta name=\"twitter:data1\" content=\"Jos\u00e9 Carlos Marrero Gonz\u00e1lez\" \/>\n\t<meta name=\"twitter:label2\" content=\"Tiempo de lectura\" \/>\n\t<meta name=\"twitter:data2\" content=\"1 minuto\" \/>\n<script type=\"application\/ld+json\" class=\"yoast-schema-graph\">{\"@context\":\"https:\/\/schema.org\",\"@graph\":[{\"@type\":\"Article\",\"@id\":\"https:\/\/elcotarro.com\/?p=3125#article\",\"isPartOf\":{\"@id\":\"https:\/\/elcotarro.com\/?p=3125\"},\"author\":{\"name\":\"Jos\u00e9 Carlos Marrero Gonz\u00e1lez\",\"@id\":\"https:\/\/elcotarro.com\/#\/schema\/person\/af537ee7d60d15984c7e0affcd8a918b\"},\"headline\":\"SOSOHNOVA VESTIDA DE SIRENA\",\"datePublished\":\"2016-08-14T09:58:15+00:00\",\"mainEntityOfPage\":{\"@id\":\"https:\/\/elcotarro.com\/?p=3125\"},\"wordCount\":213,\"commentCount\":0,\"publisher\":{\"@id\":\"https:\/\/elcotarro.com\/#organization\"},\"inLanguage\":\"es\",\"potentialAction\":[{\"@type\":\"CommentAction\",\"name\":\"Comment\",\"target\":[\"https:\/\/elcotarro.com\/?p=3125#respond\"]}]},{\"@type\":\"WebPage\",\"@id\":\"https:\/\/elcotarro.com\/?p=3125\",\"url\":\"https:\/\/elcotarro.com\/?p=3125\",\"name\":\"SOSOHNOVA VESTIDA DE SIRENA - El Cotarro\",\"isPartOf\":{\"@id\":\"https:\/\/elcotarro.com\/#website\"},\"datePublished\":\"2016-08-14T09:58:15+00:00\",\"breadcrumb\":{\"@id\":\"https:\/\/elcotarro.com\/?p=3125#breadcrumb\"},\"inLanguage\":\"es\",\"potentialAction\":[{\"@type\":\"ReadAction\",\"target\":[\"https:\/\/elcotarro.com\/?p=3125\"]}]},{\"@type\":\"BreadcrumbList\",\"@id\":\"https:\/\/elcotarro.com\/?p=3125#breadcrumb\",\"itemListElement\":[{\"@type\":\"ListItem\",\"position\":1,\"name\":\"Portada\",\"item\":\"https:\/\/elcotarro.com\/\"},{\"@type\":\"ListItem\",\"position\":2,\"name\":\"SOSOHNOVA VESTIDA DE SIRENA\"}]},{\"@type\":\"WebSite\",\"@id\":\"https:\/\/elcotarro.com\/#website\",\"url\":\"https:\/\/elcotarro.com\/\",\"name\":\"El Cotarro\",\"description\":\"Peri\u00f3dico Digital Independiente dirigido por Jos\u00e9 Carlos Marrero\",\"publisher\":{\"@id\":\"https:\/\/elcotarro.com\/#organization\"},\"potentialAction\":[{\"@type\":\"SearchAction\",\"target\":{\"@type\":\"EntryPoint\",\"urlTemplate\":\"https:\/\/elcotarro.com\/?s={search_term_string}\"},\"query-input\":{\"@type\":\"PropertyValueSpecification\",\"valueRequired\":true,\"valueName\":\"search_term_string\"}}],\"inLanguage\":\"es\"},{\"@type\":\"Organization\",\"@id\":\"https:\/\/elcotarro.com\/#organization\",\"name\":\"El Cotarro\",\"url\":\"https:\/\/elcotarro.com\/\",\"logo\":{\"@type\":\"ImageObject\",\"inLanguage\":\"es\",\"@id\":\"https:\/\/elcotarro.com\/#\/schema\/logo\/image\/\",\"url\":\"https:\/\/elcotarro.com\/wp-content\/uploads\/2014\/09\/Cabecera_El_Cotarro_v2.jpg\",\"contentUrl\":\"https:\/\/elcotarro.com\/wp-content\/uploads\/2014\/09\/Cabecera_El_Cotarro_v2.jpg\",\"width\":3540,\"height\":441,\"caption\":\"El Cotarro\"},\"image\":{\"@id\":\"https:\/\/elcotarro.com\/#\/schema\/logo\/image\/\"},\"sameAs\":[\"https:\/\/www.facebook.com\/ElCotarro.Tenerife\"]},{\"@type\":\"Person\",\"@id\":\"https:\/\/elcotarro.com\/#\/schema\/person\/af537ee7d60d15984c7e0affcd8a918b\",\"name\":\"Jos\u00e9 Carlos Marrero Gonz\u00e1lez\",\"image\":{\"@type\":\"ImageObject\",\"inLanguage\":\"es\",\"@id\":\"https:\/\/elcotarro.com\/#\/schema\/person\/image\/\",\"url\":\"https:\/\/secure.gravatar.com\/avatar\/def4da036efb5d32c74d49c351f6dccc064dd69ad9f3aadc295c5a9a5391ca01?s=96&d=mm&r=g\",\"contentUrl\":\"https:\/\/secure.gravatar.com\/avatar\/def4da036efb5d32c74d49c351f6dccc064dd69ad9f3aadc295c5a9a5391ca01?s=96&d=mm&r=g\",\"caption\":\"Jos\u00e9 Carlos Marrero Gonz\u00e1lez\"},\"sameAs\":[\"https:\/\/elcotarro.com\"],\"url\":\"https:\/\/elcotarro.com\/?author=2\"}]}<\/script>\n<!-- \/ Yoast SEO plugin. -->","yoast_head_json":{"title":"SOSOHNOVA VESTIDA DE SIRENA - El Cotarro","robots":{"index":"index","follow":"follow","max-snippet":"max-snippet:-1","max-image-preview":"max-image-preview:large","max-video-preview":"max-video-preview:-1"},"canonical":"https:\/\/elcotarro.com\/?p=3125","og_locale":"es_ES","og_type":"article","og_title":"SOSOHNOVA VESTIDA DE SIRENA - El Cotarro","og_description":"Termino dando cuenta de la presencia estelar de quien no pod\u00eda faltar\u2026 Yo creo que no hay nadie en La Palma (y fuera de ella) que no conozca a V\u00edctor Lorenzo D\u00edaz Molina, m\u00e1s conocido por todos como el gran Sos\u00f3, bien en su versi\u00f3n de \u201cEnano\u201d cuando bailaba la tradicional danza palmera; bien en ... Read more","og_url":"https:\/\/elcotarro.com\/?p=3125","og_site_name":"El Cotarro","article_publisher":"https:\/\/www.facebook.com\/ElCotarro.Tenerife","article_published_time":"2016-08-14T09:58:15+00:00","author":"Jos\u00e9 Carlos Marrero Gonz\u00e1lez","twitter_misc":{"Escrito por":"Jos\u00e9 Carlos Marrero Gonz\u00e1lez","Tiempo de lectura":"1 minuto"},"schema":{"@context":"https:\/\/schema.org","@graph":[{"@type":"Article","@id":"https:\/\/elcotarro.com\/?p=3125#article","isPartOf":{"@id":"https:\/\/elcotarro.com\/?p=3125"},"author":{"name":"Jos\u00e9 Carlos Marrero Gonz\u00e1lez","@id":"https:\/\/elcotarro.com\/#\/schema\/person\/af537ee7d60d15984c7e0affcd8a918b"},"headline":"SOSOHNOVA VESTIDA DE SIRENA","datePublished":"2016-08-14T09:58:15+00:00","mainEntityOfPage":{"@id":"https:\/\/elcotarro.com\/?p=3125"},"wordCount":213,"commentCount":0,"publisher":{"@id":"https:\/\/elcotarro.com\/#organization"},"inLanguage":"es","potentialAction":[{"@type":"CommentAction","name":"Comment","target":["https:\/\/elcotarro.com\/?p=3125#respond"]}]},{"@type":"WebPage","@id":"https:\/\/elcotarro.com\/?p=3125","url":"https:\/\/elcotarro.com\/?p=3125","name":"SOSOHNOVA VESTIDA DE SIRENA - El Cotarro","isPartOf":{"@id":"https:\/\/elcotarro.com\/#website"},"datePublished":"2016-08-14T09:58:15+00:00","breadcrumb":{"@id":"https:\/\/elcotarro.com\/?p=3125#breadcrumb"},"inLanguage":"es","potentialAction":[{"@type":"ReadAction","target":["https:\/\/elcotarro.com\/?p=3125"]}]},{"@type":"BreadcrumbList","@id":"https:\/\/elcotarro.com\/?p=3125#breadcrumb","itemListElement":[{"@type":"ListItem","position":1,"name":"Portada","item":"https:\/\/elcotarro.com\/"},{"@type":"ListItem","position":2,"name":"SOSOHNOVA VESTIDA DE SIRENA"}]},{"@type":"WebSite","@id":"https:\/\/elcotarro.com\/#website","url":"https:\/\/elcotarro.com\/","name":"El Cotarro","description":"Peri\u00f3dico Digital Independiente dirigido por Jos\u00e9 Carlos Marrero","publisher":{"@id":"https:\/\/elcotarro.com\/#organization"},"potentialAction":[{"@type":"SearchAction","target":{"@type":"EntryPoint","urlTemplate":"https:\/\/elcotarro.com\/?s={search_term_string}"},"query-input":{"@type":"PropertyValueSpecification","valueRequired":true,"valueName":"search_term_string"}}],"inLanguage":"es"},{"@type":"Organization","@id":"https:\/\/elcotarro.com\/#organization","name":"El Cotarro","url":"https:\/\/elcotarro.com\/","logo":{"@type":"ImageObject","inLanguage":"es","@id":"https:\/\/elcotarro.com\/#\/schema\/logo\/image\/","url":"https:\/\/elcotarro.com\/wp-content\/uploads\/2014\/09\/Cabecera_El_Cotarro_v2.jpg","contentUrl":"https:\/\/elcotarro.com\/wp-content\/uploads\/2014\/09\/Cabecera_El_Cotarro_v2.jpg","width":3540,"height":441,"caption":"El Cotarro"},"image":{"@id":"https:\/\/elcotarro.com\/#\/schema\/logo\/image\/"},"sameAs":["https:\/\/www.facebook.com\/ElCotarro.Tenerife"]},{"@type":"Person","@id":"https:\/\/elcotarro.com\/#\/schema\/person\/af537ee7d60d15984c7e0affcd8a918b","name":"Jos\u00e9 Carlos Marrero Gonz\u00e1lez","image":{"@type":"ImageObject","inLanguage":"es","@id":"https:\/\/elcotarro.com\/#\/schema\/person\/image\/","url":"https:\/\/secure.gravatar.com\/avatar\/def4da036efb5d32c74d49c351f6dccc064dd69ad9f3aadc295c5a9a5391ca01?s=96&d=mm&r=g","contentUrl":"https:\/\/secure.gravatar.com\/avatar\/def4da036efb5d32c74d49c351f6dccc064dd69ad9f3aadc295c5a9a5391ca01?s=96&d=mm&r=g","caption":"Jos\u00e9 Carlos Marrero Gonz\u00e1lez"},"sameAs":["https:\/\/elcotarro.com"],"url":"https:\/\/elcotarro.com\/?author=2"}]}},"jetpack_featured_media_url":"","jetpack_sharing_enabled":true,"_links":{"self":[{"href":"https:\/\/elcotarro.com\/index.php?rest_route=\/wp\/v2\/posts\/3125","targetHints":{"allow":["GET"]}}],"collection":[{"href":"https:\/\/elcotarro.com\/index.php?rest_route=\/wp\/v2\/posts"}],"about":[{"href":"https:\/\/elcotarro.com\/index.php?rest_route=\/wp\/v2\/types\/post"}],"author":[{"embeddable":true,"href":"https:\/\/elcotarro.com\/index.php?rest_route=\/wp\/v2\/users\/2"}],"replies":[{"embeddable":true,"href":"https:\/\/elcotarro.com\/index.php?rest_route=%2Fwp%2Fv2%2Fcomments&post=3125"}],"version-history":[{"count":1,"href":"https:\/\/elcotarro.com\/index.php?rest_route=\/wp\/v2\/posts\/3125\/revisions"}],"predecessor-version":[{"id":3127,"href":"https:\/\/elcotarro.com\/index.php?rest_route=\/wp\/v2\/posts\/3125\/revisions\/3127"}],"wp:attachment":[{"href":"https:\/\/elcotarro.com\/index.php?rest_route=%2Fwp%2Fv2%2Fmedia&parent=3125"}],"wp:term":[{"taxonomy":"category","embeddable":true,"href":"https:\/\/elcotarro.com\/index.php?rest_route=%2Fwp%2Fv2%2Fcategories&post=3125"},{"taxonomy":"post_tag","embeddable":true,"href":"https:\/\/elcotarro.com\/index.php?rest_route=%2Fwp%2Fv2%2Ftags&post=3125"}],"curies":[{"name":"wp","href":"https:\/\/api.w.org\/{rel}","templated":true}]}}