{"id":3128,"date":"2016-08-14T10:57:16","date_gmt":"2016-08-14T09:57:16","guid":{"rendered":"https:\/\/elcotarro.com\/?p=3128"},"modified":"2016-08-13T11:27:43","modified_gmt":"2016-08-13T10:27:43","slug":"homenaje-a-soso-en-vida","status":"publish","type":"post","link":"https:\/\/elcotarro.com\/?p=3128","title":{"rendered":"HOMENAJE A \u201cSOS\u00d3\u201d \u00a1\u00a1EN VIDA!!"},"content":{"rendered":"<p>El clamor de este a\u00f1o entre Las Sirenas fue el de hacer ver al presidente del Cabildo de La Palma, <strong>Anselmo Pestana Padr\u00f3n<\/strong>, as\u00ed como al alcalde de la capital palmera, <strong>Sergio Matos Castro<\/strong>, para que se muevan pronto y bien de cara a tributar a <strong>V\u00edctor Lorenzo D\u00edaz Molina<\/strong> un gran y merecido homenaje \u00a1\u00a1en vida!! que nuestro gran <strong>Sos\u00f3<\/strong> se merece en La Palma como nadie. Para ello no hay que esperar a la pr\u00f3xima Bajada de la <strong>Virgen de Las Nieves<\/strong>. Hay que hacerlo \u00a1ya!&#8230; Y si recogemos las acertadas opiniones de muchas \u201csirenas\u201d el gran monumento a <strong>V\u00edctor Lorenzo D\u00edaz <\/strong>deber\u00eda incorporar un gui\u00f1o o una alegor\u00eda a cada una de esos aspectos y personajes que, todos juntos, conforman la irrepetible figura de <strong>Sos\u00f3<\/strong> (el portador del trono, el enano, el mascar\u00f3n Luna de Valencia, el artesano de La Pandorga, la Negra Tomasa y la sirena Sosohnova) \u00bfalguien puede dar m\u00e1s y tan altruistamente por su tierra palmera, como lo dado por <strong>Sos\u00f3<\/strong>?&#8230; Termino como el a\u00f1o pasado: El d\u00eda que perdamos estos buenos ratos de culto a la amistad\u2026 apaga y v\u00e1monos\u2026<\/p>\n<p style=\"text-align: center\"><a href=\"https:\/\/elcotarro.com\/wp-content\/uploads\/2016\/08\/FOTO-8.-DOS-TREMENDOS-PUNTALES.jpg\"><img loading=\"lazy\" decoding=\"async\" class=\"alignnone size-full wp-image-3129\" src=\"https:\/\/elcotarro.com\/wp-content\/uploads\/2016\/08\/FOTO-8.-DOS-TREMENDOS-PUNTALES.jpg\" alt=\"FOTO 8.- DOS TREMENDOS PUNTALES\" width=\"901\" height=\"728\" srcset=\"https:\/\/elcotarro.com\/wp-content\/uploads\/2016\/08\/FOTO-8.-DOS-TREMENDOS-PUNTALES.jpg 901w, https:\/\/elcotarro.com\/wp-content\/uploads\/2016\/08\/FOTO-8.-DOS-TREMENDOS-PUNTALES-300x242.jpg 300w\" sizes=\"auto, (max-width: 901px) 100vw, 901px\" \/><\/a><\/p>\n<p style=\"text-align: center\"><em>Dos grandes \u201ccuadros\u201d&#8230; V\u00edctor Lorenzo D\u00edaz, el gran Sos\u00f3 (i) y Juan Francisco Capote, el gran Capot\u00edn\u2026 Dos tremendos \u201cpuntales\u201d<\/em><\/p>\n<p style=\"text-align: center\"><a href=\"http:\/\/www.careca.es\/\" target=\"_blank\"><img loading=\"lazy\" decoding=\"async\" class=\"size-full wp-image-2216 aligncenter\" src=\"https:\/\/elcotarro.com\/wp-content\/uploads\/2016\/07\/InsulacafeElCotarro.jpg\" alt=\"Bnn_Careca\" width=\"750\" height=\"150\" \/><\/a><\/p>\n","protected":false},"excerpt":{"rendered":"<p>El clamor de este a\u00f1o entre Las Sirenas fue el de hacer ver al presidente del Cabildo de La Palma, Anselmo Pestana Padr\u00f3n, as\u00ed como al alcalde de la capital palmera, Sergio Matos Castro, para que se muevan pronto y bien de cara a tributar a V\u00edctor Lorenzo D\u00edaz Molina un gran y merecido homenaje &#8230; <a class=\"read-more\" href=\"https:\/\/elcotarro.com\/?p=3128\">Read more<\/a><\/p>\n","protected":false},"author":2,"featured_media":0,"comment_status":"open","ping_status":"open","sticky":false,"template":"","format":"standard","meta":{"_jetpack_memberships_contains_paid_content":false,"footnotes":""},"categories":[1],"tags":[],"class_list":["post-3128","post","type-post","status-publish","format-standard","hentry","category-sin-categoria"],"yoast_head":"<!-- This site is optimized with the Yoast SEO plugin v27.0 - https:\/\/yoast.com\/product\/yoast-seo-wordpress\/ -->\n<title>HOMENAJE A \u201cSOS\u00d3\u201d \u00a1\u00a1EN VIDA!! - El Cotarro<\/title>\n<meta name=\"robots\" content=\"index, follow, max-snippet:-1, max-image-preview:large, max-video-preview:-1\" \/>\n<link rel=\"canonical\" href=\"https:\/\/elcotarro.com\/?p=3128\" \/>\n<meta property=\"og:locale\" content=\"es_ES\" \/>\n<meta property=\"og:type\" content=\"article\" \/>\n<meta property=\"og:title\" content=\"HOMENAJE A \u201cSOS\u00d3\u201d \u00a1\u00a1EN VIDA!! - El Cotarro\" \/>\n<meta property=\"og:description\" content=\"El clamor de este a\u00f1o entre Las Sirenas fue el de hacer ver al presidente del Cabildo de La Palma, Anselmo Pestana Padr\u00f3n, as\u00ed como al alcalde de la capital palmera, Sergio Matos Castro, para que se muevan pronto y bien de cara a tributar a V\u00edctor Lorenzo D\u00edaz Molina un gran y merecido homenaje ... Read more\" \/>\n<meta property=\"og:url\" content=\"https:\/\/elcotarro.com\/?p=3128\" \/>\n<meta property=\"og:site_name\" content=\"El Cotarro\" \/>\n<meta property=\"article:publisher\" content=\"https:\/\/www.facebook.com\/ElCotarro.Tenerife\" \/>\n<meta property=\"article:published_time\" content=\"2016-08-14T09:57:16+00:00\" \/>\n<meta property=\"og:image\" content=\"https:\/\/elcotarro.com\/wp-content\/uploads\/2016\/08\/FOTO-8.-DOS-TREMENDOS-PUNTALES.jpg\" \/>\n<meta name=\"author\" content=\"Jos\u00e9 Carlos Marrero Gonz\u00e1lez\" \/>\n<meta name=\"twitter:label1\" content=\"Escrito por\" \/>\n\t<meta name=\"twitter:data1\" content=\"Jos\u00e9 Carlos Marrero Gonz\u00e1lez\" \/>\n\t<meta name=\"twitter:label2\" content=\"Tiempo de lectura\" \/>\n\t<meta name=\"twitter:data2\" content=\"1 minuto\" \/>\n<script type=\"application\/ld+json\" class=\"yoast-schema-graph\">{\"@context\":\"https:\/\/schema.org\",\"@graph\":[{\"@type\":\"Article\",\"@id\":\"https:\/\/elcotarro.com\/?p=3128#article\",\"isPartOf\":{\"@id\":\"https:\/\/elcotarro.com\/?p=3128\"},\"author\":{\"name\":\"Jos\u00e9 Carlos Marrero Gonz\u00e1lez\",\"@id\":\"https:\/\/elcotarro.com\/#\/schema\/person\/af537ee7d60d15984c7e0affcd8a918b\"},\"headline\":\"HOMENAJE A \u201cSOS\u00d3\u201d \u00a1\u00a1EN VIDA!!\",\"datePublished\":\"2016-08-14T09:57:16+00:00\",\"mainEntityOfPage\":{\"@id\":\"https:\/\/elcotarro.com\/?p=3128\"},\"wordCount\":230,\"commentCount\":0,\"publisher\":{\"@id\":\"https:\/\/elcotarro.com\/#organization\"},\"image\":{\"@id\":\"https:\/\/elcotarro.com\/?p=3128#primaryimage\"},\"thumbnailUrl\":\"https:\/\/elcotarro.com\/wp-content\/uploads\/2016\/08\/FOTO-8.-DOS-TREMENDOS-PUNTALES.jpg\",\"inLanguage\":\"es\",\"potentialAction\":[{\"@type\":\"CommentAction\",\"name\":\"Comment\",\"target\":[\"https:\/\/elcotarro.com\/?p=3128#respond\"]}]},{\"@type\":\"WebPage\",\"@id\":\"https:\/\/elcotarro.com\/?p=3128\",\"url\":\"https:\/\/elcotarro.com\/?p=3128\",\"name\":\"HOMENAJE A \u201cSOS\u00d3\u201d \u00a1\u00a1EN VIDA!! - El Cotarro\",\"isPartOf\":{\"@id\":\"https:\/\/elcotarro.com\/#website\"},\"primaryImageOfPage\":{\"@id\":\"https:\/\/elcotarro.com\/?p=3128#primaryimage\"},\"image\":{\"@id\":\"https:\/\/elcotarro.com\/?p=3128#primaryimage\"},\"thumbnailUrl\":\"https:\/\/elcotarro.com\/wp-content\/uploads\/2016\/08\/FOTO-8.-DOS-TREMENDOS-PUNTALES.jpg\",\"datePublished\":\"2016-08-14T09:57:16+00:00\",\"breadcrumb\":{\"@id\":\"https:\/\/elcotarro.com\/?p=3128#breadcrumb\"},\"inLanguage\":\"es\",\"potentialAction\":[{\"@type\":\"ReadAction\",\"target\":[\"https:\/\/elcotarro.com\/?p=3128\"]}]},{\"@type\":\"ImageObject\",\"inLanguage\":\"es\",\"@id\":\"https:\/\/elcotarro.com\/?p=3128#primaryimage\",\"url\":\"https:\/\/elcotarro.com\/wp-content\/uploads\/2016\/08\/FOTO-8.-DOS-TREMENDOS-PUNTALES.jpg\",\"contentUrl\":\"https:\/\/elcotarro.com\/wp-content\/uploads\/2016\/08\/FOTO-8.-DOS-TREMENDOS-PUNTALES.jpg\",\"width\":901,\"height\":728},{\"@type\":\"BreadcrumbList\",\"@id\":\"https:\/\/elcotarro.com\/?p=3128#breadcrumb\",\"itemListElement\":[{\"@type\":\"ListItem\",\"position\":1,\"name\":\"Portada\",\"item\":\"https:\/\/elcotarro.com\/\"},{\"@type\":\"ListItem\",\"position\":2,\"name\":\"HOMENAJE A \u201cSOS\u00d3\u201d \u00a1\u00a1EN VIDA!!\"}]},{\"@type\":\"WebSite\",\"@id\":\"https:\/\/elcotarro.com\/#website\",\"url\":\"https:\/\/elcotarro.com\/\",\"name\":\"El Cotarro\",\"description\":\"Peri\u00f3dico Digital Independiente dirigido por Jos\u00e9 Carlos Marrero\",\"publisher\":{\"@id\":\"https:\/\/elcotarro.com\/#organization\"},\"potentialAction\":[{\"@type\":\"SearchAction\",\"target\":{\"@type\":\"EntryPoint\",\"urlTemplate\":\"https:\/\/elcotarro.com\/?s={search_term_string}\"},\"query-input\":{\"@type\":\"PropertyValueSpecification\",\"valueRequired\":true,\"valueName\":\"search_term_string\"}}],\"inLanguage\":\"es\"},{\"@type\":\"Organization\",\"@id\":\"https:\/\/elcotarro.com\/#organization\",\"name\":\"El Cotarro\",\"url\":\"https:\/\/elcotarro.com\/\",\"logo\":{\"@type\":\"ImageObject\",\"inLanguage\":\"es\",\"@id\":\"https:\/\/elcotarro.com\/#\/schema\/logo\/image\/\",\"url\":\"https:\/\/elcotarro.com\/wp-content\/uploads\/2014\/09\/Cabecera_El_Cotarro_v2.jpg\",\"contentUrl\":\"https:\/\/elcotarro.com\/wp-content\/uploads\/2014\/09\/Cabecera_El_Cotarro_v2.jpg\",\"width\":3540,\"height\":441,\"caption\":\"El Cotarro\"},\"image\":{\"@id\":\"https:\/\/elcotarro.com\/#\/schema\/logo\/image\/\"},\"sameAs\":[\"https:\/\/www.facebook.com\/ElCotarro.Tenerife\"]},{\"@type\":\"Person\",\"@id\":\"https:\/\/elcotarro.com\/#\/schema\/person\/af537ee7d60d15984c7e0affcd8a918b\",\"name\":\"Jos\u00e9 Carlos Marrero Gonz\u00e1lez\",\"image\":{\"@type\":\"ImageObject\",\"inLanguage\":\"es\",\"@id\":\"https:\/\/elcotarro.com\/#\/schema\/person\/image\/\",\"url\":\"https:\/\/secure.gravatar.com\/avatar\/def4da036efb5d32c74d49c351f6dccc064dd69ad9f3aadc295c5a9a5391ca01?s=96&d=mm&r=g\",\"contentUrl\":\"https:\/\/secure.gravatar.com\/avatar\/def4da036efb5d32c74d49c351f6dccc064dd69ad9f3aadc295c5a9a5391ca01?s=96&d=mm&r=g\",\"caption\":\"Jos\u00e9 Carlos Marrero Gonz\u00e1lez\"},\"sameAs\":[\"https:\/\/elcotarro.com\"],\"url\":\"https:\/\/elcotarro.com\/?author=2\"}]}<\/script>\n<!-- \/ Yoast SEO plugin. -->","yoast_head_json":{"title":"HOMENAJE A \u201cSOS\u00d3\u201d \u00a1\u00a1EN VIDA!! - El Cotarro","robots":{"index":"index","follow":"follow","max-snippet":"max-snippet:-1","max-image-preview":"max-image-preview:large","max-video-preview":"max-video-preview:-1"},"canonical":"https:\/\/elcotarro.com\/?p=3128","og_locale":"es_ES","og_type":"article","og_title":"HOMENAJE A \u201cSOS\u00d3\u201d \u00a1\u00a1EN VIDA!! - El Cotarro","og_description":"El clamor de este a\u00f1o entre Las Sirenas fue el de hacer ver al presidente del Cabildo de La Palma, Anselmo Pestana Padr\u00f3n, as\u00ed como al alcalde de la capital palmera, Sergio Matos Castro, para que se muevan pronto y bien de cara a tributar a V\u00edctor Lorenzo D\u00edaz Molina un gran y merecido homenaje ... Read more","og_url":"https:\/\/elcotarro.com\/?p=3128","og_site_name":"El Cotarro","article_publisher":"https:\/\/www.facebook.com\/ElCotarro.Tenerife","article_published_time":"2016-08-14T09:57:16+00:00","og_image":[{"url":"https:\/\/elcotarro.com\/wp-content\/uploads\/2016\/08\/FOTO-8.-DOS-TREMENDOS-PUNTALES.jpg","type":"","width":"","height":""}],"author":"Jos\u00e9 Carlos Marrero Gonz\u00e1lez","twitter_misc":{"Escrito por":"Jos\u00e9 Carlos Marrero Gonz\u00e1lez","Tiempo de lectura":"1 minuto"},"schema":{"@context":"https:\/\/schema.org","@graph":[{"@type":"Article","@id":"https:\/\/elcotarro.com\/?p=3128#article","isPartOf":{"@id":"https:\/\/elcotarro.com\/?p=3128"},"author":{"name":"Jos\u00e9 Carlos Marrero Gonz\u00e1lez","@id":"https:\/\/elcotarro.com\/#\/schema\/person\/af537ee7d60d15984c7e0affcd8a918b"},"headline":"HOMENAJE A \u201cSOS\u00d3\u201d \u00a1\u00a1EN VIDA!!","datePublished":"2016-08-14T09:57:16+00:00","mainEntityOfPage":{"@id":"https:\/\/elcotarro.com\/?p=3128"},"wordCount":230,"commentCount":0,"publisher":{"@id":"https:\/\/elcotarro.com\/#organization"},"image":{"@id":"https:\/\/elcotarro.com\/?p=3128#primaryimage"},"thumbnailUrl":"https:\/\/elcotarro.com\/wp-content\/uploads\/2016\/08\/FOTO-8.-DOS-TREMENDOS-PUNTALES.jpg","inLanguage":"es","potentialAction":[{"@type":"CommentAction","name":"Comment","target":["https:\/\/elcotarro.com\/?p=3128#respond"]}]},{"@type":"WebPage","@id":"https:\/\/elcotarro.com\/?p=3128","url":"https:\/\/elcotarro.com\/?p=3128","name":"HOMENAJE A \u201cSOS\u00d3\u201d \u00a1\u00a1EN VIDA!! - El Cotarro","isPartOf":{"@id":"https:\/\/elcotarro.com\/#website"},"primaryImageOfPage":{"@id":"https:\/\/elcotarro.com\/?p=3128#primaryimage"},"image":{"@id":"https:\/\/elcotarro.com\/?p=3128#primaryimage"},"thumbnailUrl":"https:\/\/elcotarro.com\/wp-content\/uploads\/2016\/08\/FOTO-8.-DOS-TREMENDOS-PUNTALES.jpg","datePublished":"2016-08-14T09:57:16+00:00","breadcrumb":{"@id":"https:\/\/elcotarro.com\/?p=3128#breadcrumb"},"inLanguage":"es","potentialAction":[{"@type":"ReadAction","target":["https:\/\/elcotarro.com\/?p=3128"]}]},{"@type":"ImageObject","inLanguage":"es","@id":"https:\/\/elcotarro.com\/?p=3128#primaryimage","url":"https:\/\/elcotarro.com\/wp-content\/uploads\/2016\/08\/FOTO-8.-DOS-TREMENDOS-PUNTALES.jpg","contentUrl":"https:\/\/elcotarro.com\/wp-content\/uploads\/2016\/08\/FOTO-8.-DOS-TREMENDOS-PUNTALES.jpg","width":901,"height":728},{"@type":"BreadcrumbList","@id":"https:\/\/elcotarro.com\/?p=3128#breadcrumb","itemListElement":[{"@type":"ListItem","position":1,"name":"Portada","item":"https:\/\/elcotarro.com\/"},{"@type":"ListItem","position":2,"name":"HOMENAJE A \u201cSOS\u00d3\u201d \u00a1\u00a1EN VIDA!!"}]},{"@type":"WebSite","@id":"https:\/\/elcotarro.com\/#website","url":"https:\/\/elcotarro.com\/","name":"El Cotarro","description":"Peri\u00f3dico Digital Independiente dirigido por Jos\u00e9 Carlos Marrero","publisher":{"@id":"https:\/\/elcotarro.com\/#organization"},"potentialAction":[{"@type":"SearchAction","target":{"@type":"EntryPoint","urlTemplate":"https:\/\/elcotarro.com\/?s={search_term_string}"},"query-input":{"@type":"PropertyValueSpecification","valueRequired":true,"valueName":"search_term_string"}}],"inLanguage":"es"},{"@type":"Organization","@id":"https:\/\/elcotarro.com\/#organization","name":"El Cotarro","url":"https:\/\/elcotarro.com\/","logo":{"@type":"ImageObject","inLanguage":"es","@id":"https:\/\/elcotarro.com\/#\/schema\/logo\/image\/","url":"https:\/\/elcotarro.com\/wp-content\/uploads\/2014\/09\/Cabecera_El_Cotarro_v2.jpg","contentUrl":"https:\/\/elcotarro.com\/wp-content\/uploads\/2014\/09\/Cabecera_El_Cotarro_v2.jpg","width":3540,"height":441,"caption":"El Cotarro"},"image":{"@id":"https:\/\/elcotarro.com\/#\/schema\/logo\/image\/"},"sameAs":["https:\/\/www.facebook.com\/ElCotarro.Tenerife"]},{"@type":"Person","@id":"https:\/\/elcotarro.com\/#\/schema\/person\/af537ee7d60d15984c7e0affcd8a918b","name":"Jos\u00e9 Carlos Marrero Gonz\u00e1lez","image":{"@type":"ImageObject","inLanguage":"es","@id":"https:\/\/elcotarro.com\/#\/schema\/person\/image\/","url":"https:\/\/secure.gravatar.com\/avatar\/def4da036efb5d32c74d49c351f6dccc064dd69ad9f3aadc295c5a9a5391ca01?s=96&d=mm&r=g","contentUrl":"https:\/\/secure.gravatar.com\/avatar\/def4da036efb5d32c74d49c351f6dccc064dd69ad9f3aadc295c5a9a5391ca01?s=96&d=mm&r=g","caption":"Jos\u00e9 Carlos Marrero Gonz\u00e1lez"},"sameAs":["https:\/\/elcotarro.com"],"url":"https:\/\/elcotarro.com\/?author=2"}]}},"jetpack_featured_media_url":"","jetpack_sharing_enabled":true,"_links":{"self":[{"href":"https:\/\/elcotarro.com\/index.php?rest_route=\/wp\/v2\/posts\/3128","targetHints":{"allow":["GET"]}}],"collection":[{"href":"https:\/\/elcotarro.com\/index.php?rest_route=\/wp\/v2\/posts"}],"about":[{"href":"https:\/\/elcotarro.com\/index.php?rest_route=\/wp\/v2\/types\/post"}],"author":[{"embeddable":true,"href":"https:\/\/elcotarro.com\/index.php?rest_route=\/wp\/v2\/users\/2"}],"replies":[{"embeddable":true,"href":"https:\/\/elcotarro.com\/index.php?rest_route=%2Fwp%2Fv2%2Fcomments&post=3128"}],"version-history":[{"count":1,"href":"https:\/\/elcotarro.com\/index.php?rest_route=\/wp\/v2\/posts\/3128\/revisions"}],"predecessor-version":[{"id":3130,"href":"https:\/\/elcotarro.com\/index.php?rest_route=\/wp\/v2\/posts\/3128\/revisions\/3130"}],"wp:attachment":[{"href":"https:\/\/elcotarro.com\/index.php?rest_route=%2Fwp%2Fv2%2Fmedia&parent=3128"}],"wp:term":[{"taxonomy":"category","embeddable":true,"href":"https:\/\/elcotarro.com\/index.php?rest_route=%2Fwp%2Fv2%2Fcategories&post=3128"},{"taxonomy":"post_tag","embeddable":true,"href":"https:\/\/elcotarro.com\/index.php?rest_route=%2Fwp%2Fv2%2Ftags&post=3128"}],"curies":[{"name":"wp","href":"https:\/\/api.w.org\/{rel}","templated":true}]}}