{"id":3149,"date":"2016-08-21T11:01:01","date_gmt":"2016-08-21T10:01:01","guid":{"rendered":"https:\/\/elcotarro.com\/?p=3149"},"modified":"2016-08-21T10:18:54","modified_gmt":"2016-08-21T09:18:54","slug":"cuchillo-para-papas-arrugadas","status":"publish","type":"post","link":"https:\/\/elcotarro.com\/?p=3149","title":{"rendered":"CUCHILLO PARA PAPAS ARRUGADAS"},"content":{"rendered":"<p>Me cuentan que <strong>Alejandro Sanz<\/strong> prob\u00f3 las papas negras laguneras, debidamente arrugadas y se qued\u00f3 encantado con ellas. Al final del concierto invit\u00f3 a <strong>Jos\u00e9 Alberto D\u00edaz<\/strong> a su camerino y le dijo que tanto le hab\u00edan gustado, que guard\u00f3 unas cuantas de ellas para sembrarlas en su finca de Extremadura. Por su parte, parece que el alcalde chicharrero, <strong>Jos\u00e9 Manuel Berm\u00fadez,<\/strong> no se quiso quedar atr\u00e1s en el tema de los regalos, r\u00e1pidamente reaccion\u00f3 y mand\u00f3 a buscar uno. En este caso opt\u00f3 por un t\u00edpico chuchillo canario (que, hombre, es m\u00e1s bien un recuerdo \u201ccanari\u00f3n\u201d) y se lo ofreci\u00f3 a <strong>Alejandro Sanz<\/strong>, para que pelara las papas negras. El cantante tambi\u00e9n se lo agradeci\u00f3 (como no podr\u00eda ser de otra manera) pero alguien le dijo que, las papas negras tinerfe\u00f1as bien arrugadas, lo suyo es comerlas sin pelarlas. Y el cantante qued\u00f3 con el coraz\u00f3n \u201cpart\u00edo\u201d, contento y\u2026 con tinto.<\/p>\n<p style=\"text-align: center\"><a href=\"https:\/\/elcotarro.com\/wp-content\/uploads\/2016\/08\/FOTO-5.-JOS\u00c9-ALBERTO-CON-ALEJANDRO.jpg\"><img loading=\"lazy\" decoding=\"async\" class=\"alignnone size-full wp-image-3150\" src=\"https:\/\/elcotarro.com\/wp-content\/uploads\/2016\/08\/FOTO-5.-JOS\u00c9-ALBERTO-CON-ALEJANDRO.jpg\" alt=\"FOTO 5.- JOS\u00c9 ALBERTO CON ALEJANDRO\" width=\"786\" height=\"960\" srcset=\"https:\/\/elcotarro.com\/wp-content\/uploads\/2016\/08\/FOTO-5.-JOS\u00c9-ALBERTO-CON-ALEJANDRO.jpg 786w, https:\/\/elcotarro.com\/wp-content\/uploads\/2016\/08\/FOTO-5.-JOS\u00c9-ALBERTO-CON-ALEJANDRO-246x300.jpg 246w\" sizes=\"auto, (max-width: 786px) 100vw, 786px\" \/><\/a><\/p>\n<p style=\"text-align: center\"><em>Alejandro Sanz (i) entrando con el alcalde Jos\u00e9 Alberto D\u00edaz, para la rueda de prensa.<\/em><\/p>\n","protected":false},"excerpt":{"rendered":"<p>Me cuentan que Alejandro Sanz prob\u00f3 las papas negras laguneras, debidamente arrugadas y se qued\u00f3 encantado con ellas. Al final del concierto invit\u00f3 a Jos\u00e9 Alberto D\u00edaz a su camerino y le dijo que tanto le hab\u00edan gustado, que guard\u00f3 unas cuantas de ellas para sembrarlas en su finca de Extremadura. Por su parte, parece &#8230; <a class=\"read-more\" href=\"https:\/\/elcotarro.com\/?p=3149\">Read more<\/a><\/p>\n","protected":false},"author":2,"featured_media":0,"comment_status":"open","ping_status":"open","sticky":false,"template":"","format":"standard","meta":{"_jetpack_memberships_contains_paid_content":false,"footnotes":""},"categories":[1],"tags":[],"class_list":["post-3149","post","type-post","status-publish","format-standard","hentry","category-sin-categoria"],"yoast_head":"<!-- This site is optimized with the Yoast SEO plugin v27.0 - https:\/\/yoast.com\/product\/yoast-seo-wordpress\/ -->\n<title>CUCHILLO PARA PAPAS ARRUGADAS - El Cotarro<\/title>\n<meta name=\"robots\" content=\"index, follow, max-snippet:-1, max-image-preview:large, max-video-preview:-1\" \/>\n<link rel=\"canonical\" href=\"https:\/\/elcotarro.com\/?p=3149\" \/>\n<meta property=\"og:locale\" content=\"es_ES\" \/>\n<meta property=\"og:type\" content=\"article\" \/>\n<meta property=\"og:title\" content=\"CUCHILLO PARA PAPAS ARRUGADAS - El Cotarro\" \/>\n<meta property=\"og:description\" content=\"Me cuentan que Alejandro Sanz prob\u00f3 las papas negras laguneras, debidamente arrugadas y se qued\u00f3 encantado con ellas. Al final del concierto invit\u00f3 a Jos\u00e9 Alberto D\u00edaz a su camerino y le dijo que tanto le hab\u00edan gustado, que guard\u00f3 unas cuantas de ellas para sembrarlas en su finca de Extremadura. Por su parte, parece ... Read more\" \/>\n<meta property=\"og:url\" content=\"https:\/\/elcotarro.com\/?p=3149\" \/>\n<meta property=\"og:site_name\" content=\"El Cotarro\" \/>\n<meta property=\"article:publisher\" content=\"https:\/\/www.facebook.com\/ElCotarro.Tenerife\" \/>\n<meta property=\"article:published_time\" content=\"2016-08-21T10:01:01+00:00\" \/>\n<meta name=\"author\" content=\"Jos\u00e9 Carlos Marrero Gonz\u00e1lez\" \/>\n<meta name=\"twitter:label1\" content=\"Escrito por\" \/>\n\t<meta name=\"twitter:data1\" content=\"Jos\u00e9 Carlos Marrero Gonz\u00e1lez\" \/>\n\t<meta name=\"twitter:label2\" content=\"Tiempo de lectura\" \/>\n\t<meta name=\"twitter:data2\" content=\"1 minuto\" \/>\n<script type=\"application\/ld+json\" class=\"yoast-schema-graph\">{\"@context\":\"https:\/\/schema.org\",\"@graph\":[{\"@type\":\"Article\",\"@id\":\"https:\/\/elcotarro.com\/?p=3149#article\",\"isPartOf\":{\"@id\":\"https:\/\/elcotarro.com\/?p=3149\"},\"author\":{\"name\":\"Jos\u00e9 Carlos Marrero Gonz\u00e1lez\",\"@id\":\"https:\/\/elcotarro.com\/#\/schema\/person\/af537ee7d60d15984c7e0affcd8a918b\"},\"headline\":\"CUCHILLO PARA PAPAS ARRUGADAS\",\"datePublished\":\"2016-08-21T10:01:01+00:00\",\"mainEntityOfPage\":{\"@id\":\"https:\/\/elcotarro.com\/?p=3149\"},\"wordCount\":185,\"commentCount\":0,\"publisher\":{\"@id\":\"https:\/\/elcotarro.com\/#organization\"},\"inLanguage\":\"es\",\"potentialAction\":[{\"@type\":\"CommentAction\",\"name\":\"Comment\",\"target\":[\"https:\/\/elcotarro.com\/?p=3149#respond\"]}]},{\"@type\":\"WebPage\",\"@id\":\"https:\/\/elcotarro.com\/?p=3149\",\"url\":\"https:\/\/elcotarro.com\/?p=3149\",\"name\":\"CUCHILLO PARA PAPAS ARRUGADAS - El Cotarro\",\"isPartOf\":{\"@id\":\"https:\/\/elcotarro.com\/#website\"},\"datePublished\":\"2016-08-21T10:01:01+00:00\",\"breadcrumb\":{\"@id\":\"https:\/\/elcotarro.com\/?p=3149#breadcrumb\"},\"inLanguage\":\"es\",\"potentialAction\":[{\"@type\":\"ReadAction\",\"target\":[\"https:\/\/elcotarro.com\/?p=3149\"]}]},{\"@type\":\"BreadcrumbList\",\"@id\":\"https:\/\/elcotarro.com\/?p=3149#breadcrumb\",\"itemListElement\":[{\"@type\":\"ListItem\",\"position\":1,\"name\":\"Portada\",\"item\":\"https:\/\/elcotarro.com\/\"},{\"@type\":\"ListItem\",\"position\":2,\"name\":\"CUCHILLO PARA PAPAS ARRUGADAS\"}]},{\"@type\":\"WebSite\",\"@id\":\"https:\/\/elcotarro.com\/#website\",\"url\":\"https:\/\/elcotarro.com\/\",\"name\":\"El Cotarro\",\"description\":\"Peri\u00f3dico Digital Independiente dirigido por Jos\u00e9 Carlos Marrero\",\"publisher\":{\"@id\":\"https:\/\/elcotarro.com\/#organization\"},\"potentialAction\":[{\"@type\":\"SearchAction\",\"target\":{\"@type\":\"EntryPoint\",\"urlTemplate\":\"https:\/\/elcotarro.com\/?s={search_term_string}\"},\"query-input\":{\"@type\":\"PropertyValueSpecification\",\"valueRequired\":true,\"valueName\":\"search_term_string\"}}],\"inLanguage\":\"es\"},{\"@type\":\"Organization\",\"@id\":\"https:\/\/elcotarro.com\/#organization\",\"name\":\"El Cotarro\",\"url\":\"https:\/\/elcotarro.com\/\",\"logo\":{\"@type\":\"ImageObject\",\"inLanguage\":\"es\",\"@id\":\"https:\/\/elcotarro.com\/#\/schema\/logo\/image\/\",\"url\":\"https:\/\/elcotarro.com\/wp-content\/uploads\/2014\/09\/Cabecera_El_Cotarro_v2.jpg\",\"contentUrl\":\"https:\/\/elcotarro.com\/wp-content\/uploads\/2014\/09\/Cabecera_El_Cotarro_v2.jpg\",\"width\":3540,\"height\":441,\"caption\":\"El Cotarro\"},\"image\":{\"@id\":\"https:\/\/elcotarro.com\/#\/schema\/logo\/image\/\"},\"sameAs\":[\"https:\/\/www.facebook.com\/ElCotarro.Tenerife\"]},{\"@type\":\"Person\",\"@id\":\"https:\/\/elcotarro.com\/#\/schema\/person\/af537ee7d60d15984c7e0affcd8a918b\",\"name\":\"Jos\u00e9 Carlos Marrero Gonz\u00e1lez\",\"image\":{\"@type\":\"ImageObject\",\"inLanguage\":\"es\",\"@id\":\"https:\/\/elcotarro.com\/#\/schema\/person\/image\/\",\"url\":\"https:\/\/secure.gravatar.com\/avatar\/def4da036efb5d32c74d49c351f6dccc064dd69ad9f3aadc295c5a9a5391ca01?s=96&d=mm&r=g\",\"contentUrl\":\"https:\/\/secure.gravatar.com\/avatar\/def4da036efb5d32c74d49c351f6dccc064dd69ad9f3aadc295c5a9a5391ca01?s=96&d=mm&r=g\",\"caption\":\"Jos\u00e9 Carlos Marrero Gonz\u00e1lez\"},\"sameAs\":[\"https:\/\/elcotarro.com\"],\"url\":\"https:\/\/elcotarro.com\/?author=2\"}]}<\/script>\n<!-- \/ Yoast SEO plugin. -->","yoast_head_json":{"title":"CUCHILLO PARA PAPAS ARRUGADAS - El Cotarro","robots":{"index":"index","follow":"follow","max-snippet":"max-snippet:-1","max-image-preview":"max-image-preview:large","max-video-preview":"max-video-preview:-1"},"canonical":"https:\/\/elcotarro.com\/?p=3149","og_locale":"es_ES","og_type":"article","og_title":"CUCHILLO PARA PAPAS ARRUGADAS - El Cotarro","og_description":"Me cuentan que Alejandro Sanz prob\u00f3 las papas negras laguneras, debidamente arrugadas y se qued\u00f3 encantado con ellas. Al final del concierto invit\u00f3 a Jos\u00e9 Alberto D\u00edaz a su camerino y le dijo que tanto le hab\u00edan gustado, que guard\u00f3 unas cuantas de ellas para sembrarlas en su finca de Extremadura. Por su parte, parece ... Read more","og_url":"https:\/\/elcotarro.com\/?p=3149","og_site_name":"El Cotarro","article_publisher":"https:\/\/www.facebook.com\/ElCotarro.Tenerife","article_published_time":"2016-08-21T10:01:01+00:00","author":"Jos\u00e9 Carlos Marrero Gonz\u00e1lez","twitter_misc":{"Escrito por":"Jos\u00e9 Carlos Marrero Gonz\u00e1lez","Tiempo de lectura":"1 minuto"},"schema":{"@context":"https:\/\/schema.org","@graph":[{"@type":"Article","@id":"https:\/\/elcotarro.com\/?p=3149#article","isPartOf":{"@id":"https:\/\/elcotarro.com\/?p=3149"},"author":{"name":"Jos\u00e9 Carlos Marrero Gonz\u00e1lez","@id":"https:\/\/elcotarro.com\/#\/schema\/person\/af537ee7d60d15984c7e0affcd8a918b"},"headline":"CUCHILLO PARA PAPAS ARRUGADAS","datePublished":"2016-08-21T10:01:01+00:00","mainEntityOfPage":{"@id":"https:\/\/elcotarro.com\/?p=3149"},"wordCount":185,"commentCount":0,"publisher":{"@id":"https:\/\/elcotarro.com\/#organization"},"inLanguage":"es","potentialAction":[{"@type":"CommentAction","name":"Comment","target":["https:\/\/elcotarro.com\/?p=3149#respond"]}]},{"@type":"WebPage","@id":"https:\/\/elcotarro.com\/?p=3149","url":"https:\/\/elcotarro.com\/?p=3149","name":"CUCHILLO PARA PAPAS ARRUGADAS - El Cotarro","isPartOf":{"@id":"https:\/\/elcotarro.com\/#website"},"datePublished":"2016-08-21T10:01:01+00:00","breadcrumb":{"@id":"https:\/\/elcotarro.com\/?p=3149#breadcrumb"},"inLanguage":"es","potentialAction":[{"@type":"ReadAction","target":["https:\/\/elcotarro.com\/?p=3149"]}]},{"@type":"BreadcrumbList","@id":"https:\/\/elcotarro.com\/?p=3149#breadcrumb","itemListElement":[{"@type":"ListItem","position":1,"name":"Portada","item":"https:\/\/elcotarro.com\/"},{"@type":"ListItem","position":2,"name":"CUCHILLO PARA PAPAS ARRUGADAS"}]},{"@type":"WebSite","@id":"https:\/\/elcotarro.com\/#website","url":"https:\/\/elcotarro.com\/","name":"El Cotarro","description":"Peri\u00f3dico Digital Independiente dirigido por Jos\u00e9 Carlos Marrero","publisher":{"@id":"https:\/\/elcotarro.com\/#organization"},"potentialAction":[{"@type":"SearchAction","target":{"@type":"EntryPoint","urlTemplate":"https:\/\/elcotarro.com\/?s={search_term_string}"},"query-input":{"@type":"PropertyValueSpecification","valueRequired":true,"valueName":"search_term_string"}}],"inLanguage":"es"},{"@type":"Organization","@id":"https:\/\/elcotarro.com\/#organization","name":"El Cotarro","url":"https:\/\/elcotarro.com\/","logo":{"@type":"ImageObject","inLanguage":"es","@id":"https:\/\/elcotarro.com\/#\/schema\/logo\/image\/","url":"https:\/\/elcotarro.com\/wp-content\/uploads\/2014\/09\/Cabecera_El_Cotarro_v2.jpg","contentUrl":"https:\/\/elcotarro.com\/wp-content\/uploads\/2014\/09\/Cabecera_El_Cotarro_v2.jpg","width":3540,"height":441,"caption":"El Cotarro"},"image":{"@id":"https:\/\/elcotarro.com\/#\/schema\/logo\/image\/"},"sameAs":["https:\/\/www.facebook.com\/ElCotarro.Tenerife"]},{"@type":"Person","@id":"https:\/\/elcotarro.com\/#\/schema\/person\/af537ee7d60d15984c7e0affcd8a918b","name":"Jos\u00e9 Carlos Marrero Gonz\u00e1lez","image":{"@type":"ImageObject","inLanguage":"es","@id":"https:\/\/elcotarro.com\/#\/schema\/person\/image\/","url":"https:\/\/secure.gravatar.com\/avatar\/def4da036efb5d32c74d49c351f6dccc064dd69ad9f3aadc295c5a9a5391ca01?s=96&d=mm&r=g","contentUrl":"https:\/\/secure.gravatar.com\/avatar\/def4da036efb5d32c74d49c351f6dccc064dd69ad9f3aadc295c5a9a5391ca01?s=96&d=mm&r=g","caption":"Jos\u00e9 Carlos Marrero Gonz\u00e1lez"},"sameAs":["https:\/\/elcotarro.com"],"url":"https:\/\/elcotarro.com\/?author=2"}]}},"jetpack_featured_media_url":"","jetpack_sharing_enabled":true,"_links":{"self":[{"href":"https:\/\/elcotarro.com\/index.php?rest_route=\/wp\/v2\/posts\/3149","targetHints":{"allow":["GET"]}}],"collection":[{"href":"https:\/\/elcotarro.com\/index.php?rest_route=\/wp\/v2\/posts"}],"about":[{"href":"https:\/\/elcotarro.com\/index.php?rest_route=\/wp\/v2\/types\/post"}],"author":[{"embeddable":true,"href":"https:\/\/elcotarro.com\/index.php?rest_route=\/wp\/v2\/users\/2"}],"replies":[{"embeddable":true,"href":"https:\/\/elcotarro.com\/index.php?rest_route=%2Fwp%2Fv2%2Fcomments&post=3149"}],"version-history":[{"count":1,"href":"https:\/\/elcotarro.com\/index.php?rest_route=\/wp\/v2\/posts\/3149\/revisions"}],"predecessor-version":[{"id":3151,"href":"https:\/\/elcotarro.com\/index.php?rest_route=\/wp\/v2\/posts\/3149\/revisions\/3151"}],"wp:attachment":[{"href":"https:\/\/elcotarro.com\/index.php?rest_route=%2Fwp%2Fv2%2Fmedia&parent=3149"}],"wp:term":[{"taxonomy":"category","embeddable":true,"href":"https:\/\/elcotarro.com\/index.php?rest_route=%2Fwp%2Fv2%2Fcategories&post=3149"},{"taxonomy":"post_tag","embeddable":true,"href":"https:\/\/elcotarro.com\/index.php?rest_route=%2Fwp%2Fv2%2Ftags&post=3149"}],"curies":[{"name":"wp","href":"https:\/\/api.w.org\/{rel}","templated":true}]}}