{"id":3152,"date":"2016-08-21T11:00:05","date_gmt":"2016-08-21T10:00:05","guid":{"rendered":"https:\/\/elcotarro.com\/?p=3152"},"modified":"2016-08-21T10:20:33","modified_gmt":"2016-08-21T09:20:33","slug":"acuerdo-entre-cio-y-melia","status":"publish","type":"post","link":"https:\/\/elcotarro.com\/?p=3152","title":{"rendered":"ACUERDO ENTRE CIO Y MELI\u00c1"},"content":{"rendered":"<p>La popular frase que reza aquello de&#8230; \u00ab\u00a1arreglen eso por las buenas!\u00bb ha sido llevada y aplicada de maravilla para desbloquear y cerrar de la mejor manera posible un contencioso que llevaba unos cuantos a\u00f1os enredado. Y digo esto porque, felizmente, la multinacional tinerfe\u00f1a Compa\u00f1\u00eda de las Islas Occidentales (Grupo CIO) que preside <strong>Francisco Javier Zamorano S\u00e1enz<\/strong>, (hijo del recordado y gran empresario tinerfe\u00f1o <strong>Luis Zamorano Tais<\/strong>) ha firmado un positivo acuerdo con la tambi\u00e9n multinacional (en este caso mallorquina) Meli\u00e1 Hotels International S.A., que tiene como presidente al veterano <strong>Gabriel Escarrer Juli\u00e1<\/strong> y como vicepresidente y consejero delegado a su hijo <strong>Gabriel Escarrer Jaume<\/strong>. Con esta resoluci\u00f3n finalizan de mutuo acuerdo la relaci\u00f3n empresarial que ambas partes iniciaron en la d\u00e9cada de los a\u00f1os 90. Grupo CIO ha adquirido todas las participaciones de las que la cadena hotelera a\u00fan era titular en las sociedades de Grupo CIO; concretamente el 5\u201903 % de Inversiones Hoteleras Playa del Duque S.A. y el 8\u201942 % de Inversiones Tur\u00edsticas Casas Bellas S.L. Mediante dicho acuerdo, adem\u00e1s, las partes dan por finalizados los diversos litigios que manten\u00edan durante estos \u00faltimos a\u00f1os. Sin duda, una muy buena noticia por la que hay que felicitar a las dos partes, pero, si me lo permiten, muy especialmente, a <strong>Francisco Javier Zamorano S\u00e1enz <\/strong>y a todo el valioso equipo jur\u00eddico del Grupo CIO.<\/p>\n<p style=\"text-align: center\"><a href=\"https:\/\/elcotarro.com\/wp-content\/uploads\/2016\/08\/FOTO-6.-FRANCISCO-JAVIER-ZAMORANO.jpg\"><img loading=\"lazy\" decoding=\"async\" class=\"alignnone size-full wp-image-3153\" src=\"https:\/\/elcotarro.com\/wp-content\/uploads\/2016\/08\/FOTO-6.-FRANCISCO-JAVIER-ZAMORANO.jpg\" alt=\"FOTO 6.- FRANCISCO JAVIER ZAMORANO\" width=\"635\" height=\"423\" srcset=\"https:\/\/elcotarro.com\/wp-content\/uploads\/2016\/08\/FOTO-6.-FRANCISCO-JAVIER-ZAMORANO.jpg 635w, https:\/\/elcotarro.com\/wp-content\/uploads\/2016\/08\/FOTO-6.-FRANCISCO-JAVIER-ZAMORANO-300x200.jpg 300w\" sizes=\"auto, (max-width: 635px) 100vw, 635px\" \/><\/a><\/p>\n<p style=\"text-align: center\">Francisco Javier Zamorano S\u00e1enz, presidente del Grupo CIO.<\/p>\n<p style=\"text-align: center\"><a href=\"http:\/\/www.careca.es\/\" target=\"_blank\"><img loading=\"lazy\" decoding=\"async\" class=\"size-full wp-image-2216 aligncenter\" src=\"https:\/\/elcotarro.com\/wp-content\/uploads\/2016\/07\/InsulacafeElCotarro.jpg\" alt=\"Bnn_Careca\" width=\"750\" height=\"150\" \/><\/a><\/p>\n","protected":false},"excerpt":{"rendered":"<p>La popular frase que reza aquello de&#8230; \u00ab\u00a1arreglen eso por las buenas!\u00bb ha sido llevada y aplicada de maravilla para desbloquear y cerrar de la mejor manera posible un contencioso que llevaba unos cuantos a\u00f1os enredado. Y digo esto porque, felizmente, la multinacional tinerfe\u00f1a Compa\u00f1\u00eda de las Islas Occidentales (Grupo CIO) que preside Francisco Javier &#8230; <a class=\"read-more\" href=\"https:\/\/elcotarro.com\/?p=3152\">Read more<\/a><\/p>\n","protected":false},"author":2,"featured_media":0,"comment_status":"open","ping_status":"open","sticky":false,"template":"","format":"standard","meta":{"_jetpack_memberships_contains_paid_content":false,"footnotes":""},"categories":[1],"tags":[],"class_list":["post-3152","post","type-post","status-publish","format-standard","hentry","category-sin-categoria"],"yoast_head":"<!-- This site is optimized with the Yoast SEO plugin v27.0 - https:\/\/yoast.com\/product\/yoast-seo-wordpress\/ -->\n<title>ACUERDO ENTRE CIO Y MELI\u00c1 - El Cotarro<\/title>\n<meta name=\"robots\" content=\"index, follow, max-snippet:-1, max-image-preview:large, max-video-preview:-1\" \/>\n<link rel=\"canonical\" href=\"https:\/\/elcotarro.com\/?p=3152\" \/>\n<meta property=\"og:locale\" content=\"es_ES\" \/>\n<meta property=\"og:type\" content=\"article\" \/>\n<meta property=\"og:title\" content=\"ACUERDO ENTRE CIO Y MELI\u00c1 - El Cotarro\" \/>\n<meta property=\"og:description\" content=\"La popular frase que reza aquello de&#8230; \u00ab\u00a1arreglen eso por las buenas!\u00bb ha sido llevada y aplicada de maravilla para desbloquear y cerrar de la mejor manera posible un contencioso que llevaba unos cuantos a\u00f1os enredado. Y digo esto porque, felizmente, la multinacional tinerfe\u00f1a Compa\u00f1\u00eda de las Islas Occidentales (Grupo CIO) que preside Francisco Javier ... Read more\" \/>\n<meta property=\"og:url\" content=\"https:\/\/elcotarro.com\/?p=3152\" \/>\n<meta property=\"og:site_name\" content=\"El Cotarro\" \/>\n<meta property=\"article:publisher\" content=\"https:\/\/www.facebook.com\/ElCotarro.Tenerife\" \/>\n<meta property=\"article:published_time\" content=\"2016-08-21T10:00:05+00:00\" \/>\n<meta property=\"og:image\" content=\"https:\/\/elcotarro.com\/wp-content\/uploads\/2016\/08\/FOTO-6.-FRANCISCO-JAVIER-ZAMORANO.jpg\" \/>\n<meta name=\"author\" content=\"Jos\u00e9 Carlos Marrero Gonz\u00e1lez\" \/>\n<meta name=\"twitter:label1\" content=\"Escrito por\" \/>\n\t<meta name=\"twitter:data1\" content=\"Jos\u00e9 Carlos Marrero Gonz\u00e1lez\" \/>\n\t<meta name=\"twitter:label2\" content=\"Tiempo de lectura\" \/>\n\t<meta name=\"twitter:data2\" content=\"1 minuto\" \/>\n<script type=\"application\/ld+json\" class=\"yoast-schema-graph\">{\"@context\":\"https:\/\/schema.org\",\"@graph\":[{\"@type\":\"Article\",\"@id\":\"https:\/\/elcotarro.com\/?p=3152#article\",\"isPartOf\":{\"@id\":\"https:\/\/elcotarro.com\/?p=3152\"},\"author\":{\"name\":\"Jos\u00e9 Carlos Marrero Gonz\u00e1lez\",\"@id\":\"https:\/\/elcotarro.com\/#\/schema\/person\/af537ee7d60d15984c7e0affcd8a918b\"},\"headline\":\"ACUERDO ENTRE CIO Y MELI\u00c1\",\"datePublished\":\"2016-08-21T10:00:05+00:00\",\"mainEntityOfPage\":{\"@id\":\"https:\/\/elcotarro.com\/?p=3152\"},\"wordCount\":254,\"commentCount\":0,\"publisher\":{\"@id\":\"https:\/\/elcotarro.com\/#organization\"},\"image\":{\"@id\":\"https:\/\/elcotarro.com\/?p=3152#primaryimage\"},\"thumbnailUrl\":\"https:\/\/elcotarro.com\/wp-content\/uploads\/2016\/08\/FOTO-6.-FRANCISCO-JAVIER-ZAMORANO.jpg\",\"inLanguage\":\"es\",\"potentialAction\":[{\"@type\":\"CommentAction\",\"name\":\"Comment\",\"target\":[\"https:\/\/elcotarro.com\/?p=3152#respond\"]}]},{\"@type\":\"WebPage\",\"@id\":\"https:\/\/elcotarro.com\/?p=3152\",\"url\":\"https:\/\/elcotarro.com\/?p=3152\",\"name\":\"ACUERDO ENTRE CIO Y MELI\u00c1 - El Cotarro\",\"isPartOf\":{\"@id\":\"https:\/\/elcotarro.com\/#website\"},\"primaryImageOfPage\":{\"@id\":\"https:\/\/elcotarro.com\/?p=3152#primaryimage\"},\"image\":{\"@id\":\"https:\/\/elcotarro.com\/?p=3152#primaryimage\"},\"thumbnailUrl\":\"https:\/\/elcotarro.com\/wp-content\/uploads\/2016\/08\/FOTO-6.-FRANCISCO-JAVIER-ZAMORANO.jpg\",\"datePublished\":\"2016-08-21T10:00:05+00:00\",\"breadcrumb\":{\"@id\":\"https:\/\/elcotarro.com\/?p=3152#breadcrumb\"},\"inLanguage\":\"es\",\"potentialAction\":[{\"@type\":\"ReadAction\",\"target\":[\"https:\/\/elcotarro.com\/?p=3152\"]}]},{\"@type\":\"ImageObject\",\"inLanguage\":\"es\",\"@id\":\"https:\/\/elcotarro.com\/?p=3152#primaryimage\",\"url\":\"https:\/\/elcotarro.com\/wp-content\/uploads\/2016\/08\/FOTO-6.-FRANCISCO-JAVIER-ZAMORANO.jpg\",\"contentUrl\":\"https:\/\/elcotarro.com\/wp-content\/uploads\/2016\/08\/FOTO-6.-FRANCISCO-JAVIER-ZAMORANO.jpg\",\"width\":635,\"height\":423},{\"@type\":\"BreadcrumbList\",\"@id\":\"https:\/\/elcotarro.com\/?p=3152#breadcrumb\",\"itemListElement\":[{\"@type\":\"ListItem\",\"position\":1,\"name\":\"Portada\",\"item\":\"https:\/\/elcotarro.com\/\"},{\"@type\":\"ListItem\",\"position\":2,\"name\":\"ACUERDO ENTRE CIO Y MELI\u00c1\"}]},{\"@type\":\"WebSite\",\"@id\":\"https:\/\/elcotarro.com\/#website\",\"url\":\"https:\/\/elcotarro.com\/\",\"name\":\"El Cotarro\",\"description\":\"Peri\u00f3dico Digital Independiente dirigido por Jos\u00e9 Carlos Marrero\",\"publisher\":{\"@id\":\"https:\/\/elcotarro.com\/#organization\"},\"potentialAction\":[{\"@type\":\"SearchAction\",\"target\":{\"@type\":\"EntryPoint\",\"urlTemplate\":\"https:\/\/elcotarro.com\/?s={search_term_string}\"},\"query-input\":{\"@type\":\"PropertyValueSpecification\",\"valueRequired\":true,\"valueName\":\"search_term_string\"}}],\"inLanguage\":\"es\"},{\"@type\":\"Organization\",\"@id\":\"https:\/\/elcotarro.com\/#organization\",\"name\":\"El Cotarro\",\"url\":\"https:\/\/elcotarro.com\/\",\"logo\":{\"@type\":\"ImageObject\",\"inLanguage\":\"es\",\"@id\":\"https:\/\/elcotarro.com\/#\/schema\/logo\/image\/\",\"url\":\"https:\/\/elcotarro.com\/wp-content\/uploads\/2014\/09\/Cabecera_El_Cotarro_v2.jpg\",\"contentUrl\":\"https:\/\/elcotarro.com\/wp-content\/uploads\/2014\/09\/Cabecera_El_Cotarro_v2.jpg\",\"width\":3540,\"height\":441,\"caption\":\"El Cotarro\"},\"image\":{\"@id\":\"https:\/\/elcotarro.com\/#\/schema\/logo\/image\/\"},\"sameAs\":[\"https:\/\/www.facebook.com\/ElCotarro.Tenerife\"]},{\"@type\":\"Person\",\"@id\":\"https:\/\/elcotarro.com\/#\/schema\/person\/af537ee7d60d15984c7e0affcd8a918b\",\"name\":\"Jos\u00e9 Carlos Marrero Gonz\u00e1lez\",\"image\":{\"@type\":\"ImageObject\",\"inLanguage\":\"es\",\"@id\":\"https:\/\/elcotarro.com\/#\/schema\/person\/image\/\",\"url\":\"https:\/\/secure.gravatar.com\/avatar\/def4da036efb5d32c74d49c351f6dccc064dd69ad9f3aadc295c5a9a5391ca01?s=96&d=mm&r=g\",\"contentUrl\":\"https:\/\/secure.gravatar.com\/avatar\/def4da036efb5d32c74d49c351f6dccc064dd69ad9f3aadc295c5a9a5391ca01?s=96&d=mm&r=g\",\"caption\":\"Jos\u00e9 Carlos Marrero Gonz\u00e1lez\"},\"sameAs\":[\"https:\/\/elcotarro.com\"],\"url\":\"https:\/\/elcotarro.com\/?author=2\"}]}<\/script>\n<!-- \/ Yoast SEO plugin. -->","yoast_head_json":{"title":"ACUERDO ENTRE CIO Y MELI\u00c1 - El Cotarro","robots":{"index":"index","follow":"follow","max-snippet":"max-snippet:-1","max-image-preview":"max-image-preview:large","max-video-preview":"max-video-preview:-1"},"canonical":"https:\/\/elcotarro.com\/?p=3152","og_locale":"es_ES","og_type":"article","og_title":"ACUERDO ENTRE CIO Y MELI\u00c1 - El Cotarro","og_description":"La popular frase que reza aquello de&#8230; \u00ab\u00a1arreglen eso por las buenas!\u00bb ha sido llevada y aplicada de maravilla para desbloquear y cerrar de la mejor manera posible un contencioso que llevaba unos cuantos a\u00f1os enredado. Y digo esto porque, felizmente, la multinacional tinerfe\u00f1a Compa\u00f1\u00eda de las Islas Occidentales (Grupo CIO) que preside Francisco Javier ... Read more","og_url":"https:\/\/elcotarro.com\/?p=3152","og_site_name":"El Cotarro","article_publisher":"https:\/\/www.facebook.com\/ElCotarro.Tenerife","article_published_time":"2016-08-21T10:00:05+00:00","og_image":[{"url":"https:\/\/elcotarro.com\/wp-content\/uploads\/2016\/08\/FOTO-6.-FRANCISCO-JAVIER-ZAMORANO.jpg","type":"","width":"","height":""}],"author":"Jos\u00e9 Carlos Marrero Gonz\u00e1lez","twitter_misc":{"Escrito por":"Jos\u00e9 Carlos Marrero Gonz\u00e1lez","Tiempo de lectura":"1 minuto"},"schema":{"@context":"https:\/\/schema.org","@graph":[{"@type":"Article","@id":"https:\/\/elcotarro.com\/?p=3152#article","isPartOf":{"@id":"https:\/\/elcotarro.com\/?p=3152"},"author":{"name":"Jos\u00e9 Carlos Marrero Gonz\u00e1lez","@id":"https:\/\/elcotarro.com\/#\/schema\/person\/af537ee7d60d15984c7e0affcd8a918b"},"headline":"ACUERDO ENTRE CIO Y MELI\u00c1","datePublished":"2016-08-21T10:00:05+00:00","mainEntityOfPage":{"@id":"https:\/\/elcotarro.com\/?p=3152"},"wordCount":254,"commentCount":0,"publisher":{"@id":"https:\/\/elcotarro.com\/#organization"},"image":{"@id":"https:\/\/elcotarro.com\/?p=3152#primaryimage"},"thumbnailUrl":"https:\/\/elcotarro.com\/wp-content\/uploads\/2016\/08\/FOTO-6.-FRANCISCO-JAVIER-ZAMORANO.jpg","inLanguage":"es","potentialAction":[{"@type":"CommentAction","name":"Comment","target":["https:\/\/elcotarro.com\/?p=3152#respond"]}]},{"@type":"WebPage","@id":"https:\/\/elcotarro.com\/?p=3152","url":"https:\/\/elcotarro.com\/?p=3152","name":"ACUERDO ENTRE CIO Y MELI\u00c1 - El Cotarro","isPartOf":{"@id":"https:\/\/elcotarro.com\/#website"},"primaryImageOfPage":{"@id":"https:\/\/elcotarro.com\/?p=3152#primaryimage"},"image":{"@id":"https:\/\/elcotarro.com\/?p=3152#primaryimage"},"thumbnailUrl":"https:\/\/elcotarro.com\/wp-content\/uploads\/2016\/08\/FOTO-6.-FRANCISCO-JAVIER-ZAMORANO.jpg","datePublished":"2016-08-21T10:00:05+00:00","breadcrumb":{"@id":"https:\/\/elcotarro.com\/?p=3152#breadcrumb"},"inLanguage":"es","potentialAction":[{"@type":"ReadAction","target":["https:\/\/elcotarro.com\/?p=3152"]}]},{"@type":"ImageObject","inLanguage":"es","@id":"https:\/\/elcotarro.com\/?p=3152#primaryimage","url":"https:\/\/elcotarro.com\/wp-content\/uploads\/2016\/08\/FOTO-6.-FRANCISCO-JAVIER-ZAMORANO.jpg","contentUrl":"https:\/\/elcotarro.com\/wp-content\/uploads\/2016\/08\/FOTO-6.-FRANCISCO-JAVIER-ZAMORANO.jpg","width":635,"height":423},{"@type":"BreadcrumbList","@id":"https:\/\/elcotarro.com\/?p=3152#breadcrumb","itemListElement":[{"@type":"ListItem","position":1,"name":"Portada","item":"https:\/\/elcotarro.com\/"},{"@type":"ListItem","position":2,"name":"ACUERDO ENTRE CIO Y MELI\u00c1"}]},{"@type":"WebSite","@id":"https:\/\/elcotarro.com\/#website","url":"https:\/\/elcotarro.com\/","name":"El Cotarro","description":"Peri\u00f3dico Digital Independiente dirigido por Jos\u00e9 Carlos Marrero","publisher":{"@id":"https:\/\/elcotarro.com\/#organization"},"potentialAction":[{"@type":"SearchAction","target":{"@type":"EntryPoint","urlTemplate":"https:\/\/elcotarro.com\/?s={search_term_string}"},"query-input":{"@type":"PropertyValueSpecification","valueRequired":true,"valueName":"search_term_string"}}],"inLanguage":"es"},{"@type":"Organization","@id":"https:\/\/elcotarro.com\/#organization","name":"El Cotarro","url":"https:\/\/elcotarro.com\/","logo":{"@type":"ImageObject","inLanguage":"es","@id":"https:\/\/elcotarro.com\/#\/schema\/logo\/image\/","url":"https:\/\/elcotarro.com\/wp-content\/uploads\/2014\/09\/Cabecera_El_Cotarro_v2.jpg","contentUrl":"https:\/\/elcotarro.com\/wp-content\/uploads\/2014\/09\/Cabecera_El_Cotarro_v2.jpg","width":3540,"height":441,"caption":"El Cotarro"},"image":{"@id":"https:\/\/elcotarro.com\/#\/schema\/logo\/image\/"},"sameAs":["https:\/\/www.facebook.com\/ElCotarro.Tenerife"]},{"@type":"Person","@id":"https:\/\/elcotarro.com\/#\/schema\/person\/af537ee7d60d15984c7e0affcd8a918b","name":"Jos\u00e9 Carlos Marrero Gonz\u00e1lez","image":{"@type":"ImageObject","inLanguage":"es","@id":"https:\/\/elcotarro.com\/#\/schema\/person\/image\/","url":"https:\/\/secure.gravatar.com\/avatar\/def4da036efb5d32c74d49c351f6dccc064dd69ad9f3aadc295c5a9a5391ca01?s=96&d=mm&r=g","contentUrl":"https:\/\/secure.gravatar.com\/avatar\/def4da036efb5d32c74d49c351f6dccc064dd69ad9f3aadc295c5a9a5391ca01?s=96&d=mm&r=g","caption":"Jos\u00e9 Carlos Marrero Gonz\u00e1lez"},"sameAs":["https:\/\/elcotarro.com"],"url":"https:\/\/elcotarro.com\/?author=2"}]}},"jetpack_featured_media_url":"","jetpack_sharing_enabled":true,"_links":{"self":[{"href":"https:\/\/elcotarro.com\/index.php?rest_route=\/wp\/v2\/posts\/3152","targetHints":{"allow":["GET"]}}],"collection":[{"href":"https:\/\/elcotarro.com\/index.php?rest_route=\/wp\/v2\/posts"}],"about":[{"href":"https:\/\/elcotarro.com\/index.php?rest_route=\/wp\/v2\/types\/post"}],"author":[{"embeddable":true,"href":"https:\/\/elcotarro.com\/index.php?rest_route=\/wp\/v2\/users\/2"}],"replies":[{"embeddable":true,"href":"https:\/\/elcotarro.com\/index.php?rest_route=%2Fwp%2Fv2%2Fcomments&post=3152"}],"version-history":[{"count":1,"href":"https:\/\/elcotarro.com\/index.php?rest_route=\/wp\/v2\/posts\/3152\/revisions"}],"predecessor-version":[{"id":3154,"href":"https:\/\/elcotarro.com\/index.php?rest_route=\/wp\/v2\/posts\/3152\/revisions\/3154"}],"wp:attachment":[{"href":"https:\/\/elcotarro.com\/index.php?rest_route=%2Fwp%2Fv2%2Fmedia&parent=3152"}],"wp:term":[{"taxonomy":"category","embeddable":true,"href":"https:\/\/elcotarro.com\/index.php?rest_route=%2Fwp%2Fv2%2Fcategories&post=3152"},{"taxonomy":"post_tag","embeddable":true,"href":"https:\/\/elcotarro.com\/index.php?rest_route=%2Fwp%2Fv2%2Ftags&post=3152"}],"curies":[{"name":"wp","href":"https:\/\/api.w.org\/{rel}","templated":true}]}}