{"id":3233,"date":"2016-09-18T11:04:48","date_gmt":"2016-09-18T10:04:48","guid":{"rendered":"https:\/\/elcotarro.com\/?p=3233"},"modified":"2016-09-18T10:26:24","modified_gmt":"2016-09-18T09:26:24","slug":"el-mejor-puerto-del-mundo","status":"publish","type":"post","link":"https:\/\/elcotarro.com\/?p=3233","title":{"rendered":"EL MEJOR PUERTO DEL MUNDO"},"content":{"rendered":"<p>Los primeros en comenzar sus reuniones de trabajo este lunes, ser\u00e1n los miembros de la Asociaci\u00f3n Internacional de L\u00edneas de Cruceros (Cruise Lines Internacional Association &#8211; CLIA). El mi\u00e9rcoles, jueves y viernes se celebrar\u00e1 la feria en toda su extensi\u00f3n, teniendo como ubicaci\u00f3n el Recinto Ferial de Tenerife. Pero tanto <strong>Ricardo Melchior<\/strong> como <strong>Jos\u00e9 Rafael D\u00edaz<\/strong> y toda la familia de profesionales del Puerto chicharrero estar\u00e1n pendientes del jueves (d\u00eda 22) por la tarde, porque se dar\u00e1 a conocer cu\u00e1l el \u201cMejor Puerto del Mundo en Cruceros\u201d. Y es que la noticia est\u00e1 en que el puerto de Santa Cruz de Tenerife y nuestra Autoridad Portuaria, con la nueva estaci\u00f3n de cruceros (que se presentar\u00e1 al sector durante la feria y que se inaugurar\u00e1 oficialmente en breve) ser\u00e1 uno de los tres finalistas. Por ello nuestro Puerto ya est\u00e1 as\u00ed entre los tres mejores del mundo, junto con la asociaci\u00f3n ABP Port of Southampton y la terminal de cruceros Kai-Tak, del puerto de Hong Kong. La Autoridad Portuaria de Santa Cruz de Tenerife ha sido nominada por Seatrade Cruise Med al premio \u201cPuerto del A\u00f1o\u201d en tr\u00e1fico de cruceros, por el procedimiento implantado en la instalaci\u00f3n capitalina tinerfe\u00f1a para la mejora de instalaciones y servicios asociados a dicha especialidad. \u00a1\u00a1Mucha suerte y a por el premio!!<\/p>\n<p style=\"text-align: center\"><a href=\"https:\/\/elcotarro.com\/wp-content\/uploads\/2016\/09\/FOTO-2.-Terminal-de-Cruceros.jpg\"><img loading=\"lazy\" decoding=\"async\" class=\"alignnone size-full wp-image-3234\" src=\"https:\/\/elcotarro.com\/wp-content\/uploads\/2016\/09\/FOTO-2.-Terminal-de-Cruceros.jpg\" alt=\"foto-2-terminal-de-cruceros\" width=\"480\" height=\"200\" srcset=\"https:\/\/elcotarro.com\/wp-content\/uploads\/2016\/09\/FOTO-2.-Terminal-de-Cruceros.jpg 480w, https:\/\/elcotarro.com\/wp-content\/uploads\/2016\/09\/FOTO-2.-Terminal-de-Cruceros-300x125.jpg 300w\" sizes=\"auto, (max-width: 480px) 100vw, 480px\" \/><\/a><\/p>\n<p style=\"text-align: center\"><em>Dibujo de la nueva Terminal de Cruceros de Santa Cruz de Tenerife, que est\u00e1 a punto de inaugurarse.<\/em><\/p>\n","protected":false},"excerpt":{"rendered":"<p>Los primeros en comenzar sus reuniones de trabajo este lunes, ser\u00e1n los miembros de la Asociaci\u00f3n Internacional de L\u00edneas de Cruceros (Cruise Lines Internacional Association &#8211; CLIA). El mi\u00e9rcoles, jueves y viernes se celebrar\u00e1 la feria en toda su extensi\u00f3n, teniendo como ubicaci\u00f3n el Recinto Ferial de Tenerife. Pero tanto Ricardo Melchior como Jos\u00e9 Rafael &#8230; <a class=\"read-more\" href=\"https:\/\/elcotarro.com\/?p=3233\">Read more<\/a><\/p>\n","protected":false},"author":2,"featured_media":0,"comment_status":"open","ping_status":"open","sticky":false,"template":"","format":"standard","meta":{"_jetpack_memberships_contains_paid_content":false,"footnotes":""},"categories":[1],"tags":[],"class_list":["post-3233","post","type-post","status-publish","format-standard","hentry","category-sin-categoria"],"yoast_head":"<!-- This site is optimized with the Yoast SEO plugin v27.0 - https:\/\/yoast.com\/product\/yoast-seo-wordpress\/ -->\n<title>EL MEJOR PUERTO DEL MUNDO - El Cotarro<\/title>\n<meta name=\"robots\" content=\"index, follow, max-snippet:-1, max-image-preview:large, max-video-preview:-1\" \/>\n<link rel=\"canonical\" href=\"https:\/\/elcotarro.com\/?p=3233\" \/>\n<meta property=\"og:locale\" content=\"es_ES\" \/>\n<meta property=\"og:type\" content=\"article\" \/>\n<meta property=\"og:title\" content=\"EL MEJOR PUERTO DEL MUNDO - El Cotarro\" \/>\n<meta property=\"og:description\" content=\"Los primeros en comenzar sus reuniones de trabajo este lunes, ser\u00e1n los miembros de la Asociaci\u00f3n Internacional de L\u00edneas de Cruceros (Cruise Lines Internacional Association &#8211; CLIA). El mi\u00e9rcoles, jueves y viernes se celebrar\u00e1 la feria en toda su extensi\u00f3n, teniendo como ubicaci\u00f3n el Recinto Ferial de Tenerife. Pero tanto Ricardo Melchior como Jos\u00e9 Rafael ... Read more\" \/>\n<meta property=\"og:url\" content=\"https:\/\/elcotarro.com\/?p=3233\" \/>\n<meta property=\"og:site_name\" content=\"El Cotarro\" \/>\n<meta property=\"article:publisher\" content=\"https:\/\/www.facebook.com\/ElCotarro.Tenerife\" \/>\n<meta property=\"article:published_time\" content=\"2016-09-18T10:04:48+00:00\" \/>\n<meta property=\"og:image\" content=\"https:\/\/elcotarro.com\/wp-content\/uploads\/2016\/09\/FOTO-2.-Terminal-de-Cruceros.jpg\" \/>\n<meta name=\"author\" content=\"Jos\u00e9 Carlos Marrero Gonz\u00e1lez\" \/>\n<meta name=\"twitter:label1\" content=\"Escrito por\" \/>\n\t<meta name=\"twitter:data1\" content=\"Jos\u00e9 Carlos Marrero Gonz\u00e1lez\" \/>\n\t<meta name=\"twitter:label2\" content=\"Tiempo de lectura\" \/>\n\t<meta name=\"twitter:data2\" content=\"1 minuto\" \/>\n<script type=\"application\/ld+json\" class=\"yoast-schema-graph\">{\"@context\":\"https:\/\/schema.org\",\"@graph\":[{\"@type\":\"Article\",\"@id\":\"https:\/\/elcotarro.com\/?p=3233#article\",\"isPartOf\":{\"@id\":\"https:\/\/elcotarro.com\/?p=3233\"},\"author\":{\"name\":\"Jos\u00e9 Carlos Marrero Gonz\u00e1lez\",\"@id\":\"https:\/\/elcotarro.com\/#\/schema\/person\/af537ee7d60d15984c7e0affcd8a918b\"},\"headline\":\"EL MEJOR PUERTO DEL MUNDO\",\"datePublished\":\"2016-09-18T10:04:48+00:00\",\"mainEntityOfPage\":{\"@id\":\"https:\/\/elcotarro.com\/?p=3233\"},\"wordCount\":254,\"commentCount\":0,\"publisher\":{\"@id\":\"https:\/\/elcotarro.com\/#organization\"},\"image\":{\"@id\":\"https:\/\/elcotarro.com\/?p=3233#primaryimage\"},\"thumbnailUrl\":\"https:\/\/elcotarro.com\/wp-content\/uploads\/2016\/09\/FOTO-2.-Terminal-de-Cruceros.jpg\",\"inLanguage\":\"es\",\"potentialAction\":[{\"@type\":\"CommentAction\",\"name\":\"Comment\",\"target\":[\"https:\/\/elcotarro.com\/?p=3233#respond\"]}]},{\"@type\":\"WebPage\",\"@id\":\"https:\/\/elcotarro.com\/?p=3233\",\"url\":\"https:\/\/elcotarro.com\/?p=3233\",\"name\":\"EL MEJOR PUERTO DEL MUNDO - El Cotarro\",\"isPartOf\":{\"@id\":\"https:\/\/elcotarro.com\/#website\"},\"primaryImageOfPage\":{\"@id\":\"https:\/\/elcotarro.com\/?p=3233#primaryimage\"},\"image\":{\"@id\":\"https:\/\/elcotarro.com\/?p=3233#primaryimage\"},\"thumbnailUrl\":\"https:\/\/elcotarro.com\/wp-content\/uploads\/2016\/09\/FOTO-2.-Terminal-de-Cruceros.jpg\",\"datePublished\":\"2016-09-18T10:04:48+00:00\",\"breadcrumb\":{\"@id\":\"https:\/\/elcotarro.com\/?p=3233#breadcrumb\"},\"inLanguage\":\"es\",\"potentialAction\":[{\"@type\":\"ReadAction\",\"target\":[\"https:\/\/elcotarro.com\/?p=3233\"]}]},{\"@type\":\"ImageObject\",\"inLanguage\":\"es\",\"@id\":\"https:\/\/elcotarro.com\/?p=3233#primaryimage\",\"url\":\"https:\/\/elcotarro.com\/wp-content\/uploads\/2016\/09\/FOTO-2.-Terminal-de-Cruceros.jpg\",\"contentUrl\":\"https:\/\/elcotarro.com\/wp-content\/uploads\/2016\/09\/FOTO-2.-Terminal-de-Cruceros.jpg\",\"width\":480,\"height\":200},{\"@type\":\"BreadcrumbList\",\"@id\":\"https:\/\/elcotarro.com\/?p=3233#breadcrumb\",\"itemListElement\":[{\"@type\":\"ListItem\",\"position\":1,\"name\":\"Portada\",\"item\":\"https:\/\/elcotarro.com\/\"},{\"@type\":\"ListItem\",\"position\":2,\"name\":\"EL MEJOR PUERTO DEL MUNDO\"}]},{\"@type\":\"WebSite\",\"@id\":\"https:\/\/elcotarro.com\/#website\",\"url\":\"https:\/\/elcotarro.com\/\",\"name\":\"El Cotarro\",\"description\":\"Peri\u00f3dico Digital Independiente dirigido por Jos\u00e9 Carlos Marrero\",\"publisher\":{\"@id\":\"https:\/\/elcotarro.com\/#organization\"},\"potentialAction\":[{\"@type\":\"SearchAction\",\"target\":{\"@type\":\"EntryPoint\",\"urlTemplate\":\"https:\/\/elcotarro.com\/?s={search_term_string}\"},\"query-input\":{\"@type\":\"PropertyValueSpecification\",\"valueRequired\":true,\"valueName\":\"search_term_string\"}}],\"inLanguage\":\"es\"},{\"@type\":\"Organization\",\"@id\":\"https:\/\/elcotarro.com\/#organization\",\"name\":\"El Cotarro\",\"url\":\"https:\/\/elcotarro.com\/\",\"logo\":{\"@type\":\"ImageObject\",\"inLanguage\":\"es\",\"@id\":\"https:\/\/elcotarro.com\/#\/schema\/logo\/image\/\",\"url\":\"https:\/\/elcotarro.com\/wp-content\/uploads\/2014\/09\/Cabecera_El_Cotarro_v2.jpg\",\"contentUrl\":\"https:\/\/elcotarro.com\/wp-content\/uploads\/2014\/09\/Cabecera_El_Cotarro_v2.jpg\",\"width\":3540,\"height\":441,\"caption\":\"El Cotarro\"},\"image\":{\"@id\":\"https:\/\/elcotarro.com\/#\/schema\/logo\/image\/\"},\"sameAs\":[\"https:\/\/www.facebook.com\/ElCotarro.Tenerife\"]},{\"@type\":\"Person\",\"@id\":\"https:\/\/elcotarro.com\/#\/schema\/person\/af537ee7d60d15984c7e0affcd8a918b\",\"name\":\"Jos\u00e9 Carlos Marrero Gonz\u00e1lez\",\"image\":{\"@type\":\"ImageObject\",\"inLanguage\":\"es\",\"@id\":\"https:\/\/elcotarro.com\/#\/schema\/person\/image\/\",\"url\":\"https:\/\/secure.gravatar.com\/avatar\/def4da036efb5d32c74d49c351f6dccc064dd69ad9f3aadc295c5a9a5391ca01?s=96&d=mm&r=g\",\"contentUrl\":\"https:\/\/secure.gravatar.com\/avatar\/def4da036efb5d32c74d49c351f6dccc064dd69ad9f3aadc295c5a9a5391ca01?s=96&d=mm&r=g\",\"caption\":\"Jos\u00e9 Carlos Marrero Gonz\u00e1lez\"},\"sameAs\":[\"https:\/\/elcotarro.com\"],\"url\":\"https:\/\/elcotarro.com\/?author=2\"}]}<\/script>\n<!-- \/ Yoast SEO plugin. -->","yoast_head_json":{"title":"EL MEJOR PUERTO DEL MUNDO - El Cotarro","robots":{"index":"index","follow":"follow","max-snippet":"max-snippet:-1","max-image-preview":"max-image-preview:large","max-video-preview":"max-video-preview:-1"},"canonical":"https:\/\/elcotarro.com\/?p=3233","og_locale":"es_ES","og_type":"article","og_title":"EL MEJOR PUERTO DEL MUNDO - El Cotarro","og_description":"Los primeros en comenzar sus reuniones de trabajo este lunes, ser\u00e1n los miembros de la Asociaci\u00f3n Internacional de L\u00edneas de Cruceros (Cruise Lines Internacional Association &#8211; CLIA). El mi\u00e9rcoles, jueves y viernes se celebrar\u00e1 la feria en toda su extensi\u00f3n, teniendo como ubicaci\u00f3n el Recinto Ferial de Tenerife. Pero tanto Ricardo Melchior como Jos\u00e9 Rafael ... Read more","og_url":"https:\/\/elcotarro.com\/?p=3233","og_site_name":"El Cotarro","article_publisher":"https:\/\/www.facebook.com\/ElCotarro.Tenerife","article_published_time":"2016-09-18T10:04:48+00:00","og_image":[{"url":"https:\/\/elcotarro.com\/wp-content\/uploads\/2016\/09\/FOTO-2.-Terminal-de-Cruceros.jpg","type":"","width":"","height":""}],"author":"Jos\u00e9 Carlos Marrero Gonz\u00e1lez","twitter_misc":{"Escrito por":"Jos\u00e9 Carlos Marrero Gonz\u00e1lez","Tiempo de lectura":"1 minuto"},"schema":{"@context":"https:\/\/schema.org","@graph":[{"@type":"Article","@id":"https:\/\/elcotarro.com\/?p=3233#article","isPartOf":{"@id":"https:\/\/elcotarro.com\/?p=3233"},"author":{"name":"Jos\u00e9 Carlos Marrero Gonz\u00e1lez","@id":"https:\/\/elcotarro.com\/#\/schema\/person\/af537ee7d60d15984c7e0affcd8a918b"},"headline":"EL MEJOR PUERTO DEL MUNDO","datePublished":"2016-09-18T10:04:48+00:00","mainEntityOfPage":{"@id":"https:\/\/elcotarro.com\/?p=3233"},"wordCount":254,"commentCount":0,"publisher":{"@id":"https:\/\/elcotarro.com\/#organization"},"image":{"@id":"https:\/\/elcotarro.com\/?p=3233#primaryimage"},"thumbnailUrl":"https:\/\/elcotarro.com\/wp-content\/uploads\/2016\/09\/FOTO-2.-Terminal-de-Cruceros.jpg","inLanguage":"es","potentialAction":[{"@type":"CommentAction","name":"Comment","target":["https:\/\/elcotarro.com\/?p=3233#respond"]}]},{"@type":"WebPage","@id":"https:\/\/elcotarro.com\/?p=3233","url":"https:\/\/elcotarro.com\/?p=3233","name":"EL MEJOR PUERTO DEL MUNDO - El Cotarro","isPartOf":{"@id":"https:\/\/elcotarro.com\/#website"},"primaryImageOfPage":{"@id":"https:\/\/elcotarro.com\/?p=3233#primaryimage"},"image":{"@id":"https:\/\/elcotarro.com\/?p=3233#primaryimage"},"thumbnailUrl":"https:\/\/elcotarro.com\/wp-content\/uploads\/2016\/09\/FOTO-2.-Terminal-de-Cruceros.jpg","datePublished":"2016-09-18T10:04:48+00:00","breadcrumb":{"@id":"https:\/\/elcotarro.com\/?p=3233#breadcrumb"},"inLanguage":"es","potentialAction":[{"@type":"ReadAction","target":["https:\/\/elcotarro.com\/?p=3233"]}]},{"@type":"ImageObject","inLanguage":"es","@id":"https:\/\/elcotarro.com\/?p=3233#primaryimage","url":"https:\/\/elcotarro.com\/wp-content\/uploads\/2016\/09\/FOTO-2.-Terminal-de-Cruceros.jpg","contentUrl":"https:\/\/elcotarro.com\/wp-content\/uploads\/2016\/09\/FOTO-2.-Terminal-de-Cruceros.jpg","width":480,"height":200},{"@type":"BreadcrumbList","@id":"https:\/\/elcotarro.com\/?p=3233#breadcrumb","itemListElement":[{"@type":"ListItem","position":1,"name":"Portada","item":"https:\/\/elcotarro.com\/"},{"@type":"ListItem","position":2,"name":"EL MEJOR PUERTO DEL MUNDO"}]},{"@type":"WebSite","@id":"https:\/\/elcotarro.com\/#website","url":"https:\/\/elcotarro.com\/","name":"El Cotarro","description":"Peri\u00f3dico Digital Independiente dirigido por Jos\u00e9 Carlos Marrero","publisher":{"@id":"https:\/\/elcotarro.com\/#organization"},"potentialAction":[{"@type":"SearchAction","target":{"@type":"EntryPoint","urlTemplate":"https:\/\/elcotarro.com\/?s={search_term_string}"},"query-input":{"@type":"PropertyValueSpecification","valueRequired":true,"valueName":"search_term_string"}}],"inLanguage":"es"},{"@type":"Organization","@id":"https:\/\/elcotarro.com\/#organization","name":"El Cotarro","url":"https:\/\/elcotarro.com\/","logo":{"@type":"ImageObject","inLanguage":"es","@id":"https:\/\/elcotarro.com\/#\/schema\/logo\/image\/","url":"https:\/\/elcotarro.com\/wp-content\/uploads\/2014\/09\/Cabecera_El_Cotarro_v2.jpg","contentUrl":"https:\/\/elcotarro.com\/wp-content\/uploads\/2014\/09\/Cabecera_El_Cotarro_v2.jpg","width":3540,"height":441,"caption":"El Cotarro"},"image":{"@id":"https:\/\/elcotarro.com\/#\/schema\/logo\/image\/"},"sameAs":["https:\/\/www.facebook.com\/ElCotarro.Tenerife"]},{"@type":"Person","@id":"https:\/\/elcotarro.com\/#\/schema\/person\/af537ee7d60d15984c7e0affcd8a918b","name":"Jos\u00e9 Carlos Marrero Gonz\u00e1lez","image":{"@type":"ImageObject","inLanguage":"es","@id":"https:\/\/elcotarro.com\/#\/schema\/person\/image\/","url":"https:\/\/secure.gravatar.com\/avatar\/def4da036efb5d32c74d49c351f6dccc064dd69ad9f3aadc295c5a9a5391ca01?s=96&d=mm&r=g","contentUrl":"https:\/\/secure.gravatar.com\/avatar\/def4da036efb5d32c74d49c351f6dccc064dd69ad9f3aadc295c5a9a5391ca01?s=96&d=mm&r=g","caption":"Jos\u00e9 Carlos Marrero Gonz\u00e1lez"},"sameAs":["https:\/\/elcotarro.com"],"url":"https:\/\/elcotarro.com\/?author=2"}]}},"jetpack_featured_media_url":"","jetpack_sharing_enabled":true,"_links":{"self":[{"href":"https:\/\/elcotarro.com\/index.php?rest_route=\/wp\/v2\/posts\/3233","targetHints":{"allow":["GET"]}}],"collection":[{"href":"https:\/\/elcotarro.com\/index.php?rest_route=\/wp\/v2\/posts"}],"about":[{"href":"https:\/\/elcotarro.com\/index.php?rest_route=\/wp\/v2\/types\/post"}],"author":[{"embeddable":true,"href":"https:\/\/elcotarro.com\/index.php?rest_route=\/wp\/v2\/users\/2"}],"replies":[{"embeddable":true,"href":"https:\/\/elcotarro.com\/index.php?rest_route=%2Fwp%2Fv2%2Fcomments&post=3233"}],"version-history":[{"count":1,"href":"https:\/\/elcotarro.com\/index.php?rest_route=\/wp\/v2\/posts\/3233\/revisions"}],"predecessor-version":[{"id":3235,"href":"https:\/\/elcotarro.com\/index.php?rest_route=\/wp\/v2\/posts\/3233\/revisions\/3235"}],"wp:attachment":[{"href":"https:\/\/elcotarro.com\/index.php?rest_route=%2Fwp%2Fv2%2Fmedia&parent=3233"}],"wp:term":[{"taxonomy":"category","embeddable":true,"href":"https:\/\/elcotarro.com\/index.php?rest_route=%2Fwp%2Fv2%2Fcategories&post=3233"},{"taxonomy":"post_tag","embeddable":true,"href":"https:\/\/elcotarro.com\/index.php?rest_route=%2Fwp%2Fv2%2Ftags&post=3233"}],"curies":[{"name":"wp","href":"https:\/\/api.w.org\/{rel}","templated":true}]}}