{"id":3242,"date":"2016-09-18T11:01:01","date_gmt":"2016-09-18T10:01:01","guid":{"rendered":"https:\/\/elcotarro.com\/?p=3242"},"modified":"2016-09-18T10:29:01","modified_gmt":"2016-09-18T09:29:01","slug":"piropeado-gesto-de-carolina-darias","status":"publish","type":"post","link":"https:\/\/elcotarro.com\/?p=3242","title":{"rendered":"PIROPEADO GESTO DE CAROLINA DARIAS"},"content":{"rendered":"<p>Siempre se ha dicho (y yo estoy de acuerdo) que la llamada \u201cProcesi\u00f3n del Retorno\u201d, que cada 14 de septiembre lleva a la sagrada imagen del Sant\u00edsimo Cristo de La Laguna desde la Catedral a su Real Santuario, es una de las m\u00e1s solemnes y vistosas de las que se celebran en Canarias, junto con la de la \u201cBajada de la Virgen de las Nieves\u201d cada cinco a\u00f1os en La Palma. Este 14 de septiembre se repiti\u00f3 la tradici\u00f3n con la curiosidad de que la presidenta del Parlamento de Canarias, <strong>Carolina D\u00e1rias San Sebasti\u00e1n<\/strong>, que en esta ocasi\u00f3n ostent\u00f3 la representaci\u00f3n de la Casa Real, decidi\u00f3 lucir la tradicional peineta y mantilla espa\u00f1ola. Un detalle personal de protocolo que hay que resaltar y que el pueblo con sus aplausos y piropos lo agradeci\u00f3. Esto me da pie para reconocer, valorar y felicitar a todas las personas encargadas del Protocolo, que cuidan con profesionalidad y esmero. El d\u00eda que se pierda el celo por cuidar la identidad, la historia, el desarrollo, la puesta en escena de nuestras tradiciones y actos protocolarios, apaga y vamos.<\/p>\n<p style=\"text-align: center\"><a href=\"https:\/\/elcotarro.com\/wp-content\/uploads\/2016\/09\/FOTO-5.-Carolina-D\u00e1rias-y-Johnny-Santos.jpg\"><img loading=\"lazy\" decoding=\"async\" class=\"alignnone size-full wp-image-3243\" src=\"https:\/\/elcotarro.com\/wp-content\/uploads\/2016\/09\/FOTO-5.-Carolina-D\u00e1rias-y-Johnny-Santos.jpg\" alt=\"foto-5-carolina-darias-y-johnny-santos\" width=\"1111\" height=\"846\" srcset=\"https:\/\/elcotarro.com\/wp-content\/uploads\/2016\/09\/FOTO-5.-Carolina-D\u00e1rias-y-Johnny-Santos.jpg 1111w, https:\/\/elcotarro.com\/wp-content\/uploads\/2016\/09\/FOTO-5.-Carolina-D\u00e1rias-y-Johnny-Santos-300x228.jpg 300w, https:\/\/elcotarro.com\/wp-content\/uploads\/2016\/09\/FOTO-5.-Carolina-D\u00e1rias-y-Johnny-Santos-1024x780.jpg 1024w\" sizes=\"auto, (max-width: 1111px) 100vw, 1111px\" \/><\/a><\/p>\n<p style=\"text-align: center\"><em>Carolina D\u00e1rias San Sebasti\u00e1n (c) y Johnny Santos, primero de la izquierda.<\/em><\/p>\n","protected":false},"excerpt":{"rendered":"<p>Siempre se ha dicho (y yo estoy de acuerdo) que la llamada \u201cProcesi\u00f3n del Retorno\u201d, que cada 14 de septiembre lleva a la sagrada imagen del Sant\u00edsimo Cristo de La Laguna desde la Catedral a su Real Santuario, es una de las m\u00e1s solemnes y vistosas de las que se celebran en Canarias, junto con &#8230; <a class=\"read-more\" href=\"https:\/\/elcotarro.com\/?p=3242\">Read more<\/a><\/p>\n","protected":false},"author":2,"featured_media":0,"comment_status":"open","ping_status":"open","sticky":false,"template":"","format":"standard","meta":{"_jetpack_memberships_contains_paid_content":false,"footnotes":""},"categories":[1],"tags":[],"class_list":["post-3242","post","type-post","status-publish","format-standard","hentry","category-sin-categoria"],"yoast_head":"<!-- This site is optimized with the Yoast SEO plugin v27.0 - https:\/\/yoast.com\/product\/yoast-seo-wordpress\/ -->\n<title>PIROPEADO GESTO DE CAROLINA DARIAS - El Cotarro<\/title>\n<meta name=\"robots\" content=\"index, follow, max-snippet:-1, max-image-preview:large, max-video-preview:-1\" \/>\n<link rel=\"canonical\" href=\"https:\/\/elcotarro.com\/?p=3242\" \/>\n<meta property=\"og:locale\" content=\"es_ES\" \/>\n<meta property=\"og:type\" content=\"article\" \/>\n<meta property=\"og:title\" content=\"PIROPEADO GESTO DE CAROLINA DARIAS - El Cotarro\" \/>\n<meta property=\"og:description\" content=\"Siempre se ha dicho (y yo estoy de acuerdo) que la llamada \u201cProcesi\u00f3n del Retorno\u201d, que cada 14 de septiembre lleva a la sagrada imagen del Sant\u00edsimo Cristo de La Laguna desde la Catedral a su Real Santuario, es una de las m\u00e1s solemnes y vistosas de las que se celebran en Canarias, junto con ... Read more\" \/>\n<meta property=\"og:url\" content=\"https:\/\/elcotarro.com\/?p=3242\" \/>\n<meta property=\"og:site_name\" content=\"El Cotarro\" \/>\n<meta property=\"article:publisher\" content=\"https:\/\/www.facebook.com\/ElCotarro.Tenerife\" \/>\n<meta property=\"article:published_time\" content=\"2016-09-18T10:01:01+00:00\" \/>\n<meta name=\"author\" content=\"Jos\u00e9 Carlos Marrero Gonz\u00e1lez\" \/>\n<meta name=\"twitter:label1\" content=\"Escrito por\" \/>\n\t<meta name=\"twitter:data1\" content=\"Jos\u00e9 Carlos Marrero Gonz\u00e1lez\" \/>\n\t<meta name=\"twitter:label2\" content=\"Tiempo de lectura\" \/>\n\t<meta name=\"twitter:data2\" content=\"1 minuto\" \/>\n<script type=\"application\/ld+json\" class=\"yoast-schema-graph\">{\"@context\":\"https:\/\/schema.org\",\"@graph\":[{\"@type\":\"Article\",\"@id\":\"https:\/\/elcotarro.com\/?p=3242#article\",\"isPartOf\":{\"@id\":\"https:\/\/elcotarro.com\/?p=3242\"},\"author\":{\"name\":\"Jos\u00e9 Carlos Marrero Gonz\u00e1lez\",\"@id\":\"https:\/\/elcotarro.com\/#\/schema\/person\/af537ee7d60d15984c7e0affcd8a918b\"},\"headline\":\"PIROPEADO GESTO DE CAROLINA DARIAS\",\"datePublished\":\"2016-09-18T10:01:01+00:00\",\"mainEntityOfPage\":{\"@id\":\"https:\/\/elcotarro.com\/?p=3242\"},\"wordCount\":211,\"commentCount\":0,\"publisher\":{\"@id\":\"https:\/\/elcotarro.com\/#organization\"},\"inLanguage\":\"es\",\"potentialAction\":[{\"@type\":\"CommentAction\",\"name\":\"Comment\",\"target\":[\"https:\/\/elcotarro.com\/?p=3242#respond\"]}]},{\"@type\":\"WebPage\",\"@id\":\"https:\/\/elcotarro.com\/?p=3242\",\"url\":\"https:\/\/elcotarro.com\/?p=3242\",\"name\":\"PIROPEADO GESTO DE CAROLINA DARIAS - El Cotarro\",\"isPartOf\":{\"@id\":\"https:\/\/elcotarro.com\/#website\"},\"datePublished\":\"2016-09-18T10:01:01+00:00\",\"breadcrumb\":{\"@id\":\"https:\/\/elcotarro.com\/?p=3242#breadcrumb\"},\"inLanguage\":\"es\",\"potentialAction\":[{\"@type\":\"ReadAction\",\"target\":[\"https:\/\/elcotarro.com\/?p=3242\"]}]},{\"@type\":\"BreadcrumbList\",\"@id\":\"https:\/\/elcotarro.com\/?p=3242#breadcrumb\",\"itemListElement\":[{\"@type\":\"ListItem\",\"position\":1,\"name\":\"Portada\",\"item\":\"https:\/\/elcotarro.com\/\"},{\"@type\":\"ListItem\",\"position\":2,\"name\":\"PIROPEADO GESTO DE CAROLINA DARIAS\"}]},{\"@type\":\"WebSite\",\"@id\":\"https:\/\/elcotarro.com\/#website\",\"url\":\"https:\/\/elcotarro.com\/\",\"name\":\"El Cotarro\",\"description\":\"Peri\u00f3dico Digital Independiente dirigido por Jos\u00e9 Carlos Marrero\",\"publisher\":{\"@id\":\"https:\/\/elcotarro.com\/#organization\"},\"potentialAction\":[{\"@type\":\"SearchAction\",\"target\":{\"@type\":\"EntryPoint\",\"urlTemplate\":\"https:\/\/elcotarro.com\/?s={search_term_string}\"},\"query-input\":{\"@type\":\"PropertyValueSpecification\",\"valueRequired\":true,\"valueName\":\"search_term_string\"}}],\"inLanguage\":\"es\"},{\"@type\":\"Organization\",\"@id\":\"https:\/\/elcotarro.com\/#organization\",\"name\":\"El Cotarro\",\"url\":\"https:\/\/elcotarro.com\/\",\"logo\":{\"@type\":\"ImageObject\",\"inLanguage\":\"es\",\"@id\":\"https:\/\/elcotarro.com\/#\/schema\/logo\/image\/\",\"url\":\"https:\/\/elcotarro.com\/wp-content\/uploads\/2014\/09\/Cabecera_El_Cotarro_v2.jpg\",\"contentUrl\":\"https:\/\/elcotarro.com\/wp-content\/uploads\/2014\/09\/Cabecera_El_Cotarro_v2.jpg\",\"width\":3540,\"height\":441,\"caption\":\"El Cotarro\"},\"image\":{\"@id\":\"https:\/\/elcotarro.com\/#\/schema\/logo\/image\/\"},\"sameAs\":[\"https:\/\/www.facebook.com\/ElCotarro.Tenerife\"]},{\"@type\":\"Person\",\"@id\":\"https:\/\/elcotarro.com\/#\/schema\/person\/af537ee7d60d15984c7e0affcd8a918b\",\"name\":\"Jos\u00e9 Carlos Marrero Gonz\u00e1lez\",\"image\":{\"@type\":\"ImageObject\",\"inLanguage\":\"es\",\"@id\":\"https:\/\/elcotarro.com\/#\/schema\/person\/image\/\",\"url\":\"https:\/\/secure.gravatar.com\/avatar\/def4da036efb5d32c74d49c351f6dccc064dd69ad9f3aadc295c5a9a5391ca01?s=96&d=mm&r=g\",\"contentUrl\":\"https:\/\/secure.gravatar.com\/avatar\/def4da036efb5d32c74d49c351f6dccc064dd69ad9f3aadc295c5a9a5391ca01?s=96&d=mm&r=g\",\"caption\":\"Jos\u00e9 Carlos Marrero Gonz\u00e1lez\"},\"sameAs\":[\"https:\/\/elcotarro.com\"],\"url\":\"https:\/\/elcotarro.com\/?author=2\"}]}<\/script>\n<!-- \/ Yoast SEO plugin. -->","yoast_head_json":{"title":"PIROPEADO GESTO DE CAROLINA DARIAS - El Cotarro","robots":{"index":"index","follow":"follow","max-snippet":"max-snippet:-1","max-image-preview":"max-image-preview:large","max-video-preview":"max-video-preview:-1"},"canonical":"https:\/\/elcotarro.com\/?p=3242","og_locale":"es_ES","og_type":"article","og_title":"PIROPEADO GESTO DE CAROLINA DARIAS - El Cotarro","og_description":"Siempre se ha dicho (y yo estoy de acuerdo) que la llamada \u201cProcesi\u00f3n del Retorno\u201d, que cada 14 de septiembre lleva a la sagrada imagen del Sant\u00edsimo Cristo de La Laguna desde la Catedral a su Real Santuario, es una de las m\u00e1s solemnes y vistosas de las que se celebran en Canarias, junto con ... Read more","og_url":"https:\/\/elcotarro.com\/?p=3242","og_site_name":"El Cotarro","article_publisher":"https:\/\/www.facebook.com\/ElCotarro.Tenerife","article_published_time":"2016-09-18T10:01:01+00:00","author":"Jos\u00e9 Carlos Marrero Gonz\u00e1lez","twitter_misc":{"Escrito por":"Jos\u00e9 Carlos Marrero Gonz\u00e1lez","Tiempo de lectura":"1 minuto"},"schema":{"@context":"https:\/\/schema.org","@graph":[{"@type":"Article","@id":"https:\/\/elcotarro.com\/?p=3242#article","isPartOf":{"@id":"https:\/\/elcotarro.com\/?p=3242"},"author":{"name":"Jos\u00e9 Carlos Marrero Gonz\u00e1lez","@id":"https:\/\/elcotarro.com\/#\/schema\/person\/af537ee7d60d15984c7e0affcd8a918b"},"headline":"PIROPEADO GESTO DE CAROLINA DARIAS","datePublished":"2016-09-18T10:01:01+00:00","mainEntityOfPage":{"@id":"https:\/\/elcotarro.com\/?p=3242"},"wordCount":211,"commentCount":0,"publisher":{"@id":"https:\/\/elcotarro.com\/#organization"},"inLanguage":"es","potentialAction":[{"@type":"CommentAction","name":"Comment","target":["https:\/\/elcotarro.com\/?p=3242#respond"]}]},{"@type":"WebPage","@id":"https:\/\/elcotarro.com\/?p=3242","url":"https:\/\/elcotarro.com\/?p=3242","name":"PIROPEADO GESTO DE CAROLINA DARIAS - El Cotarro","isPartOf":{"@id":"https:\/\/elcotarro.com\/#website"},"datePublished":"2016-09-18T10:01:01+00:00","breadcrumb":{"@id":"https:\/\/elcotarro.com\/?p=3242#breadcrumb"},"inLanguage":"es","potentialAction":[{"@type":"ReadAction","target":["https:\/\/elcotarro.com\/?p=3242"]}]},{"@type":"BreadcrumbList","@id":"https:\/\/elcotarro.com\/?p=3242#breadcrumb","itemListElement":[{"@type":"ListItem","position":1,"name":"Portada","item":"https:\/\/elcotarro.com\/"},{"@type":"ListItem","position":2,"name":"PIROPEADO GESTO DE CAROLINA DARIAS"}]},{"@type":"WebSite","@id":"https:\/\/elcotarro.com\/#website","url":"https:\/\/elcotarro.com\/","name":"El Cotarro","description":"Peri\u00f3dico Digital Independiente dirigido por Jos\u00e9 Carlos Marrero","publisher":{"@id":"https:\/\/elcotarro.com\/#organization"},"potentialAction":[{"@type":"SearchAction","target":{"@type":"EntryPoint","urlTemplate":"https:\/\/elcotarro.com\/?s={search_term_string}"},"query-input":{"@type":"PropertyValueSpecification","valueRequired":true,"valueName":"search_term_string"}}],"inLanguage":"es"},{"@type":"Organization","@id":"https:\/\/elcotarro.com\/#organization","name":"El Cotarro","url":"https:\/\/elcotarro.com\/","logo":{"@type":"ImageObject","inLanguage":"es","@id":"https:\/\/elcotarro.com\/#\/schema\/logo\/image\/","url":"https:\/\/elcotarro.com\/wp-content\/uploads\/2014\/09\/Cabecera_El_Cotarro_v2.jpg","contentUrl":"https:\/\/elcotarro.com\/wp-content\/uploads\/2014\/09\/Cabecera_El_Cotarro_v2.jpg","width":3540,"height":441,"caption":"El Cotarro"},"image":{"@id":"https:\/\/elcotarro.com\/#\/schema\/logo\/image\/"},"sameAs":["https:\/\/www.facebook.com\/ElCotarro.Tenerife"]},{"@type":"Person","@id":"https:\/\/elcotarro.com\/#\/schema\/person\/af537ee7d60d15984c7e0affcd8a918b","name":"Jos\u00e9 Carlos Marrero Gonz\u00e1lez","image":{"@type":"ImageObject","inLanguage":"es","@id":"https:\/\/elcotarro.com\/#\/schema\/person\/image\/","url":"https:\/\/secure.gravatar.com\/avatar\/def4da036efb5d32c74d49c351f6dccc064dd69ad9f3aadc295c5a9a5391ca01?s=96&d=mm&r=g","contentUrl":"https:\/\/secure.gravatar.com\/avatar\/def4da036efb5d32c74d49c351f6dccc064dd69ad9f3aadc295c5a9a5391ca01?s=96&d=mm&r=g","caption":"Jos\u00e9 Carlos Marrero Gonz\u00e1lez"},"sameAs":["https:\/\/elcotarro.com"],"url":"https:\/\/elcotarro.com\/?author=2"}]}},"jetpack_featured_media_url":"","jetpack_sharing_enabled":true,"_links":{"self":[{"href":"https:\/\/elcotarro.com\/index.php?rest_route=\/wp\/v2\/posts\/3242","targetHints":{"allow":["GET"]}}],"collection":[{"href":"https:\/\/elcotarro.com\/index.php?rest_route=\/wp\/v2\/posts"}],"about":[{"href":"https:\/\/elcotarro.com\/index.php?rest_route=\/wp\/v2\/types\/post"}],"author":[{"embeddable":true,"href":"https:\/\/elcotarro.com\/index.php?rest_route=\/wp\/v2\/users\/2"}],"replies":[{"embeddable":true,"href":"https:\/\/elcotarro.com\/index.php?rest_route=%2Fwp%2Fv2%2Fcomments&post=3242"}],"version-history":[{"count":1,"href":"https:\/\/elcotarro.com\/index.php?rest_route=\/wp\/v2\/posts\/3242\/revisions"}],"predecessor-version":[{"id":3244,"href":"https:\/\/elcotarro.com\/index.php?rest_route=\/wp\/v2\/posts\/3242\/revisions\/3244"}],"wp:attachment":[{"href":"https:\/\/elcotarro.com\/index.php?rest_route=%2Fwp%2Fv2%2Fmedia&parent=3242"}],"wp:term":[{"taxonomy":"category","embeddable":true,"href":"https:\/\/elcotarro.com\/index.php?rest_route=%2Fwp%2Fv2%2Fcategories&post=3242"},{"taxonomy":"post_tag","embeddable":true,"href":"https:\/\/elcotarro.com\/index.php?rest_route=%2Fwp%2Fv2%2Ftags&post=3242"}],"curies":[{"name":"wp","href":"https:\/\/api.w.org\/{rel}","templated":true}]}}