{"id":3256,"date":"2016-09-25T11:05:17","date_gmt":"2016-09-25T10:05:17","guid":{"rendered":"https:\/\/elcotarro.com\/?p=3256"},"modified":"2016-09-24T10:22:05","modified_gmt":"2016-09-24T09:22:05","slug":"sabroso-exito-de-culinaria-2016","status":"publish","type":"post","link":"https:\/\/elcotarro.com\/?p=3256","title":{"rendered":"SABROSO \u00c9XITO DE CULINARIA 2016"},"content":{"rendered":"<p>Comienzo <strong><em>El Cotarro<\/em><\/strong> de este domingo reconociendo, valorando y felicitando a la Asociaci\u00f3n Hotelera y Extrahotelera de Tenerife, La Palma, La Gomera y El Hierro (Ashotel) con su presidente al frente, <strong>Jorge Alexis Marichal Gonz\u00e1lez<\/strong>, as\u00ed como a la Asociaci\u00f3n de Cocineros y Reposteros de Canarias (ACYRE Canarias), con su presidente tambi\u00e9n al frente, el chef <strong>Pablo Pastor<\/strong> <strong>Pastor<\/strong>, por la organizaci\u00f3n y el \u00e9xito del I Congreso de Gastronom\u00eda Tur\u00edstica de Canarias (Culinaria 2016) que se ha celebrado esta pasada semana en el Centro de Desarrollo Tur\u00edstico de Costa Adeje (CDTCA) y donde, paralelamente, se ha desarrollado el III Certamen Nacional de Gastronom\u00eda, organizado por la Federaci\u00f3n de Asociaciones de Cocineros y Reposteros de Espa\u00f1a (FACYRE), que actualmente preside el chef <strong>Mario Sandoval<\/strong>.<\/p>\n<p style=\"text-align: center\"><a href=\"https:\/\/elcotarro.com\/wp-content\/uploads\/2016\/09\/FOTO-0.-MARICHAL-Y-PASTOR.jpg\"><img loading=\"lazy\" decoding=\"async\" class=\"alignnone size-full wp-image-3257\" src=\"https:\/\/elcotarro.com\/wp-content\/uploads\/2016\/09\/FOTO-0.-MARICHAL-Y-PASTOR.jpg\" alt=\"foto-0-marichal-y-pastor\" width=\"327\" height=\"286\" srcset=\"https:\/\/elcotarro.com\/wp-content\/uploads\/2016\/09\/FOTO-0.-MARICHAL-Y-PASTOR.jpg 327w, https:\/\/elcotarro.com\/wp-content\/uploads\/2016\/09\/FOTO-0.-MARICHAL-Y-PASTOR-300x262.jpg 300w\" sizes=\"auto, (max-width: 327px) 100vw, 327px\" \/><\/a><\/p>\n<p style=\"text-align: center\"><em>Jorge Marichal (I) y el chef Pablo Pastor, en la presentaci\u00f3n de Culinaria 2016<\/em><\/p>\n","protected":false},"excerpt":{"rendered":"<p>Comienzo El Cotarro de este domingo reconociendo, valorando y felicitando a la Asociaci\u00f3n Hotelera y Extrahotelera de Tenerife, La Palma, La Gomera y El Hierro (Ashotel) con su presidente al frente, Jorge Alexis Marichal Gonz\u00e1lez, as\u00ed como a la Asociaci\u00f3n de Cocineros y Reposteros de Canarias (ACYRE Canarias), con su presidente tambi\u00e9n al frente, el &#8230; <a class=\"read-more\" href=\"https:\/\/elcotarro.com\/?p=3256\">Read more<\/a><\/p>\n","protected":false},"author":2,"featured_media":0,"comment_status":"open","ping_status":"open","sticky":false,"template":"","format":"standard","meta":{"_jetpack_memberships_contains_paid_content":false,"footnotes":""},"categories":[1],"tags":[],"class_list":["post-3256","post","type-post","status-publish","format-standard","hentry","category-sin-categoria"],"yoast_head":"<!-- This site is optimized with the Yoast SEO plugin v27.0 - https:\/\/yoast.com\/product\/yoast-seo-wordpress\/ -->\n<title>SABROSO \u00c9XITO DE CULINARIA 2016 - El Cotarro<\/title>\n<meta name=\"robots\" content=\"index, follow, max-snippet:-1, max-image-preview:large, max-video-preview:-1\" \/>\n<link rel=\"canonical\" href=\"https:\/\/elcotarro.com\/?p=3256\" \/>\n<meta property=\"og:locale\" content=\"es_ES\" \/>\n<meta property=\"og:type\" content=\"article\" \/>\n<meta property=\"og:title\" content=\"SABROSO \u00c9XITO DE CULINARIA 2016 - El Cotarro\" \/>\n<meta property=\"og:description\" content=\"Comienzo El Cotarro de este domingo reconociendo, valorando y felicitando a la Asociaci\u00f3n Hotelera y Extrahotelera de Tenerife, La Palma, La Gomera y El Hierro (Ashotel) con su presidente al frente, Jorge Alexis Marichal Gonz\u00e1lez, as\u00ed como a la Asociaci\u00f3n de Cocineros y Reposteros de Canarias (ACYRE Canarias), con su presidente tambi\u00e9n al frente, el ... Read more\" \/>\n<meta property=\"og:url\" content=\"https:\/\/elcotarro.com\/?p=3256\" \/>\n<meta property=\"og:site_name\" content=\"El Cotarro\" \/>\n<meta property=\"article:publisher\" content=\"https:\/\/www.facebook.com\/ElCotarro.Tenerife\" \/>\n<meta property=\"article:published_time\" content=\"2016-09-25T10:05:17+00:00\" \/>\n<meta property=\"og:image\" content=\"https:\/\/elcotarro.com\/wp-content\/uploads\/2016\/09\/FOTO-0.-MARICHAL-Y-PASTOR.jpg\" \/>\n<meta name=\"author\" content=\"Jos\u00e9 Carlos Marrero Gonz\u00e1lez\" \/>\n<meta name=\"twitter:label1\" content=\"Escrito por\" \/>\n\t<meta name=\"twitter:data1\" content=\"Jos\u00e9 Carlos Marrero Gonz\u00e1lez\" \/>\n\t<meta name=\"twitter:label2\" content=\"Tiempo de lectura\" \/>\n\t<meta name=\"twitter:data2\" content=\"1 minuto\" \/>\n<script type=\"application\/ld+json\" class=\"yoast-schema-graph\">{\"@context\":\"https:\/\/schema.org\",\"@graph\":[{\"@type\":\"Article\",\"@id\":\"https:\/\/elcotarro.com\/?p=3256#article\",\"isPartOf\":{\"@id\":\"https:\/\/elcotarro.com\/?p=3256\"},\"author\":{\"name\":\"Jos\u00e9 Carlos Marrero Gonz\u00e1lez\",\"@id\":\"https:\/\/elcotarro.com\/#\/schema\/person\/af537ee7d60d15984c7e0affcd8a918b\"},\"headline\":\"SABROSO \u00c9XITO DE CULINARIA 2016\",\"datePublished\":\"2016-09-25T10:05:17+00:00\",\"mainEntityOfPage\":{\"@id\":\"https:\/\/elcotarro.com\/?p=3256\"},\"wordCount\":152,\"commentCount\":0,\"publisher\":{\"@id\":\"https:\/\/elcotarro.com\/#organization\"},\"image\":{\"@id\":\"https:\/\/elcotarro.com\/?p=3256#primaryimage\"},\"thumbnailUrl\":\"https:\/\/elcotarro.com\/wp-content\/uploads\/2016\/09\/FOTO-0.-MARICHAL-Y-PASTOR.jpg\",\"inLanguage\":\"es\",\"potentialAction\":[{\"@type\":\"CommentAction\",\"name\":\"Comment\",\"target\":[\"https:\/\/elcotarro.com\/?p=3256#respond\"]}]},{\"@type\":\"WebPage\",\"@id\":\"https:\/\/elcotarro.com\/?p=3256\",\"url\":\"https:\/\/elcotarro.com\/?p=3256\",\"name\":\"SABROSO \u00c9XITO DE CULINARIA 2016 - El Cotarro\",\"isPartOf\":{\"@id\":\"https:\/\/elcotarro.com\/#website\"},\"primaryImageOfPage\":{\"@id\":\"https:\/\/elcotarro.com\/?p=3256#primaryimage\"},\"image\":{\"@id\":\"https:\/\/elcotarro.com\/?p=3256#primaryimage\"},\"thumbnailUrl\":\"https:\/\/elcotarro.com\/wp-content\/uploads\/2016\/09\/FOTO-0.-MARICHAL-Y-PASTOR.jpg\",\"datePublished\":\"2016-09-25T10:05:17+00:00\",\"breadcrumb\":{\"@id\":\"https:\/\/elcotarro.com\/?p=3256#breadcrumb\"},\"inLanguage\":\"es\",\"potentialAction\":[{\"@type\":\"ReadAction\",\"target\":[\"https:\/\/elcotarro.com\/?p=3256\"]}]},{\"@type\":\"ImageObject\",\"inLanguage\":\"es\",\"@id\":\"https:\/\/elcotarro.com\/?p=3256#primaryimage\",\"url\":\"https:\/\/elcotarro.com\/wp-content\/uploads\/2016\/09\/FOTO-0.-MARICHAL-Y-PASTOR.jpg\",\"contentUrl\":\"https:\/\/elcotarro.com\/wp-content\/uploads\/2016\/09\/FOTO-0.-MARICHAL-Y-PASTOR.jpg\",\"width\":327,\"height\":286},{\"@type\":\"BreadcrumbList\",\"@id\":\"https:\/\/elcotarro.com\/?p=3256#breadcrumb\",\"itemListElement\":[{\"@type\":\"ListItem\",\"position\":1,\"name\":\"Portada\",\"item\":\"https:\/\/elcotarro.com\/\"},{\"@type\":\"ListItem\",\"position\":2,\"name\":\"SABROSO \u00c9XITO DE CULINARIA 2016\"}]},{\"@type\":\"WebSite\",\"@id\":\"https:\/\/elcotarro.com\/#website\",\"url\":\"https:\/\/elcotarro.com\/\",\"name\":\"El Cotarro\",\"description\":\"Peri\u00f3dico Digital Independiente dirigido por Jos\u00e9 Carlos Marrero\",\"publisher\":{\"@id\":\"https:\/\/elcotarro.com\/#organization\"},\"potentialAction\":[{\"@type\":\"SearchAction\",\"target\":{\"@type\":\"EntryPoint\",\"urlTemplate\":\"https:\/\/elcotarro.com\/?s={search_term_string}\"},\"query-input\":{\"@type\":\"PropertyValueSpecification\",\"valueRequired\":true,\"valueName\":\"search_term_string\"}}],\"inLanguage\":\"es\"},{\"@type\":\"Organization\",\"@id\":\"https:\/\/elcotarro.com\/#organization\",\"name\":\"El Cotarro\",\"url\":\"https:\/\/elcotarro.com\/\",\"logo\":{\"@type\":\"ImageObject\",\"inLanguage\":\"es\",\"@id\":\"https:\/\/elcotarro.com\/#\/schema\/logo\/image\/\",\"url\":\"https:\/\/elcotarro.com\/wp-content\/uploads\/2014\/09\/Cabecera_El_Cotarro_v2.jpg\",\"contentUrl\":\"https:\/\/elcotarro.com\/wp-content\/uploads\/2014\/09\/Cabecera_El_Cotarro_v2.jpg\",\"width\":3540,\"height\":441,\"caption\":\"El Cotarro\"},\"image\":{\"@id\":\"https:\/\/elcotarro.com\/#\/schema\/logo\/image\/\"},\"sameAs\":[\"https:\/\/www.facebook.com\/ElCotarro.Tenerife\"]},{\"@type\":\"Person\",\"@id\":\"https:\/\/elcotarro.com\/#\/schema\/person\/af537ee7d60d15984c7e0affcd8a918b\",\"name\":\"Jos\u00e9 Carlos Marrero Gonz\u00e1lez\",\"image\":{\"@type\":\"ImageObject\",\"inLanguage\":\"es\",\"@id\":\"https:\/\/elcotarro.com\/#\/schema\/person\/image\/\",\"url\":\"https:\/\/secure.gravatar.com\/avatar\/def4da036efb5d32c74d49c351f6dccc064dd69ad9f3aadc295c5a9a5391ca01?s=96&d=mm&r=g\",\"contentUrl\":\"https:\/\/secure.gravatar.com\/avatar\/def4da036efb5d32c74d49c351f6dccc064dd69ad9f3aadc295c5a9a5391ca01?s=96&d=mm&r=g\",\"caption\":\"Jos\u00e9 Carlos Marrero Gonz\u00e1lez\"},\"sameAs\":[\"https:\/\/elcotarro.com\"],\"url\":\"https:\/\/elcotarro.com\/?author=2\"}]}<\/script>\n<!-- \/ Yoast SEO plugin. -->","yoast_head_json":{"title":"SABROSO \u00c9XITO DE CULINARIA 2016 - El Cotarro","robots":{"index":"index","follow":"follow","max-snippet":"max-snippet:-1","max-image-preview":"max-image-preview:large","max-video-preview":"max-video-preview:-1"},"canonical":"https:\/\/elcotarro.com\/?p=3256","og_locale":"es_ES","og_type":"article","og_title":"SABROSO \u00c9XITO DE CULINARIA 2016 - El Cotarro","og_description":"Comienzo El Cotarro de este domingo reconociendo, valorando y felicitando a la Asociaci\u00f3n Hotelera y Extrahotelera de Tenerife, La Palma, La Gomera y El Hierro (Ashotel) con su presidente al frente, Jorge Alexis Marichal Gonz\u00e1lez, as\u00ed como a la Asociaci\u00f3n de Cocineros y Reposteros de Canarias (ACYRE Canarias), con su presidente tambi\u00e9n al frente, el ... Read more","og_url":"https:\/\/elcotarro.com\/?p=3256","og_site_name":"El Cotarro","article_publisher":"https:\/\/www.facebook.com\/ElCotarro.Tenerife","article_published_time":"2016-09-25T10:05:17+00:00","og_image":[{"url":"https:\/\/elcotarro.com\/wp-content\/uploads\/2016\/09\/FOTO-0.-MARICHAL-Y-PASTOR.jpg","type":"","width":"","height":""}],"author":"Jos\u00e9 Carlos Marrero Gonz\u00e1lez","twitter_misc":{"Escrito por":"Jos\u00e9 Carlos Marrero Gonz\u00e1lez","Tiempo de lectura":"1 minuto"},"schema":{"@context":"https:\/\/schema.org","@graph":[{"@type":"Article","@id":"https:\/\/elcotarro.com\/?p=3256#article","isPartOf":{"@id":"https:\/\/elcotarro.com\/?p=3256"},"author":{"name":"Jos\u00e9 Carlos Marrero Gonz\u00e1lez","@id":"https:\/\/elcotarro.com\/#\/schema\/person\/af537ee7d60d15984c7e0affcd8a918b"},"headline":"SABROSO \u00c9XITO DE CULINARIA 2016","datePublished":"2016-09-25T10:05:17+00:00","mainEntityOfPage":{"@id":"https:\/\/elcotarro.com\/?p=3256"},"wordCount":152,"commentCount":0,"publisher":{"@id":"https:\/\/elcotarro.com\/#organization"},"image":{"@id":"https:\/\/elcotarro.com\/?p=3256#primaryimage"},"thumbnailUrl":"https:\/\/elcotarro.com\/wp-content\/uploads\/2016\/09\/FOTO-0.-MARICHAL-Y-PASTOR.jpg","inLanguage":"es","potentialAction":[{"@type":"CommentAction","name":"Comment","target":["https:\/\/elcotarro.com\/?p=3256#respond"]}]},{"@type":"WebPage","@id":"https:\/\/elcotarro.com\/?p=3256","url":"https:\/\/elcotarro.com\/?p=3256","name":"SABROSO \u00c9XITO DE CULINARIA 2016 - El Cotarro","isPartOf":{"@id":"https:\/\/elcotarro.com\/#website"},"primaryImageOfPage":{"@id":"https:\/\/elcotarro.com\/?p=3256#primaryimage"},"image":{"@id":"https:\/\/elcotarro.com\/?p=3256#primaryimage"},"thumbnailUrl":"https:\/\/elcotarro.com\/wp-content\/uploads\/2016\/09\/FOTO-0.-MARICHAL-Y-PASTOR.jpg","datePublished":"2016-09-25T10:05:17+00:00","breadcrumb":{"@id":"https:\/\/elcotarro.com\/?p=3256#breadcrumb"},"inLanguage":"es","potentialAction":[{"@type":"ReadAction","target":["https:\/\/elcotarro.com\/?p=3256"]}]},{"@type":"ImageObject","inLanguage":"es","@id":"https:\/\/elcotarro.com\/?p=3256#primaryimage","url":"https:\/\/elcotarro.com\/wp-content\/uploads\/2016\/09\/FOTO-0.-MARICHAL-Y-PASTOR.jpg","contentUrl":"https:\/\/elcotarro.com\/wp-content\/uploads\/2016\/09\/FOTO-0.-MARICHAL-Y-PASTOR.jpg","width":327,"height":286},{"@type":"BreadcrumbList","@id":"https:\/\/elcotarro.com\/?p=3256#breadcrumb","itemListElement":[{"@type":"ListItem","position":1,"name":"Portada","item":"https:\/\/elcotarro.com\/"},{"@type":"ListItem","position":2,"name":"SABROSO \u00c9XITO DE CULINARIA 2016"}]},{"@type":"WebSite","@id":"https:\/\/elcotarro.com\/#website","url":"https:\/\/elcotarro.com\/","name":"El Cotarro","description":"Peri\u00f3dico Digital Independiente dirigido por Jos\u00e9 Carlos Marrero","publisher":{"@id":"https:\/\/elcotarro.com\/#organization"},"potentialAction":[{"@type":"SearchAction","target":{"@type":"EntryPoint","urlTemplate":"https:\/\/elcotarro.com\/?s={search_term_string}"},"query-input":{"@type":"PropertyValueSpecification","valueRequired":true,"valueName":"search_term_string"}}],"inLanguage":"es"},{"@type":"Organization","@id":"https:\/\/elcotarro.com\/#organization","name":"El Cotarro","url":"https:\/\/elcotarro.com\/","logo":{"@type":"ImageObject","inLanguage":"es","@id":"https:\/\/elcotarro.com\/#\/schema\/logo\/image\/","url":"https:\/\/elcotarro.com\/wp-content\/uploads\/2014\/09\/Cabecera_El_Cotarro_v2.jpg","contentUrl":"https:\/\/elcotarro.com\/wp-content\/uploads\/2014\/09\/Cabecera_El_Cotarro_v2.jpg","width":3540,"height":441,"caption":"El Cotarro"},"image":{"@id":"https:\/\/elcotarro.com\/#\/schema\/logo\/image\/"},"sameAs":["https:\/\/www.facebook.com\/ElCotarro.Tenerife"]},{"@type":"Person","@id":"https:\/\/elcotarro.com\/#\/schema\/person\/af537ee7d60d15984c7e0affcd8a918b","name":"Jos\u00e9 Carlos Marrero Gonz\u00e1lez","image":{"@type":"ImageObject","inLanguage":"es","@id":"https:\/\/elcotarro.com\/#\/schema\/person\/image\/","url":"https:\/\/secure.gravatar.com\/avatar\/def4da036efb5d32c74d49c351f6dccc064dd69ad9f3aadc295c5a9a5391ca01?s=96&d=mm&r=g","contentUrl":"https:\/\/secure.gravatar.com\/avatar\/def4da036efb5d32c74d49c351f6dccc064dd69ad9f3aadc295c5a9a5391ca01?s=96&d=mm&r=g","caption":"Jos\u00e9 Carlos Marrero Gonz\u00e1lez"},"sameAs":["https:\/\/elcotarro.com"],"url":"https:\/\/elcotarro.com\/?author=2"}]}},"jetpack_featured_media_url":"","jetpack_sharing_enabled":true,"_links":{"self":[{"href":"https:\/\/elcotarro.com\/index.php?rest_route=\/wp\/v2\/posts\/3256","targetHints":{"allow":["GET"]}}],"collection":[{"href":"https:\/\/elcotarro.com\/index.php?rest_route=\/wp\/v2\/posts"}],"about":[{"href":"https:\/\/elcotarro.com\/index.php?rest_route=\/wp\/v2\/types\/post"}],"author":[{"embeddable":true,"href":"https:\/\/elcotarro.com\/index.php?rest_route=\/wp\/v2\/users\/2"}],"replies":[{"embeddable":true,"href":"https:\/\/elcotarro.com\/index.php?rest_route=%2Fwp%2Fv2%2Fcomments&post=3256"}],"version-history":[{"count":1,"href":"https:\/\/elcotarro.com\/index.php?rest_route=\/wp\/v2\/posts\/3256\/revisions"}],"predecessor-version":[{"id":3258,"href":"https:\/\/elcotarro.com\/index.php?rest_route=\/wp\/v2\/posts\/3256\/revisions\/3258"}],"wp:attachment":[{"href":"https:\/\/elcotarro.com\/index.php?rest_route=%2Fwp%2Fv2%2Fmedia&parent=3256"}],"wp:term":[{"taxonomy":"category","embeddable":true,"href":"https:\/\/elcotarro.com\/index.php?rest_route=%2Fwp%2Fv2%2Fcategories&post=3256"},{"taxonomy":"post_tag","embeddable":true,"href":"https:\/\/elcotarro.com\/index.php?rest_route=%2Fwp%2Fv2%2Ftags&post=3256"}],"curies":[{"name":"wp","href":"https:\/\/api.w.org\/{rel}","templated":true}]}}