{"id":3265,"date":"2016-09-25T11:02:54","date_gmt":"2016-09-25T10:02:54","guid":{"rendered":"https:\/\/elcotarro.com\/?p=3265"},"modified":"2016-09-24T10:24:37","modified_gmt":"2016-09-24T09:24:37","slug":"se-merecen-todo-un-desagravio","status":"publish","type":"post","link":"https:\/\/elcotarro.com\/?p=3265","title":{"rendered":"SE MERECEN TODO UN DESAGRAVIO"},"content":{"rendered":"<p>En la presentaci\u00f3n del III Sal\u00f3n y en presencia de <strong>Alberto Bernab\u00e9<\/strong> (consejero insular de Turismo del Cabildo de Tenerife), <strong>Narvay Quintero<\/strong> (consejero de Agricultura del Gobierno de Canarias) <strong>Jos\u00e9 Manuel Berm\u00fadez<\/strong> (alcalde de Santa Cruz de Tenerife) y <strong>Casimiro Curbelo<\/strong> (presidente del Cabildo de La Gomera) se anunci\u00f3 y dijo claramente que los campeones de los distintos concursos representar\u00edan a nuestras islas en el III Certamen Nacional. Pero posteriormente, por lo que se ve, alguien ha pensado (creo que equivocadamente) que dichos ganadores, en este caso el chef <strong>Eduardo Dom\u00ednguez De Le\u00f3n<\/strong> y la pastelera <strong>Ana Cristina Garc\u00eda Hern\u00e1ndez,<\/strong> no ten\u00edan talla suficiente para ostentar dicha representaci\u00f3n. Craso error. Sobre todo, si de lo que se trata es de animar y potenciar la labor de los j\u00f3venes y, cu\u00e1nto m\u00e1s, si se han presentado a un exigente campeonato hecho aqu\u00ed y se han sometido a elaborar sus platos cara al p\u00fablico. Creo que se merecen un reconocimiento y, de alguna manera, un desagravio por el que se le reconozcan su gran cualificaci\u00f3n y sus tambi\u00e9n triunfos. Es de justicia.<\/p>\n<p><a href=\"https:\/\/elcotarro.com\/wp-content\/uploads\/2016\/09\/FOTO-3.-ANA-CRISTINA-GARC\u00cdA.jpg\"><img loading=\"lazy\" decoding=\"async\" class=\"alignnone size-full wp-image-3266\" src=\"https:\/\/elcotarro.com\/wp-content\/uploads\/2016\/09\/FOTO-3.-ANA-CRISTINA-GARC\u00cdA.jpg\" alt=\"foto-3-ana-cristina-garcia\" width=\"1669\" height=\"2500\" srcset=\"https:\/\/elcotarro.com\/wp-content\/uploads\/2016\/09\/FOTO-3.-ANA-CRISTINA-GARC\u00cdA.jpg 1669w, https:\/\/elcotarro.com\/wp-content\/uploads\/2016\/09\/FOTO-3.-ANA-CRISTINA-GARC\u00cdA-200x300.jpg 200w, https:\/\/elcotarro.com\/wp-content\/uploads\/2016\/09\/FOTO-3.-ANA-CRISTINA-GARC\u00cdA-684x1024.jpg 684w\" sizes=\"auto, (max-width: 1669px) 100vw, 1669px\" \/><\/a><\/p>\n<p style=\"text-align: center\"><em>La chef-pastelera, Ana Cristina Garc\u00eda Hern\u00e1ndez, ganadora del I Campeonato Regional Absoluto de Pasteler\u00eda de Canarias 2016 \u2013 Gran Premio Harinalia<\/em><\/p>\n","protected":false},"excerpt":{"rendered":"<p>En la presentaci\u00f3n del III Sal\u00f3n y en presencia de Alberto Bernab\u00e9 (consejero insular de Turismo del Cabildo de Tenerife), Narvay Quintero (consejero de Agricultura del Gobierno de Canarias) Jos\u00e9 Manuel Berm\u00fadez (alcalde de Santa Cruz de Tenerife) y Casimiro Curbelo (presidente del Cabildo de La Gomera) se anunci\u00f3 y dijo claramente que los campeones &#8230; <a class=\"read-more\" href=\"https:\/\/elcotarro.com\/?p=3265\">Read more<\/a><\/p>\n","protected":false},"author":2,"featured_media":0,"comment_status":"open","ping_status":"open","sticky":false,"template":"","format":"standard","meta":{"_jetpack_memberships_contains_paid_content":false,"footnotes":""},"categories":[1],"tags":[],"class_list":["post-3265","post","type-post","status-publish","format-standard","hentry","category-sin-categoria"],"yoast_head":"<!-- This site is optimized with the Yoast SEO plugin v27.0 - https:\/\/yoast.com\/product\/yoast-seo-wordpress\/ -->\n<title>SE MERECEN TODO UN DESAGRAVIO - El Cotarro<\/title>\n<meta name=\"robots\" content=\"index, follow, max-snippet:-1, max-image-preview:large, max-video-preview:-1\" \/>\n<link rel=\"canonical\" href=\"https:\/\/elcotarro.com\/?p=3265\" \/>\n<meta property=\"og:locale\" content=\"es_ES\" \/>\n<meta property=\"og:type\" content=\"article\" \/>\n<meta property=\"og:title\" content=\"SE MERECEN TODO UN DESAGRAVIO - El Cotarro\" \/>\n<meta property=\"og:description\" content=\"En la presentaci\u00f3n del III Sal\u00f3n y en presencia de Alberto Bernab\u00e9 (consejero insular de Turismo del Cabildo de Tenerife), Narvay Quintero (consejero de Agricultura del Gobierno de Canarias) Jos\u00e9 Manuel Berm\u00fadez (alcalde de Santa Cruz de Tenerife) y Casimiro Curbelo (presidente del Cabildo de La Gomera) se anunci\u00f3 y dijo claramente que los campeones ... Read more\" \/>\n<meta property=\"og:url\" content=\"https:\/\/elcotarro.com\/?p=3265\" \/>\n<meta property=\"og:site_name\" content=\"El Cotarro\" \/>\n<meta property=\"article:publisher\" content=\"https:\/\/www.facebook.com\/ElCotarro.Tenerife\" \/>\n<meta property=\"article:published_time\" content=\"2016-09-25T10:02:54+00:00\" \/>\n<meta name=\"author\" content=\"Jos\u00e9 Carlos Marrero Gonz\u00e1lez\" \/>\n<meta name=\"twitter:label1\" content=\"Escrito por\" \/>\n\t<meta name=\"twitter:data1\" content=\"Jos\u00e9 Carlos Marrero Gonz\u00e1lez\" \/>\n\t<meta name=\"twitter:label2\" content=\"Tiempo de lectura\" \/>\n\t<meta name=\"twitter:data2\" content=\"1 minuto\" \/>\n<script type=\"application\/ld+json\" class=\"yoast-schema-graph\">{\"@context\":\"https:\/\/schema.org\",\"@graph\":[{\"@type\":\"Article\",\"@id\":\"https:\/\/elcotarro.com\/?p=3265#article\",\"isPartOf\":{\"@id\":\"https:\/\/elcotarro.com\/?p=3265\"},\"author\":{\"name\":\"Jos\u00e9 Carlos Marrero Gonz\u00e1lez\",\"@id\":\"https:\/\/elcotarro.com\/#\/schema\/person\/af537ee7d60d15984c7e0affcd8a918b\"},\"headline\":\"SE MERECEN TODO UN DESAGRAVIO\",\"datePublished\":\"2016-09-25T10:02:54+00:00\",\"mainEntityOfPage\":{\"@id\":\"https:\/\/elcotarro.com\/?p=3265\"},\"wordCount\":223,\"commentCount\":0,\"publisher\":{\"@id\":\"https:\/\/elcotarro.com\/#organization\"},\"inLanguage\":\"es\",\"potentialAction\":[{\"@type\":\"CommentAction\",\"name\":\"Comment\",\"target\":[\"https:\/\/elcotarro.com\/?p=3265#respond\"]}]},{\"@type\":\"WebPage\",\"@id\":\"https:\/\/elcotarro.com\/?p=3265\",\"url\":\"https:\/\/elcotarro.com\/?p=3265\",\"name\":\"SE MERECEN TODO UN DESAGRAVIO - El Cotarro\",\"isPartOf\":{\"@id\":\"https:\/\/elcotarro.com\/#website\"},\"datePublished\":\"2016-09-25T10:02:54+00:00\",\"breadcrumb\":{\"@id\":\"https:\/\/elcotarro.com\/?p=3265#breadcrumb\"},\"inLanguage\":\"es\",\"potentialAction\":[{\"@type\":\"ReadAction\",\"target\":[\"https:\/\/elcotarro.com\/?p=3265\"]}]},{\"@type\":\"BreadcrumbList\",\"@id\":\"https:\/\/elcotarro.com\/?p=3265#breadcrumb\",\"itemListElement\":[{\"@type\":\"ListItem\",\"position\":1,\"name\":\"Portada\",\"item\":\"https:\/\/elcotarro.com\/\"},{\"@type\":\"ListItem\",\"position\":2,\"name\":\"SE MERECEN TODO UN DESAGRAVIO\"}]},{\"@type\":\"WebSite\",\"@id\":\"https:\/\/elcotarro.com\/#website\",\"url\":\"https:\/\/elcotarro.com\/\",\"name\":\"El Cotarro\",\"description\":\"Peri\u00f3dico Digital Independiente dirigido por Jos\u00e9 Carlos Marrero\",\"publisher\":{\"@id\":\"https:\/\/elcotarro.com\/#organization\"},\"potentialAction\":[{\"@type\":\"SearchAction\",\"target\":{\"@type\":\"EntryPoint\",\"urlTemplate\":\"https:\/\/elcotarro.com\/?s={search_term_string}\"},\"query-input\":{\"@type\":\"PropertyValueSpecification\",\"valueRequired\":true,\"valueName\":\"search_term_string\"}}],\"inLanguage\":\"es\"},{\"@type\":\"Organization\",\"@id\":\"https:\/\/elcotarro.com\/#organization\",\"name\":\"El Cotarro\",\"url\":\"https:\/\/elcotarro.com\/\",\"logo\":{\"@type\":\"ImageObject\",\"inLanguage\":\"es\",\"@id\":\"https:\/\/elcotarro.com\/#\/schema\/logo\/image\/\",\"url\":\"https:\/\/elcotarro.com\/wp-content\/uploads\/2014\/09\/Cabecera_El_Cotarro_v2.jpg\",\"contentUrl\":\"https:\/\/elcotarro.com\/wp-content\/uploads\/2014\/09\/Cabecera_El_Cotarro_v2.jpg\",\"width\":3540,\"height\":441,\"caption\":\"El Cotarro\"},\"image\":{\"@id\":\"https:\/\/elcotarro.com\/#\/schema\/logo\/image\/\"},\"sameAs\":[\"https:\/\/www.facebook.com\/ElCotarro.Tenerife\"]},{\"@type\":\"Person\",\"@id\":\"https:\/\/elcotarro.com\/#\/schema\/person\/af537ee7d60d15984c7e0affcd8a918b\",\"name\":\"Jos\u00e9 Carlos Marrero Gonz\u00e1lez\",\"image\":{\"@type\":\"ImageObject\",\"inLanguage\":\"es\",\"@id\":\"https:\/\/elcotarro.com\/#\/schema\/person\/image\/\",\"url\":\"https:\/\/secure.gravatar.com\/avatar\/def4da036efb5d32c74d49c351f6dccc064dd69ad9f3aadc295c5a9a5391ca01?s=96&d=mm&r=g\",\"contentUrl\":\"https:\/\/secure.gravatar.com\/avatar\/def4da036efb5d32c74d49c351f6dccc064dd69ad9f3aadc295c5a9a5391ca01?s=96&d=mm&r=g\",\"caption\":\"Jos\u00e9 Carlos Marrero Gonz\u00e1lez\"},\"sameAs\":[\"https:\/\/elcotarro.com\"],\"url\":\"https:\/\/elcotarro.com\/?author=2\"}]}<\/script>\n<!-- \/ Yoast SEO plugin. -->","yoast_head_json":{"title":"SE MERECEN TODO UN DESAGRAVIO - El Cotarro","robots":{"index":"index","follow":"follow","max-snippet":"max-snippet:-1","max-image-preview":"max-image-preview:large","max-video-preview":"max-video-preview:-1"},"canonical":"https:\/\/elcotarro.com\/?p=3265","og_locale":"es_ES","og_type":"article","og_title":"SE MERECEN TODO UN DESAGRAVIO - El Cotarro","og_description":"En la presentaci\u00f3n del III Sal\u00f3n y en presencia de Alberto Bernab\u00e9 (consejero insular de Turismo del Cabildo de Tenerife), Narvay Quintero (consejero de Agricultura del Gobierno de Canarias) Jos\u00e9 Manuel Berm\u00fadez (alcalde de Santa Cruz de Tenerife) y Casimiro Curbelo (presidente del Cabildo de La Gomera) se anunci\u00f3 y dijo claramente que los campeones ... Read more","og_url":"https:\/\/elcotarro.com\/?p=3265","og_site_name":"El Cotarro","article_publisher":"https:\/\/www.facebook.com\/ElCotarro.Tenerife","article_published_time":"2016-09-25T10:02:54+00:00","author":"Jos\u00e9 Carlos Marrero Gonz\u00e1lez","twitter_misc":{"Escrito por":"Jos\u00e9 Carlos Marrero Gonz\u00e1lez","Tiempo de lectura":"1 minuto"},"schema":{"@context":"https:\/\/schema.org","@graph":[{"@type":"Article","@id":"https:\/\/elcotarro.com\/?p=3265#article","isPartOf":{"@id":"https:\/\/elcotarro.com\/?p=3265"},"author":{"name":"Jos\u00e9 Carlos Marrero Gonz\u00e1lez","@id":"https:\/\/elcotarro.com\/#\/schema\/person\/af537ee7d60d15984c7e0affcd8a918b"},"headline":"SE MERECEN TODO UN DESAGRAVIO","datePublished":"2016-09-25T10:02:54+00:00","mainEntityOfPage":{"@id":"https:\/\/elcotarro.com\/?p=3265"},"wordCount":223,"commentCount":0,"publisher":{"@id":"https:\/\/elcotarro.com\/#organization"},"inLanguage":"es","potentialAction":[{"@type":"CommentAction","name":"Comment","target":["https:\/\/elcotarro.com\/?p=3265#respond"]}]},{"@type":"WebPage","@id":"https:\/\/elcotarro.com\/?p=3265","url":"https:\/\/elcotarro.com\/?p=3265","name":"SE MERECEN TODO UN DESAGRAVIO - El Cotarro","isPartOf":{"@id":"https:\/\/elcotarro.com\/#website"},"datePublished":"2016-09-25T10:02:54+00:00","breadcrumb":{"@id":"https:\/\/elcotarro.com\/?p=3265#breadcrumb"},"inLanguage":"es","potentialAction":[{"@type":"ReadAction","target":["https:\/\/elcotarro.com\/?p=3265"]}]},{"@type":"BreadcrumbList","@id":"https:\/\/elcotarro.com\/?p=3265#breadcrumb","itemListElement":[{"@type":"ListItem","position":1,"name":"Portada","item":"https:\/\/elcotarro.com\/"},{"@type":"ListItem","position":2,"name":"SE MERECEN TODO UN DESAGRAVIO"}]},{"@type":"WebSite","@id":"https:\/\/elcotarro.com\/#website","url":"https:\/\/elcotarro.com\/","name":"El Cotarro","description":"Peri\u00f3dico Digital Independiente dirigido por Jos\u00e9 Carlos Marrero","publisher":{"@id":"https:\/\/elcotarro.com\/#organization"},"potentialAction":[{"@type":"SearchAction","target":{"@type":"EntryPoint","urlTemplate":"https:\/\/elcotarro.com\/?s={search_term_string}"},"query-input":{"@type":"PropertyValueSpecification","valueRequired":true,"valueName":"search_term_string"}}],"inLanguage":"es"},{"@type":"Organization","@id":"https:\/\/elcotarro.com\/#organization","name":"El Cotarro","url":"https:\/\/elcotarro.com\/","logo":{"@type":"ImageObject","inLanguage":"es","@id":"https:\/\/elcotarro.com\/#\/schema\/logo\/image\/","url":"https:\/\/elcotarro.com\/wp-content\/uploads\/2014\/09\/Cabecera_El_Cotarro_v2.jpg","contentUrl":"https:\/\/elcotarro.com\/wp-content\/uploads\/2014\/09\/Cabecera_El_Cotarro_v2.jpg","width":3540,"height":441,"caption":"El Cotarro"},"image":{"@id":"https:\/\/elcotarro.com\/#\/schema\/logo\/image\/"},"sameAs":["https:\/\/www.facebook.com\/ElCotarro.Tenerife"]},{"@type":"Person","@id":"https:\/\/elcotarro.com\/#\/schema\/person\/af537ee7d60d15984c7e0affcd8a918b","name":"Jos\u00e9 Carlos Marrero Gonz\u00e1lez","image":{"@type":"ImageObject","inLanguage":"es","@id":"https:\/\/elcotarro.com\/#\/schema\/person\/image\/","url":"https:\/\/secure.gravatar.com\/avatar\/def4da036efb5d32c74d49c351f6dccc064dd69ad9f3aadc295c5a9a5391ca01?s=96&d=mm&r=g","contentUrl":"https:\/\/secure.gravatar.com\/avatar\/def4da036efb5d32c74d49c351f6dccc064dd69ad9f3aadc295c5a9a5391ca01?s=96&d=mm&r=g","caption":"Jos\u00e9 Carlos Marrero Gonz\u00e1lez"},"sameAs":["https:\/\/elcotarro.com"],"url":"https:\/\/elcotarro.com\/?author=2"}]}},"jetpack_featured_media_url":"","jetpack_sharing_enabled":true,"_links":{"self":[{"href":"https:\/\/elcotarro.com\/index.php?rest_route=\/wp\/v2\/posts\/3265","targetHints":{"allow":["GET"]}}],"collection":[{"href":"https:\/\/elcotarro.com\/index.php?rest_route=\/wp\/v2\/posts"}],"about":[{"href":"https:\/\/elcotarro.com\/index.php?rest_route=\/wp\/v2\/types\/post"}],"author":[{"embeddable":true,"href":"https:\/\/elcotarro.com\/index.php?rest_route=\/wp\/v2\/users\/2"}],"replies":[{"embeddable":true,"href":"https:\/\/elcotarro.com\/index.php?rest_route=%2Fwp%2Fv2%2Fcomments&post=3265"}],"version-history":[{"count":1,"href":"https:\/\/elcotarro.com\/index.php?rest_route=\/wp\/v2\/posts\/3265\/revisions"}],"predecessor-version":[{"id":3267,"href":"https:\/\/elcotarro.com\/index.php?rest_route=\/wp\/v2\/posts\/3265\/revisions\/3267"}],"wp:attachment":[{"href":"https:\/\/elcotarro.com\/index.php?rest_route=%2Fwp%2Fv2%2Fmedia&parent=3265"}],"wp:term":[{"taxonomy":"category","embeddable":true,"href":"https:\/\/elcotarro.com\/index.php?rest_route=%2Fwp%2Fv2%2Fcategories&post=3265"},{"taxonomy":"post_tag","embeddable":true,"href":"https:\/\/elcotarro.com\/index.php?rest_route=%2Fwp%2Fv2%2Ftags&post=3265"}],"curies":[{"name":"wp","href":"https:\/\/api.w.org\/{rel}","templated":true}]}}