{"id":3289,"date":"2016-10-02T11:02:39","date_gmt":"2016-10-02T10:02:39","guid":{"rendered":"https:\/\/elcotarro.com\/?p=3289"},"modified":"2016-10-01T12:46:23","modified_gmt":"2016-10-01T11:46:23","slug":"jose-carlos-alberto-se-presenta","status":"publish","type":"post","link":"https:\/\/elcotarro.com\/?p=3289","title":{"rendered":"JOS\u00c9 CARLOS ALBERTO SE PRESENTA"},"content":{"rendered":"<p>Seg\u00fan me ha confirmado <strong>Andr\u00e9s de Souza Iglesias<\/strong>, quien ya fue gran director de la RSEAP y es vocal nato de la misma, el que tambi\u00e9n fuera Rector Magn\u00edfico de nuestra ULL, <strong>Jos\u00e9 Carlos Alberto Bethencourt<\/strong>, doctor en Medicina y catedr\u00e1tico de obstetricia y ginecolog\u00eda hasta su jubilaci\u00f3n, va a encabezar y comandar una candidatura de lujo, en la que, entre otras personalidades de prestigio estar\u00edan: <strong>Mar\u00eda N\u00e9lida Rancel Torres<\/strong> (Vicerrectora de Relaciones Universidad y Sociedad de la ULL), <strong>Rafael D\u00edaz Mart\u00ednez<\/strong> (Presidente del Tribunal de Cuentas de Canarias), <strong>Francisco Torres del Castillo<\/strong> (Director regional de Renta 4), <strong>Jos\u00e9 Fernando Cabrera <\/strong>(Empresario, expresidente de Ashotel), <strong>Eustaquio Villalba Moreno<\/strong> (Ge\u00f3grafo. Presidente de AT\u00c1N), <strong>Iv\u00e1n Gonz\u00e1lez Barrios <\/strong>(Abogado. Profesor de Filosof\u00eda del Derecho de la ULL), <strong>Fernando Beautell Stroud<\/strong> (Arquitecto), <strong>Manuel Morales Mart\u00edn<\/strong> (Entom\u00f3logo) y <strong>Arnoldo Santos Guerra<\/strong> (Bi\u00f3logo). Aunque lo recomendable y deseable es que la veterana instituci\u00f3n quede al margen de ideolog\u00edas y partidismos pol\u00edticos, m\u00e1s de uno dir\u00e1 que la plancha encabezada por <strong>Jos\u00e9 Carlos Alberto<\/strong> est\u00e1 cercana a Coalici\u00f3n Canaria. Por ello y seg\u00fan tambi\u00e9n me cuentan, ya m\u00e1s de uno est\u00e1 mirando para el que hoy es vocal del \u00d3rgano Directivo de \u201cla Econ\u00f3mica\u201d, el profesor <strong>Leandro Trujillo Casa\u00f1as<\/strong>, quien fue durante a\u00f1os concejal del ayuntamiento de La Laguna por el PSOE, por ver si se decide encabezar otra candidatura. Ojal\u00e1 que no haya \u201cpiques\u201d ni conflictos, que reine la inteligencia, la cordura, la generosidad y salga lo mejor<\/p>\n<p style=\"text-align: center\"><a href=\"https:\/\/elcotarro.com\/wp-content\/uploads\/2016\/10\/FOTO-4.-JOS\u00c9-CARLOS-ALBERTO1.jpg\"><img loading=\"lazy\" decoding=\"async\" class=\"alignnone size-full wp-image-3291\" src=\"https:\/\/elcotarro.com\/wp-content\/uploads\/2016\/10\/FOTO-4.-JOS\u00c9-CARLOS-ALBERTO1.jpg\" alt=\"foto-4-jose-carlos-alberto\" width=\"242\" height=\"201\" \/><\/a><\/p>\n<p style=\"text-align: center\"><em>Jos\u00e9 Carlos Alberto Bethencourt prepara una lista de lujo para la RSEAP<\/em><\/p>\n<p style=\"text-align: center\">\n","protected":false},"excerpt":{"rendered":"<p>Seg\u00fan me ha confirmado Andr\u00e9s de Souza Iglesias, quien ya fue gran director de la RSEAP y es vocal nato de la misma, el que tambi\u00e9n fuera Rector Magn\u00edfico de nuestra ULL, Jos\u00e9 Carlos Alberto Bethencourt, doctor en Medicina y catedr\u00e1tico de obstetricia y ginecolog\u00eda hasta su jubilaci\u00f3n, va a encabezar y comandar una candidatura &#8230; <a class=\"read-more\" href=\"https:\/\/elcotarro.com\/?p=3289\">Read more<\/a><\/p>\n","protected":false},"author":2,"featured_media":0,"comment_status":"open","ping_status":"open","sticky":false,"template":"","format":"standard","meta":{"_jetpack_memberships_contains_paid_content":false,"footnotes":""},"categories":[1],"tags":[],"class_list":["post-3289","post","type-post","status-publish","format-standard","hentry","category-sin-categoria"],"yoast_head":"<!-- This site is optimized with the Yoast SEO plugin v27.0 - https:\/\/yoast.com\/product\/yoast-seo-wordpress\/ -->\n<title>JOS\u00c9 CARLOS ALBERTO SE PRESENTA - El Cotarro<\/title>\n<meta name=\"robots\" content=\"index, follow, max-snippet:-1, max-image-preview:large, max-video-preview:-1\" \/>\n<link rel=\"canonical\" href=\"https:\/\/elcotarro.com\/?p=3289\" \/>\n<meta property=\"og:locale\" content=\"es_ES\" \/>\n<meta property=\"og:type\" content=\"article\" \/>\n<meta property=\"og:title\" content=\"JOS\u00c9 CARLOS ALBERTO SE PRESENTA - El Cotarro\" \/>\n<meta property=\"og:description\" content=\"Seg\u00fan me ha confirmado Andr\u00e9s de Souza Iglesias, quien ya fue gran director de la RSEAP y es vocal nato de la misma, el que tambi\u00e9n fuera Rector Magn\u00edfico de nuestra ULL, Jos\u00e9 Carlos Alberto Bethencourt, doctor en Medicina y catedr\u00e1tico de obstetricia y ginecolog\u00eda hasta su jubilaci\u00f3n, va a encabezar y comandar una candidatura ... Read more\" \/>\n<meta property=\"og:url\" content=\"https:\/\/elcotarro.com\/?p=3289\" \/>\n<meta property=\"og:site_name\" content=\"El Cotarro\" \/>\n<meta property=\"article:publisher\" content=\"https:\/\/www.facebook.com\/ElCotarro.Tenerife\" \/>\n<meta property=\"article:published_time\" content=\"2016-10-02T10:02:39+00:00\" \/>\n<meta name=\"author\" content=\"Jos\u00e9 Carlos Marrero Gonz\u00e1lez\" \/>\n<meta name=\"twitter:label1\" content=\"Escrito por\" \/>\n\t<meta name=\"twitter:data1\" content=\"Jos\u00e9 Carlos Marrero Gonz\u00e1lez\" \/>\n\t<meta name=\"twitter:label2\" content=\"Tiempo de lectura\" \/>\n\t<meta name=\"twitter:data2\" content=\"1 minuto\" \/>\n<script type=\"application\/ld+json\" class=\"yoast-schema-graph\">{\"@context\":\"https:\/\/schema.org\",\"@graph\":[{\"@type\":\"Article\",\"@id\":\"https:\/\/elcotarro.com\/?p=3289#article\",\"isPartOf\":{\"@id\":\"https:\/\/elcotarro.com\/?p=3289\"},\"author\":{\"name\":\"Jos\u00e9 Carlos Marrero Gonz\u00e1lez\",\"@id\":\"https:\/\/elcotarro.com\/#\/schema\/person\/af537ee7d60d15984c7e0affcd8a918b\"},\"headline\":\"JOS\u00c9 CARLOS ALBERTO SE PRESENTA\",\"datePublished\":\"2016-10-02T10:02:39+00:00\",\"mainEntityOfPage\":{\"@id\":\"https:\/\/elcotarro.com\/?p=3289\"},\"wordCount\":289,\"commentCount\":0,\"publisher\":{\"@id\":\"https:\/\/elcotarro.com\/#organization\"},\"inLanguage\":\"es\",\"potentialAction\":[{\"@type\":\"CommentAction\",\"name\":\"Comment\",\"target\":[\"https:\/\/elcotarro.com\/?p=3289#respond\"]}]},{\"@type\":\"WebPage\",\"@id\":\"https:\/\/elcotarro.com\/?p=3289\",\"url\":\"https:\/\/elcotarro.com\/?p=3289\",\"name\":\"JOS\u00c9 CARLOS ALBERTO SE PRESENTA - El Cotarro\",\"isPartOf\":{\"@id\":\"https:\/\/elcotarro.com\/#website\"},\"datePublished\":\"2016-10-02T10:02:39+00:00\",\"breadcrumb\":{\"@id\":\"https:\/\/elcotarro.com\/?p=3289#breadcrumb\"},\"inLanguage\":\"es\",\"potentialAction\":[{\"@type\":\"ReadAction\",\"target\":[\"https:\/\/elcotarro.com\/?p=3289\"]}]},{\"@type\":\"BreadcrumbList\",\"@id\":\"https:\/\/elcotarro.com\/?p=3289#breadcrumb\",\"itemListElement\":[{\"@type\":\"ListItem\",\"position\":1,\"name\":\"Portada\",\"item\":\"https:\/\/elcotarro.com\/\"},{\"@type\":\"ListItem\",\"position\":2,\"name\":\"JOS\u00c9 CARLOS ALBERTO SE PRESENTA\"}]},{\"@type\":\"WebSite\",\"@id\":\"https:\/\/elcotarro.com\/#website\",\"url\":\"https:\/\/elcotarro.com\/\",\"name\":\"El Cotarro\",\"description\":\"Peri\u00f3dico Digital Independiente dirigido por Jos\u00e9 Carlos Marrero\",\"publisher\":{\"@id\":\"https:\/\/elcotarro.com\/#organization\"},\"potentialAction\":[{\"@type\":\"SearchAction\",\"target\":{\"@type\":\"EntryPoint\",\"urlTemplate\":\"https:\/\/elcotarro.com\/?s={search_term_string}\"},\"query-input\":{\"@type\":\"PropertyValueSpecification\",\"valueRequired\":true,\"valueName\":\"search_term_string\"}}],\"inLanguage\":\"es\"},{\"@type\":\"Organization\",\"@id\":\"https:\/\/elcotarro.com\/#organization\",\"name\":\"El Cotarro\",\"url\":\"https:\/\/elcotarro.com\/\",\"logo\":{\"@type\":\"ImageObject\",\"inLanguage\":\"es\",\"@id\":\"https:\/\/elcotarro.com\/#\/schema\/logo\/image\/\",\"url\":\"https:\/\/elcotarro.com\/wp-content\/uploads\/2014\/09\/Cabecera_El_Cotarro_v2.jpg\",\"contentUrl\":\"https:\/\/elcotarro.com\/wp-content\/uploads\/2014\/09\/Cabecera_El_Cotarro_v2.jpg\",\"width\":3540,\"height\":441,\"caption\":\"El Cotarro\"},\"image\":{\"@id\":\"https:\/\/elcotarro.com\/#\/schema\/logo\/image\/\"},\"sameAs\":[\"https:\/\/www.facebook.com\/ElCotarro.Tenerife\"]},{\"@type\":\"Person\",\"@id\":\"https:\/\/elcotarro.com\/#\/schema\/person\/af537ee7d60d15984c7e0affcd8a918b\",\"name\":\"Jos\u00e9 Carlos Marrero Gonz\u00e1lez\",\"image\":{\"@type\":\"ImageObject\",\"inLanguage\":\"es\",\"@id\":\"https:\/\/elcotarro.com\/#\/schema\/person\/image\/\",\"url\":\"https:\/\/secure.gravatar.com\/avatar\/def4da036efb5d32c74d49c351f6dccc064dd69ad9f3aadc295c5a9a5391ca01?s=96&d=mm&r=g\",\"contentUrl\":\"https:\/\/secure.gravatar.com\/avatar\/def4da036efb5d32c74d49c351f6dccc064dd69ad9f3aadc295c5a9a5391ca01?s=96&d=mm&r=g\",\"caption\":\"Jos\u00e9 Carlos Marrero Gonz\u00e1lez\"},\"sameAs\":[\"https:\/\/elcotarro.com\"],\"url\":\"https:\/\/elcotarro.com\/?author=2\"}]}<\/script>\n<!-- \/ Yoast SEO plugin. -->","yoast_head_json":{"title":"JOS\u00c9 CARLOS ALBERTO SE PRESENTA - El Cotarro","robots":{"index":"index","follow":"follow","max-snippet":"max-snippet:-1","max-image-preview":"max-image-preview:large","max-video-preview":"max-video-preview:-1"},"canonical":"https:\/\/elcotarro.com\/?p=3289","og_locale":"es_ES","og_type":"article","og_title":"JOS\u00c9 CARLOS ALBERTO SE PRESENTA - El Cotarro","og_description":"Seg\u00fan me ha confirmado Andr\u00e9s de Souza Iglesias, quien ya fue gran director de la RSEAP y es vocal nato de la misma, el que tambi\u00e9n fuera Rector Magn\u00edfico de nuestra ULL, Jos\u00e9 Carlos Alberto Bethencourt, doctor en Medicina y catedr\u00e1tico de obstetricia y ginecolog\u00eda hasta su jubilaci\u00f3n, va a encabezar y comandar una candidatura ... Read more","og_url":"https:\/\/elcotarro.com\/?p=3289","og_site_name":"El Cotarro","article_publisher":"https:\/\/www.facebook.com\/ElCotarro.Tenerife","article_published_time":"2016-10-02T10:02:39+00:00","author":"Jos\u00e9 Carlos Marrero Gonz\u00e1lez","twitter_misc":{"Escrito por":"Jos\u00e9 Carlos Marrero Gonz\u00e1lez","Tiempo de lectura":"1 minuto"},"schema":{"@context":"https:\/\/schema.org","@graph":[{"@type":"Article","@id":"https:\/\/elcotarro.com\/?p=3289#article","isPartOf":{"@id":"https:\/\/elcotarro.com\/?p=3289"},"author":{"name":"Jos\u00e9 Carlos Marrero Gonz\u00e1lez","@id":"https:\/\/elcotarro.com\/#\/schema\/person\/af537ee7d60d15984c7e0affcd8a918b"},"headline":"JOS\u00c9 CARLOS ALBERTO SE PRESENTA","datePublished":"2016-10-02T10:02:39+00:00","mainEntityOfPage":{"@id":"https:\/\/elcotarro.com\/?p=3289"},"wordCount":289,"commentCount":0,"publisher":{"@id":"https:\/\/elcotarro.com\/#organization"},"inLanguage":"es","potentialAction":[{"@type":"CommentAction","name":"Comment","target":["https:\/\/elcotarro.com\/?p=3289#respond"]}]},{"@type":"WebPage","@id":"https:\/\/elcotarro.com\/?p=3289","url":"https:\/\/elcotarro.com\/?p=3289","name":"JOS\u00c9 CARLOS ALBERTO SE PRESENTA - El Cotarro","isPartOf":{"@id":"https:\/\/elcotarro.com\/#website"},"datePublished":"2016-10-02T10:02:39+00:00","breadcrumb":{"@id":"https:\/\/elcotarro.com\/?p=3289#breadcrumb"},"inLanguage":"es","potentialAction":[{"@type":"ReadAction","target":["https:\/\/elcotarro.com\/?p=3289"]}]},{"@type":"BreadcrumbList","@id":"https:\/\/elcotarro.com\/?p=3289#breadcrumb","itemListElement":[{"@type":"ListItem","position":1,"name":"Portada","item":"https:\/\/elcotarro.com\/"},{"@type":"ListItem","position":2,"name":"JOS\u00c9 CARLOS ALBERTO SE PRESENTA"}]},{"@type":"WebSite","@id":"https:\/\/elcotarro.com\/#website","url":"https:\/\/elcotarro.com\/","name":"El Cotarro","description":"Peri\u00f3dico Digital Independiente dirigido por Jos\u00e9 Carlos Marrero","publisher":{"@id":"https:\/\/elcotarro.com\/#organization"},"potentialAction":[{"@type":"SearchAction","target":{"@type":"EntryPoint","urlTemplate":"https:\/\/elcotarro.com\/?s={search_term_string}"},"query-input":{"@type":"PropertyValueSpecification","valueRequired":true,"valueName":"search_term_string"}}],"inLanguage":"es"},{"@type":"Organization","@id":"https:\/\/elcotarro.com\/#organization","name":"El Cotarro","url":"https:\/\/elcotarro.com\/","logo":{"@type":"ImageObject","inLanguage":"es","@id":"https:\/\/elcotarro.com\/#\/schema\/logo\/image\/","url":"https:\/\/elcotarro.com\/wp-content\/uploads\/2014\/09\/Cabecera_El_Cotarro_v2.jpg","contentUrl":"https:\/\/elcotarro.com\/wp-content\/uploads\/2014\/09\/Cabecera_El_Cotarro_v2.jpg","width":3540,"height":441,"caption":"El Cotarro"},"image":{"@id":"https:\/\/elcotarro.com\/#\/schema\/logo\/image\/"},"sameAs":["https:\/\/www.facebook.com\/ElCotarro.Tenerife"]},{"@type":"Person","@id":"https:\/\/elcotarro.com\/#\/schema\/person\/af537ee7d60d15984c7e0affcd8a918b","name":"Jos\u00e9 Carlos Marrero Gonz\u00e1lez","image":{"@type":"ImageObject","inLanguage":"es","@id":"https:\/\/elcotarro.com\/#\/schema\/person\/image\/","url":"https:\/\/secure.gravatar.com\/avatar\/def4da036efb5d32c74d49c351f6dccc064dd69ad9f3aadc295c5a9a5391ca01?s=96&d=mm&r=g","contentUrl":"https:\/\/secure.gravatar.com\/avatar\/def4da036efb5d32c74d49c351f6dccc064dd69ad9f3aadc295c5a9a5391ca01?s=96&d=mm&r=g","caption":"Jos\u00e9 Carlos Marrero Gonz\u00e1lez"},"sameAs":["https:\/\/elcotarro.com"],"url":"https:\/\/elcotarro.com\/?author=2"}]}},"jetpack_featured_media_url":"","jetpack_sharing_enabled":true,"_links":{"self":[{"href":"https:\/\/elcotarro.com\/index.php?rest_route=\/wp\/v2\/posts\/3289","targetHints":{"allow":["GET"]}}],"collection":[{"href":"https:\/\/elcotarro.com\/index.php?rest_route=\/wp\/v2\/posts"}],"about":[{"href":"https:\/\/elcotarro.com\/index.php?rest_route=\/wp\/v2\/types\/post"}],"author":[{"embeddable":true,"href":"https:\/\/elcotarro.com\/index.php?rest_route=\/wp\/v2\/users\/2"}],"replies":[{"embeddable":true,"href":"https:\/\/elcotarro.com\/index.php?rest_route=%2Fwp%2Fv2%2Fcomments&post=3289"}],"version-history":[{"count":1,"href":"https:\/\/elcotarro.com\/index.php?rest_route=\/wp\/v2\/posts\/3289\/revisions"}],"predecessor-version":[{"id":3292,"href":"https:\/\/elcotarro.com\/index.php?rest_route=\/wp\/v2\/posts\/3289\/revisions\/3292"}],"wp:attachment":[{"href":"https:\/\/elcotarro.com\/index.php?rest_route=%2Fwp%2Fv2%2Fmedia&parent=3289"}],"wp:term":[{"taxonomy":"category","embeddable":true,"href":"https:\/\/elcotarro.com\/index.php?rest_route=%2Fwp%2Fv2%2Fcategories&post=3289"},{"taxonomy":"post_tag","embeddable":true,"href":"https:\/\/elcotarro.com\/index.php?rest_route=%2Fwp%2Fv2%2Ftags&post=3289"}],"curies":[{"name":"wp","href":"https:\/\/api.w.org\/{rel}","templated":true}]}}