{"id":3304,"date":"2016-10-09T11:05:03","date_gmt":"2016-10-09T10:05:03","guid":{"rendered":"https:\/\/elcotarro.com\/?p=3304"},"modified":"2016-10-07T12:39:26","modified_gmt":"2016-10-07T11:39:26","slug":"lo-prometido-es-deuda","status":"publish","type":"post","link":"https:\/\/elcotarro.com\/?p=3304","title":{"rendered":"LO PROMETIDO ES DEUDA"},"content":{"rendered":"<p>El pasado domingo les coment\u00e9 que un entra\u00f1able y contundente mensaje hab\u00eda dejado aleladas (y no s\u00e9 si un tanto avergonzadas) a las dign\u00edsimas autoridades que, encabezadas por el propio presidente del Gobierno de Canarias, <strong>Fernando Clavijo Batlle<\/strong>, asistieron al acto de presentaci\u00f3n oficial de las terminadas obras de remodelaci\u00f3n, modernizaci\u00f3n y mejora del emblem\u00e1tico y veterano (hoy rejuvenecido) hotel ValleMar del Puerto de la Cruz. Les coment\u00e9 que el directo y \u201ccontundente\u201d mensaje, hab\u00eda sido enviado por la presidenta de la compa\u00f1\u00eda Altalay 7, propietaria del hotel (as\u00ed como del hotel Laguna Nivaria, en La Laguna) <strong>Mar\u00eda de las Angustias Ibarra y Jim\u00e9nez de la Serna<\/strong>, marquesa de Ibarra, una encantadora joven de casi 92 a\u00f1os que, precisamente aquel d\u00eda y por su edad, no pudo viajar a Tenerife y estar presente en el acto celebrado, como hab\u00eda sido su deseo.<\/p>\n<p style=\"text-align: center\"><a href=\"https:\/\/elcotarro.com\/wp-content\/uploads\/2016\/10\/FOTO-1.-MARQUESA-DE-IBARRA.jpg\"><img loading=\"lazy\" decoding=\"async\" class=\"alignnone size-full wp-image-3305\" src=\"https:\/\/elcotarro.com\/wp-content\/uploads\/2016\/10\/FOTO-1.-MARQUESA-DE-IBARRA.jpg\" alt=\"foto-1-marquesa-de-ibarra\" width=\"2326\" height=\"3400\" srcset=\"https:\/\/elcotarro.com\/wp-content\/uploads\/2016\/10\/FOTO-1.-MARQUESA-DE-IBARRA.jpg 2326w, https:\/\/elcotarro.com\/wp-content\/uploads\/2016\/10\/FOTO-1.-MARQUESA-DE-IBARRA-205x300.jpg 205w, https:\/\/elcotarro.com\/wp-content\/uploads\/2016\/10\/FOTO-1.-MARQUESA-DE-IBARRA-701x1024.jpg 701w\" sizes=\"auto, (max-width: 2326px) 100vw, 2326px\" \/><\/a><\/p>\n<p style=\"text-align: center\"><em>Mar\u00eda de las Angustias Ibarra y Jim\u00e9nez de la Serna, marquesa de Ibarra<\/em><\/p>\n","protected":false},"excerpt":{"rendered":"<p>El pasado domingo les coment\u00e9 que un entra\u00f1able y contundente mensaje hab\u00eda dejado aleladas (y no s\u00e9 si un tanto avergonzadas) a las dign\u00edsimas autoridades que, encabezadas por el propio presidente del Gobierno de Canarias, Fernando Clavijo Batlle, asistieron al acto de presentaci\u00f3n oficial de las terminadas obras de remodelaci\u00f3n, modernizaci\u00f3n y mejora del emblem\u00e1tico &#8230; <a class=\"read-more\" href=\"https:\/\/elcotarro.com\/?p=3304\">Read more<\/a><\/p>\n","protected":false},"author":2,"featured_media":0,"comment_status":"open","ping_status":"open","sticky":false,"template":"","format":"standard","meta":{"_jetpack_memberships_contains_paid_content":false,"footnotes":""},"categories":[1],"tags":[],"class_list":["post-3304","post","type-post","status-publish","format-standard","hentry","category-sin-categoria"],"yoast_head":"<!-- This site is optimized with the Yoast SEO plugin v27.0 - https:\/\/yoast.com\/product\/yoast-seo-wordpress\/ -->\n<title>LO PROMETIDO ES DEUDA - El Cotarro<\/title>\n<meta name=\"robots\" content=\"index, follow, max-snippet:-1, max-image-preview:large, max-video-preview:-1\" \/>\n<link rel=\"canonical\" href=\"https:\/\/elcotarro.com\/?p=3304\" \/>\n<meta property=\"og:locale\" content=\"es_ES\" \/>\n<meta property=\"og:type\" content=\"article\" \/>\n<meta property=\"og:title\" content=\"LO PROMETIDO ES DEUDA - El Cotarro\" \/>\n<meta property=\"og:description\" content=\"El pasado domingo les coment\u00e9 que un entra\u00f1able y contundente mensaje hab\u00eda dejado aleladas (y no s\u00e9 si un tanto avergonzadas) a las dign\u00edsimas autoridades que, encabezadas por el propio presidente del Gobierno de Canarias, Fernando Clavijo Batlle, asistieron al acto de presentaci\u00f3n oficial de las terminadas obras de remodelaci\u00f3n, modernizaci\u00f3n y mejora del emblem\u00e1tico ... Read more\" \/>\n<meta property=\"og:url\" content=\"https:\/\/elcotarro.com\/?p=3304\" \/>\n<meta property=\"og:site_name\" content=\"El Cotarro\" \/>\n<meta property=\"article:publisher\" content=\"https:\/\/www.facebook.com\/ElCotarro.Tenerife\" \/>\n<meta property=\"article:published_time\" content=\"2016-10-09T10:05:03+00:00\" \/>\n<meta property=\"og:image\" content=\"https:\/\/elcotarro.com\/wp-content\/uploads\/2016\/10\/FOTO-1.-MARQUESA-DE-IBARRA.jpg\" \/>\n<meta name=\"author\" content=\"Jos\u00e9 Carlos Marrero Gonz\u00e1lez\" \/>\n<meta name=\"twitter:label1\" content=\"Escrito por\" \/>\n\t<meta name=\"twitter:data1\" content=\"Jos\u00e9 Carlos Marrero Gonz\u00e1lez\" \/>\n\t<meta name=\"twitter:label2\" content=\"Tiempo de lectura\" \/>\n\t<meta name=\"twitter:data2\" content=\"1 minuto\" \/>\n<script type=\"application\/ld+json\" class=\"yoast-schema-graph\">{\"@context\":\"https:\/\/schema.org\",\"@graph\":[{\"@type\":\"Article\",\"@id\":\"https:\/\/elcotarro.com\/?p=3304#article\",\"isPartOf\":{\"@id\":\"https:\/\/elcotarro.com\/?p=3304\"},\"author\":{\"name\":\"Jos\u00e9 Carlos Marrero Gonz\u00e1lez\",\"@id\":\"https:\/\/elcotarro.com\/#\/schema\/person\/af537ee7d60d15984c7e0affcd8a918b\"},\"headline\":\"LO PROMETIDO ES DEUDA\",\"datePublished\":\"2016-10-09T10:05:03+00:00\",\"mainEntityOfPage\":{\"@id\":\"https:\/\/elcotarro.com\/?p=3304\"},\"wordCount\":173,\"commentCount\":0,\"publisher\":{\"@id\":\"https:\/\/elcotarro.com\/#organization\"},\"image\":{\"@id\":\"https:\/\/elcotarro.com\/?p=3304#primaryimage\"},\"thumbnailUrl\":\"https:\/\/elcotarro.com\/wp-content\/uploads\/2016\/10\/FOTO-1.-MARQUESA-DE-IBARRA.jpg\",\"inLanguage\":\"es\",\"potentialAction\":[{\"@type\":\"CommentAction\",\"name\":\"Comment\",\"target\":[\"https:\/\/elcotarro.com\/?p=3304#respond\"]}]},{\"@type\":\"WebPage\",\"@id\":\"https:\/\/elcotarro.com\/?p=3304\",\"url\":\"https:\/\/elcotarro.com\/?p=3304\",\"name\":\"LO PROMETIDO ES DEUDA - El Cotarro\",\"isPartOf\":{\"@id\":\"https:\/\/elcotarro.com\/#website\"},\"primaryImageOfPage\":{\"@id\":\"https:\/\/elcotarro.com\/?p=3304#primaryimage\"},\"image\":{\"@id\":\"https:\/\/elcotarro.com\/?p=3304#primaryimage\"},\"thumbnailUrl\":\"https:\/\/elcotarro.com\/wp-content\/uploads\/2016\/10\/FOTO-1.-MARQUESA-DE-IBARRA.jpg\",\"datePublished\":\"2016-10-09T10:05:03+00:00\",\"breadcrumb\":{\"@id\":\"https:\/\/elcotarro.com\/?p=3304#breadcrumb\"},\"inLanguage\":\"es\",\"potentialAction\":[{\"@type\":\"ReadAction\",\"target\":[\"https:\/\/elcotarro.com\/?p=3304\"]}]},{\"@type\":\"ImageObject\",\"inLanguage\":\"es\",\"@id\":\"https:\/\/elcotarro.com\/?p=3304#primaryimage\",\"url\":\"https:\/\/elcotarro.com\/wp-content\/uploads\/2016\/10\/FOTO-1.-MARQUESA-DE-IBARRA.jpg\",\"contentUrl\":\"https:\/\/elcotarro.com\/wp-content\/uploads\/2016\/10\/FOTO-1.-MARQUESA-DE-IBARRA.jpg\",\"width\":2326,\"height\":3400},{\"@type\":\"BreadcrumbList\",\"@id\":\"https:\/\/elcotarro.com\/?p=3304#breadcrumb\",\"itemListElement\":[{\"@type\":\"ListItem\",\"position\":1,\"name\":\"Portada\",\"item\":\"https:\/\/elcotarro.com\/\"},{\"@type\":\"ListItem\",\"position\":2,\"name\":\"LO PROMETIDO ES DEUDA\"}]},{\"@type\":\"WebSite\",\"@id\":\"https:\/\/elcotarro.com\/#website\",\"url\":\"https:\/\/elcotarro.com\/\",\"name\":\"El Cotarro\",\"description\":\"Peri\u00f3dico Digital Independiente dirigido por Jos\u00e9 Carlos Marrero\",\"publisher\":{\"@id\":\"https:\/\/elcotarro.com\/#organization\"},\"potentialAction\":[{\"@type\":\"SearchAction\",\"target\":{\"@type\":\"EntryPoint\",\"urlTemplate\":\"https:\/\/elcotarro.com\/?s={search_term_string}\"},\"query-input\":{\"@type\":\"PropertyValueSpecification\",\"valueRequired\":true,\"valueName\":\"search_term_string\"}}],\"inLanguage\":\"es\"},{\"@type\":\"Organization\",\"@id\":\"https:\/\/elcotarro.com\/#organization\",\"name\":\"El Cotarro\",\"url\":\"https:\/\/elcotarro.com\/\",\"logo\":{\"@type\":\"ImageObject\",\"inLanguage\":\"es\",\"@id\":\"https:\/\/elcotarro.com\/#\/schema\/logo\/image\/\",\"url\":\"https:\/\/elcotarro.com\/wp-content\/uploads\/2014\/09\/Cabecera_El_Cotarro_v2.jpg\",\"contentUrl\":\"https:\/\/elcotarro.com\/wp-content\/uploads\/2014\/09\/Cabecera_El_Cotarro_v2.jpg\",\"width\":3540,\"height\":441,\"caption\":\"El Cotarro\"},\"image\":{\"@id\":\"https:\/\/elcotarro.com\/#\/schema\/logo\/image\/\"},\"sameAs\":[\"https:\/\/www.facebook.com\/ElCotarro.Tenerife\"]},{\"@type\":\"Person\",\"@id\":\"https:\/\/elcotarro.com\/#\/schema\/person\/af537ee7d60d15984c7e0affcd8a918b\",\"name\":\"Jos\u00e9 Carlos Marrero Gonz\u00e1lez\",\"image\":{\"@type\":\"ImageObject\",\"inLanguage\":\"es\",\"@id\":\"https:\/\/elcotarro.com\/#\/schema\/person\/image\/\",\"url\":\"https:\/\/secure.gravatar.com\/avatar\/def4da036efb5d32c74d49c351f6dccc064dd69ad9f3aadc295c5a9a5391ca01?s=96&d=mm&r=g\",\"contentUrl\":\"https:\/\/secure.gravatar.com\/avatar\/def4da036efb5d32c74d49c351f6dccc064dd69ad9f3aadc295c5a9a5391ca01?s=96&d=mm&r=g\",\"caption\":\"Jos\u00e9 Carlos Marrero Gonz\u00e1lez\"},\"sameAs\":[\"https:\/\/elcotarro.com\"],\"url\":\"https:\/\/elcotarro.com\/?author=2\"}]}<\/script>\n<!-- \/ Yoast SEO plugin. -->","yoast_head_json":{"title":"LO PROMETIDO ES DEUDA - El Cotarro","robots":{"index":"index","follow":"follow","max-snippet":"max-snippet:-1","max-image-preview":"max-image-preview:large","max-video-preview":"max-video-preview:-1"},"canonical":"https:\/\/elcotarro.com\/?p=3304","og_locale":"es_ES","og_type":"article","og_title":"LO PROMETIDO ES DEUDA - El Cotarro","og_description":"El pasado domingo les coment\u00e9 que un entra\u00f1able y contundente mensaje hab\u00eda dejado aleladas (y no s\u00e9 si un tanto avergonzadas) a las dign\u00edsimas autoridades que, encabezadas por el propio presidente del Gobierno de Canarias, Fernando Clavijo Batlle, asistieron al acto de presentaci\u00f3n oficial de las terminadas obras de remodelaci\u00f3n, modernizaci\u00f3n y mejora del emblem\u00e1tico ... Read more","og_url":"https:\/\/elcotarro.com\/?p=3304","og_site_name":"El Cotarro","article_publisher":"https:\/\/www.facebook.com\/ElCotarro.Tenerife","article_published_time":"2016-10-09T10:05:03+00:00","og_image":[{"url":"https:\/\/elcotarro.com\/wp-content\/uploads\/2016\/10\/FOTO-1.-MARQUESA-DE-IBARRA.jpg","type":"","width":"","height":""}],"author":"Jos\u00e9 Carlos Marrero Gonz\u00e1lez","twitter_misc":{"Escrito por":"Jos\u00e9 Carlos Marrero Gonz\u00e1lez","Tiempo de lectura":"1 minuto"},"schema":{"@context":"https:\/\/schema.org","@graph":[{"@type":"Article","@id":"https:\/\/elcotarro.com\/?p=3304#article","isPartOf":{"@id":"https:\/\/elcotarro.com\/?p=3304"},"author":{"name":"Jos\u00e9 Carlos Marrero Gonz\u00e1lez","@id":"https:\/\/elcotarro.com\/#\/schema\/person\/af537ee7d60d15984c7e0affcd8a918b"},"headline":"LO PROMETIDO ES DEUDA","datePublished":"2016-10-09T10:05:03+00:00","mainEntityOfPage":{"@id":"https:\/\/elcotarro.com\/?p=3304"},"wordCount":173,"commentCount":0,"publisher":{"@id":"https:\/\/elcotarro.com\/#organization"},"image":{"@id":"https:\/\/elcotarro.com\/?p=3304#primaryimage"},"thumbnailUrl":"https:\/\/elcotarro.com\/wp-content\/uploads\/2016\/10\/FOTO-1.-MARQUESA-DE-IBARRA.jpg","inLanguage":"es","potentialAction":[{"@type":"CommentAction","name":"Comment","target":["https:\/\/elcotarro.com\/?p=3304#respond"]}]},{"@type":"WebPage","@id":"https:\/\/elcotarro.com\/?p=3304","url":"https:\/\/elcotarro.com\/?p=3304","name":"LO PROMETIDO ES DEUDA - El Cotarro","isPartOf":{"@id":"https:\/\/elcotarro.com\/#website"},"primaryImageOfPage":{"@id":"https:\/\/elcotarro.com\/?p=3304#primaryimage"},"image":{"@id":"https:\/\/elcotarro.com\/?p=3304#primaryimage"},"thumbnailUrl":"https:\/\/elcotarro.com\/wp-content\/uploads\/2016\/10\/FOTO-1.-MARQUESA-DE-IBARRA.jpg","datePublished":"2016-10-09T10:05:03+00:00","breadcrumb":{"@id":"https:\/\/elcotarro.com\/?p=3304#breadcrumb"},"inLanguage":"es","potentialAction":[{"@type":"ReadAction","target":["https:\/\/elcotarro.com\/?p=3304"]}]},{"@type":"ImageObject","inLanguage":"es","@id":"https:\/\/elcotarro.com\/?p=3304#primaryimage","url":"https:\/\/elcotarro.com\/wp-content\/uploads\/2016\/10\/FOTO-1.-MARQUESA-DE-IBARRA.jpg","contentUrl":"https:\/\/elcotarro.com\/wp-content\/uploads\/2016\/10\/FOTO-1.-MARQUESA-DE-IBARRA.jpg","width":2326,"height":3400},{"@type":"BreadcrumbList","@id":"https:\/\/elcotarro.com\/?p=3304#breadcrumb","itemListElement":[{"@type":"ListItem","position":1,"name":"Portada","item":"https:\/\/elcotarro.com\/"},{"@type":"ListItem","position":2,"name":"LO PROMETIDO ES DEUDA"}]},{"@type":"WebSite","@id":"https:\/\/elcotarro.com\/#website","url":"https:\/\/elcotarro.com\/","name":"El Cotarro","description":"Peri\u00f3dico Digital Independiente dirigido por Jos\u00e9 Carlos Marrero","publisher":{"@id":"https:\/\/elcotarro.com\/#organization"},"potentialAction":[{"@type":"SearchAction","target":{"@type":"EntryPoint","urlTemplate":"https:\/\/elcotarro.com\/?s={search_term_string}"},"query-input":{"@type":"PropertyValueSpecification","valueRequired":true,"valueName":"search_term_string"}}],"inLanguage":"es"},{"@type":"Organization","@id":"https:\/\/elcotarro.com\/#organization","name":"El Cotarro","url":"https:\/\/elcotarro.com\/","logo":{"@type":"ImageObject","inLanguage":"es","@id":"https:\/\/elcotarro.com\/#\/schema\/logo\/image\/","url":"https:\/\/elcotarro.com\/wp-content\/uploads\/2014\/09\/Cabecera_El_Cotarro_v2.jpg","contentUrl":"https:\/\/elcotarro.com\/wp-content\/uploads\/2014\/09\/Cabecera_El_Cotarro_v2.jpg","width":3540,"height":441,"caption":"El Cotarro"},"image":{"@id":"https:\/\/elcotarro.com\/#\/schema\/logo\/image\/"},"sameAs":["https:\/\/www.facebook.com\/ElCotarro.Tenerife"]},{"@type":"Person","@id":"https:\/\/elcotarro.com\/#\/schema\/person\/af537ee7d60d15984c7e0affcd8a918b","name":"Jos\u00e9 Carlos Marrero Gonz\u00e1lez","image":{"@type":"ImageObject","inLanguage":"es","@id":"https:\/\/elcotarro.com\/#\/schema\/person\/image\/","url":"https:\/\/secure.gravatar.com\/avatar\/def4da036efb5d32c74d49c351f6dccc064dd69ad9f3aadc295c5a9a5391ca01?s=96&d=mm&r=g","contentUrl":"https:\/\/secure.gravatar.com\/avatar\/def4da036efb5d32c74d49c351f6dccc064dd69ad9f3aadc295c5a9a5391ca01?s=96&d=mm&r=g","caption":"Jos\u00e9 Carlos Marrero Gonz\u00e1lez"},"sameAs":["https:\/\/elcotarro.com"],"url":"https:\/\/elcotarro.com\/?author=2"}]}},"jetpack_featured_media_url":"","jetpack_sharing_enabled":true,"_links":{"self":[{"href":"https:\/\/elcotarro.com\/index.php?rest_route=\/wp\/v2\/posts\/3304","targetHints":{"allow":["GET"]}}],"collection":[{"href":"https:\/\/elcotarro.com\/index.php?rest_route=\/wp\/v2\/posts"}],"about":[{"href":"https:\/\/elcotarro.com\/index.php?rest_route=\/wp\/v2\/types\/post"}],"author":[{"embeddable":true,"href":"https:\/\/elcotarro.com\/index.php?rest_route=\/wp\/v2\/users\/2"}],"replies":[{"embeddable":true,"href":"https:\/\/elcotarro.com\/index.php?rest_route=%2Fwp%2Fv2%2Fcomments&post=3304"}],"version-history":[{"count":1,"href":"https:\/\/elcotarro.com\/index.php?rest_route=\/wp\/v2\/posts\/3304\/revisions"}],"predecessor-version":[{"id":3306,"href":"https:\/\/elcotarro.com\/index.php?rest_route=\/wp\/v2\/posts\/3304\/revisions\/3306"}],"wp:attachment":[{"href":"https:\/\/elcotarro.com\/index.php?rest_route=%2Fwp%2Fv2%2Fmedia&parent=3304"}],"wp:term":[{"taxonomy":"category","embeddable":true,"href":"https:\/\/elcotarro.com\/index.php?rest_route=%2Fwp%2Fv2%2Fcategories&post=3304"},{"taxonomy":"post_tag","embeddable":true,"href":"https:\/\/elcotarro.com\/index.php?rest_route=%2Fwp%2Fv2%2Ftags&post=3304"}],"curies":[{"name":"wp","href":"https:\/\/api.w.org\/{rel}","templated":true}]}}