{"id":332,"date":"2014-11-02T00:05:34","date_gmt":"2014-11-02T00:05:34","guid":{"rendered":"https:\/\/elcotarro.com\/?p=332"},"modified":"2014-11-01T22:37:31","modified_gmt":"2014-11-01T22:37:31","slug":"perestelo-y-las-cicatrices","status":"publish","type":"post","link":"https:\/\/elcotarro.com\/?p=332","title":{"rendered":"PERESTELO Y LAS CICATRICES"},"content":{"rendered":"<p style=\"text-align: justify;\">\u2666\u00a0Cambiamos de tercio y de isla para irnos a La Palma donde, casi todos, son palmeros\u2026 Y eso no es un accidente&#8230; Ser palmero es una actitud ante la vida\u2026 Ninguno puede (ni debe) escupir para arriba\u2026 Tampoco el que fuera presidente del cabildo palmero, <strong>Jos\u00e9 Luis Perestelo<\/strong>, hoy parlamentario canario\u2026 Pero hay que reconocer que lo que hace un par de d\u00edas manifest\u00f3 <strong>Jos\u00e9 Luis<\/strong> ante unos testigos de nivel, es tan cierto como que el pr\u00f3ximo a\u00f1o toca Bajada\u2026 El <em>desinquieto<\/em> de <strong>Jos\u00e9 Luis Perestelo<\/strong> (que tambi\u00e9n ha tenido sus fallos y errores) dijo que los problemas pol\u00edticos en el seno de Coalici\u00f3n Canaria en La Palma est\u00e1n llegando a ser enfrentamientos personales cuyas heridas pueden dejar cicatrices casi imposibles de borrar\u2026 Est\u00e1n aflorando temas personales y familiares (m\u00e1s o menos hist\u00f3ricos) que se est\u00e1n sacando y echando a la cara entre personas conocidas y relevantes\u2026 Mala cosa\u2026 A ver si el pr\u00f3ximo a\u00f1o, por culpa de ellos mismos y por \u00abfalta de ignorancia\u00bb, adem\u00e1s de bajar la Virgen de las Nieves, va a bajar Coalici\u00f3n Canaria hasta lo inimaginable&#8230; Y el popular <strong>Asier Antona<\/strong> encantado de la vida&#8230;<\/p>\n<p style=\"text-align: justify;\"><a href=\"https:\/\/elcotarro.com\/wp-content\/uploads\/2014\/11\/Jos\u00e9-Luis-Perestelo-con-Asier-Antona.jpg\"><img loading=\"lazy\" decoding=\"async\" class=\"aligncenter size-full wp-image-333\" src=\"https:\/\/elcotarro.com\/wp-content\/uploads\/2014\/11\/Jos\u00e9-Luis-Perestelo-con-Asier-Antona.jpg\" alt=\"Jos\u00e9 Luis Perestelo con Asier Antona\" width=\"644\" height=\"362\" srcset=\"https:\/\/elcotarro.com\/wp-content\/uploads\/2014\/11\/Jos\u00e9-Luis-Perestelo-con-Asier-Antona.jpg 644w, https:\/\/elcotarro.com\/wp-content\/uploads\/2014\/11\/Jos\u00e9-Luis-Perestelo-con-Asier-Antona-300x168.jpg 300w\" sizes=\"auto, (max-width: 644px) 100vw, 644px\" \/><\/a><\/p>\n<p class=\"comentario\" style=\"text-align: center;\">Jos\u00e9 Luis Perestelo (Izda.) con Asier Antona<\/p>\n","protected":false},"excerpt":{"rendered":"<p>\u2666\u00a0Cambiamos de tercio y de isla para irnos a La Palma donde, casi todos, son palmeros\u2026 Y eso no es un accidente&#8230; Ser palmero es una actitud ante la vida\u2026 Ninguno puede (ni debe) escupir para arriba\u2026 Tampoco el que fuera presidente del cabildo palmero, Jos\u00e9 Luis Perestelo, hoy parlamentario canario\u2026 Pero hay que reconocer &#8230; <a class=\"read-more\" href=\"https:\/\/elcotarro.com\/?p=332\">Read more<\/a><\/p>\n","protected":false},"author":2,"featured_media":0,"comment_status":"open","ping_status":"open","sticky":false,"template":"","format":"standard","meta":{"_jetpack_memberships_contains_paid_content":false,"footnotes":""},"categories":[7],"tags":[163,162],"class_list":["post-332","post","type-post","status-publish","format-standard","hentry","category-politica","tag-asier-antona","tag-jose-luis-perestelo"],"yoast_head":"<!-- This site is optimized with the Yoast SEO plugin v27.0 - https:\/\/yoast.com\/product\/yoast-seo-wordpress\/ -->\n<title>PERESTELO Y LAS CICATRICES - El Cotarro<\/title>\n<meta name=\"robots\" content=\"index, follow, max-snippet:-1, max-image-preview:large, max-video-preview:-1\" \/>\n<link rel=\"canonical\" href=\"https:\/\/elcotarro.com\/?p=332\" \/>\n<meta property=\"og:locale\" content=\"es_ES\" \/>\n<meta property=\"og:type\" content=\"article\" \/>\n<meta property=\"og:title\" content=\"PERESTELO Y LAS CICATRICES - El Cotarro\" \/>\n<meta property=\"og:description\" content=\"\u2666\u00a0Cambiamos de tercio y de isla para irnos a La Palma donde, casi todos, son palmeros\u2026 Y eso no es un accidente&#8230; Ser palmero es una actitud ante la vida\u2026 Ninguno puede (ni debe) escupir para arriba\u2026 Tampoco el que fuera presidente del cabildo palmero, Jos\u00e9 Luis Perestelo, hoy parlamentario canario\u2026 Pero hay que reconocer ... Read more\" \/>\n<meta property=\"og:url\" content=\"https:\/\/elcotarro.com\/?p=332\" \/>\n<meta property=\"og:site_name\" content=\"El Cotarro\" \/>\n<meta property=\"article:publisher\" content=\"https:\/\/www.facebook.com\/ElCotarro.Tenerife\" \/>\n<meta property=\"article:published_time\" content=\"2014-11-02T00:05:34+00:00\" \/>\n<meta name=\"author\" content=\"Jos\u00e9 Carlos Marrero Gonz\u00e1lez\" \/>\n<meta name=\"twitter:label1\" content=\"Escrito por\" \/>\n\t<meta name=\"twitter:data1\" content=\"Jos\u00e9 Carlos Marrero Gonz\u00e1lez\" \/>\n\t<meta name=\"twitter:label2\" content=\"Tiempo de lectura\" \/>\n\t<meta name=\"twitter:data2\" content=\"1 minuto\" \/>\n<script type=\"application\/ld+json\" class=\"yoast-schema-graph\">{\"@context\":\"https:\/\/schema.org\",\"@graph\":[{\"@type\":\"Article\",\"@id\":\"https:\/\/elcotarro.com\/?p=332#article\",\"isPartOf\":{\"@id\":\"https:\/\/elcotarro.com\/?p=332\"},\"author\":{\"name\":\"Jos\u00e9 Carlos Marrero Gonz\u00e1lez\",\"@id\":\"https:\/\/elcotarro.com\/#\/schema\/person\/af537ee7d60d15984c7e0affcd8a918b\"},\"headline\":\"PERESTELO Y LAS CICATRICES\",\"datePublished\":\"2014-11-02T00:05:34+00:00\",\"mainEntityOfPage\":{\"@id\":\"https:\/\/elcotarro.com\/?p=332\"},\"wordCount\":217,\"commentCount\":0,\"publisher\":{\"@id\":\"https:\/\/elcotarro.com\/#organization\"},\"keywords\":[\"Asier Antona\",\"Jos\u00e9 Luis Perestelo\"],\"articleSection\":[\"Pol\u00edtica\"],\"inLanguage\":\"es\",\"potentialAction\":[{\"@type\":\"CommentAction\",\"name\":\"Comment\",\"target\":[\"https:\/\/elcotarro.com\/?p=332#respond\"]}]},{\"@type\":\"WebPage\",\"@id\":\"https:\/\/elcotarro.com\/?p=332\",\"url\":\"https:\/\/elcotarro.com\/?p=332\",\"name\":\"PERESTELO Y LAS CICATRICES - El Cotarro\",\"isPartOf\":{\"@id\":\"https:\/\/elcotarro.com\/#website\"},\"datePublished\":\"2014-11-02T00:05:34+00:00\",\"breadcrumb\":{\"@id\":\"https:\/\/elcotarro.com\/?p=332#breadcrumb\"},\"inLanguage\":\"es\",\"potentialAction\":[{\"@type\":\"ReadAction\",\"target\":[\"https:\/\/elcotarro.com\/?p=332\"]}]},{\"@type\":\"BreadcrumbList\",\"@id\":\"https:\/\/elcotarro.com\/?p=332#breadcrumb\",\"itemListElement\":[{\"@type\":\"ListItem\",\"position\":1,\"name\":\"Portada\",\"item\":\"https:\/\/elcotarro.com\/\"},{\"@type\":\"ListItem\",\"position\":2,\"name\":\"PERESTELO Y LAS CICATRICES\"}]},{\"@type\":\"WebSite\",\"@id\":\"https:\/\/elcotarro.com\/#website\",\"url\":\"https:\/\/elcotarro.com\/\",\"name\":\"El Cotarro\",\"description\":\"Peri\u00f3dico Digital Independiente dirigido por Jos\u00e9 Carlos Marrero\",\"publisher\":{\"@id\":\"https:\/\/elcotarro.com\/#organization\"},\"potentialAction\":[{\"@type\":\"SearchAction\",\"target\":{\"@type\":\"EntryPoint\",\"urlTemplate\":\"https:\/\/elcotarro.com\/?s={search_term_string}\"},\"query-input\":{\"@type\":\"PropertyValueSpecification\",\"valueRequired\":true,\"valueName\":\"search_term_string\"}}],\"inLanguage\":\"es\"},{\"@type\":\"Organization\",\"@id\":\"https:\/\/elcotarro.com\/#organization\",\"name\":\"El Cotarro\",\"url\":\"https:\/\/elcotarro.com\/\",\"logo\":{\"@type\":\"ImageObject\",\"inLanguage\":\"es\",\"@id\":\"https:\/\/elcotarro.com\/#\/schema\/logo\/image\/\",\"url\":\"https:\/\/elcotarro.com\/wp-content\/uploads\/2014\/09\/Cabecera_El_Cotarro_v2.jpg\",\"contentUrl\":\"https:\/\/elcotarro.com\/wp-content\/uploads\/2014\/09\/Cabecera_El_Cotarro_v2.jpg\",\"width\":3540,\"height\":441,\"caption\":\"El Cotarro\"},\"image\":{\"@id\":\"https:\/\/elcotarro.com\/#\/schema\/logo\/image\/\"},\"sameAs\":[\"https:\/\/www.facebook.com\/ElCotarro.Tenerife\"]},{\"@type\":\"Person\",\"@id\":\"https:\/\/elcotarro.com\/#\/schema\/person\/af537ee7d60d15984c7e0affcd8a918b\",\"name\":\"Jos\u00e9 Carlos Marrero Gonz\u00e1lez\",\"image\":{\"@type\":\"ImageObject\",\"inLanguage\":\"es\",\"@id\":\"https:\/\/elcotarro.com\/#\/schema\/person\/image\/\",\"url\":\"https:\/\/secure.gravatar.com\/avatar\/def4da036efb5d32c74d49c351f6dccc064dd69ad9f3aadc295c5a9a5391ca01?s=96&d=mm&r=g\",\"contentUrl\":\"https:\/\/secure.gravatar.com\/avatar\/def4da036efb5d32c74d49c351f6dccc064dd69ad9f3aadc295c5a9a5391ca01?s=96&d=mm&r=g\",\"caption\":\"Jos\u00e9 Carlos Marrero Gonz\u00e1lez\"},\"sameAs\":[\"https:\/\/elcotarro.com\"],\"url\":\"https:\/\/elcotarro.com\/?author=2\"}]}<\/script>\n<!-- \/ Yoast SEO plugin. -->","yoast_head_json":{"title":"PERESTELO Y LAS CICATRICES - El Cotarro","robots":{"index":"index","follow":"follow","max-snippet":"max-snippet:-1","max-image-preview":"max-image-preview:large","max-video-preview":"max-video-preview:-1"},"canonical":"https:\/\/elcotarro.com\/?p=332","og_locale":"es_ES","og_type":"article","og_title":"PERESTELO Y LAS CICATRICES - El Cotarro","og_description":"\u2666\u00a0Cambiamos de tercio y de isla para irnos a La Palma donde, casi todos, son palmeros\u2026 Y eso no es un accidente&#8230; Ser palmero es una actitud ante la vida\u2026 Ninguno puede (ni debe) escupir para arriba\u2026 Tampoco el que fuera presidente del cabildo palmero, Jos\u00e9 Luis Perestelo, hoy parlamentario canario\u2026 Pero hay que reconocer ... Read more","og_url":"https:\/\/elcotarro.com\/?p=332","og_site_name":"El Cotarro","article_publisher":"https:\/\/www.facebook.com\/ElCotarro.Tenerife","article_published_time":"2014-11-02T00:05:34+00:00","author":"Jos\u00e9 Carlos Marrero Gonz\u00e1lez","twitter_misc":{"Escrito por":"Jos\u00e9 Carlos Marrero Gonz\u00e1lez","Tiempo de lectura":"1 minuto"},"schema":{"@context":"https:\/\/schema.org","@graph":[{"@type":"Article","@id":"https:\/\/elcotarro.com\/?p=332#article","isPartOf":{"@id":"https:\/\/elcotarro.com\/?p=332"},"author":{"name":"Jos\u00e9 Carlos Marrero Gonz\u00e1lez","@id":"https:\/\/elcotarro.com\/#\/schema\/person\/af537ee7d60d15984c7e0affcd8a918b"},"headline":"PERESTELO Y LAS CICATRICES","datePublished":"2014-11-02T00:05:34+00:00","mainEntityOfPage":{"@id":"https:\/\/elcotarro.com\/?p=332"},"wordCount":217,"commentCount":0,"publisher":{"@id":"https:\/\/elcotarro.com\/#organization"},"keywords":["Asier Antona","Jos\u00e9 Luis Perestelo"],"articleSection":["Pol\u00edtica"],"inLanguage":"es","potentialAction":[{"@type":"CommentAction","name":"Comment","target":["https:\/\/elcotarro.com\/?p=332#respond"]}]},{"@type":"WebPage","@id":"https:\/\/elcotarro.com\/?p=332","url":"https:\/\/elcotarro.com\/?p=332","name":"PERESTELO Y LAS CICATRICES - El Cotarro","isPartOf":{"@id":"https:\/\/elcotarro.com\/#website"},"datePublished":"2014-11-02T00:05:34+00:00","breadcrumb":{"@id":"https:\/\/elcotarro.com\/?p=332#breadcrumb"},"inLanguage":"es","potentialAction":[{"@type":"ReadAction","target":["https:\/\/elcotarro.com\/?p=332"]}]},{"@type":"BreadcrumbList","@id":"https:\/\/elcotarro.com\/?p=332#breadcrumb","itemListElement":[{"@type":"ListItem","position":1,"name":"Portada","item":"https:\/\/elcotarro.com\/"},{"@type":"ListItem","position":2,"name":"PERESTELO Y LAS CICATRICES"}]},{"@type":"WebSite","@id":"https:\/\/elcotarro.com\/#website","url":"https:\/\/elcotarro.com\/","name":"El Cotarro","description":"Peri\u00f3dico Digital Independiente dirigido por Jos\u00e9 Carlos Marrero","publisher":{"@id":"https:\/\/elcotarro.com\/#organization"},"potentialAction":[{"@type":"SearchAction","target":{"@type":"EntryPoint","urlTemplate":"https:\/\/elcotarro.com\/?s={search_term_string}"},"query-input":{"@type":"PropertyValueSpecification","valueRequired":true,"valueName":"search_term_string"}}],"inLanguage":"es"},{"@type":"Organization","@id":"https:\/\/elcotarro.com\/#organization","name":"El Cotarro","url":"https:\/\/elcotarro.com\/","logo":{"@type":"ImageObject","inLanguage":"es","@id":"https:\/\/elcotarro.com\/#\/schema\/logo\/image\/","url":"https:\/\/elcotarro.com\/wp-content\/uploads\/2014\/09\/Cabecera_El_Cotarro_v2.jpg","contentUrl":"https:\/\/elcotarro.com\/wp-content\/uploads\/2014\/09\/Cabecera_El_Cotarro_v2.jpg","width":3540,"height":441,"caption":"El Cotarro"},"image":{"@id":"https:\/\/elcotarro.com\/#\/schema\/logo\/image\/"},"sameAs":["https:\/\/www.facebook.com\/ElCotarro.Tenerife"]},{"@type":"Person","@id":"https:\/\/elcotarro.com\/#\/schema\/person\/af537ee7d60d15984c7e0affcd8a918b","name":"Jos\u00e9 Carlos Marrero Gonz\u00e1lez","image":{"@type":"ImageObject","inLanguage":"es","@id":"https:\/\/elcotarro.com\/#\/schema\/person\/image\/","url":"https:\/\/secure.gravatar.com\/avatar\/def4da036efb5d32c74d49c351f6dccc064dd69ad9f3aadc295c5a9a5391ca01?s=96&d=mm&r=g","contentUrl":"https:\/\/secure.gravatar.com\/avatar\/def4da036efb5d32c74d49c351f6dccc064dd69ad9f3aadc295c5a9a5391ca01?s=96&d=mm&r=g","caption":"Jos\u00e9 Carlos Marrero Gonz\u00e1lez"},"sameAs":["https:\/\/elcotarro.com"],"url":"https:\/\/elcotarro.com\/?author=2"}]}},"jetpack_featured_media_url":"","jetpack_sharing_enabled":true,"_links":{"self":[{"href":"https:\/\/elcotarro.com\/index.php?rest_route=\/wp\/v2\/posts\/332","targetHints":{"allow":["GET"]}}],"collection":[{"href":"https:\/\/elcotarro.com\/index.php?rest_route=\/wp\/v2\/posts"}],"about":[{"href":"https:\/\/elcotarro.com\/index.php?rest_route=\/wp\/v2\/types\/post"}],"author":[{"embeddable":true,"href":"https:\/\/elcotarro.com\/index.php?rest_route=\/wp\/v2\/users\/2"}],"replies":[{"embeddable":true,"href":"https:\/\/elcotarro.com\/index.php?rest_route=%2Fwp%2Fv2%2Fcomments&post=332"}],"version-history":[{"count":1,"href":"https:\/\/elcotarro.com\/index.php?rest_route=\/wp\/v2\/posts\/332\/revisions"}],"predecessor-version":[{"id":334,"href":"https:\/\/elcotarro.com\/index.php?rest_route=\/wp\/v2\/posts\/332\/revisions\/334"}],"wp:attachment":[{"href":"https:\/\/elcotarro.com\/index.php?rest_route=%2Fwp%2Fv2%2Fmedia&parent=332"}],"wp:term":[{"taxonomy":"category","embeddable":true,"href":"https:\/\/elcotarro.com\/index.php?rest_route=%2Fwp%2Fv2%2Fcategories&post=332"},{"taxonomy":"post_tag","embeddable":true,"href":"https:\/\/elcotarro.com\/index.php?rest_route=%2Fwp%2Fv2%2Ftags&post=332"}],"curies":[{"name":"wp","href":"https:\/\/api.w.org\/{rel}","templated":true}]}}