{"id":335,"date":"2014-11-02T00:06:13","date_gmt":"2014-11-02T00:06:13","guid":{"rendered":"https:\/\/elcotarro.com\/?p=335"},"modified":"2014-11-01T22:37:47","modified_gmt":"2014-11-01T22:37:47","slug":"informacion-la-fiscalia","status":"publish","type":"post","link":"https:\/\/elcotarro.com\/?p=335","title":{"rendered":"INFORMACI\u00d3N A LA FISCAL\u00cdA"},"content":{"rendered":"<p style=\"text-align: justify;\">\u2666\u00a0Los \u00faltimos datos conseguidos (o filtrados) a <strong>\u00c1gueda Montelongo<\/strong> podr\u00edan ser la punta de un tremendo iceberg, el amanecer de una ristra de informaciones y datos que, desde las mism\u00edsimas entra\u00f1as de la administraci\u00f3n de la propia radiotelevisi\u00f3n p\u00fablica canaria, podr\u00edan comenzar a salir de aqu\u00ed al pr\u00f3ximo 24 de mayo de 2015, fecha esa para la que, desde hoy, faltan exactamente s\u00f3lo\u00a0 203 d\u00edas\u2026 Por encima del mentado <strong>Willy Garc\u00eda<\/strong> est\u00e1 (por el momento) su padrino pol\u00edtico y actual presidente de Canarias, Paulino <strong>Rivero<\/strong> y vi\u00e9ndolas venir est\u00e1 (tambi\u00e9n por el momento y m\u00e1s que mosqueado) <strong>Fernando Clavijo,<\/strong> ya candidato presidencial nominado\u2026 Pero de aqu\u00ed all\u00e1, en esos 203 d\u00edas, se puede hacer da\u00f1o, mucho da\u00f1o a un partido, a una coalici\u00f3n y a todo un proyecto pol\u00edtico\u2026 Bien es cierto que igual, a dos de los tres nombrados, el da\u00f1o que se pueda producir a CC se las trae absolutamente al pairo\u2026 Uno de ellos parece que se est\u00e1 pensando la posibilidad de terminar siendo presidente del C.D. Tenerife en detrimento de <strong>Pier Luigi Cherubino<\/strong> y el otro (seg\u00fan comentan los \u00faltimos rumores chicharreros) proponi\u00e9ndose, postul\u00e1ndose y ofreci\u00e9ndose, un d\u00eda s\u00ed y otro d\u00eda tambi\u00e9n, para dirigir alg\u00fan peri\u00f3dico tinerfe\u00f1o&#8230; Y as\u00ed se escribe la historia&#8230;<\/p>\n<p style=\"text-align: justify;\"><a href=\"https:\/\/elcotarro.com\/wp-content\/uploads\/2014\/11\/Montelongo-\u00c1gueda.jpeg\"><img loading=\"lazy\" decoding=\"async\" class=\"aligncenter wp-image-336 size-medium\" src=\"https:\/\/elcotarro.com\/wp-content\/uploads\/2014\/11\/Montelongo-\u00c1gueda-300x300.jpeg\" alt=\"Montelongo - \u00c1gueda\" width=\"300\" height=\"300\" srcset=\"https:\/\/elcotarro.com\/wp-content\/uploads\/2014\/11\/Montelongo-\u00c1gueda-300x300.jpeg 300w, https:\/\/elcotarro.com\/wp-content\/uploads\/2014\/11\/Montelongo-\u00c1gueda-150x150.jpeg 150w, https:\/\/elcotarro.com\/wp-content\/uploads\/2014\/11\/Montelongo-\u00c1gueda.jpeg 400w\" sizes=\"auto, (max-width: 300px) 100vw, 300px\" \/><\/a><\/p>\n<p class=\"comentario\" style=\"text-align: center;\">La majorera \u00c1gueda Montelongo<\/p>\n","protected":false},"excerpt":{"rendered":"<p>\u2666\u00a0Los \u00faltimos datos conseguidos (o filtrados) a \u00c1gueda Montelongo podr\u00edan ser la punta de un tremendo iceberg, el amanecer de una ristra de informaciones y datos que, desde las mism\u00edsimas entra\u00f1as de la administraci\u00f3n de la propia radiotelevisi\u00f3n p\u00fablica canaria, podr\u00edan comenzar a salir de aqu\u00ed al pr\u00f3ximo 24 de mayo de 2015, fecha esa &#8230; <a class=\"read-more\" href=\"https:\/\/elcotarro.com\/?p=335\">Read more<\/a><\/p>\n","protected":false},"author":2,"featured_media":0,"comment_status":"open","ping_status":"open","sticky":false,"template":"","format":"standard","meta":{"_jetpack_memberships_contains_paid_content":false,"footnotes":""},"categories":[7],"tags":[164,10,100,165,9],"class_list":["post-335","post","type-post","status-publish","format-standard","hentry","category-politica","tag-agueda-montelongo","tag-fernando-clavijo","tag-paulino-rivero","tag-pier-luigi-cherubino","tag-willy-garcia"],"yoast_head":"<!-- This site is optimized with the Yoast SEO plugin v27.0 - https:\/\/yoast.com\/product\/yoast-seo-wordpress\/ -->\n<title>INFORMACI\u00d3N A LA FISCAL\u00cdA - El Cotarro<\/title>\n<meta name=\"robots\" content=\"index, follow, max-snippet:-1, max-image-preview:large, max-video-preview:-1\" \/>\n<link rel=\"canonical\" href=\"https:\/\/elcotarro.com\/?p=335\" \/>\n<meta property=\"og:locale\" content=\"es_ES\" \/>\n<meta property=\"og:type\" content=\"article\" \/>\n<meta property=\"og:title\" content=\"INFORMACI\u00d3N A LA FISCAL\u00cdA - El Cotarro\" \/>\n<meta property=\"og:description\" content=\"\u2666\u00a0Los \u00faltimos datos conseguidos (o filtrados) a \u00c1gueda Montelongo podr\u00edan ser la punta de un tremendo iceberg, el amanecer de una ristra de informaciones y datos que, desde las mism\u00edsimas entra\u00f1as de la administraci\u00f3n de la propia radiotelevisi\u00f3n p\u00fablica canaria, podr\u00edan comenzar a salir de aqu\u00ed al pr\u00f3ximo 24 de mayo de 2015, fecha esa ... Read more\" \/>\n<meta property=\"og:url\" content=\"https:\/\/elcotarro.com\/?p=335\" \/>\n<meta property=\"og:site_name\" content=\"El Cotarro\" \/>\n<meta property=\"article:publisher\" content=\"https:\/\/www.facebook.com\/ElCotarro.Tenerife\" \/>\n<meta property=\"article:published_time\" content=\"2014-11-02T00:06:13+00:00\" \/>\n<meta name=\"author\" content=\"Jos\u00e9 Carlos Marrero Gonz\u00e1lez\" \/>\n<meta name=\"twitter:label1\" content=\"Escrito por\" \/>\n\t<meta name=\"twitter:data1\" content=\"Jos\u00e9 Carlos Marrero Gonz\u00e1lez\" \/>\n\t<meta name=\"twitter:label2\" content=\"Tiempo de lectura\" \/>\n\t<meta name=\"twitter:data2\" content=\"1 minuto\" \/>\n<script type=\"application\/ld+json\" class=\"yoast-schema-graph\">{\"@context\":\"https:\/\/schema.org\",\"@graph\":[{\"@type\":\"Article\",\"@id\":\"https:\/\/elcotarro.com\/?p=335#article\",\"isPartOf\":{\"@id\":\"https:\/\/elcotarro.com\/?p=335\"},\"author\":{\"name\":\"Jos\u00e9 Carlos Marrero Gonz\u00e1lez\",\"@id\":\"https:\/\/elcotarro.com\/#\/schema\/person\/af537ee7d60d15984c7e0affcd8a918b\"},\"headline\":\"INFORMACI\u00d3N A LA FISCAL\u00cdA\",\"datePublished\":\"2014-11-02T00:06:13+00:00\",\"mainEntityOfPage\":{\"@id\":\"https:\/\/elcotarro.com\/?p=335\"},\"wordCount\":246,\"commentCount\":0,\"publisher\":{\"@id\":\"https:\/\/elcotarro.com\/#organization\"},\"keywords\":[\"\u00c1gueda Montelongo\",\"Fernando Clavijo\",\"Paulino Rivero\",\"Pier Luigi Cherubino\",\"Willy Garc\u00eda\"],\"articleSection\":[\"Pol\u00edtica\"],\"inLanguage\":\"es\",\"potentialAction\":[{\"@type\":\"CommentAction\",\"name\":\"Comment\",\"target\":[\"https:\/\/elcotarro.com\/?p=335#respond\"]}]},{\"@type\":\"WebPage\",\"@id\":\"https:\/\/elcotarro.com\/?p=335\",\"url\":\"https:\/\/elcotarro.com\/?p=335\",\"name\":\"INFORMACI\u00d3N A LA FISCAL\u00cdA - El Cotarro\",\"isPartOf\":{\"@id\":\"https:\/\/elcotarro.com\/#website\"},\"datePublished\":\"2014-11-02T00:06:13+00:00\",\"breadcrumb\":{\"@id\":\"https:\/\/elcotarro.com\/?p=335#breadcrumb\"},\"inLanguage\":\"es\",\"potentialAction\":[{\"@type\":\"ReadAction\",\"target\":[\"https:\/\/elcotarro.com\/?p=335\"]}]},{\"@type\":\"BreadcrumbList\",\"@id\":\"https:\/\/elcotarro.com\/?p=335#breadcrumb\",\"itemListElement\":[{\"@type\":\"ListItem\",\"position\":1,\"name\":\"Portada\",\"item\":\"https:\/\/elcotarro.com\/\"},{\"@type\":\"ListItem\",\"position\":2,\"name\":\"INFORMACI\u00d3N A LA FISCAL\u00cdA\"}]},{\"@type\":\"WebSite\",\"@id\":\"https:\/\/elcotarro.com\/#website\",\"url\":\"https:\/\/elcotarro.com\/\",\"name\":\"El Cotarro\",\"description\":\"Peri\u00f3dico Digital Independiente dirigido por Jos\u00e9 Carlos Marrero\",\"publisher\":{\"@id\":\"https:\/\/elcotarro.com\/#organization\"},\"potentialAction\":[{\"@type\":\"SearchAction\",\"target\":{\"@type\":\"EntryPoint\",\"urlTemplate\":\"https:\/\/elcotarro.com\/?s={search_term_string}\"},\"query-input\":{\"@type\":\"PropertyValueSpecification\",\"valueRequired\":true,\"valueName\":\"search_term_string\"}}],\"inLanguage\":\"es\"},{\"@type\":\"Organization\",\"@id\":\"https:\/\/elcotarro.com\/#organization\",\"name\":\"El Cotarro\",\"url\":\"https:\/\/elcotarro.com\/\",\"logo\":{\"@type\":\"ImageObject\",\"inLanguage\":\"es\",\"@id\":\"https:\/\/elcotarro.com\/#\/schema\/logo\/image\/\",\"url\":\"https:\/\/elcotarro.com\/wp-content\/uploads\/2014\/09\/Cabecera_El_Cotarro_v2.jpg\",\"contentUrl\":\"https:\/\/elcotarro.com\/wp-content\/uploads\/2014\/09\/Cabecera_El_Cotarro_v2.jpg\",\"width\":3540,\"height\":441,\"caption\":\"El Cotarro\"},\"image\":{\"@id\":\"https:\/\/elcotarro.com\/#\/schema\/logo\/image\/\"},\"sameAs\":[\"https:\/\/www.facebook.com\/ElCotarro.Tenerife\"]},{\"@type\":\"Person\",\"@id\":\"https:\/\/elcotarro.com\/#\/schema\/person\/af537ee7d60d15984c7e0affcd8a918b\",\"name\":\"Jos\u00e9 Carlos Marrero Gonz\u00e1lez\",\"image\":{\"@type\":\"ImageObject\",\"inLanguage\":\"es\",\"@id\":\"https:\/\/elcotarro.com\/#\/schema\/person\/image\/\",\"url\":\"https:\/\/secure.gravatar.com\/avatar\/def4da036efb5d32c74d49c351f6dccc064dd69ad9f3aadc295c5a9a5391ca01?s=96&d=mm&r=g\",\"contentUrl\":\"https:\/\/secure.gravatar.com\/avatar\/def4da036efb5d32c74d49c351f6dccc064dd69ad9f3aadc295c5a9a5391ca01?s=96&d=mm&r=g\",\"caption\":\"Jos\u00e9 Carlos Marrero Gonz\u00e1lez\"},\"sameAs\":[\"https:\/\/elcotarro.com\"],\"url\":\"https:\/\/elcotarro.com\/?author=2\"}]}<\/script>\n<!-- \/ Yoast SEO plugin. -->","yoast_head_json":{"title":"INFORMACI\u00d3N A LA FISCAL\u00cdA - El Cotarro","robots":{"index":"index","follow":"follow","max-snippet":"max-snippet:-1","max-image-preview":"max-image-preview:large","max-video-preview":"max-video-preview:-1"},"canonical":"https:\/\/elcotarro.com\/?p=335","og_locale":"es_ES","og_type":"article","og_title":"INFORMACI\u00d3N A LA FISCAL\u00cdA - El Cotarro","og_description":"\u2666\u00a0Los \u00faltimos datos conseguidos (o filtrados) a \u00c1gueda Montelongo podr\u00edan ser la punta de un tremendo iceberg, el amanecer de una ristra de informaciones y datos que, desde las mism\u00edsimas entra\u00f1as de la administraci\u00f3n de la propia radiotelevisi\u00f3n p\u00fablica canaria, podr\u00edan comenzar a salir de aqu\u00ed al pr\u00f3ximo 24 de mayo de 2015, fecha esa ... Read more","og_url":"https:\/\/elcotarro.com\/?p=335","og_site_name":"El Cotarro","article_publisher":"https:\/\/www.facebook.com\/ElCotarro.Tenerife","article_published_time":"2014-11-02T00:06:13+00:00","author":"Jos\u00e9 Carlos Marrero Gonz\u00e1lez","twitter_misc":{"Escrito por":"Jos\u00e9 Carlos Marrero Gonz\u00e1lez","Tiempo de lectura":"1 minuto"},"schema":{"@context":"https:\/\/schema.org","@graph":[{"@type":"Article","@id":"https:\/\/elcotarro.com\/?p=335#article","isPartOf":{"@id":"https:\/\/elcotarro.com\/?p=335"},"author":{"name":"Jos\u00e9 Carlos Marrero Gonz\u00e1lez","@id":"https:\/\/elcotarro.com\/#\/schema\/person\/af537ee7d60d15984c7e0affcd8a918b"},"headline":"INFORMACI\u00d3N A LA FISCAL\u00cdA","datePublished":"2014-11-02T00:06:13+00:00","mainEntityOfPage":{"@id":"https:\/\/elcotarro.com\/?p=335"},"wordCount":246,"commentCount":0,"publisher":{"@id":"https:\/\/elcotarro.com\/#organization"},"keywords":["\u00c1gueda Montelongo","Fernando Clavijo","Paulino Rivero","Pier Luigi Cherubino","Willy Garc\u00eda"],"articleSection":["Pol\u00edtica"],"inLanguage":"es","potentialAction":[{"@type":"CommentAction","name":"Comment","target":["https:\/\/elcotarro.com\/?p=335#respond"]}]},{"@type":"WebPage","@id":"https:\/\/elcotarro.com\/?p=335","url":"https:\/\/elcotarro.com\/?p=335","name":"INFORMACI\u00d3N A LA FISCAL\u00cdA - El Cotarro","isPartOf":{"@id":"https:\/\/elcotarro.com\/#website"},"datePublished":"2014-11-02T00:06:13+00:00","breadcrumb":{"@id":"https:\/\/elcotarro.com\/?p=335#breadcrumb"},"inLanguage":"es","potentialAction":[{"@type":"ReadAction","target":["https:\/\/elcotarro.com\/?p=335"]}]},{"@type":"BreadcrumbList","@id":"https:\/\/elcotarro.com\/?p=335#breadcrumb","itemListElement":[{"@type":"ListItem","position":1,"name":"Portada","item":"https:\/\/elcotarro.com\/"},{"@type":"ListItem","position":2,"name":"INFORMACI\u00d3N A LA FISCAL\u00cdA"}]},{"@type":"WebSite","@id":"https:\/\/elcotarro.com\/#website","url":"https:\/\/elcotarro.com\/","name":"El Cotarro","description":"Peri\u00f3dico Digital Independiente dirigido por Jos\u00e9 Carlos Marrero","publisher":{"@id":"https:\/\/elcotarro.com\/#organization"},"potentialAction":[{"@type":"SearchAction","target":{"@type":"EntryPoint","urlTemplate":"https:\/\/elcotarro.com\/?s={search_term_string}"},"query-input":{"@type":"PropertyValueSpecification","valueRequired":true,"valueName":"search_term_string"}}],"inLanguage":"es"},{"@type":"Organization","@id":"https:\/\/elcotarro.com\/#organization","name":"El Cotarro","url":"https:\/\/elcotarro.com\/","logo":{"@type":"ImageObject","inLanguage":"es","@id":"https:\/\/elcotarro.com\/#\/schema\/logo\/image\/","url":"https:\/\/elcotarro.com\/wp-content\/uploads\/2014\/09\/Cabecera_El_Cotarro_v2.jpg","contentUrl":"https:\/\/elcotarro.com\/wp-content\/uploads\/2014\/09\/Cabecera_El_Cotarro_v2.jpg","width":3540,"height":441,"caption":"El Cotarro"},"image":{"@id":"https:\/\/elcotarro.com\/#\/schema\/logo\/image\/"},"sameAs":["https:\/\/www.facebook.com\/ElCotarro.Tenerife"]},{"@type":"Person","@id":"https:\/\/elcotarro.com\/#\/schema\/person\/af537ee7d60d15984c7e0affcd8a918b","name":"Jos\u00e9 Carlos Marrero Gonz\u00e1lez","image":{"@type":"ImageObject","inLanguage":"es","@id":"https:\/\/elcotarro.com\/#\/schema\/person\/image\/","url":"https:\/\/secure.gravatar.com\/avatar\/def4da036efb5d32c74d49c351f6dccc064dd69ad9f3aadc295c5a9a5391ca01?s=96&d=mm&r=g","contentUrl":"https:\/\/secure.gravatar.com\/avatar\/def4da036efb5d32c74d49c351f6dccc064dd69ad9f3aadc295c5a9a5391ca01?s=96&d=mm&r=g","caption":"Jos\u00e9 Carlos Marrero Gonz\u00e1lez"},"sameAs":["https:\/\/elcotarro.com"],"url":"https:\/\/elcotarro.com\/?author=2"}]}},"jetpack_featured_media_url":"","jetpack_sharing_enabled":true,"_links":{"self":[{"href":"https:\/\/elcotarro.com\/index.php?rest_route=\/wp\/v2\/posts\/335","targetHints":{"allow":["GET"]}}],"collection":[{"href":"https:\/\/elcotarro.com\/index.php?rest_route=\/wp\/v2\/posts"}],"about":[{"href":"https:\/\/elcotarro.com\/index.php?rest_route=\/wp\/v2\/types\/post"}],"author":[{"embeddable":true,"href":"https:\/\/elcotarro.com\/index.php?rest_route=\/wp\/v2\/users\/2"}],"replies":[{"embeddable":true,"href":"https:\/\/elcotarro.com\/index.php?rest_route=%2Fwp%2Fv2%2Fcomments&post=335"}],"version-history":[{"count":1,"href":"https:\/\/elcotarro.com\/index.php?rest_route=\/wp\/v2\/posts\/335\/revisions"}],"predecessor-version":[{"id":337,"href":"https:\/\/elcotarro.com\/index.php?rest_route=\/wp\/v2\/posts\/335\/revisions\/337"}],"wp:attachment":[{"href":"https:\/\/elcotarro.com\/index.php?rest_route=%2Fwp%2Fv2%2Fmedia&parent=335"}],"wp:term":[{"taxonomy":"category","embeddable":true,"href":"https:\/\/elcotarro.com\/index.php?rest_route=%2Fwp%2Fv2%2Fcategories&post=335"},{"taxonomy":"post_tag","embeddable":true,"href":"https:\/\/elcotarro.com\/index.php?rest_route=%2Fwp%2Fv2%2Ftags&post=335"}],"curies":[{"name":"wp","href":"https:\/\/api.w.org\/{rel}","templated":true}]}}