{"id":3410,"date":"2016-11-06T11:05:39","date_gmt":"2016-11-06T11:05:39","guid":{"rendered":"https:\/\/elcotarro.com\/?p=3410"},"modified":"2016-11-05T11:06:57","modified_gmt":"2016-11-05T11:06:57","slug":"si-no-querias-elecciones-toma-4","status":"publish","type":"post","link":"https:\/\/elcotarro.com\/?p=3410","title":{"rendered":"SI NO QUER\u00cdAS ELECCIONES, TOMA 4"},"content":{"rendered":"<p>Ya tenemos Gobierno del Estado y parece que <strong>Fernando Clavijo<\/strong> tiene amarrado o medio apuntalado el Regional. El fantasma de nuevas elecciones pol\u00edticas se ha disipado por el momento. Pero, por si no quer\u00edan elecciones, tomen tres tazas. En un pr\u00f3ximo futuro, tendremos elecciones en las siguientes instituciones, que pongo por orden de antig\u00fcedad fundacional: en la Pontificia, Real y Venerable Esclavitud del Sant\u00edsimo Cristo de La Laguna, fundada en 1659, para sustituir al hasta ahora Esclavo Mayor, <strong>Jorge Andr\u00e9s Mel\u00f3n<\/strong>; en la Real Sociedad Econ\u00f3mica de Amigos del Pa\u00eds de Tenerife (RSEAPT), fundada en 1777, para cambiar al actual Director, <strong>Jorge Enrique Dom\u00ednguez<\/strong>; en el Real Casino de Tenerife (RCT), fundado en 1840, para suceder como Presidente a <strong>Jos\u00e9 Alberto Mui\u00f1os<\/strong>; y en la Federaci\u00f3n Insular de Lucha Canaria de Tenerife (FLCT) para reemplazar en la Presidencia a <strong>Pedro Gonz\u00e1lez.<\/strong> En todos los casos, el cambio se debe a que acaban sus respectivos mandatos y, por estatutos o por decisi\u00f3n propia no pueden o no quieren volverse a presentar.<\/p>\n<p style=\"text-align: center\"><a href=\"https:\/\/elcotarro.com\/wp-content\/uploads\/2016\/11\/FOTO-0.-Urna-electoral.jpg\"><img loading=\"lazy\" decoding=\"async\" class=\"alignnone size-full wp-image-3412\" src=\"https:\/\/elcotarro.com\/wp-content\/uploads\/2016\/11\/FOTO-0.-Urna-electoral.jpg\" alt=\"foto-0-urna-electoral\" width=\"500\" height=\"400\" srcset=\"https:\/\/elcotarro.com\/wp-content\/uploads\/2016\/11\/FOTO-0.-Urna-electoral.jpg 500w, https:\/\/elcotarro.com\/wp-content\/uploads\/2016\/11\/FOTO-0.-Urna-electoral-300x240.jpg 300w\" sizes=\"auto, (max-width: 500px) 100vw, 500px\" \/><\/a><\/p>\n<p style=\"text-align: center\"><em>Urnas como esta van a necesitarse en cuatro pr\u00f3ximas elecciones<\/em><\/p>\n<p style=\"text-align: center\">\n","protected":false},"excerpt":{"rendered":"<p>Ya tenemos Gobierno del Estado y parece que Fernando Clavijo tiene amarrado o medio apuntalado el Regional. El fantasma de nuevas elecciones pol\u00edticas se ha disipado por el momento. Pero, por si no quer\u00edan elecciones, tomen tres tazas. En un pr\u00f3ximo futuro, tendremos elecciones en las siguientes instituciones, que pongo por orden de antig\u00fcedad fundacional: &#8230; <a class=\"read-more\" href=\"https:\/\/elcotarro.com\/?p=3410\">Read more<\/a><\/p>\n","protected":false},"author":2,"featured_media":0,"comment_status":"open","ping_status":"open","sticky":false,"template":"","format":"standard","meta":{"_jetpack_memberships_contains_paid_content":false,"footnotes":""},"categories":[1],"tags":[],"class_list":["post-3410","post","type-post","status-publish","format-standard","hentry","category-sin-categoria"],"yoast_head":"<!-- This site is optimized with the Yoast SEO plugin v27.0 - https:\/\/yoast.com\/product\/yoast-seo-wordpress\/ -->\n<title>SI NO QUER\u00cdAS ELECCIONES, TOMA 4 - El Cotarro<\/title>\n<meta name=\"robots\" content=\"index, follow, max-snippet:-1, max-image-preview:large, max-video-preview:-1\" \/>\n<link rel=\"canonical\" href=\"https:\/\/elcotarro.com\/?p=3410\" \/>\n<meta property=\"og:locale\" content=\"es_ES\" \/>\n<meta property=\"og:type\" content=\"article\" \/>\n<meta property=\"og:title\" content=\"SI NO QUER\u00cdAS ELECCIONES, TOMA 4 - El Cotarro\" \/>\n<meta property=\"og:description\" content=\"Ya tenemos Gobierno del Estado y parece que Fernando Clavijo tiene amarrado o medio apuntalado el Regional. El fantasma de nuevas elecciones pol\u00edticas se ha disipado por el momento. Pero, por si no quer\u00edan elecciones, tomen tres tazas. En un pr\u00f3ximo futuro, tendremos elecciones en las siguientes instituciones, que pongo por orden de antig\u00fcedad fundacional: ... Read more\" \/>\n<meta property=\"og:url\" content=\"https:\/\/elcotarro.com\/?p=3410\" \/>\n<meta property=\"og:site_name\" content=\"El Cotarro\" \/>\n<meta property=\"article:publisher\" content=\"https:\/\/www.facebook.com\/ElCotarro.Tenerife\" \/>\n<meta property=\"article:published_time\" content=\"2016-11-06T11:05:39+00:00\" \/>\n<meta property=\"og:image\" content=\"https:\/\/elcotarro.com\/wp-content\/uploads\/2016\/11\/FOTO-0.-Urna-electoral.jpg\" \/>\n<meta name=\"author\" content=\"Jos\u00e9 Carlos Marrero Gonz\u00e1lez\" \/>\n<meta name=\"twitter:label1\" content=\"Escrito por\" \/>\n\t<meta name=\"twitter:data1\" content=\"Jos\u00e9 Carlos Marrero Gonz\u00e1lez\" \/>\n\t<meta name=\"twitter:label2\" content=\"Tiempo de lectura\" \/>\n\t<meta name=\"twitter:data2\" content=\"1 minuto\" \/>\n<script type=\"application\/ld+json\" class=\"yoast-schema-graph\">{\"@context\":\"https:\/\/schema.org\",\"@graph\":[{\"@type\":\"Article\",\"@id\":\"https:\/\/elcotarro.com\/?p=3410#article\",\"isPartOf\":{\"@id\":\"https:\/\/elcotarro.com\/?p=3410\"},\"author\":{\"name\":\"Jos\u00e9 Carlos Marrero Gonz\u00e1lez\",\"@id\":\"https:\/\/elcotarro.com\/#\/schema\/person\/af537ee7d60d15984c7e0affcd8a918b\"},\"headline\":\"SI NO QUER\u00cdAS ELECCIONES, TOMA 4\",\"datePublished\":\"2016-11-06T11:05:39+00:00\",\"mainEntityOfPage\":{\"@id\":\"https:\/\/elcotarro.com\/?p=3410\"},\"wordCount\":198,\"commentCount\":0,\"publisher\":{\"@id\":\"https:\/\/elcotarro.com\/#organization\"},\"image\":{\"@id\":\"https:\/\/elcotarro.com\/?p=3410#primaryimage\"},\"thumbnailUrl\":\"https:\/\/elcotarro.com\/wp-content\/uploads\/2016\/11\/FOTO-0.-Urna-electoral.jpg\",\"inLanguage\":\"es\",\"potentialAction\":[{\"@type\":\"CommentAction\",\"name\":\"Comment\",\"target\":[\"https:\/\/elcotarro.com\/?p=3410#respond\"]}]},{\"@type\":\"WebPage\",\"@id\":\"https:\/\/elcotarro.com\/?p=3410\",\"url\":\"https:\/\/elcotarro.com\/?p=3410\",\"name\":\"SI NO QUER\u00cdAS ELECCIONES, TOMA 4 - El Cotarro\",\"isPartOf\":{\"@id\":\"https:\/\/elcotarro.com\/#website\"},\"primaryImageOfPage\":{\"@id\":\"https:\/\/elcotarro.com\/?p=3410#primaryimage\"},\"image\":{\"@id\":\"https:\/\/elcotarro.com\/?p=3410#primaryimage\"},\"thumbnailUrl\":\"https:\/\/elcotarro.com\/wp-content\/uploads\/2016\/11\/FOTO-0.-Urna-electoral.jpg\",\"datePublished\":\"2016-11-06T11:05:39+00:00\",\"breadcrumb\":{\"@id\":\"https:\/\/elcotarro.com\/?p=3410#breadcrumb\"},\"inLanguage\":\"es\",\"potentialAction\":[{\"@type\":\"ReadAction\",\"target\":[\"https:\/\/elcotarro.com\/?p=3410\"]}]},{\"@type\":\"ImageObject\",\"inLanguage\":\"es\",\"@id\":\"https:\/\/elcotarro.com\/?p=3410#primaryimage\",\"url\":\"https:\/\/elcotarro.com\/wp-content\/uploads\/2016\/11\/FOTO-0.-Urna-electoral.jpg\",\"contentUrl\":\"https:\/\/elcotarro.com\/wp-content\/uploads\/2016\/11\/FOTO-0.-Urna-electoral.jpg\",\"width\":500,\"height\":400},{\"@type\":\"BreadcrumbList\",\"@id\":\"https:\/\/elcotarro.com\/?p=3410#breadcrumb\",\"itemListElement\":[{\"@type\":\"ListItem\",\"position\":1,\"name\":\"Portada\",\"item\":\"https:\/\/elcotarro.com\/\"},{\"@type\":\"ListItem\",\"position\":2,\"name\":\"SI NO QUER\u00cdAS ELECCIONES, TOMA 4\"}]},{\"@type\":\"WebSite\",\"@id\":\"https:\/\/elcotarro.com\/#website\",\"url\":\"https:\/\/elcotarro.com\/\",\"name\":\"El Cotarro\",\"description\":\"Peri\u00f3dico Digital Independiente dirigido por Jos\u00e9 Carlos Marrero\",\"publisher\":{\"@id\":\"https:\/\/elcotarro.com\/#organization\"},\"potentialAction\":[{\"@type\":\"SearchAction\",\"target\":{\"@type\":\"EntryPoint\",\"urlTemplate\":\"https:\/\/elcotarro.com\/?s={search_term_string}\"},\"query-input\":{\"@type\":\"PropertyValueSpecification\",\"valueRequired\":true,\"valueName\":\"search_term_string\"}}],\"inLanguage\":\"es\"},{\"@type\":\"Organization\",\"@id\":\"https:\/\/elcotarro.com\/#organization\",\"name\":\"El Cotarro\",\"url\":\"https:\/\/elcotarro.com\/\",\"logo\":{\"@type\":\"ImageObject\",\"inLanguage\":\"es\",\"@id\":\"https:\/\/elcotarro.com\/#\/schema\/logo\/image\/\",\"url\":\"https:\/\/elcotarro.com\/wp-content\/uploads\/2014\/09\/Cabecera_El_Cotarro_v2.jpg\",\"contentUrl\":\"https:\/\/elcotarro.com\/wp-content\/uploads\/2014\/09\/Cabecera_El_Cotarro_v2.jpg\",\"width\":3540,\"height\":441,\"caption\":\"El Cotarro\"},\"image\":{\"@id\":\"https:\/\/elcotarro.com\/#\/schema\/logo\/image\/\"},\"sameAs\":[\"https:\/\/www.facebook.com\/ElCotarro.Tenerife\"]},{\"@type\":\"Person\",\"@id\":\"https:\/\/elcotarro.com\/#\/schema\/person\/af537ee7d60d15984c7e0affcd8a918b\",\"name\":\"Jos\u00e9 Carlos Marrero Gonz\u00e1lez\",\"image\":{\"@type\":\"ImageObject\",\"inLanguage\":\"es\",\"@id\":\"https:\/\/elcotarro.com\/#\/schema\/person\/image\/\",\"url\":\"https:\/\/secure.gravatar.com\/avatar\/def4da036efb5d32c74d49c351f6dccc064dd69ad9f3aadc295c5a9a5391ca01?s=96&d=mm&r=g\",\"contentUrl\":\"https:\/\/secure.gravatar.com\/avatar\/def4da036efb5d32c74d49c351f6dccc064dd69ad9f3aadc295c5a9a5391ca01?s=96&d=mm&r=g\",\"caption\":\"Jos\u00e9 Carlos Marrero Gonz\u00e1lez\"},\"sameAs\":[\"https:\/\/elcotarro.com\"],\"url\":\"https:\/\/elcotarro.com\/?author=2\"}]}<\/script>\n<!-- \/ Yoast SEO plugin. -->","yoast_head_json":{"title":"SI NO QUER\u00cdAS ELECCIONES, TOMA 4 - El Cotarro","robots":{"index":"index","follow":"follow","max-snippet":"max-snippet:-1","max-image-preview":"max-image-preview:large","max-video-preview":"max-video-preview:-1"},"canonical":"https:\/\/elcotarro.com\/?p=3410","og_locale":"es_ES","og_type":"article","og_title":"SI NO QUER\u00cdAS ELECCIONES, TOMA 4 - El Cotarro","og_description":"Ya tenemos Gobierno del Estado y parece que Fernando Clavijo tiene amarrado o medio apuntalado el Regional. El fantasma de nuevas elecciones pol\u00edticas se ha disipado por el momento. Pero, por si no quer\u00edan elecciones, tomen tres tazas. En un pr\u00f3ximo futuro, tendremos elecciones en las siguientes instituciones, que pongo por orden de antig\u00fcedad fundacional: ... Read more","og_url":"https:\/\/elcotarro.com\/?p=3410","og_site_name":"El Cotarro","article_publisher":"https:\/\/www.facebook.com\/ElCotarro.Tenerife","article_published_time":"2016-11-06T11:05:39+00:00","og_image":[{"url":"https:\/\/elcotarro.com\/wp-content\/uploads\/2016\/11\/FOTO-0.-Urna-electoral.jpg","type":"","width":"","height":""}],"author":"Jos\u00e9 Carlos Marrero Gonz\u00e1lez","twitter_misc":{"Escrito por":"Jos\u00e9 Carlos Marrero Gonz\u00e1lez","Tiempo de lectura":"1 minuto"},"schema":{"@context":"https:\/\/schema.org","@graph":[{"@type":"Article","@id":"https:\/\/elcotarro.com\/?p=3410#article","isPartOf":{"@id":"https:\/\/elcotarro.com\/?p=3410"},"author":{"name":"Jos\u00e9 Carlos Marrero Gonz\u00e1lez","@id":"https:\/\/elcotarro.com\/#\/schema\/person\/af537ee7d60d15984c7e0affcd8a918b"},"headline":"SI NO QUER\u00cdAS ELECCIONES, TOMA 4","datePublished":"2016-11-06T11:05:39+00:00","mainEntityOfPage":{"@id":"https:\/\/elcotarro.com\/?p=3410"},"wordCount":198,"commentCount":0,"publisher":{"@id":"https:\/\/elcotarro.com\/#organization"},"image":{"@id":"https:\/\/elcotarro.com\/?p=3410#primaryimage"},"thumbnailUrl":"https:\/\/elcotarro.com\/wp-content\/uploads\/2016\/11\/FOTO-0.-Urna-electoral.jpg","inLanguage":"es","potentialAction":[{"@type":"CommentAction","name":"Comment","target":["https:\/\/elcotarro.com\/?p=3410#respond"]}]},{"@type":"WebPage","@id":"https:\/\/elcotarro.com\/?p=3410","url":"https:\/\/elcotarro.com\/?p=3410","name":"SI NO QUER\u00cdAS ELECCIONES, TOMA 4 - El Cotarro","isPartOf":{"@id":"https:\/\/elcotarro.com\/#website"},"primaryImageOfPage":{"@id":"https:\/\/elcotarro.com\/?p=3410#primaryimage"},"image":{"@id":"https:\/\/elcotarro.com\/?p=3410#primaryimage"},"thumbnailUrl":"https:\/\/elcotarro.com\/wp-content\/uploads\/2016\/11\/FOTO-0.-Urna-electoral.jpg","datePublished":"2016-11-06T11:05:39+00:00","breadcrumb":{"@id":"https:\/\/elcotarro.com\/?p=3410#breadcrumb"},"inLanguage":"es","potentialAction":[{"@type":"ReadAction","target":["https:\/\/elcotarro.com\/?p=3410"]}]},{"@type":"ImageObject","inLanguage":"es","@id":"https:\/\/elcotarro.com\/?p=3410#primaryimage","url":"https:\/\/elcotarro.com\/wp-content\/uploads\/2016\/11\/FOTO-0.-Urna-electoral.jpg","contentUrl":"https:\/\/elcotarro.com\/wp-content\/uploads\/2016\/11\/FOTO-0.-Urna-electoral.jpg","width":500,"height":400},{"@type":"BreadcrumbList","@id":"https:\/\/elcotarro.com\/?p=3410#breadcrumb","itemListElement":[{"@type":"ListItem","position":1,"name":"Portada","item":"https:\/\/elcotarro.com\/"},{"@type":"ListItem","position":2,"name":"SI NO QUER\u00cdAS ELECCIONES, TOMA 4"}]},{"@type":"WebSite","@id":"https:\/\/elcotarro.com\/#website","url":"https:\/\/elcotarro.com\/","name":"El Cotarro","description":"Peri\u00f3dico Digital Independiente dirigido por Jos\u00e9 Carlos Marrero","publisher":{"@id":"https:\/\/elcotarro.com\/#organization"},"potentialAction":[{"@type":"SearchAction","target":{"@type":"EntryPoint","urlTemplate":"https:\/\/elcotarro.com\/?s={search_term_string}"},"query-input":{"@type":"PropertyValueSpecification","valueRequired":true,"valueName":"search_term_string"}}],"inLanguage":"es"},{"@type":"Organization","@id":"https:\/\/elcotarro.com\/#organization","name":"El Cotarro","url":"https:\/\/elcotarro.com\/","logo":{"@type":"ImageObject","inLanguage":"es","@id":"https:\/\/elcotarro.com\/#\/schema\/logo\/image\/","url":"https:\/\/elcotarro.com\/wp-content\/uploads\/2014\/09\/Cabecera_El_Cotarro_v2.jpg","contentUrl":"https:\/\/elcotarro.com\/wp-content\/uploads\/2014\/09\/Cabecera_El_Cotarro_v2.jpg","width":3540,"height":441,"caption":"El Cotarro"},"image":{"@id":"https:\/\/elcotarro.com\/#\/schema\/logo\/image\/"},"sameAs":["https:\/\/www.facebook.com\/ElCotarro.Tenerife"]},{"@type":"Person","@id":"https:\/\/elcotarro.com\/#\/schema\/person\/af537ee7d60d15984c7e0affcd8a918b","name":"Jos\u00e9 Carlos Marrero Gonz\u00e1lez","image":{"@type":"ImageObject","inLanguage":"es","@id":"https:\/\/elcotarro.com\/#\/schema\/person\/image\/","url":"https:\/\/secure.gravatar.com\/avatar\/def4da036efb5d32c74d49c351f6dccc064dd69ad9f3aadc295c5a9a5391ca01?s=96&d=mm&r=g","contentUrl":"https:\/\/secure.gravatar.com\/avatar\/def4da036efb5d32c74d49c351f6dccc064dd69ad9f3aadc295c5a9a5391ca01?s=96&d=mm&r=g","caption":"Jos\u00e9 Carlos Marrero Gonz\u00e1lez"},"sameAs":["https:\/\/elcotarro.com"],"url":"https:\/\/elcotarro.com\/?author=2"}]}},"jetpack_featured_media_url":"","jetpack_sharing_enabled":true,"_links":{"self":[{"href":"https:\/\/elcotarro.com\/index.php?rest_route=\/wp\/v2\/posts\/3410","targetHints":{"allow":["GET"]}}],"collection":[{"href":"https:\/\/elcotarro.com\/index.php?rest_route=\/wp\/v2\/posts"}],"about":[{"href":"https:\/\/elcotarro.com\/index.php?rest_route=\/wp\/v2\/types\/post"}],"author":[{"embeddable":true,"href":"https:\/\/elcotarro.com\/index.php?rest_route=\/wp\/v2\/users\/2"}],"replies":[{"embeddable":true,"href":"https:\/\/elcotarro.com\/index.php?rest_route=%2Fwp%2Fv2%2Fcomments&post=3410"}],"version-history":[{"count":1,"href":"https:\/\/elcotarro.com\/index.php?rest_route=\/wp\/v2\/posts\/3410\/revisions"}],"predecessor-version":[{"id":3413,"href":"https:\/\/elcotarro.com\/index.php?rest_route=\/wp\/v2\/posts\/3410\/revisions\/3413"}],"wp:attachment":[{"href":"https:\/\/elcotarro.com\/index.php?rest_route=%2Fwp%2Fv2%2Fmedia&parent=3410"}],"wp:term":[{"taxonomy":"category","embeddable":true,"href":"https:\/\/elcotarro.com\/index.php?rest_route=%2Fwp%2Fv2%2Fcategories&post=3410"},{"taxonomy":"post_tag","embeddable":true,"href":"https:\/\/elcotarro.com\/index.php?rest_route=%2Fwp%2Fv2%2Ftags&post=3410"}],"curies":[{"name":"wp","href":"https:\/\/api.w.org\/{rel}","templated":true}]}}