{"id":3434,"date":"2016-11-13T11:04:12","date_gmt":"2016-11-13T11:04:12","guid":{"rendered":"https:\/\/elcotarro.com\/?p=3434"},"modified":"2016-11-12T13:03:07","modified_gmt":"2016-11-12T13:03:07","slug":"reunion-de-la-pena-de-los-lunes","status":"publish","type":"post","link":"https:\/\/elcotarro.com\/?p=3434","title":{"rendered":"REUNI\u00d3N DE LA PE\u00d1A DE LOS LUNES"},"content":{"rendered":"<p><strong>Amid Ach\u00ed<\/strong> es uno de los puntales de la llamada \u201cPe\u00f1a de los lunes\u201d, formada por alrededor de una docena de ilustres empresarios, profesionales y alg\u00fan ex-pol\u00edtico (como el respetado <strong>Manuel Hermoso Rojas<\/strong>, expresidente del Gobierno de Canarias) y alg\u00fan pol\u00edtico a\u00fan en activo (como el puntal <strong>Pedro Rodr\u00edguez Zaragoza<\/strong>, actual viceconsejero de Acci\u00f3n Exterior del Gobierno canario). Los componentes de esta curiosa e influyente pe\u00f1a se re\u00fanen semanalmente (cada lunes, claro) para, disfrutando de un buen almuerzo, trasegar informaci\u00f3n, debatir temas de inter\u00e9s y, en muchos casos, aportar sugerencias y soluciones. Cada cierto tiempo, alguno de esos lunes se celebra una reuni\u00f3n, digamos que \u201cespecial\u201d, en la que invita (y paga) uno de los miembros quien, en ese caso, puede convidar a otras personas externas al \u201cn\u00facleo duro\u201d. Esta pasada semana, fue <strong>Amid Ach\u00ed Fadul <\/strong>quien, aprovechando su reciente cumplea\u00f1os, quiso invitar a sus compa\u00f1eros de la \u201cPe\u00f1a de Los Lunes\u201d\u2026 y otras cincuenta personas m\u00e1s. Hasta fue el palmero <strong>Miguel Concepci\u00f3n<\/strong>, presidente del C.D. Tenerife (el club de los amores de Amid) y otro palmero de pro, nuestro obispo <strong>Bernardo \u00c1lvarez<\/strong>, (que no es empresario, pero administra muy bien los sacramentos) que tambi\u00e9n estuvo all\u00ed y bendijo la mesa, a <strong>Amid Ach\u00ed<\/strong> y a todos los presentes.<\/p>\n<p style=\"text-align: center\"><a href=\"https:\/\/elcotarro.com\/wp-content\/uploads\/2016\/11\/FOTO-2.-AMID-ACHI-FADUL-2.jpg\"><img loading=\"lazy\" decoding=\"async\" class=\"alignnone size-full wp-image-3435\" src=\"https:\/\/elcotarro.com\/wp-content\/uploads\/2016\/11\/FOTO-2.-AMID-ACHI-FADUL-2.jpg\" alt=\"foto-2-amid-achi-fadul-2\" width=\"640\" height=\"392\" srcset=\"https:\/\/elcotarro.com\/wp-content\/uploads\/2016\/11\/FOTO-2.-AMID-ACHI-FADUL-2.jpg 640w, https:\/\/elcotarro.com\/wp-content\/uploads\/2016\/11\/FOTO-2.-AMID-ACHI-FADUL-2-300x184.jpg 300w\" sizes=\"auto, (max-width: 640px) 100vw, 640px\" \/><\/a><\/p>\n<p style=\"text-align: center\"><em>Amid Achi Fadul, presidente del Grupo N\u00ba1<\/em><\/p>\n","protected":false},"excerpt":{"rendered":"<p>Amid Ach\u00ed es uno de los puntales de la llamada \u201cPe\u00f1a de los lunes\u201d, formada por alrededor de una docena de ilustres empresarios, profesionales y alg\u00fan ex-pol\u00edtico (como el respetado Manuel Hermoso Rojas, expresidente del Gobierno de Canarias) y alg\u00fan pol\u00edtico a\u00fan en activo (como el puntal Pedro Rodr\u00edguez Zaragoza, actual viceconsejero de Acci\u00f3n Exterior &#8230; <a class=\"read-more\" href=\"https:\/\/elcotarro.com\/?p=3434\">Read more<\/a><\/p>\n","protected":false},"author":2,"featured_media":0,"comment_status":"open","ping_status":"open","sticky":false,"template":"","format":"standard","meta":{"_jetpack_memberships_contains_paid_content":false,"footnotes":""},"categories":[1],"tags":[],"class_list":["post-3434","post","type-post","status-publish","format-standard","hentry","category-sin-categoria"],"yoast_head":"<!-- This site is optimized with the Yoast SEO plugin v27.0 - https:\/\/yoast.com\/product\/yoast-seo-wordpress\/ -->\n<title>REUNI\u00d3N DE LA PE\u00d1A DE LOS LUNES - El Cotarro<\/title>\n<meta name=\"robots\" content=\"index, follow, max-snippet:-1, max-image-preview:large, max-video-preview:-1\" \/>\n<link rel=\"canonical\" href=\"https:\/\/elcotarro.com\/?p=3434\" \/>\n<meta property=\"og:locale\" content=\"es_ES\" \/>\n<meta property=\"og:type\" content=\"article\" \/>\n<meta property=\"og:title\" content=\"REUNI\u00d3N DE LA PE\u00d1A DE LOS LUNES - El Cotarro\" \/>\n<meta property=\"og:description\" content=\"Amid Ach\u00ed es uno de los puntales de la llamada \u201cPe\u00f1a de los lunes\u201d, formada por alrededor de una docena de ilustres empresarios, profesionales y alg\u00fan ex-pol\u00edtico (como el respetado Manuel Hermoso Rojas, expresidente del Gobierno de Canarias) y alg\u00fan pol\u00edtico a\u00fan en activo (como el puntal Pedro Rodr\u00edguez Zaragoza, actual viceconsejero de Acci\u00f3n Exterior ... Read more\" \/>\n<meta property=\"og:url\" content=\"https:\/\/elcotarro.com\/?p=3434\" \/>\n<meta property=\"og:site_name\" content=\"El Cotarro\" \/>\n<meta property=\"article:publisher\" content=\"https:\/\/www.facebook.com\/ElCotarro.Tenerife\" \/>\n<meta property=\"article:published_time\" content=\"2016-11-13T11:04:12+00:00\" \/>\n<meta property=\"og:image\" content=\"https:\/\/elcotarro.com\/wp-content\/uploads\/2016\/11\/FOTO-2.-AMID-ACHI-FADUL-2.jpg\" \/>\n<meta name=\"author\" content=\"Jos\u00e9 Carlos Marrero Gonz\u00e1lez\" \/>\n<meta name=\"twitter:label1\" content=\"Escrito por\" \/>\n\t<meta name=\"twitter:data1\" content=\"Jos\u00e9 Carlos Marrero Gonz\u00e1lez\" \/>\n\t<meta name=\"twitter:label2\" content=\"Tiempo de lectura\" \/>\n\t<meta name=\"twitter:data2\" content=\"1 minuto\" \/>\n<script type=\"application\/ld+json\" class=\"yoast-schema-graph\">{\"@context\":\"https:\/\/schema.org\",\"@graph\":[{\"@type\":\"Article\",\"@id\":\"https:\/\/elcotarro.com\/?p=3434#article\",\"isPartOf\":{\"@id\":\"https:\/\/elcotarro.com\/?p=3434\"},\"author\":{\"name\":\"Jos\u00e9 Carlos Marrero Gonz\u00e1lez\",\"@id\":\"https:\/\/elcotarro.com\/#\/schema\/person\/af537ee7d60d15984c7e0affcd8a918b\"},\"headline\":\"REUNI\u00d3N DE LA PE\u00d1A DE LOS LUNES\",\"datePublished\":\"2016-11-13T11:04:12+00:00\",\"mainEntityOfPage\":{\"@id\":\"https:\/\/elcotarro.com\/?p=3434\"},\"wordCount\":246,\"commentCount\":0,\"publisher\":{\"@id\":\"https:\/\/elcotarro.com\/#organization\"},\"image\":{\"@id\":\"https:\/\/elcotarro.com\/?p=3434#primaryimage\"},\"thumbnailUrl\":\"https:\/\/elcotarro.com\/wp-content\/uploads\/2016\/11\/FOTO-2.-AMID-ACHI-FADUL-2.jpg\",\"inLanguage\":\"es\",\"potentialAction\":[{\"@type\":\"CommentAction\",\"name\":\"Comment\",\"target\":[\"https:\/\/elcotarro.com\/?p=3434#respond\"]}]},{\"@type\":\"WebPage\",\"@id\":\"https:\/\/elcotarro.com\/?p=3434\",\"url\":\"https:\/\/elcotarro.com\/?p=3434\",\"name\":\"REUNI\u00d3N DE LA PE\u00d1A DE LOS LUNES - El Cotarro\",\"isPartOf\":{\"@id\":\"https:\/\/elcotarro.com\/#website\"},\"primaryImageOfPage\":{\"@id\":\"https:\/\/elcotarro.com\/?p=3434#primaryimage\"},\"image\":{\"@id\":\"https:\/\/elcotarro.com\/?p=3434#primaryimage\"},\"thumbnailUrl\":\"https:\/\/elcotarro.com\/wp-content\/uploads\/2016\/11\/FOTO-2.-AMID-ACHI-FADUL-2.jpg\",\"datePublished\":\"2016-11-13T11:04:12+00:00\",\"breadcrumb\":{\"@id\":\"https:\/\/elcotarro.com\/?p=3434#breadcrumb\"},\"inLanguage\":\"es\",\"potentialAction\":[{\"@type\":\"ReadAction\",\"target\":[\"https:\/\/elcotarro.com\/?p=3434\"]}]},{\"@type\":\"ImageObject\",\"inLanguage\":\"es\",\"@id\":\"https:\/\/elcotarro.com\/?p=3434#primaryimage\",\"url\":\"https:\/\/elcotarro.com\/wp-content\/uploads\/2016\/11\/FOTO-2.-AMID-ACHI-FADUL-2.jpg\",\"contentUrl\":\"https:\/\/elcotarro.com\/wp-content\/uploads\/2016\/11\/FOTO-2.-AMID-ACHI-FADUL-2.jpg\",\"width\":640,\"height\":392},{\"@type\":\"BreadcrumbList\",\"@id\":\"https:\/\/elcotarro.com\/?p=3434#breadcrumb\",\"itemListElement\":[{\"@type\":\"ListItem\",\"position\":1,\"name\":\"Portada\",\"item\":\"https:\/\/elcotarro.com\/\"},{\"@type\":\"ListItem\",\"position\":2,\"name\":\"REUNI\u00d3N DE LA PE\u00d1A DE LOS LUNES\"}]},{\"@type\":\"WebSite\",\"@id\":\"https:\/\/elcotarro.com\/#website\",\"url\":\"https:\/\/elcotarro.com\/\",\"name\":\"El Cotarro\",\"description\":\"Peri\u00f3dico Digital Independiente dirigido por Jos\u00e9 Carlos Marrero\",\"publisher\":{\"@id\":\"https:\/\/elcotarro.com\/#organization\"},\"potentialAction\":[{\"@type\":\"SearchAction\",\"target\":{\"@type\":\"EntryPoint\",\"urlTemplate\":\"https:\/\/elcotarro.com\/?s={search_term_string}\"},\"query-input\":{\"@type\":\"PropertyValueSpecification\",\"valueRequired\":true,\"valueName\":\"search_term_string\"}}],\"inLanguage\":\"es\"},{\"@type\":\"Organization\",\"@id\":\"https:\/\/elcotarro.com\/#organization\",\"name\":\"El Cotarro\",\"url\":\"https:\/\/elcotarro.com\/\",\"logo\":{\"@type\":\"ImageObject\",\"inLanguage\":\"es\",\"@id\":\"https:\/\/elcotarro.com\/#\/schema\/logo\/image\/\",\"url\":\"https:\/\/elcotarro.com\/wp-content\/uploads\/2014\/09\/Cabecera_El_Cotarro_v2.jpg\",\"contentUrl\":\"https:\/\/elcotarro.com\/wp-content\/uploads\/2014\/09\/Cabecera_El_Cotarro_v2.jpg\",\"width\":3540,\"height\":441,\"caption\":\"El Cotarro\"},\"image\":{\"@id\":\"https:\/\/elcotarro.com\/#\/schema\/logo\/image\/\"},\"sameAs\":[\"https:\/\/www.facebook.com\/ElCotarro.Tenerife\"]},{\"@type\":\"Person\",\"@id\":\"https:\/\/elcotarro.com\/#\/schema\/person\/af537ee7d60d15984c7e0affcd8a918b\",\"name\":\"Jos\u00e9 Carlos Marrero Gonz\u00e1lez\",\"image\":{\"@type\":\"ImageObject\",\"inLanguage\":\"es\",\"@id\":\"https:\/\/elcotarro.com\/#\/schema\/person\/image\/\",\"url\":\"https:\/\/secure.gravatar.com\/avatar\/def4da036efb5d32c74d49c351f6dccc064dd69ad9f3aadc295c5a9a5391ca01?s=96&d=mm&r=g\",\"contentUrl\":\"https:\/\/secure.gravatar.com\/avatar\/def4da036efb5d32c74d49c351f6dccc064dd69ad9f3aadc295c5a9a5391ca01?s=96&d=mm&r=g\",\"caption\":\"Jos\u00e9 Carlos Marrero Gonz\u00e1lez\"},\"sameAs\":[\"https:\/\/elcotarro.com\"],\"url\":\"https:\/\/elcotarro.com\/?author=2\"}]}<\/script>\n<!-- \/ Yoast SEO plugin. -->","yoast_head_json":{"title":"REUNI\u00d3N DE LA PE\u00d1A DE LOS LUNES - El Cotarro","robots":{"index":"index","follow":"follow","max-snippet":"max-snippet:-1","max-image-preview":"max-image-preview:large","max-video-preview":"max-video-preview:-1"},"canonical":"https:\/\/elcotarro.com\/?p=3434","og_locale":"es_ES","og_type":"article","og_title":"REUNI\u00d3N DE LA PE\u00d1A DE LOS LUNES - El Cotarro","og_description":"Amid Ach\u00ed es uno de los puntales de la llamada \u201cPe\u00f1a de los lunes\u201d, formada por alrededor de una docena de ilustres empresarios, profesionales y alg\u00fan ex-pol\u00edtico (como el respetado Manuel Hermoso Rojas, expresidente del Gobierno de Canarias) y alg\u00fan pol\u00edtico a\u00fan en activo (como el puntal Pedro Rodr\u00edguez Zaragoza, actual viceconsejero de Acci\u00f3n Exterior ... Read more","og_url":"https:\/\/elcotarro.com\/?p=3434","og_site_name":"El Cotarro","article_publisher":"https:\/\/www.facebook.com\/ElCotarro.Tenerife","article_published_time":"2016-11-13T11:04:12+00:00","og_image":[{"url":"https:\/\/elcotarro.com\/wp-content\/uploads\/2016\/11\/FOTO-2.-AMID-ACHI-FADUL-2.jpg","type":"","width":"","height":""}],"author":"Jos\u00e9 Carlos Marrero Gonz\u00e1lez","twitter_misc":{"Escrito por":"Jos\u00e9 Carlos Marrero Gonz\u00e1lez","Tiempo de lectura":"1 minuto"},"schema":{"@context":"https:\/\/schema.org","@graph":[{"@type":"Article","@id":"https:\/\/elcotarro.com\/?p=3434#article","isPartOf":{"@id":"https:\/\/elcotarro.com\/?p=3434"},"author":{"name":"Jos\u00e9 Carlos Marrero Gonz\u00e1lez","@id":"https:\/\/elcotarro.com\/#\/schema\/person\/af537ee7d60d15984c7e0affcd8a918b"},"headline":"REUNI\u00d3N DE LA PE\u00d1A DE LOS LUNES","datePublished":"2016-11-13T11:04:12+00:00","mainEntityOfPage":{"@id":"https:\/\/elcotarro.com\/?p=3434"},"wordCount":246,"commentCount":0,"publisher":{"@id":"https:\/\/elcotarro.com\/#organization"},"image":{"@id":"https:\/\/elcotarro.com\/?p=3434#primaryimage"},"thumbnailUrl":"https:\/\/elcotarro.com\/wp-content\/uploads\/2016\/11\/FOTO-2.-AMID-ACHI-FADUL-2.jpg","inLanguage":"es","potentialAction":[{"@type":"CommentAction","name":"Comment","target":["https:\/\/elcotarro.com\/?p=3434#respond"]}]},{"@type":"WebPage","@id":"https:\/\/elcotarro.com\/?p=3434","url":"https:\/\/elcotarro.com\/?p=3434","name":"REUNI\u00d3N DE LA PE\u00d1A DE LOS LUNES - El Cotarro","isPartOf":{"@id":"https:\/\/elcotarro.com\/#website"},"primaryImageOfPage":{"@id":"https:\/\/elcotarro.com\/?p=3434#primaryimage"},"image":{"@id":"https:\/\/elcotarro.com\/?p=3434#primaryimage"},"thumbnailUrl":"https:\/\/elcotarro.com\/wp-content\/uploads\/2016\/11\/FOTO-2.-AMID-ACHI-FADUL-2.jpg","datePublished":"2016-11-13T11:04:12+00:00","breadcrumb":{"@id":"https:\/\/elcotarro.com\/?p=3434#breadcrumb"},"inLanguage":"es","potentialAction":[{"@type":"ReadAction","target":["https:\/\/elcotarro.com\/?p=3434"]}]},{"@type":"ImageObject","inLanguage":"es","@id":"https:\/\/elcotarro.com\/?p=3434#primaryimage","url":"https:\/\/elcotarro.com\/wp-content\/uploads\/2016\/11\/FOTO-2.-AMID-ACHI-FADUL-2.jpg","contentUrl":"https:\/\/elcotarro.com\/wp-content\/uploads\/2016\/11\/FOTO-2.-AMID-ACHI-FADUL-2.jpg","width":640,"height":392},{"@type":"BreadcrumbList","@id":"https:\/\/elcotarro.com\/?p=3434#breadcrumb","itemListElement":[{"@type":"ListItem","position":1,"name":"Portada","item":"https:\/\/elcotarro.com\/"},{"@type":"ListItem","position":2,"name":"REUNI\u00d3N DE LA PE\u00d1A DE LOS LUNES"}]},{"@type":"WebSite","@id":"https:\/\/elcotarro.com\/#website","url":"https:\/\/elcotarro.com\/","name":"El Cotarro","description":"Peri\u00f3dico Digital Independiente dirigido por Jos\u00e9 Carlos Marrero","publisher":{"@id":"https:\/\/elcotarro.com\/#organization"},"potentialAction":[{"@type":"SearchAction","target":{"@type":"EntryPoint","urlTemplate":"https:\/\/elcotarro.com\/?s={search_term_string}"},"query-input":{"@type":"PropertyValueSpecification","valueRequired":true,"valueName":"search_term_string"}}],"inLanguage":"es"},{"@type":"Organization","@id":"https:\/\/elcotarro.com\/#organization","name":"El Cotarro","url":"https:\/\/elcotarro.com\/","logo":{"@type":"ImageObject","inLanguage":"es","@id":"https:\/\/elcotarro.com\/#\/schema\/logo\/image\/","url":"https:\/\/elcotarro.com\/wp-content\/uploads\/2014\/09\/Cabecera_El_Cotarro_v2.jpg","contentUrl":"https:\/\/elcotarro.com\/wp-content\/uploads\/2014\/09\/Cabecera_El_Cotarro_v2.jpg","width":3540,"height":441,"caption":"El Cotarro"},"image":{"@id":"https:\/\/elcotarro.com\/#\/schema\/logo\/image\/"},"sameAs":["https:\/\/www.facebook.com\/ElCotarro.Tenerife"]},{"@type":"Person","@id":"https:\/\/elcotarro.com\/#\/schema\/person\/af537ee7d60d15984c7e0affcd8a918b","name":"Jos\u00e9 Carlos Marrero Gonz\u00e1lez","image":{"@type":"ImageObject","inLanguage":"es","@id":"https:\/\/elcotarro.com\/#\/schema\/person\/image\/","url":"https:\/\/secure.gravatar.com\/avatar\/def4da036efb5d32c74d49c351f6dccc064dd69ad9f3aadc295c5a9a5391ca01?s=96&d=mm&r=g","contentUrl":"https:\/\/secure.gravatar.com\/avatar\/def4da036efb5d32c74d49c351f6dccc064dd69ad9f3aadc295c5a9a5391ca01?s=96&d=mm&r=g","caption":"Jos\u00e9 Carlos Marrero Gonz\u00e1lez"},"sameAs":["https:\/\/elcotarro.com"],"url":"https:\/\/elcotarro.com\/?author=2"}]}},"jetpack_featured_media_url":"","jetpack_sharing_enabled":true,"_links":{"self":[{"href":"https:\/\/elcotarro.com\/index.php?rest_route=\/wp\/v2\/posts\/3434","targetHints":{"allow":["GET"]}}],"collection":[{"href":"https:\/\/elcotarro.com\/index.php?rest_route=\/wp\/v2\/posts"}],"about":[{"href":"https:\/\/elcotarro.com\/index.php?rest_route=\/wp\/v2\/types\/post"}],"author":[{"embeddable":true,"href":"https:\/\/elcotarro.com\/index.php?rest_route=\/wp\/v2\/users\/2"}],"replies":[{"embeddable":true,"href":"https:\/\/elcotarro.com\/index.php?rest_route=%2Fwp%2Fv2%2Fcomments&post=3434"}],"version-history":[{"count":1,"href":"https:\/\/elcotarro.com\/index.php?rest_route=\/wp\/v2\/posts\/3434\/revisions"}],"predecessor-version":[{"id":3436,"href":"https:\/\/elcotarro.com\/index.php?rest_route=\/wp\/v2\/posts\/3434\/revisions\/3436"}],"wp:attachment":[{"href":"https:\/\/elcotarro.com\/index.php?rest_route=%2Fwp%2Fv2%2Fmedia&parent=3434"}],"wp:term":[{"taxonomy":"category","embeddable":true,"href":"https:\/\/elcotarro.com\/index.php?rest_route=%2Fwp%2Fv2%2Fcategories&post=3434"},{"taxonomy":"post_tag","embeddable":true,"href":"https:\/\/elcotarro.com\/index.php?rest_route=%2Fwp%2Fv2%2Ftags&post=3434"}],"curies":[{"name":"wp","href":"https:\/\/api.w.org\/{rel}","templated":true}]}}