{"id":3437,"date":"2016-11-13T11:03:12","date_gmt":"2016-11-13T11:03:12","guid":{"rendered":"https:\/\/elcotarro.com\/?p=3437"},"modified":"2016-11-13T10:50:24","modified_gmt":"2016-11-13T10:50:24","slug":"dios-los-cria-y-amid-achi-los-une","status":"publish","type":"post","link":"https:\/\/elcotarro.com\/?p=3437","title":{"rendered":"DIOS LOS CRIA Y AMID ACH\u00cd LOS UNE"},"content":{"rendered":"<p>Debo decir que, seg\u00fan me ha comentado el propio Amid Achi, <em>\u201clo del cumplea\u00f1os fue una excusa para reunir a los principales directores insulares o regionales de los principales bancos en Canarias y sentarles a comer con un buen grupo de empresarios que hemos podido superar la crisis<\/em> <em>y seguir vivos\u201d.<\/em> Y vive Dios que los principales \u201cgallos\u201d de la banca en Canarias estaban all\u00ed presentes. Lo cierto es que, con la influencia y el poder de convocatoria que tiene nuestro personaje, se podr\u00eda decir aquello de que Dios los cr\u00eda y <strong>Amid Ach\u00ed<\/strong> los une. Bien es verdad que, en esta ocasi\u00f3n, media clase pol\u00edtica tinerfe\u00f1a, con <strong>Fernando Clavijo<\/strong> y <strong>Carlos Alonso<\/strong> al frente (y ciento y la madre detr\u00e1s) no asistieron porque estaban en Londres con lo de la feria tur\u00edstica World Travel Market y la reuni\u00f3n fue m\u00e1s intensamente empresarial. Les pongo aqu\u00ed al lado una foto (en primicia y exclusiva) de algunos de los asistentes al importante encuentro, celebrado en el restaurante Los Limoneros.<\/p>\n<p style=\"text-align: center\"><a href=\"https:\/\/elcotarro.com\/wp-content\/uploads\/2016\/11\/FOTO-3.-Amid-Ach\u00ed-y-amigos.jpg\"><img loading=\"lazy\" decoding=\"async\" class=\"alignnone size-full wp-image-3438\" src=\"https:\/\/elcotarro.com\/wp-content\/uploads\/2016\/11\/FOTO-3.-Amid-Ach\u00ed-y-amigos.jpg\" alt=\"foto-3-amid-achi-y-amigos\" width=\"2560\" height=\"1920\" srcset=\"https:\/\/elcotarro.com\/wp-content\/uploads\/2016\/11\/FOTO-3.-Amid-Ach\u00ed-y-amigos.jpg 2560w, https:\/\/elcotarro.com\/wp-content\/uploads\/2016\/11\/FOTO-3.-Amid-Ach\u00ed-y-amigos-300x225.jpg 300w, https:\/\/elcotarro.com\/wp-content\/uploads\/2016\/11\/FOTO-3.-Amid-Ach\u00ed-y-amigos-1024x768.jpg 1024w\" sizes=\"auto, (max-width: 2560px) 100vw, 2560px\" \/><\/a><\/p>\n<p style=\"text-align: center\"><em>Amid Achi, en el centro de pie, junto a parte de los empresarios y banqueros reunidos para festejar su 68 cumplea\u00f1os<\/em><\/p>\n","protected":false},"excerpt":{"rendered":"<p>Debo decir que, seg\u00fan me ha comentado el propio Amid Achi, \u201clo del cumplea\u00f1os fue una excusa para reunir a los principales directores insulares o regionales de los principales bancos en Canarias y sentarles a comer con un buen grupo de empresarios que hemos podido superar la crisis y seguir vivos\u201d. Y vive Dios que &#8230; <a class=\"read-more\" href=\"https:\/\/elcotarro.com\/?p=3437\">Read more<\/a><\/p>\n","protected":false},"author":2,"featured_media":0,"comment_status":"open","ping_status":"open","sticky":false,"template":"","format":"standard","meta":{"_jetpack_memberships_contains_paid_content":false,"footnotes":""},"categories":[1],"tags":[],"class_list":["post-3437","post","type-post","status-publish","format-standard","hentry","category-sin-categoria"],"yoast_head":"<!-- This site is optimized with the Yoast SEO plugin v27.0 - https:\/\/yoast.com\/product\/yoast-seo-wordpress\/ -->\n<title>DIOS LOS CRIA Y AMID ACH\u00cd LOS UNE - El Cotarro<\/title>\n<meta name=\"robots\" content=\"index, follow, max-snippet:-1, max-image-preview:large, max-video-preview:-1\" \/>\n<link rel=\"canonical\" href=\"https:\/\/elcotarro.com\/?p=3437\" \/>\n<meta property=\"og:locale\" content=\"es_ES\" \/>\n<meta property=\"og:type\" content=\"article\" \/>\n<meta property=\"og:title\" content=\"DIOS LOS CRIA Y AMID ACH\u00cd LOS UNE - El Cotarro\" \/>\n<meta property=\"og:description\" content=\"Debo decir que, seg\u00fan me ha comentado el propio Amid Achi, \u201clo del cumplea\u00f1os fue una excusa para reunir a los principales directores insulares o regionales de los principales bancos en Canarias y sentarles a comer con un buen grupo de empresarios que hemos podido superar la crisis y seguir vivos\u201d. Y vive Dios que ... Read more\" \/>\n<meta property=\"og:url\" content=\"https:\/\/elcotarro.com\/?p=3437\" \/>\n<meta property=\"og:site_name\" content=\"El Cotarro\" \/>\n<meta property=\"article:publisher\" content=\"https:\/\/www.facebook.com\/ElCotarro.Tenerife\" \/>\n<meta property=\"article:published_time\" content=\"2016-11-13T11:03:12+00:00\" \/>\n<meta name=\"author\" content=\"Jos\u00e9 Carlos Marrero Gonz\u00e1lez\" \/>\n<meta name=\"twitter:label1\" content=\"Escrito por\" \/>\n\t<meta name=\"twitter:data1\" content=\"Jos\u00e9 Carlos Marrero Gonz\u00e1lez\" \/>\n\t<meta name=\"twitter:label2\" content=\"Tiempo de lectura\" \/>\n\t<meta name=\"twitter:data2\" content=\"1 minuto\" \/>\n<script type=\"application\/ld+json\" class=\"yoast-schema-graph\">{\"@context\":\"https:\/\/schema.org\",\"@graph\":[{\"@type\":\"Article\",\"@id\":\"https:\/\/elcotarro.com\/?p=3437#article\",\"isPartOf\":{\"@id\":\"https:\/\/elcotarro.com\/?p=3437\"},\"author\":{\"name\":\"Jos\u00e9 Carlos Marrero Gonz\u00e1lez\",\"@id\":\"https:\/\/elcotarro.com\/#\/schema\/person\/af537ee7d60d15984c7e0affcd8a918b\"},\"headline\":\"DIOS LOS CRIA Y AMID ACH\u00cd LOS UNE\",\"datePublished\":\"2016-11-13T11:03:12+00:00\",\"mainEntityOfPage\":{\"@id\":\"https:\/\/elcotarro.com\/?p=3437\"},\"wordCount\":208,\"commentCount\":0,\"publisher\":{\"@id\":\"https:\/\/elcotarro.com\/#organization\"},\"inLanguage\":\"es\",\"potentialAction\":[{\"@type\":\"CommentAction\",\"name\":\"Comment\",\"target\":[\"https:\/\/elcotarro.com\/?p=3437#respond\"]}]},{\"@type\":\"WebPage\",\"@id\":\"https:\/\/elcotarro.com\/?p=3437\",\"url\":\"https:\/\/elcotarro.com\/?p=3437\",\"name\":\"DIOS LOS CRIA Y AMID ACH\u00cd LOS UNE - El Cotarro\",\"isPartOf\":{\"@id\":\"https:\/\/elcotarro.com\/#website\"},\"datePublished\":\"2016-11-13T11:03:12+00:00\",\"breadcrumb\":{\"@id\":\"https:\/\/elcotarro.com\/?p=3437#breadcrumb\"},\"inLanguage\":\"es\",\"potentialAction\":[{\"@type\":\"ReadAction\",\"target\":[\"https:\/\/elcotarro.com\/?p=3437\"]}]},{\"@type\":\"BreadcrumbList\",\"@id\":\"https:\/\/elcotarro.com\/?p=3437#breadcrumb\",\"itemListElement\":[{\"@type\":\"ListItem\",\"position\":1,\"name\":\"Portada\",\"item\":\"https:\/\/elcotarro.com\/\"},{\"@type\":\"ListItem\",\"position\":2,\"name\":\"DIOS LOS CRIA Y AMID ACH\u00cd LOS UNE\"}]},{\"@type\":\"WebSite\",\"@id\":\"https:\/\/elcotarro.com\/#website\",\"url\":\"https:\/\/elcotarro.com\/\",\"name\":\"El Cotarro\",\"description\":\"Peri\u00f3dico Digital Independiente dirigido por Jos\u00e9 Carlos Marrero\",\"publisher\":{\"@id\":\"https:\/\/elcotarro.com\/#organization\"},\"potentialAction\":[{\"@type\":\"SearchAction\",\"target\":{\"@type\":\"EntryPoint\",\"urlTemplate\":\"https:\/\/elcotarro.com\/?s={search_term_string}\"},\"query-input\":{\"@type\":\"PropertyValueSpecification\",\"valueRequired\":true,\"valueName\":\"search_term_string\"}}],\"inLanguage\":\"es\"},{\"@type\":\"Organization\",\"@id\":\"https:\/\/elcotarro.com\/#organization\",\"name\":\"El Cotarro\",\"url\":\"https:\/\/elcotarro.com\/\",\"logo\":{\"@type\":\"ImageObject\",\"inLanguage\":\"es\",\"@id\":\"https:\/\/elcotarro.com\/#\/schema\/logo\/image\/\",\"url\":\"https:\/\/elcotarro.com\/wp-content\/uploads\/2014\/09\/Cabecera_El_Cotarro_v2.jpg\",\"contentUrl\":\"https:\/\/elcotarro.com\/wp-content\/uploads\/2014\/09\/Cabecera_El_Cotarro_v2.jpg\",\"width\":3540,\"height\":441,\"caption\":\"El Cotarro\"},\"image\":{\"@id\":\"https:\/\/elcotarro.com\/#\/schema\/logo\/image\/\"},\"sameAs\":[\"https:\/\/www.facebook.com\/ElCotarro.Tenerife\"]},{\"@type\":\"Person\",\"@id\":\"https:\/\/elcotarro.com\/#\/schema\/person\/af537ee7d60d15984c7e0affcd8a918b\",\"name\":\"Jos\u00e9 Carlos Marrero Gonz\u00e1lez\",\"image\":{\"@type\":\"ImageObject\",\"inLanguage\":\"es\",\"@id\":\"https:\/\/elcotarro.com\/#\/schema\/person\/image\/\",\"url\":\"https:\/\/secure.gravatar.com\/avatar\/def4da036efb5d32c74d49c351f6dccc064dd69ad9f3aadc295c5a9a5391ca01?s=96&d=mm&r=g\",\"contentUrl\":\"https:\/\/secure.gravatar.com\/avatar\/def4da036efb5d32c74d49c351f6dccc064dd69ad9f3aadc295c5a9a5391ca01?s=96&d=mm&r=g\",\"caption\":\"Jos\u00e9 Carlos Marrero Gonz\u00e1lez\"},\"sameAs\":[\"https:\/\/elcotarro.com\"],\"url\":\"https:\/\/elcotarro.com\/?author=2\"}]}<\/script>\n<!-- \/ Yoast SEO plugin. -->","yoast_head_json":{"title":"DIOS LOS CRIA Y AMID ACH\u00cd LOS UNE - El Cotarro","robots":{"index":"index","follow":"follow","max-snippet":"max-snippet:-1","max-image-preview":"max-image-preview:large","max-video-preview":"max-video-preview:-1"},"canonical":"https:\/\/elcotarro.com\/?p=3437","og_locale":"es_ES","og_type":"article","og_title":"DIOS LOS CRIA Y AMID ACH\u00cd LOS UNE - El Cotarro","og_description":"Debo decir que, seg\u00fan me ha comentado el propio Amid Achi, \u201clo del cumplea\u00f1os fue una excusa para reunir a los principales directores insulares o regionales de los principales bancos en Canarias y sentarles a comer con un buen grupo de empresarios que hemos podido superar la crisis y seguir vivos\u201d. Y vive Dios que ... Read more","og_url":"https:\/\/elcotarro.com\/?p=3437","og_site_name":"El Cotarro","article_publisher":"https:\/\/www.facebook.com\/ElCotarro.Tenerife","article_published_time":"2016-11-13T11:03:12+00:00","author":"Jos\u00e9 Carlos Marrero Gonz\u00e1lez","twitter_misc":{"Escrito por":"Jos\u00e9 Carlos Marrero Gonz\u00e1lez","Tiempo de lectura":"1 minuto"},"schema":{"@context":"https:\/\/schema.org","@graph":[{"@type":"Article","@id":"https:\/\/elcotarro.com\/?p=3437#article","isPartOf":{"@id":"https:\/\/elcotarro.com\/?p=3437"},"author":{"name":"Jos\u00e9 Carlos Marrero Gonz\u00e1lez","@id":"https:\/\/elcotarro.com\/#\/schema\/person\/af537ee7d60d15984c7e0affcd8a918b"},"headline":"DIOS LOS CRIA Y AMID ACH\u00cd LOS UNE","datePublished":"2016-11-13T11:03:12+00:00","mainEntityOfPage":{"@id":"https:\/\/elcotarro.com\/?p=3437"},"wordCount":208,"commentCount":0,"publisher":{"@id":"https:\/\/elcotarro.com\/#organization"},"inLanguage":"es","potentialAction":[{"@type":"CommentAction","name":"Comment","target":["https:\/\/elcotarro.com\/?p=3437#respond"]}]},{"@type":"WebPage","@id":"https:\/\/elcotarro.com\/?p=3437","url":"https:\/\/elcotarro.com\/?p=3437","name":"DIOS LOS CRIA Y AMID ACH\u00cd LOS UNE - El Cotarro","isPartOf":{"@id":"https:\/\/elcotarro.com\/#website"},"datePublished":"2016-11-13T11:03:12+00:00","breadcrumb":{"@id":"https:\/\/elcotarro.com\/?p=3437#breadcrumb"},"inLanguage":"es","potentialAction":[{"@type":"ReadAction","target":["https:\/\/elcotarro.com\/?p=3437"]}]},{"@type":"BreadcrumbList","@id":"https:\/\/elcotarro.com\/?p=3437#breadcrumb","itemListElement":[{"@type":"ListItem","position":1,"name":"Portada","item":"https:\/\/elcotarro.com\/"},{"@type":"ListItem","position":2,"name":"DIOS LOS CRIA Y AMID ACH\u00cd LOS UNE"}]},{"@type":"WebSite","@id":"https:\/\/elcotarro.com\/#website","url":"https:\/\/elcotarro.com\/","name":"El Cotarro","description":"Peri\u00f3dico Digital Independiente dirigido por Jos\u00e9 Carlos Marrero","publisher":{"@id":"https:\/\/elcotarro.com\/#organization"},"potentialAction":[{"@type":"SearchAction","target":{"@type":"EntryPoint","urlTemplate":"https:\/\/elcotarro.com\/?s={search_term_string}"},"query-input":{"@type":"PropertyValueSpecification","valueRequired":true,"valueName":"search_term_string"}}],"inLanguage":"es"},{"@type":"Organization","@id":"https:\/\/elcotarro.com\/#organization","name":"El Cotarro","url":"https:\/\/elcotarro.com\/","logo":{"@type":"ImageObject","inLanguage":"es","@id":"https:\/\/elcotarro.com\/#\/schema\/logo\/image\/","url":"https:\/\/elcotarro.com\/wp-content\/uploads\/2014\/09\/Cabecera_El_Cotarro_v2.jpg","contentUrl":"https:\/\/elcotarro.com\/wp-content\/uploads\/2014\/09\/Cabecera_El_Cotarro_v2.jpg","width":3540,"height":441,"caption":"El Cotarro"},"image":{"@id":"https:\/\/elcotarro.com\/#\/schema\/logo\/image\/"},"sameAs":["https:\/\/www.facebook.com\/ElCotarro.Tenerife"]},{"@type":"Person","@id":"https:\/\/elcotarro.com\/#\/schema\/person\/af537ee7d60d15984c7e0affcd8a918b","name":"Jos\u00e9 Carlos Marrero Gonz\u00e1lez","image":{"@type":"ImageObject","inLanguage":"es","@id":"https:\/\/elcotarro.com\/#\/schema\/person\/image\/","url":"https:\/\/secure.gravatar.com\/avatar\/def4da036efb5d32c74d49c351f6dccc064dd69ad9f3aadc295c5a9a5391ca01?s=96&d=mm&r=g","contentUrl":"https:\/\/secure.gravatar.com\/avatar\/def4da036efb5d32c74d49c351f6dccc064dd69ad9f3aadc295c5a9a5391ca01?s=96&d=mm&r=g","caption":"Jos\u00e9 Carlos Marrero Gonz\u00e1lez"},"sameAs":["https:\/\/elcotarro.com"],"url":"https:\/\/elcotarro.com\/?author=2"}]}},"jetpack_featured_media_url":"","jetpack_sharing_enabled":true,"_links":{"self":[{"href":"https:\/\/elcotarro.com\/index.php?rest_route=\/wp\/v2\/posts\/3437","targetHints":{"allow":["GET"]}}],"collection":[{"href":"https:\/\/elcotarro.com\/index.php?rest_route=\/wp\/v2\/posts"}],"about":[{"href":"https:\/\/elcotarro.com\/index.php?rest_route=\/wp\/v2\/types\/post"}],"author":[{"embeddable":true,"href":"https:\/\/elcotarro.com\/index.php?rest_route=\/wp\/v2\/users\/2"}],"replies":[{"embeddable":true,"href":"https:\/\/elcotarro.com\/index.php?rest_route=%2Fwp%2Fv2%2Fcomments&post=3437"}],"version-history":[{"count":3,"href":"https:\/\/elcotarro.com\/index.php?rest_route=\/wp\/v2\/posts\/3437\/revisions"}],"predecessor-version":[{"id":3455,"href":"https:\/\/elcotarro.com\/index.php?rest_route=\/wp\/v2\/posts\/3437\/revisions\/3455"}],"wp:attachment":[{"href":"https:\/\/elcotarro.com\/index.php?rest_route=%2Fwp%2Fv2%2Fmedia&parent=3437"}],"wp:term":[{"taxonomy":"category","embeddable":true,"href":"https:\/\/elcotarro.com\/index.php?rest_route=%2Fwp%2Fv2%2Fcategories&post=3437"},{"taxonomy":"post_tag","embeddable":true,"href":"https:\/\/elcotarro.com\/index.php?rest_route=%2Fwp%2Fv2%2Ftags&post=3437"}],"curies":[{"name":"wp","href":"https:\/\/api.w.org\/{rel}","templated":true}]}}