{"id":3557,"date":"2016-12-11T11:00:19","date_gmt":"2016-12-11T11:00:19","guid":{"rendered":"https:\/\/elcotarro.com\/?p=3557"},"modified":"2016-12-10T11:19:48","modified_gmt":"2016-12-10T11:19:48","slug":"nueve-y-media-en-junta-suprema","status":"publish","type":"post","link":"https:\/\/elcotarro.com\/?p=3557","title":{"rendered":"NUEVE Y MEDIA EN JUNTA SUPREMA"},"content":{"rendered":"<p>El pasado viernes <strong>Javier Marrero Fern\u00e1ndez<\/strong> triunf\u00f3 en El Corte Ingl\u00e9s, firmando ejemplares de Nueve y media en Junta Suprema, una historia de historias, en la que el personaje central, el inspector de polic\u00eda, <strong>Aniceto Pinto<\/strong>, se convierte en el hilo conductor del resto de protagonistas. Mientras se prepara para asistir a una cena a las 9:30 en la Junta Suprema, rememora un crimen ocurrido en extra\u00f1as circunstancias que coloca a <strong>Patricio Escolar<\/strong>, el hijo de su mejor amigo, en el disparadero, y que destapa un escalofriante entramado, mostrando el rostro de una realidad no menos brutal por cotidiana. Tenerife, Caracas, Naiguat\u00e1, Punta Cana, Yalta, Par\u00eds, Trets o Miami, conforman alguno de los escenarios en los que transcurre esta novela. Apostando siempre por lo canario, la novela de <strong>Javier Marrero<\/strong> y publicada por BL&amp;W\u2008Editores se me antoja que es un regalo perfecto ahora que viene <strong>Pap\u00e1 No\u00ebl<\/strong> o, mucho mejor, los <strong>Reyes Magos<\/strong>.<\/p>\n<p style=\"text-align: center\"><a href=\"https:\/\/elcotarro.com\/wp-content\/uploads\/2016\/12\/FOTO-6.-JAVIER-MARRERO.jpg\"><img loading=\"lazy\" decoding=\"async\" class=\"alignnone size-full wp-image-3558\" src=\"https:\/\/elcotarro.com\/wp-content\/uploads\/2016\/12\/FOTO-6.-JAVIER-MARRERO.jpg\" alt=\"foto-6-javier-marrero\" width=\"598\" height=\"753\" srcset=\"https:\/\/elcotarro.com\/wp-content\/uploads\/2016\/12\/FOTO-6.-JAVIER-MARRERO.jpg 598w, https:\/\/elcotarro.com\/wp-content\/uploads\/2016\/12\/FOTO-6.-JAVIER-MARRERO-238x300.jpg 238w\" sizes=\"auto, (max-width: 598px) 100vw, 598px\" \/><\/a><\/p>\n<p style=\"text-align: center\"><em>Javier Marrero, durante la firma de su tercera novela, en El Corte Ingl\u00e9s<\/em><\/p>\n<p style=\"text-align: center\"><a href=\"http:\/\/www.careca.es\/\" target=\"_blank\"><img loading=\"lazy\" decoding=\"async\" class=\"size-full wp-image-2216 aligncenter\" src=\"https:\/\/elcotarro.com\/wp-content\/uploads\/2016\/07\/InsulacafeElCotarro.jpg\" alt=\"Bnn_Careca\" width=\"750\" height=\"150\" \/><\/a><\/p>\n","protected":false},"excerpt":{"rendered":"<p>El pasado viernes Javier Marrero Fern\u00e1ndez triunf\u00f3 en El Corte Ingl\u00e9s, firmando ejemplares de Nueve y media en Junta Suprema, una historia de historias, en la que el personaje central, el inspector de polic\u00eda, Aniceto Pinto, se convierte en el hilo conductor del resto de protagonistas. Mientras se prepara para asistir a una cena a &#8230; <a class=\"read-more\" href=\"https:\/\/elcotarro.com\/?p=3557\">Read more<\/a><\/p>\n","protected":false},"author":2,"featured_media":0,"comment_status":"open","ping_status":"open","sticky":false,"template":"","format":"standard","meta":{"_jetpack_memberships_contains_paid_content":false,"footnotes":""},"categories":[1],"tags":[],"class_list":["post-3557","post","type-post","status-publish","format-standard","hentry","category-sin-categoria"],"yoast_head":"<!-- This site is optimized with the Yoast SEO plugin v27.0 - https:\/\/yoast.com\/product\/yoast-seo-wordpress\/ -->\n<title>NUEVE Y MEDIA EN JUNTA SUPREMA - El Cotarro<\/title>\n<meta name=\"robots\" content=\"index, follow, max-snippet:-1, max-image-preview:large, max-video-preview:-1\" \/>\n<link rel=\"canonical\" href=\"https:\/\/elcotarro.com\/?p=3557\" \/>\n<meta property=\"og:locale\" content=\"es_ES\" \/>\n<meta property=\"og:type\" content=\"article\" \/>\n<meta property=\"og:title\" content=\"NUEVE Y MEDIA EN JUNTA SUPREMA - El Cotarro\" \/>\n<meta property=\"og:description\" content=\"El pasado viernes Javier Marrero Fern\u00e1ndez triunf\u00f3 en El Corte Ingl\u00e9s, firmando ejemplares de Nueve y media en Junta Suprema, una historia de historias, en la que el personaje central, el inspector de polic\u00eda, Aniceto Pinto, se convierte en el hilo conductor del resto de protagonistas. Mientras se prepara para asistir a una cena a ... Read more\" \/>\n<meta property=\"og:url\" content=\"https:\/\/elcotarro.com\/?p=3557\" \/>\n<meta property=\"og:site_name\" content=\"El Cotarro\" \/>\n<meta property=\"article:publisher\" content=\"https:\/\/www.facebook.com\/ElCotarro.Tenerife\" \/>\n<meta property=\"article:published_time\" content=\"2016-12-11T11:00:19+00:00\" \/>\n<meta property=\"og:image\" content=\"https:\/\/elcotarro.com\/wp-content\/uploads\/2016\/12\/FOTO-6.-JAVIER-MARRERO.jpg\" \/>\n<meta name=\"author\" content=\"Jos\u00e9 Carlos Marrero Gonz\u00e1lez\" \/>\n<meta name=\"twitter:label1\" content=\"Escrito por\" \/>\n\t<meta name=\"twitter:data1\" content=\"Jos\u00e9 Carlos Marrero Gonz\u00e1lez\" \/>\n\t<meta name=\"twitter:label2\" content=\"Tiempo de lectura\" \/>\n\t<meta name=\"twitter:data2\" content=\"1 minuto\" \/>\n<script type=\"application\/ld+json\" class=\"yoast-schema-graph\">{\"@context\":\"https:\/\/schema.org\",\"@graph\":[{\"@type\":\"Article\",\"@id\":\"https:\/\/elcotarro.com\/?p=3557#article\",\"isPartOf\":{\"@id\":\"https:\/\/elcotarro.com\/?p=3557\"},\"author\":{\"name\":\"Jos\u00e9 Carlos Marrero Gonz\u00e1lez\",\"@id\":\"https:\/\/elcotarro.com\/#\/schema\/person\/af537ee7d60d15984c7e0affcd8a918b\"},\"headline\":\"NUEVE Y MEDIA EN JUNTA SUPREMA\",\"datePublished\":\"2016-12-11T11:00:19+00:00\",\"mainEntityOfPage\":{\"@id\":\"https:\/\/elcotarro.com\/?p=3557\"},\"wordCount\":181,\"commentCount\":0,\"publisher\":{\"@id\":\"https:\/\/elcotarro.com\/#organization\"},\"image\":{\"@id\":\"https:\/\/elcotarro.com\/?p=3557#primaryimage\"},\"thumbnailUrl\":\"https:\/\/elcotarro.com\/wp-content\/uploads\/2016\/12\/FOTO-6.-JAVIER-MARRERO.jpg\",\"inLanguage\":\"es\",\"potentialAction\":[{\"@type\":\"CommentAction\",\"name\":\"Comment\",\"target\":[\"https:\/\/elcotarro.com\/?p=3557#respond\"]}]},{\"@type\":\"WebPage\",\"@id\":\"https:\/\/elcotarro.com\/?p=3557\",\"url\":\"https:\/\/elcotarro.com\/?p=3557\",\"name\":\"NUEVE Y MEDIA EN JUNTA SUPREMA - El Cotarro\",\"isPartOf\":{\"@id\":\"https:\/\/elcotarro.com\/#website\"},\"primaryImageOfPage\":{\"@id\":\"https:\/\/elcotarro.com\/?p=3557#primaryimage\"},\"image\":{\"@id\":\"https:\/\/elcotarro.com\/?p=3557#primaryimage\"},\"thumbnailUrl\":\"https:\/\/elcotarro.com\/wp-content\/uploads\/2016\/12\/FOTO-6.-JAVIER-MARRERO.jpg\",\"datePublished\":\"2016-12-11T11:00:19+00:00\",\"breadcrumb\":{\"@id\":\"https:\/\/elcotarro.com\/?p=3557#breadcrumb\"},\"inLanguage\":\"es\",\"potentialAction\":[{\"@type\":\"ReadAction\",\"target\":[\"https:\/\/elcotarro.com\/?p=3557\"]}]},{\"@type\":\"ImageObject\",\"inLanguage\":\"es\",\"@id\":\"https:\/\/elcotarro.com\/?p=3557#primaryimage\",\"url\":\"https:\/\/elcotarro.com\/wp-content\/uploads\/2016\/12\/FOTO-6.-JAVIER-MARRERO.jpg\",\"contentUrl\":\"https:\/\/elcotarro.com\/wp-content\/uploads\/2016\/12\/FOTO-6.-JAVIER-MARRERO.jpg\",\"width\":598,\"height\":753},{\"@type\":\"BreadcrumbList\",\"@id\":\"https:\/\/elcotarro.com\/?p=3557#breadcrumb\",\"itemListElement\":[{\"@type\":\"ListItem\",\"position\":1,\"name\":\"Portada\",\"item\":\"https:\/\/elcotarro.com\/\"},{\"@type\":\"ListItem\",\"position\":2,\"name\":\"NUEVE Y MEDIA EN JUNTA SUPREMA\"}]},{\"@type\":\"WebSite\",\"@id\":\"https:\/\/elcotarro.com\/#website\",\"url\":\"https:\/\/elcotarro.com\/\",\"name\":\"El Cotarro\",\"description\":\"Peri\u00f3dico Digital Independiente dirigido por Jos\u00e9 Carlos Marrero\",\"publisher\":{\"@id\":\"https:\/\/elcotarro.com\/#organization\"},\"potentialAction\":[{\"@type\":\"SearchAction\",\"target\":{\"@type\":\"EntryPoint\",\"urlTemplate\":\"https:\/\/elcotarro.com\/?s={search_term_string}\"},\"query-input\":{\"@type\":\"PropertyValueSpecification\",\"valueRequired\":true,\"valueName\":\"search_term_string\"}}],\"inLanguage\":\"es\"},{\"@type\":\"Organization\",\"@id\":\"https:\/\/elcotarro.com\/#organization\",\"name\":\"El Cotarro\",\"url\":\"https:\/\/elcotarro.com\/\",\"logo\":{\"@type\":\"ImageObject\",\"inLanguage\":\"es\",\"@id\":\"https:\/\/elcotarro.com\/#\/schema\/logo\/image\/\",\"url\":\"https:\/\/elcotarro.com\/wp-content\/uploads\/2014\/09\/Cabecera_El_Cotarro_v2.jpg\",\"contentUrl\":\"https:\/\/elcotarro.com\/wp-content\/uploads\/2014\/09\/Cabecera_El_Cotarro_v2.jpg\",\"width\":3540,\"height\":441,\"caption\":\"El Cotarro\"},\"image\":{\"@id\":\"https:\/\/elcotarro.com\/#\/schema\/logo\/image\/\"},\"sameAs\":[\"https:\/\/www.facebook.com\/ElCotarro.Tenerife\"]},{\"@type\":\"Person\",\"@id\":\"https:\/\/elcotarro.com\/#\/schema\/person\/af537ee7d60d15984c7e0affcd8a918b\",\"name\":\"Jos\u00e9 Carlos Marrero Gonz\u00e1lez\",\"image\":{\"@type\":\"ImageObject\",\"inLanguage\":\"es\",\"@id\":\"https:\/\/elcotarro.com\/#\/schema\/person\/image\/\",\"url\":\"https:\/\/secure.gravatar.com\/avatar\/def4da036efb5d32c74d49c351f6dccc064dd69ad9f3aadc295c5a9a5391ca01?s=96&d=mm&r=g\",\"contentUrl\":\"https:\/\/secure.gravatar.com\/avatar\/def4da036efb5d32c74d49c351f6dccc064dd69ad9f3aadc295c5a9a5391ca01?s=96&d=mm&r=g\",\"caption\":\"Jos\u00e9 Carlos Marrero Gonz\u00e1lez\"},\"sameAs\":[\"https:\/\/elcotarro.com\"],\"url\":\"https:\/\/elcotarro.com\/?author=2\"}]}<\/script>\n<!-- \/ Yoast SEO plugin. -->","yoast_head_json":{"title":"NUEVE Y MEDIA EN JUNTA SUPREMA - El Cotarro","robots":{"index":"index","follow":"follow","max-snippet":"max-snippet:-1","max-image-preview":"max-image-preview:large","max-video-preview":"max-video-preview:-1"},"canonical":"https:\/\/elcotarro.com\/?p=3557","og_locale":"es_ES","og_type":"article","og_title":"NUEVE Y MEDIA EN JUNTA SUPREMA - El Cotarro","og_description":"El pasado viernes Javier Marrero Fern\u00e1ndez triunf\u00f3 en El Corte Ingl\u00e9s, firmando ejemplares de Nueve y media en Junta Suprema, una historia de historias, en la que el personaje central, el inspector de polic\u00eda, Aniceto Pinto, se convierte en el hilo conductor del resto de protagonistas. Mientras se prepara para asistir a una cena a ... Read more","og_url":"https:\/\/elcotarro.com\/?p=3557","og_site_name":"El Cotarro","article_publisher":"https:\/\/www.facebook.com\/ElCotarro.Tenerife","article_published_time":"2016-12-11T11:00:19+00:00","og_image":[{"url":"https:\/\/elcotarro.com\/wp-content\/uploads\/2016\/12\/FOTO-6.-JAVIER-MARRERO.jpg","type":"","width":"","height":""}],"author":"Jos\u00e9 Carlos Marrero Gonz\u00e1lez","twitter_misc":{"Escrito por":"Jos\u00e9 Carlos Marrero Gonz\u00e1lez","Tiempo de lectura":"1 minuto"},"schema":{"@context":"https:\/\/schema.org","@graph":[{"@type":"Article","@id":"https:\/\/elcotarro.com\/?p=3557#article","isPartOf":{"@id":"https:\/\/elcotarro.com\/?p=3557"},"author":{"name":"Jos\u00e9 Carlos Marrero Gonz\u00e1lez","@id":"https:\/\/elcotarro.com\/#\/schema\/person\/af537ee7d60d15984c7e0affcd8a918b"},"headline":"NUEVE Y MEDIA EN JUNTA SUPREMA","datePublished":"2016-12-11T11:00:19+00:00","mainEntityOfPage":{"@id":"https:\/\/elcotarro.com\/?p=3557"},"wordCount":181,"commentCount":0,"publisher":{"@id":"https:\/\/elcotarro.com\/#organization"},"image":{"@id":"https:\/\/elcotarro.com\/?p=3557#primaryimage"},"thumbnailUrl":"https:\/\/elcotarro.com\/wp-content\/uploads\/2016\/12\/FOTO-6.-JAVIER-MARRERO.jpg","inLanguage":"es","potentialAction":[{"@type":"CommentAction","name":"Comment","target":["https:\/\/elcotarro.com\/?p=3557#respond"]}]},{"@type":"WebPage","@id":"https:\/\/elcotarro.com\/?p=3557","url":"https:\/\/elcotarro.com\/?p=3557","name":"NUEVE Y MEDIA EN JUNTA SUPREMA - El Cotarro","isPartOf":{"@id":"https:\/\/elcotarro.com\/#website"},"primaryImageOfPage":{"@id":"https:\/\/elcotarro.com\/?p=3557#primaryimage"},"image":{"@id":"https:\/\/elcotarro.com\/?p=3557#primaryimage"},"thumbnailUrl":"https:\/\/elcotarro.com\/wp-content\/uploads\/2016\/12\/FOTO-6.-JAVIER-MARRERO.jpg","datePublished":"2016-12-11T11:00:19+00:00","breadcrumb":{"@id":"https:\/\/elcotarro.com\/?p=3557#breadcrumb"},"inLanguage":"es","potentialAction":[{"@type":"ReadAction","target":["https:\/\/elcotarro.com\/?p=3557"]}]},{"@type":"ImageObject","inLanguage":"es","@id":"https:\/\/elcotarro.com\/?p=3557#primaryimage","url":"https:\/\/elcotarro.com\/wp-content\/uploads\/2016\/12\/FOTO-6.-JAVIER-MARRERO.jpg","contentUrl":"https:\/\/elcotarro.com\/wp-content\/uploads\/2016\/12\/FOTO-6.-JAVIER-MARRERO.jpg","width":598,"height":753},{"@type":"BreadcrumbList","@id":"https:\/\/elcotarro.com\/?p=3557#breadcrumb","itemListElement":[{"@type":"ListItem","position":1,"name":"Portada","item":"https:\/\/elcotarro.com\/"},{"@type":"ListItem","position":2,"name":"NUEVE Y MEDIA EN JUNTA SUPREMA"}]},{"@type":"WebSite","@id":"https:\/\/elcotarro.com\/#website","url":"https:\/\/elcotarro.com\/","name":"El Cotarro","description":"Peri\u00f3dico Digital Independiente dirigido por Jos\u00e9 Carlos Marrero","publisher":{"@id":"https:\/\/elcotarro.com\/#organization"},"potentialAction":[{"@type":"SearchAction","target":{"@type":"EntryPoint","urlTemplate":"https:\/\/elcotarro.com\/?s={search_term_string}"},"query-input":{"@type":"PropertyValueSpecification","valueRequired":true,"valueName":"search_term_string"}}],"inLanguage":"es"},{"@type":"Organization","@id":"https:\/\/elcotarro.com\/#organization","name":"El Cotarro","url":"https:\/\/elcotarro.com\/","logo":{"@type":"ImageObject","inLanguage":"es","@id":"https:\/\/elcotarro.com\/#\/schema\/logo\/image\/","url":"https:\/\/elcotarro.com\/wp-content\/uploads\/2014\/09\/Cabecera_El_Cotarro_v2.jpg","contentUrl":"https:\/\/elcotarro.com\/wp-content\/uploads\/2014\/09\/Cabecera_El_Cotarro_v2.jpg","width":3540,"height":441,"caption":"El Cotarro"},"image":{"@id":"https:\/\/elcotarro.com\/#\/schema\/logo\/image\/"},"sameAs":["https:\/\/www.facebook.com\/ElCotarro.Tenerife"]},{"@type":"Person","@id":"https:\/\/elcotarro.com\/#\/schema\/person\/af537ee7d60d15984c7e0affcd8a918b","name":"Jos\u00e9 Carlos Marrero Gonz\u00e1lez","image":{"@type":"ImageObject","inLanguage":"es","@id":"https:\/\/elcotarro.com\/#\/schema\/person\/image\/","url":"https:\/\/secure.gravatar.com\/avatar\/def4da036efb5d32c74d49c351f6dccc064dd69ad9f3aadc295c5a9a5391ca01?s=96&d=mm&r=g","contentUrl":"https:\/\/secure.gravatar.com\/avatar\/def4da036efb5d32c74d49c351f6dccc064dd69ad9f3aadc295c5a9a5391ca01?s=96&d=mm&r=g","caption":"Jos\u00e9 Carlos Marrero Gonz\u00e1lez"},"sameAs":["https:\/\/elcotarro.com"],"url":"https:\/\/elcotarro.com\/?author=2"}]}},"jetpack_featured_media_url":"","jetpack_sharing_enabled":true,"_links":{"self":[{"href":"https:\/\/elcotarro.com\/index.php?rest_route=\/wp\/v2\/posts\/3557","targetHints":{"allow":["GET"]}}],"collection":[{"href":"https:\/\/elcotarro.com\/index.php?rest_route=\/wp\/v2\/posts"}],"about":[{"href":"https:\/\/elcotarro.com\/index.php?rest_route=\/wp\/v2\/types\/post"}],"author":[{"embeddable":true,"href":"https:\/\/elcotarro.com\/index.php?rest_route=\/wp\/v2\/users\/2"}],"replies":[{"embeddable":true,"href":"https:\/\/elcotarro.com\/index.php?rest_route=%2Fwp%2Fv2%2Fcomments&post=3557"}],"version-history":[{"count":1,"href":"https:\/\/elcotarro.com\/index.php?rest_route=\/wp\/v2\/posts\/3557\/revisions"}],"predecessor-version":[{"id":3559,"href":"https:\/\/elcotarro.com\/index.php?rest_route=\/wp\/v2\/posts\/3557\/revisions\/3559"}],"wp:attachment":[{"href":"https:\/\/elcotarro.com\/index.php?rest_route=%2Fwp%2Fv2%2Fmedia&parent=3557"}],"wp:term":[{"taxonomy":"category","embeddable":true,"href":"https:\/\/elcotarro.com\/index.php?rest_route=%2Fwp%2Fv2%2Fcategories&post=3557"},{"taxonomy":"post_tag","embeddable":true,"href":"https:\/\/elcotarro.com\/index.php?rest_route=%2Fwp%2Fv2%2Ftags&post=3557"}],"curies":[{"name":"wp","href":"https:\/\/api.w.org\/{rel}","templated":true}]}}