{"id":356,"date":"2014-11-09T00:01:13","date_gmt":"2014-11-09T00:01:13","guid":{"rendered":"https:\/\/elcotarro.com\/?p=356"},"modified":"2014-11-08T22:06:47","modified_gmt":"2014-11-08T22:06:47","slug":"teria-yabar-y-beatriz-laynez-con-amate","status":"publish","type":"post","link":"https:\/\/elcotarro.com\/?p=356","title":{"rendered":"TERIA YABAR Y BEATRIZ LAYNEZ CON AMATE"},"content":{"rendered":"<p style=\"text-align: justify;\">\u2666\u00a0Termino como siempre en positivo, anim\u00e1ndoles a que este pr\u00f3ximo mi\u00e9rcoles, 12 de noviembre, d\u00eda de la tradicional \u00abFuga de San Diego\u00bb, nos \u00abfuguemos\u00bb todos a la sede del Tenerife Espacio de las Artes (TEA), en Santa Cruz de Tenerife, para disfrutar de un solidario desfile de modas, con tres motivos para ir, a cual m\u00e1s atractivo. \u00a0\u00a0\u00a0\u00a0 1.- Podremos ver los nuevos modelos de la famosa dise\u00f1adora Teria Yabar 2.- Podremos contemplar de los alegres y art\u00edsticos tocados de la gran dise\u00f1adora tinerfe\u00f1a Beatriz Laynez\u00a0 y 3.- Colaboraremos con la Asociaci\u00f3n de Mujeres con C\u00e1ncer de Mama de Tenerife\u2026 La cita es en el T.E.A. a las 19:30 y la entrada-donativo para AMATE es de tan s\u00f3lo 5\u20ac\u2026 \u00a1No se lo pierdan!<\/p>\n<p style=\"text-align: justify;\"><a href=\"https:\/\/elcotarro.com\/wp-content\/uploads\/2014\/11\/Beatriz-Laynez-Forni\u00e9s.jpg\"><img loading=\"lazy\" decoding=\"async\" class=\"aligncenter wp-image-357\" src=\"https:\/\/elcotarro.com\/wp-content\/uploads\/2014\/11\/Beatriz-Laynez-Forni\u00e9s.jpg\" alt=\"Beatriz Laynez Forni\u00e9s\" width=\"600\" height=\"426\" srcset=\"https:\/\/elcotarro.com\/wp-content\/uploads\/2014\/11\/Beatriz-Laynez-Forni\u00e9s.jpg 819w, https:\/\/elcotarro.com\/wp-content\/uploads\/2014\/11\/Beatriz-Laynez-Forni\u00e9s-300x213.jpg 300w\" sizes=\"auto, (max-width: 600px) 100vw, 600px\" \/><\/a><\/p>\n<p class=\"comentario\" style=\"text-align: center;\"><em>La dise\u00f1adora tinerfe\u00f1a, Beatriz Laynez, experta en espectaculares tocados.<\/em><\/p>\n","protected":false},"excerpt":{"rendered":"<p>\u2666\u00a0Termino como siempre en positivo, anim\u00e1ndoles a que este pr\u00f3ximo mi\u00e9rcoles, 12 de noviembre, d\u00eda de la tradicional \u00abFuga de San Diego\u00bb, nos \u00abfuguemos\u00bb todos a la sede del Tenerife Espacio de las Artes (TEA), en Santa Cruz de Tenerife, para disfrutar de un solidario desfile de modas, con tres motivos para ir, a cual &#8230; <a class=\"read-more\" href=\"https:\/\/elcotarro.com\/?p=356\">Read more<\/a><\/p>\n","protected":false},"author":2,"featured_media":0,"comment_status":"open","ping_status":"open","sticky":false,"template":"","format":"standard","meta":{"_jetpack_memberships_contains_paid_content":false,"footnotes":""},"categories":[54],"tags":[171,172],"class_list":["post-356","post","type-post","status-publish","format-standard","hentry","category-personajes","tag-beatriz-laynez","tag-teria-yabar"],"yoast_head":"<!-- This site is optimized with the Yoast SEO plugin v27.0 - https:\/\/yoast.com\/product\/yoast-seo-wordpress\/ -->\n<title>TERIA YABAR Y BEATRIZ LAYNEZ CON AMATE - El Cotarro<\/title>\n<meta name=\"robots\" content=\"index, follow, max-snippet:-1, max-image-preview:large, max-video-preview:-1\" \/>\n<link rel=\"canonical\" href=\"https:\/\/elcotarro.com\/?p=356\" \/>\n<meta property=\"og:locale\" content=\"es_ES\" \/>\n<meta property=\"og:type\" content=\"article\" \/>\n<meta property=\"og:title\" content=\"TERIA YABAR Y BEATRIZ LAYNEZ CON AMATE - El Cotarro\" \/>\n<meta property=\"og:description\" content=\"\u2666\u00a0Termino como siempre en positivo, anim\u00e1ndoles a que este pr\u00f3ximo mi\u00e9rcoles, 12 de noviembre, d\u00eda de la tradicional \u00abFuga de San Diego\u00bb, nos \u00abfuguemos\u00bb todos a la sede del Tenerife Espacio de las Artes (TEA), en Santa Cruz de Tenerife, para disfrutar de un solidario desfile de modas, con tres motivos para ir, a cual ... Read more\" \/>\n<meta property=\"og:url\" content=\"https:\/\/elcotarro.com\/?p=356\" \/>\n<meta property=\"og:site_name\" content=\"El Cotarro\" \/>\n<meta property=\"article:publisher\" content=\"https:\/\/www.facebook.com\/ElCotarro.Tenerife\" \/>\n<meta property=\"article:published_time\" content=\"2014-11-09T00:01:13+00:00\" \/>\n<meta name=\"author\" content=\"Jos\u00e9 Carlos Marrero Gonz\u00e1lez\" \/>\n<meta name=\"twitter:label1\" content=\"Escrito por\" \/>\n\t<meta name=\"twitter:data1\" content=\"Jos\u00e9 Carlos Marrero Gonz\u00e1lez\" \/>\n\t<meta name=\"twitter:label2\" content=\"Tiempo de lectura\" \/>\n\t<meta name=\"twitter:data2\" content=\"1 minuto\" \/>\n<script type=\"application\/ld+json\" class=\"yoast-schema-graph\">{\"@context\":\"https:\/\/schema.org\",\"@graph\":[{\"@type\":\"Article\",\"@id\":\"https:\/\/elcotarro.com\/?p=356#article\",\"isPartOf\":{\"@id\":\"https:\/\/elcotarro.com\/?p=356\"},\"author\":{\"name\":\"Jos\u00e9 Carlos Marrero Gonz\u00e1lez\",\"@id\":\"https:\/\/elcotarro.com\/#\/schema\/person\/af537ee7d60d15984c7e0affcd8a918b\"},\"headline\":\"TERIA YABAR Y BEATRIZ LAYNEZ CON AMATE\",\"datePublished\":\"2014-11-09T00:01:13+00:00\",\"mainEntityOfPage\":{\"@id\":\"https:\/\/elcotarro.com\/?p=356\"},\"wordCount\":151,\"commentCount\":0,\"publisher\":{\"@id\":\"https:\/\/elcotarro.com\/#organization\"},\"keywords\":[\"Beatriz Laynez\",\"Teria Yabar\"],\"articleSection\":[\"Personajes\"],\"inLanguage\":\"es\",\"potentialAction\":[{\"@type\":\"CommentAction\",\"name\":\"Comment\",\"target\":[\"https:\/\/elcotarro.com\/?p=356#respond\"]}]},{\"@type\":\"WebPage\",\"@id\":\"https:\/\/elcotarro.com\/?p=356\",\"url\":\"https:\/\/elcotarro.com\/?p=356\",\"name\":\"TERIA YABAR Y BEATRIZ LAYNEZ CON AMATE - El Cotarro\",\"isPartOf\":{\"@id\":\"https:\/\/elcotarro.com\/#website\"},\"datePublished\":\"2014-11-09T00:01:13+00:00\",\"breadcrumb\":{\"@id\":\"https:\/\/elcotarro.com\/?p=356#breadcrumb\"},\"inLanguage\":\"es\",\"potentialAction\":[{\"@type\":\"ReadAction\",\"target\":[\"https:\/\/elcotarro.com\/?p=356\"]}]},{\"@type\":\"BreadcrumbList\",\"@id\":\"https:\/\/elcotarro.com\/?p=356#breadcrumb\",\"itemListElement\":[{\"@type\":\"ListItem\",\"position\":1,\"name\":\"Portada\",\"item\":\"https:\/\/elcotarro.com\/\"},{\"@type\":\"ListItem\",\"position\":2,\"name\":\"TERIA YABAR Y BEATRIZ LAYNEZ CON AMATE\"}]},{\"@type\":\"WebSite\",\"@id\":\"https:\/\/elcotarro.com\/#website\",\"url\":\"https:\/\/elcotarro.com\/\",\"name\":\"El Cotarro\",\"description\":\"Peri\u00f3dico Digital Independiente dirigido por Jos\u00e9 Carlos Marrero\",\"publisher\":{\"@id\":\"https:\/\/elcotarro.com\/#organization\"},\"potentialAction\":[{\"@type\":\"SearchAction\",\"target\":{\"@type\":\"EntryPoint\",\"urlTemplate\":\"https:\/\/elcotarro.com\/?s={search_term_string}\"},\"query-input\":{\"@type\":\"PropertyValueSpecification\",\"valueRequired\":true,\"valueName\":\"search_term_string\"}}],\"inLanguage\":\"es\"},{\"@type\":\"Organization\",\"@id\":\"https:\/\/elcotarro.com\/#organization\",\"name\":\"El Cotarro\",\"url\":\"https:\/\/elcotarro.com\/\",\"logo\":{\"@type\":\"ImageObject\",\"inLanguage\":\"es\",\"@id\":\"https:\/\/elcotarro.com\/#\/schema\/logo\/image\/\",\"url\":\"https:\/\/elcotarro.com\/wp-content\/uploads\/2014\/09\/Cabecera_El_Cotarro_v2.jpg\",\"contentUrl\":\"https:\/\/elcotarro.com\/wp-content\/uploads\/2014\/09\/Cabecera_El_Cotarro_v2.jpg\",\"width\":3540,\"height\":441,\"caption\":\"El Cotarro\"},\"image\":{\"@id\":\"https:\/\/elcotarro.com\/#\/schema\/logo\/image\/\"},\"sameAs\":[\"https:\/\/www.facebook.com\/ElCotarro.Tenerife\"]},{\"@type\":\"Person\",\"@id\":\"https:\/\/elcotarro.com\/#\/schema\/person\/af537ee7d60d15984c7e0affcd8a918b\",\"name\":\"Jos\u00e9 Carlos Marrero Gonz\u00e1lez\",\"image\":{\"@type\":\"ImageObject\",\"inLanguage\":\"es\",\"@id\":\"https:\/\/elcotarro.com\/#\/schema\/person\/image\/\",\"url\":\"https:\/\/secure.gravatar.com\/avatar\/def4da036efb5d32c74d49c351f6dccc064dd69ad9f3aadc295c5a9a5391ca01?s=96&d=mm&r=g\",\"contentUrl\":\"https:\/\/secure.gravatar.com\/avatar\/def4da036efb5d32c74d49c351f6dccc064dd69ad9f3aadc295c5a9a5391ca01?s=96&d=mm&r=g\",\"caption\":\"Jos\u00e9 Carlos Marrero Gonz\u00e1lez\"},\"sameAs\":[\"https:\/\/elcotarro.com\"],\"url\":\"https:\/\/elcotarro.com\/?author=2\"}]}<\/script>\n<!-- \/ Yoast SEO plugin. -->","yoast_head_json":{"title":"TERIA YABAR Y BEATRIZ LAYNEZ CON AMATE - El Cotarro","robots":{"index":"index","follow":"follow","max-snippet":"max-snippet:-1","max-image-preview":"max-image-preview:large","max-video-preview":"max-video-preview:-1"},"canonical":"https:\/\/elcotarro.com\/?p=356","og_locale":"es_ES","og_type":"article","og_title":"TERIA YABAR Y BEATRIZ LAYNEZ CON AMATE - El Cotarro","og_description":"\u2666\u00a0Termino como siempre en positivo, anim\u00e1ndoles a que este pr\u00f3ximo mi\u00e9rcoles, 12 de noviembre, d\u00eda de la tradicional \u00abFuga de San Diego\u00bb, nos \u00abfuguemos\u00bb todos a la sede del Tenerife Espacio de las Artes (TEA), en Santa Cruz de Tenerife, para disfrutar de un solidario desfile de modas, con tres motivos para ir, a cual ... Read more","og_url":"https:\/\/elcotarro.com\/?p=356","og_site_name":"El Cotarro","article_publisher":"https:\/\/www.facebook.com\/ElCotarro.Tenerife","article_published_time":"2014-11-09T00:01:13+00:00","author":"Jos\u00e9 Carlos Marrero Gonz\u00e1lez","twitter_misc":{"Escrito por":"Jos\u00e9 Carlos Marrero Gonz\u00e1lez","Tiempo de lectura":"1 minuto"},"schema":{"@context":"https:\/\/schema.org","@graph":[{"@type":"Article","@id":"https:\/\/elcotarro.com\/?p=356#article","isPartOf":{"@id":"https:\/\/elcotarro.com\/?p=356"},"author":{"name":"Jos\u00e9 Carlos Marrero Gonz\u00e1lez","@id":"https:\/\/elcotarro.com\/#\/schema\/person\/af537ee7d60d15984c7e0affcd8a918b"},"headline":"TERIA YABAR Y BEATRIZ LAYNEZ CON AMATE","datePublished":"2014-11-09T00:01:13+00:00","mainEntityOfPage":{"@id":"https:\/\/elcotarro.com\/?p=356"},"wordCount":151,"commentCount":0,"publisher":{"@id":"https:\/\/elcotarro.com\/#organization"},"keywords":["Beatriz Laynez","Teria Yabar"],"articleSection":["Personajes"],"inLanguage":"es","potentialAction":[{"@type":"CommentAction","name":"Comment","target":["https:\/\/elcotarro.com\/?p=356#respond"]}]},{"@type":"WebPage","@id":"https:\/\/elcotarro.com\/?p=356","url":"https:\/\/elcotarro.com\/?p=356","name":"TERIA YABAR Y BEATRIZ LAYNEZ CON AMATE - El Cotarro","isPartOf":{"@id":"https:\/\/elcotarro.com\/#website"},"datePublished":"2014-11-09T00:01:13+00:00","breadcrumb":{"@id":"https:\/\/elcotarro.com\/?p=356#breadcrumb"},"inLanguage":"es","potentialAction":[{"@type":"ReadAction","target":["https:\/\/elcotarro.com\/?p=356"]}]},{"@type":"BreadcrumbList","@id":"https:\/\/elcotarro.com\/?p=356#breadcrumb","itemListElement":[{"@type":"ListItem","position":1,"name":"Portada","item":"https:\/\/elcotarro.com\/"},{"@type":"ListItem","position":2,"name":"TERIA YABAR Y BEATRIZ LAYNEZ CON AMATE"}]},{"@type":"WebSite","@id":"https:\/\/elcotarro.com\/#website","url":"https:\/\/elcotarro.com\/","name":"El Cotarro","description":"Peri\u00f3dico Digital Independiente dirigido por Jos\u00e9 Carlos Marrero","publisher":{"@id":"https:\/\/elcotarro.com\/#organization"},"potentialAction":[{"@type":"SearchAction","target":{"@type":"EntryPoint","urlTemplate":"https:\/\/elcotarro.com\/?s={search_term_string}"},"query-input":{"@type":"PropertyValueSpecification","valueRequired":true,"valueName":"search_term_string"}}],"inLanguage":"es"},{"@type":"Organization","@id":"https:\/\/elcotarro.com\/#organization","name":"El Cotarro","url":"https:\/\/elcotarro.com\/","logo":{"@type":"ImageObject","inLanguage":"es","@id":"https:\/\/elcotarro.com\/#\/schema\/logo\/image\/","url":"https:\/\/elcotarro.com\/wp-content\/uploads\/2014\/09\/Cabecera_El_Cotarro_v2.jpg","contentUrl":"https:\/\/elcotarro.com\/wp-content\/uploads\/2014\/09\/Cabecera_El_Cotarro_v2.jpg","width":3540,"height":441,"caption":"El Cotarro"},"image":{"@id":"https:\/\/elcotarro.com\/#\/schema\/logo\/image\/"},"sameAs":["https:\/\/www.facebook.com\/ElCotarro.Tenerife"]},{"@type":"Person","@id":"https:\/\/elcotarro.com\/#\/schema\/person\/af537ee7d60d15984c7e0affcd8a918b","name":"Jos\u00e9 Carlos Marrero Gonz\u00e1lez","image":{"@type":"ImageObject","inLanguage":"es","@id":"https:\/\/elcotarro.com\/#\/schema\/person\/image\/","url":"https:\/\/secure.gravatar.com\/avatar\/def4da036efb5d32c74d49c351f6dccc064dd69ad9f3aadc295c5a9a5391ca01?s=96&d=mm&r=g","contentUrl":"https:\/\/secure.gravatar.com\/avatar\/def4da036efb5d32c74d49c351f6dccc064dd69ad9f3aadc295c5a9a5391ca01?s=96&d=mm&r=g","caption":"Jos\u00e9 Carlos Marrero Gonz\u00e1lez"},"sameAs":["https:\/\/elcotarro.com"],"url":"https:\/\/elcotarro.com\/?author=2"}]}},"jetpack_featured_media_url":"","jetpack_sharing_enabled":true,"_links":{"self":[{"href":"https:\/\/elcotarro.com\/index.php?rest_route=\/wp\/v2\/posts\/356","targetHints":{"allow":["GET"]}}],"collection":[{"href":"https:\/\/elcotarro.com\/index.php?rest_route=\/wp\/v2\/posts"}],"about":[{"href":"https:\/\/elcotarro.com\/index.php?rest_route=\/wp\/v2\/types\/post"}],"author":[{"embeddable":true,"href":"https:\/\/elcotarro.com\/index.php?rest_route=\/wp\/v2\/users\/2"}],"replies":[{"embeddable":true,"href":"https:\/\/elcotarro.com\/index.php?rest_route=%2Fwp%2Fv2%2Fcomments&post=356"}],"version-history":[{"count":2,"href":"https:\/\/elcotarro.com\/index.php?rest_route=\/wp\/v2\/posts\/356\/revisions"}],"predecessor-version":[{"id":363,"href":"https:\/\/elcotarro.com\/index.php?rest_route=\/wp\/v2\/posts\/356\/revisions\/363"}],"wp:attachment":[{"href":"https:\/\/elcotarro.com\/index.php?rest_route=%2Fwp%2Fv2%2Fmedia&parent=356"}],"wp:term":[{"taxonomy":"category","embeddable":true,"href":"https:\/\/elcotarro.com\/index.php?rest_route=%2Fwp%2Fv2%2Fcategories&post=356"},{"taxonomy":"post_tag","embeddable":true,"href":"https:\/\/elcotarro.com\/index.php?rest_route=%2Fwp%2Fv2%2Ftags&post=356"}],"curies":[{"name":"wp","href":"https:\/\/api.w.org\/{rel}","templated":true}]}}