{"id":3567,"date":"2016-12-18T11:04:26","date_gmt":"2016-12-18T11:04:26","guid":{"rendered":"https:\/\/elcotarro.com\/?p=3567"},"modified":"2016-12-18T10:33:20","modified_gmt":"2016-12-18T10:33:20","slug":"no-para-irte-con-tu-suegra","status":"publish","type":"post","link":"https:\/\/elcotarro.com\/?p=3567","title":{"rendered":"NO PARA IRTE CON TU SUEGRA"},"content":{"rendered":"<p>Alguno de los presentes pregunt\u00f3 a <strong>Fernando Clavijo<\/strong> por lo que finalmente pasar\u00e1 este pr\u00f3ximo martes si al final los diputados del PSOE no dan su voto favorable a la Ley de Presupuestos para 2017. Hay que decir que el presidente se mostr\u00f3 tranquilo y a la expectativa, pero confiado, manifestando lo obvio: habr\u00e1 que esperar al mi\u00e9rcoles\u2026 Pero el inteligente y siempre agudo l\u00edder indiscutible del sector ganadero, <strong>Pedro Molina<\/strong>, le dio su opini\u00f3n personal a Clavijo, dici\u00e9ndole que\u2026 <em>\u201cno te separes de tu mujer, para casarte con tu suegra\u201d<\/em> a\u00f1adiendo\u2026 <em>\u201cporque eso no tiene sentido\u201d\u2026<\/em> Para rematar dici\u00e9ndole <em>\u201clo l\u00f3gico es que la hija haya salido a la madre\u2026 y la madre puede ser peor\u201d.<\/em> Son los pensamientos, los comentarios o las frases lapidarias del gran <strong>Pedro Molina<\/strong>, que suelen ser prof\u00e9ticas\u2026 Ojal\u00e1 que el pr\u00f3ximo mi\u00e9rcoles en el Parlamento Canario y con los dichosos pr\u00f3ximos presupuestos\u2026 triunfe el amor.<\/p>\n<p style=\"text-align: center\"><a href=\"https:\/\/elcotarro.com\/wp-content\/uploads\/2016\/12\/FOTO-2.-FERNANDO-Y-PEDRO.jpg\"><img loading=\"lazy\" decoding=\"async\" class=\"alignnone size-full wp-image-3568\" src=\"https:\/\/elcotarro.com\/wp-content\/uploads\/2016\/12\/FOTO-2.-FERNANDO-Y-PEDRO.jpg\" alt=\"\" width=\"3872\" height=\"2592\" srcset=\"https:\/\/elcotarro.com\/wp-content\/uploads\/2016\/12\/FOTO-2.-FERNANDO-Y-PEDRO.jpg 3872w, https:\/\/elcotarro.com\/wp-content\/uploads\/2016\/12\/FOTO-2.-FERNANDO-Y-PEDRO-300x201.jpg 300w, https:\/\/elcotarro.com\/wp-content\/uploads\/2016\/12\/FOTO-2.-FERNANDO-Y-PEDRO-1024x685.jpg 1024w\" sizes=\"auto, (max-width: 3872px) 100vw, 3872px\" \/><\/a><\/p>\n<p style=\"text-align: center\"><em>Fernando Clavijo (i) escuchando atentamente (y aprendiendo) de Pedro Molina<\/em><\/p>\n","protected":false},"excerpt":{"rendered":"<p>Alguno de los presentes pregunt\u00f3 a Fernando Clavijo por lo que finalmente pasar\u00e1 este pr\u00f3ximo martes si al final los diputados del PSOE no dan su voto favorable a la Ley de Presupuestos para 2017. Hay que decir que el presidente se mostr\u00f3 tranquilo y a la expectativa, pero confiado, manifestando lo obvio: habr\u00e1 que &#8230; <a class=\"read-more\" href=\"https:\/\/elcotarro.com\/?p=3567\">Read more<\/a><\/p>\n","protected":false},"author":2,"featured_media":0,"comment_status":"open","ping_status":"open","sticky":false,"template":"","format":"standard","meta":{"_jetpack_memberships_contains_paid_content":false,"footnotes":""},"categories":[1],"tags":[],"class_list":["post-3567","post","type-post","status-publish","format-standard","hentry","category-sin-categoria"],"yoast_head":"<!-- This site is optimized with the Yoast SEO plugin v27.0 - https:\/\/yoast.com\/product\/yoast-seo-wordpress\/ -->\n<title>NO PARA IRTE CON TU SUEGRA - El Cotarro<\/title>\n<meta name=\"robots\" content=\"index, follow, max-snippet:-1, max-image-preview:large, max-video-preview:-1\" \/>\n<link rel=\"canonical\" href=\"https:\/\/elcotarro.com\/?p=3567\" \/>\n<meta property=\"og:locale\" content=\"es_ES\" \/>\n<meta property=\"og:type\" content=\"article\" \/>\n<meta property=\"og:title\" content=\"NO PARA IRTE CON TU SUEGRA - El Cotarro\" \/>\n<meta property=\"og:description\" content=\"Alguno de los presentes pregunt\u00f3 a Fernando Clavijo por lo que finalmente pasar\u00e1 este pr\u00f3ximo martes si al final los diputados del PSOE no dan su voto favorable a la Ley de Presupuestos para 2017. Hay que decir que el presidente se mostr\u00f3 tranquilo y a la expectativa, pero confiado, manifestando lo obvio: habr\u00e1 que ... Read more\" \/>\n<meta property=\"og:url\" content=\"https:\/\/elcotarro.com\/?p=3567\" \/>\n<meta property=\"og:site_name\" content=\"El Cotarro\" \/>\n<meta property=\"article:publisher\" content=\"https:\/\/www.facebook.com\/ElCotarro.Tenerife\" \/>\n<meta property=\"article:published_time\" content=\"2016-12-18T11:04:26+00:00\" \/>\n<meta property=\"og:image\" content=\"https:\/\/elcotarro.com\/wp-content\/uploads\/2016\/12\/FOTO-2.-FERNANDO-Y-PEDRO.jpg\" \/>\n<meta name=\"author\" content=\"Jos\u00e9 Carlos Marrero Gonz\u00e1lez\" \/>\n<meta name=\"twitter:label1\" content=\"Escrito por\" \/>\n\t<meta name=\"twitter:data1\" content=\"Jos\u00e9 Carlos Marrero Gonz\u00e1lez\" \/>\n\t<meta name=\"twitter:label2\" content=\"Tiempo de lectura\" \/>\n\t<meta name=\"twitter:data2\" content=\"1 minuto\" \/>\n<script type=\"application\/ld+json\" class=\"yoast-schema-graph\">{\"@context\":\"https:\/\/schema.org\",\"@graph\":[{\"@type\":\"Article\",\"@id\":\"https:\/\/elcotarro.com\/?p=3567#article\",\"isPartOf\":{\"@id\":\"https:\/\/elcotarro.com\/?p=3567\"},\"author\":{\"name\":\"Jos\u00e9 Carlos Marrero Gonz\u00e1lez\",\"@id\":\"https:\/\/elcotarro.com\/#\/schema\/person\/af537ee7d60d15984c7e0affcd8a918b\"},\"headline\":\"NO PARA IRTE CON TU SUEGRA\",\"datePublished\":\"2016-12-18T11:04:26+00:00\",\"mainEntityOfPage\":{\"@id\":\"https:\/\/elcotarro.com\/?p=3567\"},\"wordCount\":179,\"commentCount\":0,\"publisher\":{\"@id\":\"https:\/\/elcotarro.com\/#organization\"},\"image\":{\"@id\":\"https:\/\/elcotarro.com\/?p=3567#primaryimage\"},\"thumbnailUrl\":\"https:\/\/elcotarro.com\/wp-content\/uploads\/2016\/12\/FOTO-2.-FERNANDO-Y-PEDRO.jpg\",\"inLanguage\":\"es\",\"potentialAction\":[{\"@type\":\"CommentAction\",\"name\":\"Comment\",\"target\":[\"https:\/\/elcotarro.com\/?p=3567#respond\"]}]},{\"@type\":\"WebPage\",\"@id\":\"https:\/\/elcotarro.com\/?p=3567\",\"url\":\"https:\/\/elcotarro.com\/?p=3567\",\"name\":\"NO PARA IRTE CON TU SUEGRA - El Cotarro\",\"isPartOf\":{\"@id\":\"https:\/\/elcotarro.com\/#website\"},\"primaryImageOfPage\":{\"@id\":\"https:\/\/elcotarro.com\/?p=3567#primaryimage\"},\"image\":{\"@id\":\"https:\/\/elcotarro.com\/?p=3567#primaryimage\"},\"thumbnailUrl\":\"https:\/\/elcotarro.com\/wp-content\/uploads\/2016\/12\/FOTO-2.-FERNANDO-Y-PEDRO.jpg\",\"datePublished\":\"2016-12-18T11:04:26+00:00\",\"breadcrumb\":{\"@id\":\"https:\/\/elcotarro.com\/?p=3567#breadcrumb\"},\"inLanguage\":\"es\",\"potentialAction\":[{\"@type\":\"ReadAction\",\"target\":[\"https:\/\/elcotarro.com\/?p=3567\"]}]},{\"@type\":\"ImageObject\",\"inLanguage\":\"es\",\"@id\":\"https:\/\/elcotarro.com\/?p=3567#primaryimage\",\"url\":\"https:\/\/elcotarro.com\/wp-content\/uploads\/2016\/12\/FOTO-2.-FERNANDO-Y-PEDRO.jpg\",\"contentUrl\":\"https:\/\/elcotarro.com\/wp-content\/uploads\/2016\/12\/FOTO-2.-FERNANDO-Y-PEDRO.jpg\",\"width\":3872,\"height\":2592},{\"@type\":\"BreadcrumbList\",\"@id\":\"https:\/\/elcotarro.com\/?p=3567#breadcrumb\",\"itemListElement\":[{\"@type\":\"ListItem\",\"position\":1,\"name\":\"Portada\",\"item\":\"https:\/\/elcotarro.com\/\"},{\"@type\":\"ListItem\",\"position\":2,\"name\":\"NO PARA IRTE CON TU SUEGRA\"}]},{\"@type\":\"WebSite\",\"@id\":\"https:\/\/elcotarro.com\/#website\",\"url\":\"https:\/\/elcotarro.com\/\",\"name\":\"El Cotarro\",\"description\":\"Peri\u00f3dico Digital Independiente dirigido por Jos\u00e9 Carlos Marrero\",\"publisher\":{\"@id\":\"https:\/\/elcotarro.com\/#organization\"},\"potentialAction\":[{\"@type\":\"SearchAction\",\"target\":{\"@type\":\"EntryPoint\",\"urlTemplate\":\"https:\/\/elcotarro.com\/?s={search_term_string}\"},\"query-input\":{\"@type\":\"PropertyValueSpecification\",\"valueRequired\":true,\"valueName\":\"search_term_string\"}}],\"inLanguage\":\"es\"},{\"@type\":\"Organization\",\"@id\":\"https:\/\/elcotarro.com\/#organization\",\"name\":\"El Cotarro\",\"url\":\"https:\/\/elcotarro.com\/\",\"logo\":{\"@type\":\"ImageObject\",\"inLanguage\":\"es\",\"@id\":\"https:\/\/elcotarro.com\/#\/schema\/logo\/image\/\",\"url\":\"https:\/\/elcotarro.com\/wp-content\/uploads\/2014\/09\/Cabecera_El_Cotarro_v2.jpg\",\"contentUrl\":\"https:\/\/elcotarro.com\/wp-content\/uploads\/2014\/09\/Cabecera_El_Cotarro_v2.jpg\",\"width\":3540,\"height\":441,\"caption\":\"El Cotarro\"},\"image\":{\"@id\":\"https:\/\/elcotarro.com\/#\/schema\/logo\/image\/\"},\"sameAs\":[\"https:\/\/www.facebook.com\/ElCotarro.Tenerife\"]},{\"@type\":\"Person\",\"@id\":\"https:\/\/elcotarro.com\/#\/schema\/person\/af537ee7d60d15984c7e0affcd8a918b\",\"name\":\"Jos\u00e9 Carlos Marrero Gonz\u00e1lez\",\"image\":{\"@type\":\"ImageObject\",\"inLanguage\":\"es\",\"@id\":\"https:\/\/elcotarro.com\/#\/schema\/person\/image\/\",\"url\":\"https:\/\/secure.gravatar.com\/avatar\/def4da036efb5d32c74d49c351f6dccc064dd69ad9f3aadc295c5a9a5391ca01?s=96&d=mm&r=g\",\"contentUrl\":\"https:\/\/secure.gravatar.com\/avatar\/def4da036efb5d32c74d49c351f6dccc064dd69ad9f3aadc295c5a9a5391ca01?s=96&d=mm&r=g\",\"caption\":\"Jos\u00e9 Carlos Marrero Gonz\u00e1lez\"},\"sameAs\":[\"https:\/\/elcotarro.com\"],\"url\":\"https:\/\/elcotarro.com\/?author=2\"}]}<\/script>\n<!-- \/ Yoast SEO plugin. -->","yoast_head_json":{"title":"NO PARA IRTE CON TU SUEGRA - El Cotarro","robots":{"index":"index","follow":"follow","max-snippet":"max-snippet:-1","max-image-preview":"max-image-preview:large","max-video-preview":"max-video-preview:-1"},"canonical":"https:\/\/elcotarro.com\/?p=3567","og_locale":"es_ES","og_type":"article","og_title":"NO PARA IRTE CON TU SUEGRA - El Cotarro","og_description":"Alguno de los presentes pregunt\u00f3 a Fernando Clavijo por lo que finalmente pasar\u00e1 este pr\u00f3ximo martes si al final los diputados del PSOE no dan su voto favorable a la Ley de Presupuestos para 2017. Hay que decir que el presidente se mostr\u00f3 tranquilo y a la expectativa, pero confiado, manifestando lo obvio: habr\u00e1 que ... Read more","og_url":"https:\/\/elcotarro.com\/?p=3567","og_site_name":"El Cotarro","article_publisher":"https:\/\/www.facebook.com\/ElCotarro.Tenerife","article_published_time":"2016-12-18T11:04:26+00:00","og_image":[{"url":"https:\/\/elcotarro.com\/wp-content\/uploads\/2016\/12\/FOTO-2.-FERNANDO-Y-PEDRO.jpg","type":"","width":"","height":""}],"author":"Jos\u00e9 Carlos Marrero Gonz\u00e1lez","twitter_misc":{"Escrito por":"Jos\u00e9 Carlos Marrero Gonz\u00e1lez","Tiempo de lectura":"1 minuto"},"schema":{"@context":"https:\/\/schema.org","@graph":[{"@type":"Article","@id":"https:\/\/elcotarro.com\/?p=3567#article","isPartOf":{"@id":"https:\/\/elcotarro.com\/?p=3567"},"author":{"name":"Jos\u00e9 Carlos Marrero Gonz\u00e1lez","@id":"https:\/\/elcotarro.com\/#\/schema\/person\/af537ee7d60d15984c7e0affcd8a918b"},"headline":"NO PARA IRTE CON TU SUEGRA","datePublished":"2016-12-18T11:04:26+00:00","mainEntityOfPage":{"@id":"https:\/\/elcotarro.com\/?p=3567"},"wordCount":179,"commentCount":0,"publisher":{"@id":"https:\/\/elcotarro.com\/#organization"},"image":{"@id":"https:\/\/elcotarro.com\/?p=3567#primaryimage"},"thumbnailUrl":"https:\/\/elcotarro.com\/wp-content\/uploads\/2016\/12\/FOTO-2.-FERNANDO-Y-PEDRO.jpg","inLanguage":"es","potentialAction":[{"@type":"CommentAction","name":"Comment","target":["https:\/\/elcotarro.com\/?p=3567#respond"]}]},{"@type":"WebPage","@id":"https:\/\/elcotarro.com\/?p=3567","url":"https:\/\/elcotarro.com\/?p=3567","name":"NO PARA IRTE CON TU SUEGRA - El Cotarro","isPartOf":{"@id":"https:\/\/elcotarro.com\/#website"},"primaryImageOfPage":{"@id":"https:\/\/elcotarro.com\/?p=3567#primaryimage"},"image":{"@id":"https:\/\/elcotarro.com\/?p=3567#primaryimage"},"thumbnailUrl":"https:\/\/elcotarro.com\/wp-content\/uploads\/2016\/12\/FOTO-2.-FERNANDO-Y-PEDRO.jpg","datePublished":"2016-12-18T11:04:26+00:00","breadcrumb":{"@id":"https:\/\/elcotarro.com\/?p=3567#breadcrumb"},"inLanguage":"es","potentialAction":[{"@type":"ReadAction","target":["https:\/\/elcotarro.com\/?p=3567"]}]},{"@type":"ImageObject","inLanguage":"es","@id":"https:\/\/elcotarro.com\/?p=3567#primaryimage","url":"https:\/\/elcotarro.com\/wp-content\/uploads\/2016\/12\/FOTO-2.-FERNANDO-Y-PEDRO.jpg","contentUrl":"https:\/\/elcotarro.com\/wp-content\/uploads\/2016\/12\/FOTO-2.-FERNANDO-Y-PEDRO.jpg","width":3872,"height":2592},{"@type":"BreadcrumbList","@id":"https:\/\/elcotarro.com\/?p=3567#breadcrumb","itemListElement":[{"@type":"ListItem","position":1,"name":"Portada","item":"https:\/\/elcotarro.com\/"},{"@type":"ListItem","position":2,"name":"NO PARA IRTE CON TU SUEGRA"}]},{"@type":"WebSite","@id":"https:\/\/elcotarro.com\/#website","url":"https:\/\/elcotarro.com\/","name":"El Cotarro","description":"Peri\u00f3dico Digital Independiente dirigido por Jos\u00e9 Carlos Marrero","publisher":{"@id":"https:\/\/elcotarro.com\/#organization"},"potentialAction":[{"@type":"SearchAction","target":{"@type":"EntryPoint","urlTemplate":"https:\/\/elcotarro.com\/?s={search_term_string}"},"query-input":{"@type":"PropertyValueSpecification","valueRequired":true,"valueName":"search_term_string"}}],"inLanguage":"es"},{"@type":"Organization","@id":"https:\/\/elcotarro.com\/#organization","name":"El Cotarro","url":"https:\/\/elcotarro.com\/","logo":{"@type":"ImageObject","inLanguage":"es","@id":"https:\/\/elcotarro.com\/#\/schema\/logo\/image\/","url":"https:\/\/elcotarro.com\/wp-content\/uploads\/2014\/09\/Cabecera_El_Cotarro_v2.jpg","contentUrl":"https:\/\/elcotarro.com\/wp-content\/uploads\/2014\/09\/Cabecera_El_Cotarro_v2.jpg","width":3540,"height":441,"caption":"El Cotarro"},"image":{"@id":"https:\/\/elcotarro.com\/#\/schema\/logo\/image\/"},"sameAs":["https:\/\/www.facebook.com\/ElCotarro.Tenerife"]},{"@type":"Person","@id":"https:\/\/elcotarro.com\/#\/schema\/person\/af537ee7d60d15984c7e0affcd8a918b","name":"Jos\u00e9 Carlos Marrero Gonz\u00e1lez","image":{"@type":"ImageObject","inLanguage":"es","@id":"https:\/\/elcotarro.com\/#\/schema\/person\/image\/","url":"https:\/\/secure.gravatar.com\/avatar\/def4da036efb5d32c74d49c351f6dccc064dd69ad9f3aadc295c5a9a5391ca01?s=96&d=mm&r=g","contentUrl":"https:\/\/secure.gravatar.com\/avatar\/def4da036efb5d32c74d49c351f6dccc064dd69ad9f3aadc295c5a9a5391ca01?s=96&d=mm&r=g","caption":"Jos\u00e9 Carlos Marrero Gonz\u00e1lez"},"sameAs":["https:\/\/elcotarro.com"],"url":"https:\/\/elcotarro.com\/?author=2"}]}},"jetpack_featured_media_url":"","jetpack_sharing_enabled":true,"_links":{"self":[{"href":"https:\/\/elcotarro.com\/index.php?rest_route=\/wp\/v2\/posts\/3567","targetHints":{"allow":["GET"]}}],"collection":[{"href":"https:\/\/elcotarro.com\/index.php?rest_route=\/wp\/v2\/posts"}],"about":[{"href":"https:\/\/elcotarro.com\/index.php?rest_route=\/wp\/v2\/types\/post"}],"author":[{"embeddable":true,"href":"https:\/\/elcotarro.com\/index.php?rest_route=\/wp\/v2\/users\/2"}],"replies":[{"embeddable":true,"href":"https:\/\/elcotarro.com\/index.php?rest_route=%2Fwp%2Fv2%2Fcomments&post=3567"}],"version-history":[{"count":1,"href":"https:\/\/elcotarro.com\/index.php?rest_route=\/wp\/v2\/posts\/3567\/revisions"}],"predecessor-version":[{"id":3569,"href":"https:\/\/elcotarro.com\/index.php?rest_route=\/wp\/v2\/posts\/3567\/revisions\/3569"}],"wp:attachment":[{"href":"https:\/\/elcotarro.com\/index.php?rest_route=%2Fwp%2Fv2%2Fmedia&parent=3567"}],"wp:term":[{"taxonomy":"category","embeddable":true,"href":"https:\/\/elcotarro.com\/index.php?rest_route=%2Fwp%2Fv2%2Fcategories&post=3567"},{"taxonomy":"post_tag","embeddable":true,"href":"https:\/\/elcotarro.com\/index.php?rest_route=%2Fwp%2Fv2%2Ftags&post=3567"}],"curies":[{"name":"wp","href":"https:\/\/api.w.org\/{rel}","templated":true}]}}