{"id":360,"date":"2014-11-09T00:02:26","date_gmt":"2014-11-09T00:02:26","guid":{"rendered":"https:\/\/elcotarro.com\/?p=360"},"modified":"2014-11-08T22:07:01","modified_gmt":"2014-11-08T22:07:01","slug":"pp-ppodemos-irnos-al-traste","status":"publish","type":"post","link":"https:\/\/elcotarro.com\/?p=360","title":{"rendered":"PP&#8230; PPODEMOS IRNOS AL TRASTE"},"content":{"rendered":"<p style=\"text-align: justify;\">\u2666\u00a0No se lo tomen a co\u00f1a\u2026 En el seno del PP tinerfe\u00f1o\/canario ya hay un indignado y silencioso mosqueo de no te menees, por los casos de corrupci\u00f3n que est\u00e1n aflorando por todos lados pero, sobre todo, seg\u00fan me dicen, por las mediocres manifestaciones de algunos l\u00edderes nacionales del PP para responder a la cruda actualidad que les\/nos afecta\u2026 La torpe respuesta de <strong>Mar\u00eda Dolores de Cospedal<\/strong> al ascenso de Podemos, la absurda de <strong>Carlos Floriano <\/strong>sobre la misma encuesta del CIS, las \u00abtocapelotas\u00bb de <strong>Jos\u00e9 Manuel Soria<\/strong> por el asunto del petr\u00f3leo (otro d\u00eda hablamos del bochorno p\u00fablico por la tremenda canchanchanada de la consulta de Paulino Rivero)\u2026 Todo esto hace que el personal del PP est\u00e9n mosqueados por el casi seguro batacazo electoral el pr\u00f3ximo mes de mayo en las islas, lo que supondr\u00eda un importante baj\u00f3n en n\u00famero de esca\u00f1os en el parlamento, en los cabildos y en los ayuntamientos. Y como encima hay que poner (supuestamente) chica, chico, chica, chico\u2026 Las peleas por estar en un \u00abpuesto de salida\u00bb ya est\u00e1n dejando cicatrices\u2026 Sepan que, desde hoy, faltan exactamente \u00a1\u00a1196 d\u00edas!! para el 24 de mayo de 2015.<\/p>\n<p style=\"text-align: justify;\"><a href=\"https:\/\/elcotarro.com\/wp-content\/uploads\/2014\/11\/Jos\u00e9-Manuel-Soria-con-Olga-Mar\u00eda-Henao.jpg\"><img loading=\"lazy\" decoding=\"async\" class=\"aligncenter size-full wp-image-361\" src=\"https:\/\/elcotarro.com\/wp-content\/uploads\/2014\/11\/Jos\u00e9-Manuel-Soria-con-Olga-Mar\u00eda-Henao.jpg\" alt=\"Jos\u00e9 Manuel Soria con Olga Mar\u00eda Henao\" width=\"319\" height=\"298\" srcset=\"https:\/\/elcotarro.com\/wp-content\/uploads\/2014\/11\/Jos\u00e9-Manuel-Soria-con-Olga-Mar\u00eda-Henao.jpg 319w, https:\/\/elcotarro.com\/wp-content\/uploads\/2014\/11\/Jos\u00e9-Manuel-Soria-con-Olga-Mar\u00eda-Henao-300x280.jpg 300w\" sizes=\"auto, (max-width: 319px) 100vw, 319px\" \/><\/a><\/p>\n<p class=\"Comentario\" style=\"text-align: center;\">Jos\u00e9 Manuel Soria con Olga Mar\u00eda Henao<\/p>\n","protected":false},"excerpt":{"rendered":"<p>\u2666\u00a0No se lo tomen a co\u00f1a\u2026 En el seno del PP tinerfe\u00f1o\/canario ya hay un indignado y silencioso mosqueo de no te menees, por los casos de corrupci\u00f3n que est\u00e1n aflorando por todos lados pero, sobre todo, seg\u00fan me dicen, por las mediocres manifestaciones de algunos l\u00edderes nacionales del PP para responder a la cruda &#8230; <a class=\"read-more\" href=\"https:\/\/elcotarro.com\/?p=360\">Read more<\/a><\/p>\n","protected":false},"author":2,"featured_media":0,"comment_status":"open","ping_status":"open","sticky":false,"template":"","format":"standard","meta":{"_jetpack_memberships_contains_paid_content":false,"footnotes":""},"categories":[7],"tags":[170,168,169],"class_list":["post-360","post","type-post","status-publish","format-standard","hentry","category-politica","tag-carlos-floriano","tag-jose-manuel-soria","tag-maria-dolores-de-cospedal"],"yoast_head":"<!-- This site is optimized with the Yoast SEO plugin v27.0 - https:\/\/yoast.com\/product\/yoast-seo-wordpress\/ -->\n<title>PP... PPODEMOS IRNOS AL TRASTE - El Cotarro<\/title>\n<meta name=\"robots\" content=\"index, follow, max-snippet:-1, max-image-preview:large, max-video-preview:-1\" \/>\n<link rel=\"canonical\" href=\"https:\/\/elcotarro.com\/?p=360\" \/>\n<meta property=\"og:locale\" content=\"es_ES\" \/>\n<meta property=\"og:type\" content=\"article\" \/>\n<meta property=\"og:title\" content=\"PP... PPODEMOS IRNOS AL TRASTE - El Cotarro\" \/>\n<meta property=\"og:description\" content=\"\u2666\u00a0No se lo tomen a co\u00f1a\u2026 En el seno del PP tinerfe\u00f1o\/canario ya hay un indignado y silencioso mosqueo de no te menees, por los casos de corrupci\u00f3n que est\u00e1n aflorando por todos lados pero, sobre todo, seg\u00fan me dicen, por las mediocres manifestaciones de algunos l\u00edderes nacionales del PP para responder a la cruda ... Read more\" \/>\n<meta property=\"og:url\" content=\"https:\/\/elcotarro.com\/?p=360\" \/>\n<meta property=\"og:site_name\" content=\"El Cotarro\" \/>\n<meta property=\"article:publisher\" content=\"https:\/\/www.facebook.com\/ElCotarro.Tenerife\" \/>\n<meta property=\"article:published_time\" content=\"2014-11-09T00:02:26+00:00\" \/>\n<meta name=\"author\" content=\"Jos\u00e9 Carlos Marrero Gonz\u00e1lez\" \/>\n<meta name=\"twitter:label1\" content=\"Escrito por\" \/>\n\t<meta name=\"twitter:data1\" content=\"Jos\u00e9 Carlos Marrero Gonz\u00e1lez\" \/>\n\t<meta name=\"twitter:label2\" content=\"Tiempo de lectura\" \/>\n\t<meta name=\"twitter:data2\" content=\"1 minuto\" \/>\n<script type=\"application\/ld+json\" class=\"yoast-schema-graph\">{\"@context\":\"https:\/\/schema.org\",\"@graph\":[{\"@type\":\"Article\",\"@id\":\"https:\/\/elcotarro.com\/?p=360#article\",\"isPartOf\":{\"@id\":\"https:\/\/elcotarro.com\/?p=360\"},\"author\":{\"name\":\"Jos\u00e9 Carlos Marrero Gonz\u00e1lez\",\"@id\":\"https:\/\/elcotarro.com\/#\/schema\/person\/af537ee7d60d15984c7e0affcd8a918b\"},\"headline\":\"PP&#8230; PPODEMOS IRNOS AL TRASTE\",\"datePublished\":\"2014-11-09T00:02:26+00:00\",\"mainEntityOfPage\":{\"@id\":\"https:\/\/elcotarro.com\/?p=360\"},\"wordCount\":222,\"commentCount\":0,\"publisher\":{\"@id\":\"https:\/\/elcotarro.com\/#organization\"},\"keywords\":[\"Carlos Floriano\",\"Jos\u00e9 Manuel Soria\",\"Mar\u00eda Dolores de Cospedal\"],\"articleSection\":[\"Pol\u00edtica\"],\"inLanguage\":\"es\",\"potentialAction\":[{\"@type\":\"CommentAction\",\"name\":\"Comment\",\"target\":[\"https:\/\/elcotarro.com\/?p=360#respond\"]}]},{\"@type\":\"WebPage\",\"@id\":\"https:\/\/elcotarro.com\/?p=360\",\"url\":\"https:\/\/elcotarro.com\/?p=360\",\"name\":\"PP... PPODEMOS IRNOS AL TRASTE - El Cotarro\",\"isPartOf\":{\"@id\":\"https:\/\/elcotarro.com\/#website\"},\"datePublished\":\"2014-11-09T00:02:26+00:00\",\"breadcrumb\":{\"@id\":\"https:\/\/elcotarro.com\/?p=360#breadcrumb\"},\"inLanguage\":\"es\",\"potentialAction\":[{\"@type\":\"ReadAction\",\"target\":[\"https:\/\/elcotarro.com\/?p=360\"]}]},{\"@type\":\"BreadcrumbList\",\"@id\":\"https:\/\/elcotarro.com\/?p=360#breadcrumb\",\"itemListElement\":[{\"@type\":\"ListItem\",\"position\":1,\"name\":\"Portada\",\"item\":\"https:\/\/elcotarro.com\/\"},{\"@type\":\"ListItem\",\"position\":2,\"name\":\"PP&#8230; PPODEMOS IRNOS AL TRASTE\"}]},{\"@type\":\"WebSite\",\"@id\":\"https:\/\/elcotarro.com\/#website\",\"url\":\"https:\/\/elcotarro.com\/\",\"name\":\"El Cotarro\",\"description\":\"Peri\u00f3dico Digital Independiente dirigido por Jos\u00e9 Carlos Marrero\",\"publisher\":{\"@id\":\"https:\/\/elcotarro.com\/#organization\"},\"potentialAction\":[{\"@type\":\"SearchAction\",\"target\":{\"@type\":\"EntryPoint\",\"urlTemplate\":\"https:\/\/elcotarro.com\/?s={search_term_string}\"},\"query-input\":{\"@type\":\"PropertyValueSpecification\",\"valueRequired\":true,\"valueName\":\"search_term_string\"}}],\"inLanguage\":\"es\"},{\"@type\":\"Organization\",\"@id\":\"https:\/\/elcotarro.com\/#organization\",\"name\":\"El Cotarro\",\"url\":\"https:\/\/elcotarro.com\/\",\"logo\":{\"@type\":\"ImageObject\",\"inLanguage\":\"es\",\"@id\":\"https:\/\/elcotarro.com\/#\/schema\/logo\/image\/\",\"url\":\"https:\/\/elcotarro.com\/wp-content\/uploads\/2014\/09\/Cabecera_El_Cotarro_v2.jpg\",\"contentUrl\":\"https:\/\/elcotarro.com\/wp-content\/uploads\/2014\/09\/Cabecera_El_Cotarro_v2.jpg\",\"width\":3540,\"height\":441,\"caption\":\"El Cotarro\"},\"image\":{\"@id\":\"https:\/\/elcotarro.com\/#\/schema\/logo\/image\/\"},\"sameAs\":[\"https:\/\/www.facebook.com\/ElCotarro.Tenerife\"]},{\"@type\":\"Person\",\"@id\":\"https:\/\/elcotarro.com\/#\/schema\/person\/af537ee7d60d15984c7e0affcd8a918b\",\"name\":\"Jos\u00e9 Carlos Marrero Gonz\u00e1lez\",\"image\":{\"@type\":\"ImageObject\",\"inLanguage\":\"es\",\"@id\":\"https:\/\/elcotarro.com\/#\/schema\/person\/image\/\",\"url\":\"https:\/\/secure.gravatar.com\/avatar\/def4da036efb5d32c74d49c351f6dccc064dd69ad9f3aadc295c5a9a5391ca01?s=96&d=mm&r=g\",\"contentUrl\":\"https:\/\/secure.gravatar.com\/avatar\/def4da036efb5d32c74d49c351f6dccc064dd69ad9f3aadc295c5a9a5391ca01?s=96&d=mm&r=g\",\"caption\":\"Jos\u00e9 Carlos Marrero Gonz\u00e1lez\"},\"sameAs\":[\"https:\/\/elcotarro.com\"],\"url\":\"https:\/\/elcotarro.com\/?author=2\"}]}<\/script>\n<!-- \/ Yoast SEO plugin. -->","yoast_head_json":{"title":"PP... PPODEMOS IRNOS AL TRASTE - El Cotarro","robots":{"index":"index","follow":"follow","max-snippet":"max-snippet:-1","max-image-preview":"max-image-preview:large","max-video-preview":"max-video-preview:-1"},"canonical":"https:\/\/elcotarro.com\/?p=360","og_locale":"es_ES","og_type":"article","og_title":"PP... PPODEMOS IRNOS AL TRASTE - El Cotarro","og_description":"\u2666\u00a0No se lo tomen a co\u00f1a\u2026 En el seno del PP tinerfe\u00f1o\/canario ya hay un indignado y silencioso mosqueo de no te menees, por los casos de corrupci\u00f3n que est\u00e1n aflorando por todos lados pero, sobre todo, seg\u00fan me dicen, por las mediocres manifestaciones de algunos l\u00edderes nacionales del PP para responder a la cruda ... Read more","og_url":"https:\/\/elcotarro.com\/?p=360","og_site_name":"El Cotarro","article_publisher":"https:\/\/www.facebook.com\/ElCotarro.Tenerife","article_published_time":"2014-11-09T00:02:26+00:00","author":"Jos\u00e9 Carlos Marrero Gonz\u00e1lez","twitter_misc":{"Escrito por":"Jos\u00e9 Carlos Marrero Gonz\u00e1lez","Tiempo de lectura":"1 minuto"},"schema":{"@context":"https:\/\/schema.org","@graph":[{"@type":"Article","@id":"https:\/\/elcotarro.com\/?p=360#article","isPartOf":{"@id":"https:\/\/elcotarro.com\/?p=360"},"author":{"name":"Jos\u00e9 Carlos Marrero Gonz\u00e1lez","@id":"https:\/\/elcotarro.com\/#\/schema\/person\/af537ee7d60d15984c7e0affcd8a918b"},"headline":"PP&#8230; PPODEMOS IRNOS AL TRASTE","datePublished":"2014-11-09T00:02:26+00:00","mainEntityOfPage":{"@id":"https:\/\/elcotarro.com\/?p=360"},"wordCount":222,"commentCount":0,"publisher":{"@id":"https:\/\/elcotarro.com\/#organization"},"keywords":["Carlos Floriano","Jos\u00e9 Manuel Soria","Mar\u00eda Dolores de Cospedal"],"articleSection":["Pol\u00edtica"],"inLanguage":"es","potentialAction":[{"@type":"CommentAction","name":"Comment","target":["https:\/\/elcotarro.com\/?p=360#respond"]}]},{"@type":"WebPage","@id":"https:\/\/elcotarro.com\/?p=360","url":"https:\/\/elcotarro.com\/?p=360","name":"PP... PPODEMOS IRNOS AL TRASTE - El Cotarro","isPartOf":{"@id":"https:\/\/elcotarro.com\/#website"},"datePublished":"2014-11-09T00:02:26+00:00","breadcrumb":{"@id":"https:\/\/elcotarro.com\/?p=360#breadcrumb"},"inLanguage":"es","potentialAction":[{"@type":"ReadAction","target":["https:\/\/elcotarro.com\/?p=360"]}]},{"@type":"BreadcrumbList","@id":"https:\/\/elcotarro.com\/?p=360#breadcrumb","itemListElement":[{"@type":"ListItem","position":1,"name":"Portada","item":"https:\/\/elcotarro.com\/"},{"@type":"ListItem","position":2,"name":"PP&#8230; PPODEMOS IRNOS AL TRASTE"}]},{"@type":"WebSite","@id":"https:\/\/elcotarro.com\/#website","url":"https:\/\/elcotarro.com\/","name":"El Cotarro","description":"Peri\u00f3dico Digital Independiente dirigido por Jos\u00e9 Carlos Marrero","publisher":{"@id":"https:\/\/elcotarro.com\/#organization"},"potentialAction":[{"@type":"SearchAction","target":{"@type":"EntryPoint","urlTemplate":"https:\/\/elcotarro.com\/?s={search_term_string}"},"query-input":{"@type":"PropertyValueSpecification","valueRequired":true,"valueName":"search_term_string"}}],"inLanguage":"es"},{"@type":"Organization","@id":"https:\/\/elcotarro.com\/#organization","name":"El Cotarro","url":"https:\/\/elcotarro.com\/","logo":{"@type":"ImageObject","inLanguage":"es","@id":"https:\/\/elcotarro.com\/#\/schema\/logo\/image\/","url":"https:\/\/elcotarro.com\/wp-content\/uploads\/2014\/09\/Cabecera_El_Cotarro_v2.jpg","contentUrl":"https:\/\/elcotarro.com\/wp-content\/uploads\/2014\/09\/Cabecera_El_Cotarro_v2.jpg","width":3540,"height":441,"caption":"El Cotarro"},"image":{"@id":"https:\/\/elcotarro.com\/#\/schema\/logo\/image\/"},"sameAs":["https:\/\/www.facebook.com\/ElCotarro.Tenerife"]},{"@type":"Person","@id":"https:\/\/elcotarro.com\/#\/schema\/person\/af537ee7d60d15984c7e0affcd8a918b","name":"Jos\u00e9 Carlos Marrero Gonz\u00e1lez","image":{"@type":"ImageObject","inLanguage":"es","@id":"https:\/\/elcotarro.com\/#\/schema\/person\/image\/","url":"https:\/\/secure.gravatar.com\/avatar\/def4da036efb5d32c74d49c351f6dccc064dd69ad9f3aadc295c5a9a5391ca01?s=96&d=mm&r=g","contentUrl":"https:\/\/secure.gravatar.com\/avatar\/def4da036efb5d32c74d49c351f6dccc064dd69ad9f3aadc295c5a9a5391ca01?s=96&d=mm&r=g","caption":"Jos\u00e9 Carlos Marrero Gonz\u00e1lez"},"sameAs":["https:\/\/elcotarro.com"],"url":"https:\/\/elcotarro.com\/?author=2"}]}},"jetpack_featured_media_url":"","jetpack_sharing_enabled":true,"_links":{"self":[{"href":"https:\/\/elcotarro.com\/index.php?rest_route=\/wp\/v2\/posts\/360","targetHints":{"allow":["GET"]}}],"collection":[{"href":"https:\/\/elcotarro.com\/index.php?rest_route=\/wp\/v2\/posts"}],"about":[{"href":"https:\/\/elcotarro.com\/index.php?rest_route=\/wp\/v2\/types\/post"}],"author":[{"embeddable":true,"href":"https:\/\/elcotarro.com\/index.php?rest_route=\/wp\/v2\/users\/2"}],"replies":[{"embeddable":true,"href":"https:\/\/elcotarro.com\/index.php?rest_route=%2Fwp%2Fv2%2Fcomments&post=360"}],"version-history":[{"count":1,"href":"https:\/\/elcotarro.com\/index.php?rest_route=\/wp\/v2\/posts\/360\/revisions"}],"predecessor-version":[{"id":362,"href":"https:\/\/elcotarro.com\/index.php?rest_route=\/wp\/v2\/posts\/360\/revisions\/362"}],"wp:attachment":[{"href":"https:\/\/elcotarro.com\/index.php?rest_route=%2Fwp%2Fv2%2Fmedia&parent=360"}],"wp:term":[{"taxonomy":"category","embeddable":true,"href":"https:\/\/elcotarro.com\/index.php?rest_route=%2Fwp%2Fv2%2Fcategories&post=360"},{"taxonomy":"post_tag","embeddable":true,"href":"https:\/\/elcotarro.com\/index.php?rest_route=%2Fwp%2Fv2%2Ftags&post=360"}],"curies":[{"name":"wp","href":"https:\/\/api.w.org\/{rel}","templated":true}]}}