{"id":3600,"date":"2016-12-25T17:05:05","date_gmt":"2016-12-25T17:05:05","guid":{"rendered":"https:\/\/elcotarro.com\/?p=3600"},"modified":"2016-12-25T17:05:05","modified_gmt":"2016-12-25T17:05:05","slug":"belen-antartico-en-loro-parque","status":"publish","type":"post","link":"https:\/\/elcotarro.com\/?p=3600","title":{"rendered":"BEL\u00c9N ANT\u00c1RTICO EN LORO PARQUE"},"content":{"rendered":"<p>Y de entrada lo hago celebrando que las tradiciones (sobre todo las buenas) no se pierdan. Por ello celebro que la costumbre de hacer el \u201cBel\u00e9n\u201d o el \u201cNacimiento del Ni\u00f1o Jes\u00fas\u201d se siga conservando o, como sucede en este caso, se haga por primera vez en un sitio muy, muy curioso. Me refiero al Bel\u00e9n que se ha instalado en el \u201cPlanet Penguin\u201d, el magn\u00edfico ping\u00fcinario de nuestro Loro Parque, por iniciativa de su fundador y presidente, Wolfgang Kiessling. Un atractivo Bel\u00e9n en un entorno de lo m\u00e1s curioso, rodeado por ping\u00fcinos que viven de maravilla en una instalaci\u00f3n que, en nuestro Puerto de la Cruz, recrea exactamente la estaci\u00f3n, temperatura y clima de la Ant\u00e1rtida. Hace unas semanas el Bel\u00e9n fue bendecido por nuestro obispo, <strong>Bernardo \u00c1lvarez<\/strong> y seguidamente inaugurado por el propio <strong>Wolfgang Kiessling<\/strong>, acompa\u00f1ado por la concejala de Turismo del Puerto de la Cruz, <strong>Dimple Melwani<\/strong> y por el Coro Municipal de Voces J\u00f3venes de Santa Cruz de Tenerife. Una iniciativa por la que hay que felicitar al propio <strong>Wolfgang Kiessling<\/strong> junto su esposa <strong>Brigitte<\/strong> y a todo el equipo del Loro Parque, y que pueden visitar hasta el pr\u00f3ximo 6 de enero, D\u00eda de los Reyes Magos.<\/p>\n<p style=\"text-align: center\"><a href=\"https:\/\/elcotarro.com\/wp-content\/uploads\/2016\/12\/FOTO-2.-BEL\u00c9N-EN-LORO-PARQUE.jpg\"><img loading=\"lazy\" decoding=\"async\" class=\"size-full wp-image-3601 aligncenter\" src=\"https:\/\/elcotarro.com\/wp-content\/uploads\/2016\/12\/FOTO-2.-BEL\u00c9N-EN-LORO-PARQUE.jpg\" alt=\"foto-2-belen-en-loro-parque\" width=\"6000\" height=\"4000\" srcset=\"https:\/\/elcotarro.com\/wp-content\/uploads\/2016\/12\/FOTO-2.-BEL\u00c9N-EN-LORO-PARQUE.jpg 6000w, https:\/\/elcotarro.com\/wp-content\/uploads\/2016\/12\/FOTO-2.-BEL\u00c9N-EN-LORO-PARQUE-300x200.jpg 300w, https:\/\/elcotarro.com\/wp-content\/uploads\/2016\/12\/FOTO-2.-BEL\u00c9N-EN-LORO-PARQUE-1024x683.jpg 1024w\" sizes=\"auto, (max-width: 6000px) 100vw, 6000px\" \/><\/a><\/p>\n<p style=\"text-align: center\"><em>Wolfgang Kiessling (i), Bernardo \u00c1lvarez (c) y Dimple Melwani, ante el Bel\u00e9n de Loro Parque.<\/em><\/p>\n","protected":false},"excerpt":{"rendered":"<p>Y de entrada lo hago celebrando que las tradiciones (sobre todo las buenas) no se pierdan. Por ello celebro que la costumbre de hacer el \u201cBel\u00e9n\u201d o el \u201cNacimiento del Ni\u00f1o Jes\u00fas\u201d se siga conservando o, como sucede en este caso, se haga por primera vez en un sitio muy, muy curioso. Me refiero al &#8230; <a class=\"read-more\" href=\"https:\/\/elcotarro.com\/?p=3600\">Read more<\/a><\/p>\n","protected":false},"author":2,"featured_media":0,"comment_status":"open","ping_status":"open","sticky":false,"template":"","format":"standard","meta":{"_jetpack_memberships_contains_paid_content":false,"footnotes":""},"categories":[1],"tags":[],"class_list":["post-3600","post","type-post","status-publish","format-standard","hentry","category-sin-categoria"],"yoast_head":"<!-- This site is optimized with the Yoast SEO plugin v27.0 - https:\/\/yoast.com\/product\/yoast-seo-wordpress\/ -->\n<title>BEL\u00c9N ANT\u00c1RTICO EN LORO PARQUE - El Cotarro<\/title>\n<meta name=\"robots\" content=\"index, follow, max-snippet:-1, max-image-preview:large, max-video-preview:-1\" \/>\n<link rel=\"canonical\" href=\"https:\/\/elcotarro.com\/?p=3600\" \/>\n<meta property=\"og:locale\" content=\"es_ES\" \/>\n<meta property=\"og:type\" content=\"article\" \/>\n<meta property=\"og:title\" content=\"BEL\u00c9N ANT\u00c1RTICO EN LORO PARQUE - El Cotarro\" \/>\n<meta property=\"og:description\" content=\"Y de entrada lo hago celebrando que las tradiciones (sobre todo las buenas) no se pierdan. Por ello celebro que la costumbre de hacer el \u201cBel\u00e9n\u201d o el \u201cNacimiento del Ni\u00f1o Jes\u00fas\u201d se siga conservando o, como sucede en este caso, se haga por primera vez en un sitio muy, muy curioso. Me refiero al ... Read more\" \/>\n<meta property=\"og:url\" content=\"https:\/\/elcotarro.com\/?p=3600\" \/>\n<meta property=\"og:site_name\" content=\"El Cotarro\" \/>\n<meta property=\"article:publisher\" content=\"https:\/\/www.facebook.com\/ElCotarro.Tenerife\" \/>\n<meta property=\"article:published_time\" content=\"2016-12-25T17:05:05+00:00\" \/>\n<meta name=\"author\" content=\"Jos\u00e9 Carlos Marrero Gonz\u00e1lez\" \/>\n<meta name=\"twitter:label1\" content=\"Escrito por\" \/>\n\t<meta name=\"twitter:data1\" content=\"Jos\u00e9 Carlos Marrero Gonz\u00e1lez\" \/>\n\t<meta name=\"twitter:label2\" content=\"Tiempo de lectura\" \/>\n\t<meta name=\"twitter:data2\" content=\"1 minuto\" \/>\n<script type=\"application\/ld+json\" class=\"yoast-schema-graph\">{\"@context\":\"https:\/\/schema.org\",\"@graph\":[{\"@type\":\"Article\",\"@id\":\"https:\/\/elcotarro.com\/?p=3600#article\",\"isPartOf\":{\"@id\":\"https:\/\/elcotarro.com\/?p=3600\"},\"author\":{\"name\":\"Jos\u00e9 Carlos Marrero Gonz\u00e1lez\",\"@id\":\"https:\/\/elcotarro.com\/#\/schema\/person\/af537ee7d60d15984c7e0affcd8a918b\"},\"headline\":\"BEL\u00c9N ANT\u00c1RTICO EN LORO PARQUE\",\"datePublished\":\"2016-12-25T17:05:05+00:00\",\"mainEntityOfPage\":{\"@id\":\"https:\/\/elcotarro.com\/?p=3600\"},\"wordCount\":241,\"commentCount\":0,\"publisher\":{\"@id\":\"https:\/\/elcotarro.com\/#organization\"},\"inLanguage\":\"es\",\"potentialAction\":[{\"@type\":\"CommentAction\",\"name\":\"Comment\",\"target\":[\"https:\/\/elcotarro.com\/?p=3600#respond\"]}]},{\"@type\":\"WebPage\",\"@id\":\"https:\/\/elcotarro.com\/?p=3600\",\"url\":\"https:\/\/elcotarro.com\/?p=3600\",\"name\":\"BEL\u00c9N ANT\u00c1RTICO EN LORO PARQUE - El Cotarro\",\"isPartOf\":{\"@id\":\"https:\/\/elcotarro.com\/#website\"},\"datePublished\":\"2016-12-25T17:05:05+00:00\",\"breadcrumb\":{\"@id\":\"https:\/\/elcotarro.com\/?p=3600#breadcrumb\"},\"inLanguage\":\"es\",\"potentialAction\":[{\"@type\":\"ReadAction\",\"target\":[\"https:\/\/elcotarro.com\/?p=3600\"]}]},{\"@type\":\"BreadcrumbList\",\"@id\":\"https:\/\/elcotarro.com\/?p=3600#breadcrumb\",\"itemListElement\":[{\"@type\":\"ListItem\",\"position\":1,\"name\":\"Portada\",\"item\":\"https:\/\/elcotarro.com\/\"},{\"@type\":\"ListItem\",\"position\":2,\"name\":\"BEL\u00c9N ANT\u00c1RTICO EN LORO PARQUE\"}]},{\"@type\":\"WebSite\",\"@id\":\"https:\/\/elcotarro.com\/#website\",\"url\":\"https:\/\/elcotarro.com\/\",\"name\":\"El Cotarro\",\"description\":\"Peri\u00f3dico Digital Independiente dirigido por Jos\u00e9 Carlos Marrero\",\"publisher\":{\"@id\":\"https:\/\/elcotarro.com\/#organization\"},\"potentialAction\":[{\"@type\":\"SearchAction\",\"target\":{\"@type\":\"EntryPoint\",\"urlTemplate\":\"https:\/\/elcotarro.com\/?s={search_term_string}\"},\"query-input\":{\"@type\":\"PropertyValueSpecification\",\"valueRequired\":true,\"valueName\":\"search_term_string\"}}],\"inLanguage\":\"es\"},{\"@type\":\"Organization\",\"@id\":\"https:\/\/elcotarro.com\/#organization\",\"name\":\"El Cotarro\",\"url\":\"https:\/\/elcotarro.com\/\",\"logo\":{\"@type\":\"ImageObject\",\"inLanguage\":\"es\",\"@id\":\"https:\/\/elcotarro.com\/#\/schema\/logo\/image\/\",\"url\":\"https:\/\/elcotarro.com\/wp-content\/uploads\/2014\/09\/Cabecera_El_Cotarro_v2.jpg\",\"contentUrl\":\"https:\/\/elcotarro.com\/wp-content\/uploads\/2014\/09\/Cabecera_El_Cotarro_v2.jpg\",\"width\":3540,\"height\":441,\"caption\":\"El Cotarro\"},\"image\":{\"@id\":\"https:\/\/elcotarro.com\/#\/schema\/logo\/image\/\"},\"sameAs\":[\"https:\/\/www.facebook.com\/ElCotarro.Tenerife\"]},{\"@type\":\"Person\",\"@id\":\"https:\/\/elcotarro.com\/#\/schema\/person\/af537ee7d60d15984c7e0affcd8a918b\",\"name\":\"Jos\u00e9 Carlos Marrero Gonz\u00e1lez\",\"image\":{\"@type\":\"ImageObject\",\"inLanguage\":\"es\",\"@id\":\"https:\/\/elcotarro.com\/#\/schema\/person\/image\/\",\"url\":\"https:\/\/secure.gravatar.com\/avatar\/def4da036efb5d32c74d49c351f6dccc064dd69ad9f3aadc295c5a9a5391ca01?s=96&d=mm&r=g\",\"contentUrl\":\"https:\/\/secure.gravatar.com\/avatar\/def4da036efb5d32c74d49c351f6dccc064dd69ad9f3aadc295c5a9a5391ca01?s=96&d=mm&r=g\",\"caption\":\"Jos\u00e9 Carlos Marrero Gonz\u00e1lez\"},\"sameAs\":[\"https:\/\/elcotarro.com\"],\"url\":\"https:\/\/elcotarro.com\/?author=2\"}]}<\/script>\n<!-- \/ Yoast SEO plugin. -->","yoast_head_json":{"title":"BEL\u00c9N ANT\u00c1RTICO EN LORO PARQUE - El Cotarro","robots":{"index":"index","follow":"follow","max-snippet":"max-snippet:-1","max-image-preview":"max-image-preview:large","max-video-preview":"max-video-preview:-1"},"canonical":"https:\/\/elcotarro.com\/?p=3600","og_locale":"es_ES","og_type":"article","og_title":"BEL\u00c9N ANT\u00c1RTICO EN LORO PARQUE - El Cotarro","og_description":"Y de entrada lo hago celebrando que las tradiciones (sobre todo las buenas) no se pierdan. Por ello celebro que la costumbre de hacer el \u201cBel\u00e9n\u201d o el \u201cNacimiento del Ni\u00f1o Jes\u00fas\u201d se siga conservando o, como sucede en este caso, se haga por primera vez en un sitio muy, muy curioso. Me refiero al ... Read more","og_url":"https:\/\/elcotarro.com\/?p=3600","og_site_name":"El Cotarro","article_publisher":"https:\/\/www.facebook.com\/ElCotarro.Tenerife","article_published_time":"2016-12-25T17:05:05+00:00","author":"Jos\u00e9 Carlos Marrero Gonz\u00e1lez","twitter_misc":{"Escrito por":"Jos\u00e9 Carlos Marrero Gonz\u00e1lez","Tiempo de lectura":"1 minuto"},"schema":{"@context":"https:\/\/schema.org","@graph":[{"@type":"Article","@id":"https:\/\/elcotarro.com\/?p=3600#article","isPartOf":{"@id":"https:\/\/elcotarro.com\/?p=3600"},"author":{"name":"Jos\u00e9 Carlos Marrero Gonz\u00e1lez","@id":"https:\/\/elcotarro.com\/#\/schema\/person\/af537ee7d60d15984c7e0affcd8a918b"},"headline":"BEL\u00c9N ANT\u00c1RTICO EN LORO PARQUE","datePublished":"2016-12-25T17:05:05+00:00","mainEntityOfPage":{"@id":"https:\/\/elcotarro.com\/?p=3600"},"wordCount":241,"commentCount":0,"publisher":{"@id":"https:\/\/elcotarro.com\/#organization"},"inLanguage":"es","potentialAction":[{"@type":"CommentAction","name":"Comment","target":["https:\/\/elcotarro.com\/?p=3600#respond"]}]},{"@type":"WebPage","@id":"https:\/\/elcotarro.com\/?p=3600","url":"https:\/\/elcotarro.com\/?p=3600","name":"BEL\u00c9N ANT\u00c1RTICO EN LORO PARQUE - El Cotarro","isPartOf":{"@id":"https:\/\/elcotarro.com\/#website"},"datePublished":"2016-12-25T17:05:05+00:00","breadcrumb":{"@id":"https:\/\/elcotarro.com\/?p=3600#breadcrumb"},"inLanguage":"es","potentialAction":[{"@type":"ReadAction","target":["https:\/\/elcotarro.com\/?p=3600"]}]},{"@type":"BreadcrumbList","@id":"https:\/\/elcotarro.com\/?p=3600#breadcrumb","itemListElement":[{"@type":"ListItem","position":1,"name":"Portada","item":"https:\/\/elcotarro.com\/"},{"@type":"ListItem","position":2,"name":"BEL\u00c9N ANT\u00c1RTICO EN LORO PARQUE"}]},{"@type":"WebSite","@id":"https:\/\/elcotarro.com\/#website","url":"https:\/\/elcotarro.com\/","name":"El Cotarro","description":"Peri\u00f3dico Digital Independiente dirigido por Jos\u00e9 Carlos Marrero","publisher":{"@id":"https:\/\/elcotarro.com\/#organization"},"potentialAction":[{"@type":"SearchAction","target":{"@type":"EntryPoint","urlTemplate":"https:\/\/elcotarro.com\/?s={search_term_string}"},"query-input":{"@type":"PropertyValueSpecification","valueRequired":true,"valueName":"search_term_string"}}],"inLanguage":"es"},{"@type":"Organization","@id":"https:\/\/elcotarro.com\/#organization","name":"El Cotarro","url":"https:\/\/elcotarro.com\/","logo":{"@type":"ImageObject","inLanguage":"es","@id":"https:\/\/elcotarro.com\/#\/schema\/logo\/image\/","url":"https:\/\/elcotarro.com\/wp-content\/uploads\/2014\/09\/Cabecera_El_Cotarro_v2.jpg","contentUrl":"https:\/\/elcotarro.com\/wp-content\/uploads\/2014\/09\/Cabecera_El_Cotarro_v2.jpg","width":3540,"height":441,"caption":"El Cotarro"},"image":{"@id":"https:\/\/elcotarro.com\/#\/schema\/logo\/image\/"},"sameAs":["https:\/\/www.facebook.com\/ElCotarro.Tenerife"]},{"@type":"Person","@id":"https:\/\/elcotarro.com\/#\/schema\/person\/af537ee7d60d15984c7e0affcd8a918b","name":"Jos\u00e9 Carlos Marrero Gonz\u00e1lez","image":{"@type":"ImageObject","inLanguage":"es","@id":"https:\/\/elcotarro.com\/#\/schema\/person\/image\/","url":"https:\/\/secure.gravatar.com\/avatar\/def4da036efb5d32c74d49c351f6dccc064dd69ad9f3aadc295c5a9a5391ca01?s=96&d=mm&r=g","contentUrl":"https:\/\/secure.gravatar.com\/avatar\/def4da036efb5d32c74d49c351f6dccc064dd69ad9f3aadc295c5a9a5391ca01?s=96&d=mm&r=g","caption":"Jos\u00e9 Carlos Marrero Gonz\u00e1lez"},"sameAs":["https:\/\/elcotarro.com"],"url":"https:\/\/elcotarro.com\/?author=2"}]}},"jetpack_featured_media_url":"","jetpack_sharing_enabled":true,"_links":{"self":[{"href":"https:\/\/elcotarro.com\/index.php?rest_route=\/wp\/v2\/posts\/3600","targetHints":{"allow":["GET"]}}],"collection":[{"href":"https:\/\/elcotarro.com\/index.php?rest_route=\/wp\/v2\/posts"}],"about":[{"href":"https:\/\/elcotarro.com\/index.php?rest_route=\/wp\/v2\/types\/post"}],"author":[{"embeddable":true,"href":"https:\/\/elcotarro.com\/index.php?rest_route=\/wp\/v2\/users\/2"}],"replies":[{"embeddable":true,"href":"https:\/\/elcotarro.com\/index.php?rest_route=%2Fwp%2Fv2%2Fcomments&post=3600"}],"version-history":[{"count":1,"href":"https:\/\/elcotarro.com\/index.php?rest_route=\/wp\/v2\/posts\/3600\/revisions"}],"predecessor-version":[{"id":3602,"href":"https:\/\/elcotarro.com\/index.php?rest_route=\/wp\/v2\/posts\/3600\/revisions\/3602"}],"wp:attachment":[{"href":"https:\/\/elcotarro.com\/index.php?rest_route=%2Fwp%2Fv2%2Fmedia&parent=3600"}],"wp:term":[{"taxonomy":"category","embeddable":true,"href":"https:\/\/elcotarro.com\/index.php?rest_route=%2Fwp%2Fv2%2Fcategories&post=3600"},{"taxonomy":"post_tag","embeddable":true,"href":"https:\/\/elcotarro.com\/index.php?rest_route=%2Fwp%2Fv2%2Ftags&post=3600"}],"curies":[{"name":"wp","href":"https:\/\/api.w.org\/{rel}","templated":true}]}}