{"id":3603,"date":"2016-12-25T17:05:52","date_gmt":"2016-12-25T17:05:52","guid":{"rendered":"https:\/\/elcotarro.com\/?p=3603"},"modified":"2016-12-25T17:05:52","modified_gmt":"2016-12-25T17:05:52","slug":"el-cotarro-tambien-en-estas-fiestas","status":"publish","type":"post","link":"https:\/\/elcotarro.com\/?p=3603","title":{"rendered":"EL COTARRO, TAMBI\u00c9N EN ESTAS FIESTAS"},"content":{"rendered":"<p>Durante las cuatro \u00e9pocas en las que he venido escribiendo y publicando El Cotarro en su dedici\u00f3n de papel, no recuerdo que hubiera faltado ni una sola semana a su cita, siempre dominical. Este a\u00f1o y por primera vez (que yo recuerde) va a faltar en su versi\u00f3n de papel, porque, como tambi\u00e9n viene siendo tradicional, el peri\u00f3dico EL D\u00cdA no se publica hoy, D\u00eda de Navidad, ni lo har\u00e1 el pr\u00f3ximo domingo, d\u00eda de A\u00f1o Nuevo. Pero me he lanzado un reto a m\u00ed mismo, y no he querido que, al menos en su edici\u00f3n digital, El Cotarro faltara a su cita semanal estos dos domingos&#8230; Por ello y con la ayuda del inform\u00e1tico Antonio P\u00e1iz (Crokis Multimedia), aqu\u00ed estamos sin fallar, dese\u00e1ndoles de coraz\u00f3n a todos una muy feliz Navidad y todo lo mejor en el A\u00f1o Nuevo que ya viene, siempre con salud.<\/p>\n<p style=\"text-align: center\"><a href=\"https:\/\/elcotarro.com\/wp-content\/uploads\/2016\/12\/FOTO-1.-H\u00cdBORO.jpg\"><img loading=\"lazy\" decoding=\"async\" class=\"alignnone size-full wp-image-3604\" src=\"https:\/\/elcotarro.com\/wp-content\/uploads\/2016\/12\/FOTO-1.-H\u00cdBORO.jpg\" alt=\"foto-1-hiboro\" width=\"1552\" height=\"658\" srcset=\"https:\/\/elcotarro.com\/wp-content\/uploads\/2016\/12\/FOTO-1.-H\u00cdBORO.jpg 1552w, https:\/\/elcotarro.com\/wp-content\/uploads\/2016\/12\/FOTO-1.-H\u00cdBORO-300x127.jpg 300w, https:\/\/elcotarro.com\/wp-content\/uploads\/2016\/12\/FOTO-1.-H\u00cdBORO-1024x434.jpg 1024w\" sizes=\"auto, (max-width: 1552px) 100vw, 1552px\" \/><\/a><\/p>\n<p style=\"text-align: center\"><em>Botella del H\u00edboro de Bodega La Hijuela, buen vino para brindar en estas fechas<\/em><\/p>\n","protected":false},"excerpt":{"rendered":"<p>Durante las cuatro \u00e9pocas en las que he venido escribiendo y publicando El Cotarro en su dedici\u00f3n de papel, no recuerdo que hubiera faltado ni una sola semana a su cita, siempre dominical. Este a\u00f1o y por primera vez (que yo recuerde) va a faltar en su versi\u00f3n de papel, porque, como tambi\u00e9n viene siendo &#8230; <a class=\"read-more\" href=\"https:\/\/elcotarro.com\/?p=3603\">Read more<\/a><\/p>\n","protected":false},"author":2,"featured_media":0,"comment_status":"open","ping_status":"open","sticky":false,"template":"","format":"standard","meta":{"_jetpack_memberships_contains_paid_content":false,"footnotes":""},"categories":[1],"tags":[],"class_list":["post-3603","post","type-post","status-publish","format-standard","hentry","category-sin-categoria"],"yoast_head":"<!-- This site is optimized with the Yoast SEO plugin v27.0 - https:\/\/yoast.com\/product\/yoast-seo-wordpress\/ -->\n<title>EL COTARRO, TAMBI\u00c9N EN ESTAS FIESTAS - El Cotarro<\/title>\n<meta name=\"robots\" content=\"index, follow, max-snippet:-1, max-image-preview:large, max-video-preview:-1\" \/>\n<link rel=\"canonical\" href=\"https:\/\/elcotarro.com\/?p=3603\" \/>\n<meta property=\"og:locale\" content=\"es_ES\" \/>\n<meta property=\"og:type\" content=\"article\" \/>\n<meta property=\"og:title\" content=\"EL COTARRO, TAMBI\u00c9N EN ESTAS FIESTAS - El Cotarro\" \/>\n<meta property=\"og:description\" content=\"Durante las cuatro \u00e9pocas en las que he venido escribiendo y publicando El Cotarro en su dedici\u00f3n de papel, no recuerdo que hubiera faltado ni una sola semana a su cita, siempre dominical. Este a\u00f1o y por primera vez (que yo recuerde) va a faltar en su versi\u00f3n de papel, porque, como tambi\u00e9n viene siendo ... Read more\" \/>\n<meta property=\"og:url\" content=\"https:\/\/elcotarro.com\/?p=3603\" \/>\n<meta property=\"og:site_name\" content=\"El Cotarro\" \/>\n<meta property=\"article:publisher\" content=\"https:\/\/www.facebook.com\/ElCotarro.Tenerife\" \/>\n<meta property=\"article:published_time\" content=\"2016-12-25T17:05:52+00:00\" \/>\n<meta name=\"author\" content=\"Jos\u00e9 Carlos Marrero Gonz\u00e1lez\" \/>\n<meta name=\"twitter:label1\" content=\"Escrito por\" \/>\n\t<meta name=\"twitter:data1\" content=\"Jos\u00e9 Carlos Marrero Gonz\u00e1lez\" \/>\n\t<meta name=\"twitter:label2\" content=\"Tiempo de lectura\" \/>\n\t<meta name=\"twitter:data2\" content=\"1 minuto\" \/>\n<script type=\"application\/ld+json\" class=\"yoast-schema-graph\">{\"@context\":\"https:\/\/schema.org\",\"@graph\":[{\"@type\":\"Article\",\"@id\":\"https:\/\/elcotarro.com\/?p=3603#article\",\"isPartOf\":{\"@id\":\"https:\/\/elcotarro.com\/?p=3603\"},\"author\":{\"name\":\"Jos\u00e9 Carlos Marrero Gonz\u00e1lez\",\"@id\":\"https:\/\/elcotarro.com\/#\/schema\/person\/af537ee7d60d15984c7e0affcd8a918b\"},\"headline\":\"EL COTARRO, TAMBI\u00c9N EN ESTAS FIESTAS\",\"datePublished\":\"2016-12-25T17:05:52+00:00\",\"mainEntityOfPage\":{\"@id\":\"https:\/\/elcotarro.com\/?p=3603\"},\"wordCount\":184,\"commentCount\":0,\"publisher\":{\"@id\":\"https:\/\/elcotarro.com\/#organization\"},\"inLanguage\":\"es\",\"potentialAction\":[{\"@type\":\"CommentAction\",\"name\":\"Comment\",\"target\":[\"https:\/\/elcotarro.com\/?p=3603#respond\"]}]},{\"@type\":\"WebPage\",\"@id\":\"https:\/\/elcotarro.com\/?p=3603\",\"url\":\"https:\/\/elcotarro.com\/?p=3603\",\"name\":\"EL COTARRO, TAMBI\u00c9N EN ESTAS FIESTAS - El Cotarro\",\"isPartOf\":{\"@id\":\"https:\/\/elcotarro.com\/#website\"},\"datePublished\":\"2016-12-25T17:05:52+00:00\",\"breadcrumb\":{\"@id\":\"https:\/\/elcotarro.com\/?p=3603#breadcrumb\"},\"inLanguage\":\"es\",\"potentialAction\":[{\"@type\":\"ReadAction\",\"target\":[\"https:\/\/elcotarro.com\/?p=3603\"]}]},{\"@type\":\"BreadcrumbList\",\"@id\":\"https:\/\/elcotarro.com\/?p=3603#breadcrumb\",\"itemListElement\":[{\"@type\":\"ListItem\",\"position\":1,\"name\":\"Portada\",\"item\":\"https:\/\/elcotarro.com\/\"},{\"@type\":\"ListItem\",\"position\":2,\"name\":\"EL COTARRO, TAMBI\u00c9N EN ESTAS FIESTAS\"}]},{\"@type\":\"WebSite\",\"@id\":\"https:\/\/elcotarro.com\/#website\",\"url\":\"https:\/\/elcotarro.com\/\",\"name\":\"El Cotarro\",\"description\":\"Peri\u00f3dico Digital Independiente dirigido por Jos\u00e9 Carlos Marrero\",\"publisher\":{\"@id\":\"https:\/\/elcotarro.com\/#organization\"},\"potentialAction\":[{\"@type\":\"SearchAction\",\"target\":{\"@type\":\"EntryPoint\",\"urlTemplate\":\"https:\/\/elcotarro.com\/?s={search_term_string}\"},\"query-input\":{\"@type\":\"PropertyValueSpecification\",\"valueRequired\":true,\"valueName\":\"search_term_string\"}}],\"inLanguage\":\"es\"},{\"@type\":\"Organization\",\"@id\":\"https:\/\/elcotarro.com\/#organization\",\"name\":\"El Cotarro\",\"url\":\"https:\/\/elcotarro.com\/\",\"logo\":{\"@type\":\"ImageObject\",\"inLanguage\":\"es\",\"@id\":\"https:\/\/elcotarro.com\/#\/schema\/logo\/image\/\",\"url\":\"https:\/\/elcotarro.com\/wp-content\/uploads\/2014\/09\/Cabecera_El_Cotarro_v2.jpg\",\"contentUrl\":\"https:\/\/elcotarro.com\/wp-content\/uploads\/2014\/09\/Cabecera_El_Cotarro_v2.jpg\",\"width\":3540,\"height\":441,\"caption\":\"El Cotarro\"},\"image\":{\"@id\":\"https:\/\/elcotarro.com\/#\/schema\/logo\/image\/\"},\"sameAs\":[\"https:\/\/www.facebook.com\/ElCotarro.Tenerife\"]},{\"@type\":\"Person\",\"@id\":\"https:\/\/elcotarro.com\/#\/schema\/person\/af537ee7d60d15984c7e0affcd8a918b\",\"name\":\"Jos\u00e9 Carlos Marrero Gonz\u00e1lez\",\"image\":{\"@type\":\"ImageObject\",\"inLanguage\":\"es\",\"@id\":\"https:\/\/elcotarro.com\/#\/schema\/person\/image\/\",\"url\":\"https:\/\/secure.gravatar.com\/avatar\/def4da036efb5d32c74d49c351f6dccc064dd69ad9f3aadc295c5a9a5391ca01?s=96&d=mm&r=g\",\"contentUrl\":\"https:\/\/secure.gravatar.com\/avatar\/def4da036efb5d32c74d49c351f6dccc064dd69ad9f3aadc295c5a9a5391ca01?s=96&d=mm&r=g\",\"caption\":\"Jos\u00e9 Carlos Marrero Gonz\u00e1lez\"},\"sameAs\":[\"https:\/\/elcotarro.com\"],\"url\":\"https:\/\/elcotarro.com\/?author=2\"}]}<\/script>\n<!-- \/ Yoast SEO plugin. -->","yoast_head_json":{"title":"EL COTARRO, TAMBI\u00c9N EN ESTAS FIESTAS - El Cotarro","robots":{"index":"index","follow":"follow","max-snippet":"max-snippet:-1","max-image-preview":"max-image-preview:large","max-video-preview":"max-video-preview:-1"},"canonical":"https:\/\/elcotarro.com\/?p=3603","og_locale":"es_ES","og_type":"article","og_title":"EL COTARRO, TAMBI\u00c9N EN ESTAS FIESTAS - El Cotarro","og_description":"Durante las cuatro \u00e9pocas en las que he venido escribiendo y publicando El Cotarro en su dedici\u00f3n de papel, no recuerdo que hubiera faltado ni una sola semana a su cita, siempre dominical. Este a\u00f1o y por primera vez (que yo recuerde) va a faltar en su versi\u00f3n de papel, porque, como tambi\u00e9n viene siendo ... Read more","og_url":"https:\/\/elcotarro.com\/?p=3603","og_site_name":"El Cotarro","article_publisher":"https:\/\/www.facebook.com\/ElCotarro.Tenerife","article_published_time":"2016-12-25T17:05:52+00:00","author":"Jos\u00e9 Carlos Marrero Gonz\u00e1lez","twitter_misc":{"Escrito por":"Jos\u00e9 Carlos Marrero Gonz\u00e1lez","Tiempo de lectura":"1 minuto"},"schema":{"@context":"https:\/\/schema.org","@graph":[{"@type":"Article","@id":"https:\/\/elcotarro.com\/?p=3603#article","isPartOf":{"@id":"https:\/\/elcotarro.com\/?p=3603"},"author":{"name":"Jos\u00e9 Carlos Marrero Gonz\u00e1lez","@id":"https:\/\/elcotarro.com\/#\/schema\/person\/af537ee7d60d15984c7e0affcd8a918b"},"headline":"EL COTARRO, TAMBI\u00c9N EN ESTAS FIESTAS","datePublished":"2016-12-25T17:05:52+00:00","mainEntityOfPage":{"@id":"https:\/\/elcotarro.com\/?p=3603"},"wordCount":184,"commentCount":0,"publisher":{"@id":"https:\/\/elcotarro.com\/#organization"},"inLanguage":"es","potentialAction":[{"@type":"CommentAction","name":"Comment","target":["https:\/\/elcotarro.com\/?p=3603#respond"]}]},{"@type":"WebPage","@id":"https:\/\/elcotarro.com\/?p=3603","url":"https:\/\/elcotarro.com\/?p=3603","name":"EL COTARRO, TAMBI\u00c9N EN ESTAS FIESTAS - El Cotarro","isPartOf":{"@id":"https:\/\/elcotarro.com\/#website"},"datePublished":"2016-12-25T17:05:52+00:00","breadcrumb":{"@id":"https:\/\/elcotarro.com\/?p=3603#breadcrumb"},"inLanguage":"es","potentialAction":[{"@type":"ReadAction","target":["https:\/\/elcotarro.com\/?p=3603"]}]},{"@type":"BreadcrumbList","@id":"https:\/\/elcotarro.com\/?p=3603#breadcrumb","itemListElement":[{"@type":"ListItem","position":1,"name":"Portada","item":"https:\/\/elcotarro.com\/"},{"@type":"ListItem","position":2,"name":"EL COTARRO, TAMBI\u00c9N EN ESTAS FIESTAS"}]},{"@type":"WebSite","@id":"https:\/\/elcotarro.com\/#website","url":"https:\/\/elcotarro.com\/","name":"El Cotarro","description":"Peri\u00f3dico Digital Independiente dirigido por Jos\u00e9 Carlos Marrero","publisher":{"@id":"https:\/\/elcotarro.com\/#organization"},"potentialAction":[{"@type":"SearchAction","target":{"@type":"EntryPoint","urlTemplate":"https:\/\/elcotarro.com\/?s={search_term_string}"},"query-input":{"@type":"PropertyValueSpecification","valueRequired":true,"valueName":"search_term_string"}}],"inLanguage":"es"},{"@type":"Organization","@id":"https:\/\/elcotarro.com\/#organization","name":"El Cotarro","url":"https:\/\/elcotarro.com\/","logo":{"@type":"ImageObject","inLanguage":"es","@id":"https:\/\/elcotarro.com\/#\/schema\/logo\/image\/","url":"https:\/\/elcotarro.com\/wp-content\/uploads\/2014\/09\/Cabecera_El_Cotarro_v2.jpg","contentUrl":"https:\/\/elcotarro.com\/wp-content\/uploads\/2014\/09\/Cabecera_El_Cotarro_v2.jpg","width":3540,"height":441,"caption":"El Cotarro"},"image":{"@id":"https:\/\/elcotarro.com\/#\/schema\/logo\/image\/"},"sameAs":["https:\/\/www.facebook.com\/ElCotarro.Tenerife"]},{"@type":"Person","@id":"https:\/\/elcotarro.com\/#\/schema\/person\/af537ee7d60d15984c7e0affcd8a918b","name":"Jos\u00e9 Carlos Marrero Gonz\u00e1lez","image":{"@type":"ImageObject","inLanguage":"es","@id":"https:\/\/elcotarro.com\/#\/schema\/person\/image\/","url":"https:\/\/secure.gravatar.com\/avatar\/def4da036efb5d32c74d49c351f6dccc064dd69ad9f3aadc295c5a9a5391ca01?s=96&d=mm&r=g","contentUrl":"https:\/\/secure.gravatar.com\/avatar\/def4da036efb5d32c74d49c351f6dccc064dd69ad9f3aadc295c5a9a5391ca01?s=96&d=mm&r=g","caption":"Jos\u00e9 Carlos Marrero Gonz\u00e1lez"},"sameAs":["https:\/\/elcotarro.com"],"url":"https:\/\/elcotarro.com\/?author=2"}]}},"jetpack_featured_media_url":"","jetpack_sharing_enabled":true,"_links":{"self":[{"href":"https:\/\/elcotarro.com\/index.php?rest_route=\/wp\/v2\/posts\/3603","targetHints":{"allow":["GET"]}}],"collection":[{"href":"https:\/\/elcotarro.com\/index.php?rest_route=\/wp\/v2\/posts"}],"about":[{"href":"https:\/\/elcotarro.com\/index.php?rest_route=\/wp\/v2\/types\/post"}],"author":[{"embeddable":true,"href":"https:\/\/elcotarro.com\/index.php?rest_route=\/wp\/v2\/users\/2"}],"replies":[{"embeddable":true,"href":"https:\/\/elcotarro.com\/index.php?rest_route=%2Fwp%2Fv2%2Fcomments&post=3603"}],"version-history":[{"count":1,"href":"https:\/\/elcotarro.com\/index.php?rest_route=\/wp\/v2\/posts\/3603\/revisions"}],"predecessor-version":[{"id":3605,"href":"https:\/\/elcotarro.com\/index.php?rest_route=\/wp\/v2\/posts\/3603\/revisions\/3605"}],"wp:attachment":[{"href":"https:\/\/elcotarro.com\/index.php?rest_route=%2Fwp%2Fv2%2Fmedia&parent=3603"}],"wp:term":[{"taxonomy":"category","embeddable":true,"href":"https:\/\/elcotarro.com\/index.php?rest_route=%2Fwp%2Fv2%2Fcategories&post=3603"},{"taxonomy":"post_tag","embeddable":true,"href":"https:\/\/elcotarro.com\/index.php?rest_route=%2Fwp%2Fv2%2Ftags&post=3603"}],"curies":[{"name":"wp","href":"https:\/\/api.w.org\/{rel}","templated":true}]}}