{"id":3610,"date":"2017-01-01T11:05:13","date_gmt":"2017-01-01T11:05:13","guid":{"rendered":"https:\/\/elcotarro.com\/?p=3610"},"modified":"2017-01-15T17:28:36","modified_gmt":"2017-01-15T17:28:36","slug":"el-cotarro-un-domingo-de-ano-nuevo","status":"publish","type":"post","link":"https:\/\/elcotarro.com\/?p=3610","title":{"rendered":"EL COTARRO, UN DOMINGO DE A\u00d1O NUEVO"},"content":{"rendered":"<p>De nuevo les reitero este domingo que, durante las cuatro \u00e9pocas en las que he venido escribiendo y publicando <strong><em>El Cotarro<\/em><\/strong> en su dedici\u00f3n de papel, no recuerdo que hubiera faltado ni una sola semana a su cita, siempre dominical. Este a\u00f1o y por primera vez (que yo recuerde) falt\u00f3 el pasado domingo en su versi\u00f3n de papel, porque, como tambi\u00e9n viene siendo tradicional, el peri\u00f3dico EL D\u00cdA no se public\u00f3 por ser D\u00eda de Navidad. Y del mismo modo, no lo ha hecho este domingo, d\u00eda de A\u00f1o Nuevo. Pero me he lanzado un reto a m\u00ed mismo, y no he querido que, al menos en versi\u00f3n digital, <strong><em>El Cotarro<\/em><\/strong> faltara a su cita estos dos domingos.<\/p>\n<p style=\"text-align: center;\"><a href=\"https:\/\/elcotarro.com\/wp-content\/uploads\/2016\/12\/FOTO-1.-COTARRO-CABECERA.jpg\"><img loading=\"lazy\" decoding=\"async\" class=\"aligncenter size-large wp-image-3611\" src=\"https:\/\/elcotarro.com\/wp-content\/uploads\/2016\/12\/FOTO-1.-COTARRO-CABECERA-1024x122.jpg\" alt=\"foto-1-cotarro-cabecera\" width=\"1024\" height=\"122\" srcset=\"https:\/\/elcotarro.com\/wp-content\/uploads\/2016\/12\/FOTO-1.-COTARRO-CABECERA-1024x122.jpg 1024w, https:\/\/elcotarro.com\/wp-content\/uploads\/2016\/12\/FOTO-1.-COTARRO-CABECERA-300x36.jpg 300w, https:\/\/elcotarro.com\/wp-content\/uploads\/2016\/12\/FOTO-1.-COTARRO-CABECERA.jpg 1412w\" sizes=\"auto, (max-width: 1024px) 100vw, 1024px\" \/><\/a><\/p>\n<p style=\"text-align: center;\"><em>La cabecera de El Cotarro, con las ya conocidas y curiosas cuatro fotos del autor<\/em><\/p>\n","protected":false},"excerpt":{"rendered":"<p>De nuevo les reitero este domingo que, durante las cuatro \u00e9pocas en las que he venido escribiendo y publicando El Cotarro en su dedici\u00f3n de papel, no recuerdo que hubiera faltado ni una sola semana a su cita, siempre dominical. Este a\u00f1o y por primera vez (que yo recuerde) falt\u00f3 el pasado domingo en su &#8230; <a class=\"read-more\" href=\"https:\/\/elcotarro.com\/?p=3610\">Read more<\/a><\/p>\n","protected":false},"author":2,"featured_media":0,"comment_status":"open","ping_status":"open","sticky":false,"template":"","format":"standard","meta":{"_jetpack_memberships_contains_paid_content":false,"footnotes":""},"categories":[1],"tags":[],"class_list":["post-3610","post","type-post","status-publish","format-standard","hentry","category-sin-categoria"],"yoast_head":"<!-- This site is optimized with the Yoast SEO plugin v27.0 - https:\/\/yoast.com\/product\/yoast-seo-wordpress\/ -->\n<title>EL COTARRO, UN DOMINGO DE A\u00d1O NUEVO - El Cotarro<\/title>\n<meta name=\"robots\" content=\"index, follow, max-snippet:-1, max-image-preview:large, max-video-preview:-1\" \/>\n<link rel=\"canonical\" href=\"https:\/\/elcotarro.com\/?p=3610\" \/>\n<meta property=\"og:locale\" content=\"es_ES\" \/>\n<meta property=\"og:type\" content=\"article\" \/>\n<meta property=\"og:title\" content=\"EL COTARRO, UN DOMINGO DE A\u00d1O NUEVO - El Cotarro\" \/>\n<meta property=\"og:description\" content=\"De nuevo les reitero este domingo que, durante las cuatro \u00e9pocas en las que he venido escribiendo y publicando El Cotarro en su dedici\u00f3n de papel, no recuerdo que hubiera faltado ni una sola semana a su cita, siempre dominical. Este a\u00f1o y por primera vez (que yo recuerde) falt\u00f3 el pasado domingo en su ... Read more\" \/>\n<meta property=\"og:url\" content=\"https:\/\/elcotarro.com\/?p=3610\" \/>\n<meta property=\"og:site_name\" content=\"El Cotarro\" \/>\n<meta property=\"article:publisher\" content=\"https:\/\/www.facebook.com\/ElCotarro.Tenerife\" \/>\n<meta property=\"article:published_time\" content=\"2017-01-01T11:05:13+00:00\" \/>\n<meta property=\"article:modified_time\" content=\"2017-01-15T17:28:36+00:00\" \/>\n<meta property=\"og:image\" content=\"https:\/\/elcotarro.com\/wp-content\/uploads\/2016\/12\/FOTO-1.-COTARRO-CABECERA-1024x122.jpg\" \/>\n<meta name=\"author\" content=\"Jos\u00e9 Carlos Marrero Gonz\u00e1lez\" \/>\n<meta name=\"twitter:label1\" content=\"Escrito por\" \/>\n\t<meta name=\"twitter:data1\" content=\"Jos\u00e9 Carlos Marrero Gonz\u00e1lez\" \/>\n\t<meta name=\"twitter:label2\" content=\"Tiempo de lectura\" \/>\n\t<meta name=\"twitter:data2\" content=\"1 minuto\" \/>\n<script type=\"application\/ld+json\" class=\"yoast-schema-graph\">{\"@context\":\"https:\/\/schema.org\",\"@graph\":[{\"@type\":\"Article\",\"@id\":\"https:\/\/elcotarro.com\/?p=3610#article\",\"isPartOf\":{\"@id\":\"https:\/\/elcotarro.com\/?p=3610\"},\"author\":{\"name\":\"Jos\u00e9 Carlos Marrero Gonz\u00e1lez\",\"@id\":\"https:\/\/elcotarro.com\/#\/schema\/person\/af537ee7d60d15984c7e0affcd8a918b\"},\"headline\":\"EL COTARRO, UN DOMINGO DE A\u00d1O NUEVO\",\"datePublished\":\"2017-01-01T11:05:13+00:00\",\"dateModified\":\"2017-01-15T17:28:36+00:00\",\"mainEntityOfPage\":{\"@id\":\"https:\/\/elcotarro.com\/?p=3610\"},\"wordCount\":151,\"commentCount\":0,\"publisher\":{\"@id\":\"https:\/\/elcotarro.com\/#organization\"},\"image\":{\"@id\":\"https:\/\/elcotarro.com\/?p=3610#primaryimage\"},\"thumbnailUrl\":\"https:\/\/elcotarro.com\/wp-content\/uploads\/2016\/12\/FOTO-1.-COTARRO-CABECERA-1024x122.jpg\",\"inLanguage\":\"es\",\"potentialAction\":[{\"@type\":\"CommentAction\",\"name\":\"Comment\",\"target\":[\"https:\/\/elcotarro.com\/?p=3610#respond\"]}]},{\"@type\":\"WebPage\",\"@id\":\"https:\/\/elcotarro.com\/?p=3610\",\"url\":\"https:\/\/elcotarro.com\/?p=3610\",\"name\":\"EL COTARRO, UN DOMINGO DE A\u00d1O NUEVO - El Cotarro\",\"isPartOf\":{\"@id\":\"https:\/\/elcotarro.com\/#website\"},\"primaryImageOfPage\":{\"@id\":\"https:\/\/elcotarro.com\/?p=3610#primaryimage\"},\"image\":{\"@id\":\"https:\/\/elcotarro.com\/?p=3610#primaryimage\"},\"thumbnailUrl\":\"https:\/\/elcotarro.com\/wp-content\/uploads\/2016\/12\/FOTO-1.-COTARRO-CABECERA-1024x122.jpg\",\"datePublished\":\"2017-01-01T11:05:13+00:00\",\"dateModified\":\"2017-01-15T17:28:36+00:00\",\"breadcrumb\":{\"@id\":\"https:\/\/elcotarro.com\/?p=3610#breadcrumb\"},\"inLanguage\":\"es\",\"potentialAction\":[{\"@type\":\"ReadAction\",\"target\":[\"https:\/\/elcotarro.com\/?p=3610\"]}]},{\"@type\":\"ImageObject\",\"inLanguage\":\"es\",\"@id\":\"https:\/\/elcotarro.com\/?p=3610#primaryimage\",\"url\":\"https:\/\/elcotarro.com\/wp-content\/uploads\/2016\/12\/FOTO-1.-COTARRO-CABECERA.jpg\",\"contentUrl\":\"https:\/\/elcotarro.com\/wp-content\/uploads\/2016\/12\/FOTO-1.-COTARRO-CABECERA.jpg\",\"width\":1412,\"height\":168},{\"@type\":\"BreadcrumbList\",\"@id\":\"https:\/\/elcotarro.com\/?p=3610#breadcrumb\",\"itemListElement\":[{\"@type\":\"ListItem\",\"position\":1,\"name\":\"Portada\",\"item\":\"https:\/\/elcotarro.com\/\"},{\"@type\":\"ListItem\",\"position\":2,\"name\":\"EL COTARRO, UN DOMINGO DE A\u00d1O NUEVO\"}]},{\"@type\":\"WebSite\",\"@id\":\"https:\/\/elcotarro.com\/#website\",\"url\":\"https:\/\/elcotarro.com\/\",\"name\":\"El Cotarro\",\"description\":\"Peri\u00f3dico Digital Independiente dirigido por Jos\u00e9 Carlos Marrero\",\"publisher\":{\"@id\":\"https:\/\/elcotarro.com\/#organization\"},\"potentialAction\":[{\"@type\":\"SearchAction\",\"target\":{\"@type\":\"EntryPoint\",\"urlTemplate\":\"https:\/\/elcotarro.com\/?s={search_term_string}\"},\"query-input\":{\"@type\":\"PropertyValueSpecification\",\"valueRequired\":true,\"valueName\":\"search_term_string\"}}],\"inLanguage\":\"es\"},{\"@type\":\"Organization\",\"@id\":\"https:\/\/elcotarro.com\/#organization\",\"name\":\"El Cotarro\",\"url\":\"https:\/\/elcotarro.com\/\",\"logo\":{\"@type\":\"ImageObject\",\"inLanguage\":\"es\",\"@id\":\"https:\/\/elcotarro.com\/#\/schema\/logo\/image\/\",\"url\":\"https:\/\/elcotarro.com\/wp-content\/uploads\/2014\/09\/Cabecera_El_Cotarro_v2.jpg\",\"contentUrl\":\"https:\/\/elcotarro.com\/wp-content\/uploads\/2014\/09\/Cabecera_El_Cotarro_v2.jpg\",\"width\":3540,\"height\":441,\"caption\":\"El Cotarro\"},\"image\":{\"@id\":\"https:\/\/elcotarro.com\/#\/schema\/logo\/image\/\"},\"sameAs\":[\"https:\/\/www.facebook.com\/ElCotarro.Tenerife\"]},{\"@type\":\"Person\",\"@id\":\"https:\/\/elcotarro.com\/#\/schema\/person\/af537ee7d60d15984c7e0affcd8a918b\",\"name\":\"Jos\u00e9 Carlos Marrero Gonz\u00e1lez\",\"image\":{\"@type\":\"ImageObject\",\"inLanguage\":\"es\",\"@id\":\"https:\/\/elcotarro.com\/#\/schema\/person\/image\/\",\"url\":\"https:\/\/secure.gravatar.com\/avatar\/def4da036efb5d32c74d49c351f6dccc064dd69ad9f3aadc295c5a9a5391ca01?s=96&d=mm&r=g\",\"contentUrl\":\"https:\/\/secure.gravatar.com\/avatar\/def4da036efb5d32c74d49c351f6dccc064dd69ad9f3aadc295c5a9a5391ca01?s=96&d=mm&r=g\",\"caption\":\"Jos\u00e9 Carlos Marrero Gonz\u00e1lez\"},\"sameAs\":[\"https:\/\/elcotarro.com\"],\"url\":\"https:\/\/elcotarro.com\/?author=2\"}]}<\/script>\n<!-- \/ Yoast SEO plugin. -->","yoast_head_json":{"title":"EL COTARRO, UN DOMINGO DE A\u00d1O NUEVO - El Cotarro","robots":{"index":"index","follow":"follow","max-snippet":"max-snippet:-1","max-image-preview":"max-image-preview:large","max-video-preview":"max-video-preview:-1"},"canonical":"https:\/\/elcotarro.com\/?p=3610","og_locale":"es_ES","og_type":"article","og_title":"EL COTARRO, UN DOMINGO DE A\u00d1O NUEVO - El Cotarro","og_description":"De nuevo les reitero este domingo que, durante las cuatro \u00e9pocas en las que he venido escribiendo y publicando El Cotarro en su dedici\u00f3n de papel, no recuerdo que hubiera faltado ni una sola semana a su cita, siempre dominical. Este a\u00f1o y por primera vez (que yo recuerde) falt\u00f3 el pasado domingo en su ... Read more","og_url":"https:\/\/elcotarro.com\/?p=3610","og_site_name":"El Cotarro","article_publisher":"https:\/\/www.facebook.com\/ElCotarro.Tenerife","article_published_time":"2017-01-01T11:05:13+00:00","article_modified_time":"2017-01-15T17:28:36+00:00","og_image":[{"url":"https:\/\/elcotarro.com\/wp-content\/uploads\/2016\/12\/FOTO-1.-COTARRO-CABECERA-1024x122.jpg","type":"","width":"","height":""}],"author":"Jos\u00e9 Carlos Marrero Gonz\u00e1lez","twitter_misc":{"Escrito por":"Jos\u00e9 Carlos Marrero Gonz\u00e1lez","Tiempo de lectura":"1 minuto"},"schema":{"@context":"https:\/\/schema.org","@graph":[{"@type":"Article","@id":"https:\/\/elcotarro.com\/?p=3610#article","isPartOf":{"@id":"https:\/\/elcotarro.com\/?p=3610"},"author":{"name":"Jos\u00e9 Carlos Marrero Gonz\u00e1lez","@id":"https:\/\/elcotarro.com\/#\/schema\/person\/af537ee7d60d15984c7e0affcd8a918b"},"headline":"EL COTARRO, UN DOMINGO DE A\u00d1O NUEVO","datePublished":"2017-01-01T11:05:13+00:00","dateModified":"2017-01-15T17:28:36+00:00","mainEntityOfPage":{"@id":"https:\/\/elcotarro.com\/?p=3610"},"wordCount":151,"commentCount":0,"publisher":{"@id":"https:\/\/elcotarro.com\/#organization"},"image":{"@id":"https:\/\/elcotarro.com\/?p=3610#primaryimage"},"thumbnailUrl":"https:\/\/elcotarro.com\/wp-content\/uploads\/2016\/12\/FOTO-1.-COTARRO-CABECERA-1024x122.jpg","inLanguage":"es","potentialAction":[{"@type":"CommentAction","name":"Comment","target":["https:\/\/elcotarro.com\/?p=3610#respond"]}]},{"@type":"WebPage","@id":"https:\/\/elcotarro.com\/?p=3610","url":"https:\/\/elcotarro.com\/?p=3610","name":"EL COTARRO, UN DOMINGO DE A\u00d1O NUEVO - El Cotarro","isPartOf":{"@id":"https:\/\/elcotarro.com\/#website"},"primaryImageOfPage":{"@id":"https:\/\/elcotarro.com\/?p=3610#primaryimage"},"image":{"@id":"https:\/\/elcotarro.com\/?p=3610#primaryimage"},"thumbnailUrl":"https:\/\/elcotarro.com\/wp-content\/uploads\/2016\/12\/FOTO-1.-COTARRO-CABECERA-1024x122.jpg","datePublished":"2017-01-01T11:05:13+00:00","dateModified":"2017-01-15T17:28:36+00:00","breadcrumb":{"@id":"https:\/\/elcotarro.com\/?p=3610#breadcrumb"},"inLanguage":"es","potentialAction":[{"@type":"ReadAction","target":["https:\/\/elcotarro.com\/?p=3610"]}]},{"@type":"ImageObject","inLanguage":"es","@id":"https:\/\/elcotarro.com\/?p=3610#primaryimage","url":"https:\/\/elcotarro.com\/wp-content\/uploads\/2016\/12\/FOTO-1.-COTARRO-CABECERA.jpg","contentUrl":"https:\/\/elcotarro.com\/wp-content\/uploads\/2016\/12\/FOTO-1.-COTARRO-CABECERA.jpg","width":1412,"height":168},{"@type":"BreadcrumbList","@id":"https:\/\/elcotarro.com\/?p=3610#breadcrumb","itemListElement":[{"@type":"ListItem","position":1,"name":"Portada","item":"https:\/\/elcotarro.com\/"},{"@type":"ListItem","position":2,"name":"EL COTARRO, UN DOMINGO DE A\u00d1O NUEVO"}]},{"@type":"WebSite","@id":"https:\/\/elcotarro.com\/#website","url":"https:\/\/elcotarro.com\/","name":"El Cotarro","description":"Peri\u00f3dico Digital Independiente dirigido por Jos\u00e9 Carlos Marrero","publisher":{"@id":"https:\/\/elcotarro.com\/#organization"},"potentialAction":[{"@type":"SearchAction","target":{"@type":"EntryPoint","urlTemplate":"https:\/\/elcotarro.com\/?s={search_term_string}"},"query-input":{"@type":"PropertyValueSpecification","valueRequired":true,"valueName":"search_term_string"}}],"inLanguage":"es"},{"@type":"Organization","@id":"https:\/\/elcotarro.com\/#organization","name":"El Cotarro","url":"https:\/\/elcotarro.com\/","logo":{"@type":"ImageObject","inLanguage":"es","@id":"https:\/\/elcotarro.com\/#\/schema\/logo\/image\/","url":"https:\/\/elcotarro.com\/wp-content\/uploads\/2014\/09\/Cabecera_El_Cotarro_v2.jpg","contentUrl":"https:\/\/elcotarro.com\/wp-content\/uploads\/2014\/09\/Cabecera_El_Cotarro_v2.jpg","width":3540,"height":441,"caption":"El Cotarro"},"image":{"@id":"https:\/\/elcotarro.com\/#\/schema\/logo\/image\/"},"sameAs":["https:\/\/www.facebook.com\/ElCotarro.Tenerife"]},{"@type":"Person","@id":"https:\/\/elcotarro.com\/#\/schema\/person\/af537ee7d60d15984c7e0affcd8a918b","name":"Jos\u00e9 Carlos Marrero Gonz\u00e1lez","image":{"@type":"ImageObject","inLanguage":"es","@id":"https:\/\/elcotarro.com\/#\/schema\/person\/image\/","url":"https:\/\/secure.gravatar.com\/avatar\/def4da036efb5d32c74d49c351f6dccc064dd69ad9f3aadc295c5a9a5391ca01?s=96&d=mm&r=g","contentUrl":"https:\/\/secure.gravatar.com\/avatar\/def4da036efb5d32c74d49c351f6dccc064dd69ad9f3aadc295c5a9a5391ca01?s=96&d=mm&r=g","caption":"Jos\u00e9 Carlos Marrero Gonz\u00e1lez"},"sameAs":["https:\/\/elcotarro.com"],"url":"https:\/\/elcotarro.com\/?author=2"}]}},"jetpack_featured_media_url":"","jetpack_sharing_enabled":true,"_links":{"self":[{"href":"https:\/\/elcotarro.com\/index.php?rest_route=\/wp\/v2\/posts\/3610","targetHints":{"allow":["GET"]}}],"collection":[{"href":"https:\/\/elcotarro.com\/index.php?rest_route=\/wp\/v2\/posts"}],"about":[{"href":"https:\/\/elcotarro.com\/index.php?rest_route=\/wp\/v2\/types\/post"}],"author":[{"embeddable":true,"href":"https:\/\/elcotarro.com\/index.php?rest_route=\/wp\/v2\/users\/2"}],"replies":[{"embeddable":true,"href":"https:\/\/elcotarro.com\/index.php?rest_route=%2Fwp%2Fv2%2Fcomments&post=3610"}],"version-history":[{"count":1,"href":"https:\/\/elcotarro.com\/index.php?rest_route=\/wp\/v2\/posts\/3610\/revisions"}],"predecessor-version":[{"id":3612,"href":"https:\/\/elcotarro.com\/index.php?rest_route=\/wp\/v2\/posts\/3610\/revisions\/3612"}],"wp:attachment":[{"href":"https:\/\/elcotarro.com\/index.php?rest_route=%2Fwp%2Fv2%2Fmedia&parent=3610"}],"wp:term":[{"taxonomy":"category","embeddable":true,"href":"https:\/\/elcotarro.com\/index.php?rest_route=%2Fwp%2Fv2%2Fcategories&post=3610"},{"taxonomy":"post_tag","embeddable":true,"href":"https:\/\/elcotarro.com\/index.php?rest_route=%2Fwp%2Fv2%2Ftags&post=3610"}],"curies":[{"name":"wp","href":"https:\/\/api.w.org\/{rel}","templated":true}]}}