{"id":3625,"date":"2017-01-01T11:00:48","date_gmt":"2017-01-01T11:00:48","guid":{"rendered":"https:\/\/elcotarro.com\/?p=3625"},"modified":"2017-01-15T17:29:22","modified_gmt":"2017-01-15T17:29:22","slug":"en-junta-suprema-con-javier-marrero","status":"publish","type":"post","link":"https:\/\/elcotarro.com\/?p=3625","title":{"rendered":"EN JUNTA SUPREMA CON JAVIER MARRERO"},"content":{"rendered":"<p>Y termino refiri\u00e9ndome de nuevo a una obra de la que ya habl\u00e9 en El Cotarro hace unas semanas. Se trata de la novela escrita por <strong>Javier Marrero Fern\u00e1ndez<\/strong> y que, con el t\u00edtulo de \u201cNueve y media en Junta Suprema\u201d ha publicado la Baca, L\u00f3pez &amp; Westermann Editores, la empresa editorial que comanda la honorable <strong>Mar\u00eda \u00c1ngeles Baca Herrej\u00f3n<\/strong>, c\u00f3nsul honoraria de M\u00e9xico en Canarias. La obra de <strong>Javier Marrero<\/strong> es una historia de historias, en la que el personaje central, el inspector de polic\u00eda, <strong>Aniceto Pinto<\/strong>, se convierte en el hilo conductor del resto de protagonistas. Mientras se prepara para asistir a una cena a las 9:30 en la Junta Suprema, rememora un crimen ocurrido en extra\u00f1as circunstancias que coloca a <strong>Patricio Escolar<\/strong>, el hijo de su mejor amigo, en el disparadero, y que destapa un escalofriante entramado mostrando el rostro de una realidad no menos brutal por cotidiana. Tenerife, Caracas, Naiguat\u00e1, Punta Cana, Yalta, Par\u00eds, Trets o Miami, conforman alguno de los escenarios en los que transcurre esta novela. <strong>Javier Marrero<\/strong> naci\u00f3 en La Laguna (1965) y es economista. Tras finalizar sus estudios universitarios, inici\u00f3 su andadura profesional en Suiza. Es asesor y consultor de empresas en Tenerife y en la actualidad, compagina la docencia, como profesor de Finanzas Internacionales en la Universidad Europea de Canarias, con la escritura, su gran pasi\u00f3n. Cualquiera de estos cuatro libros de autores canarios puede ser el mejor regalo de los Reyes Magos.<\/p>\n<p style=\"text-align: center;\"><a href=\"https:\/\/elcotarro.com\/wp-content\/uploads\/2016\/12\/FOTO-6.-JAVIER-MARRERO1.jpg\"><img loading=\"lazy\" decoding=\"async\" class=\"aligncenter size-full wp-image-3626\" src=\"https:\/\/elcotarro.com\/wp-content\/uploads\/2016\/12\/FOTO-6.-JAVIER-MARRERO1.jpg\" alt=\"foto-6-javier-marrero\" width=\"598\" height=\"753\" srcset=\"https:\/\/elcotarro.com\/wp-content\/uploads\/2016\/12\/FOTO-6.-JAVIER-MARRERO1.jpg 598w, https:\/\/elcotarro.com\/wp-content\/uploads\/2016\/12\/FOTO-6.-JAVIER-MARRERO1-238x300.jpg 238w\" sizes=\"auto, (max-width: 598px) 100vw, 598px\" \/><\/a><\/p>\n<p style=\"text-align: center;\"><em>Javier Marrero Fern\u00e1ndez, autor de\u2008\u201cNueve y media en Junta Suprema\u201d<\/em><\/p>\n<p style=\"text-align: center;\"><a href=\"http:\/\/www.careca.es\/\" target=\"_blank\"><img loading=\"lazy\" decoding=\"async\" class=\"size-full wp-image-2216 aligncenter\" src=\"https:\/\/elcotarro.com\/wp-content\/uploads\/2016\/07\/InsulacafeElCotarro.jpg\" alt=\"Bnn_Careca\" width=\"750\" height=\"150\" \/><\/a><\/p>\n","protected":false},"excerpt":{"rendered":"<p>Y termino refiri\u00e9ndome de nuevo a una obra de la que ya habl\u00e9 en El Cotarro hace unas semanas. Se trata de la novela escrita por Javier Marrero Fern\u00e1ndez y que, con el t\u00edtulo de \u201cNueve y media en Junta Suprema\u201d ha publicado la Baca, L\u00f3pez &amp; Westermann Editores, la empresa editorial que comanda la &#8230; <a class=\"read-more\" href=\"https:\/\/elcotarro.com\/?p=3625\">Read more<\/a><\/p>\n","protected":false},"author":2,"featured_media":0,"comment_status":"open","ping_status":"open","sticky":false,"template":"","format":"standard","meta":{"_jetpack_memberships_contains_paid_content":false,"footnotes":""},"categories":[1],"tags":[],"class_list":["post-3625","post","type-post","status-publish","format-standard","hentry","category-sin-categoria"],"yoast_head":"<!-- This site is optimized with the Yoast SEO plugin v27.0 - https:\/\/yoast.com\/product\/yoast-seo-wordpress\/ -->\n<title>EN JUNTA SUPREMA CON JAVIER MARRERO - El Cotarro<\/title>\n<meta name=\"robots\" content=\"index, follow, max-snippet:-1, max-image-preview:large, max-video-preview:-1\" \/>\n<link rel=\"canonical\" href=\"https:\/\/elcotarro.com\/?p=3625\" \/>\n<meta property=\"og:locale\" content=\"es_ES\" \/>\n<meta property=\"og:type\" content=\"article\" \/>\n<meta property=\"og:title\" content=\"EN JUNTA SUPREMA CON JAVIER MARRERO - El Cotarro\" \/>\n<meta property=\"og:description\" content=\"Y termino refiri\u00e9ndome de nuevo a una obra de la que ya habl\u00e9 en El Cotarro hace unas semanas. Se trata de la novela escrita por Javier Marrero Fern\u00e1ndez y que, con el t\u00edtulo de \u201cNueve y media en Junta Suprema\u201d ha publicado la Baca, L\u00f3pez &amp; Westermann Editores, la empresa editorial que comanda la ... Read more\" \/>\n<meta property=\"og:url\" content=\"https:\/\/elcotarro.com\/?p=3625\" \/>\n<meta property=\"og:site_name\" content=\"El Cotarro\" \/>\n<meta property=\"article:publisher\" content=\"https:\/\/www.facebook.com\/ElCotarro.Tenerife\" \/>\n<meta property=\"article:published_time\" content=\"2017-01-01T11:00:48+00:00\" \/>\n<meta property=\"article:modified_time\" content=\"2017-01-15T17:29:22+00:00\" \/>\n<meta property=\"og:image\" content=\"https:\/\/elcotarro.com\/wp-content\/uploads\/2016\/12\/FOTO-6.-JAVIER-MARRERO1.jpg\" \/>\n<meta name=\"author\" content=\"Jos\u00e9 Carlos Marrero Gonz\u00e1lez\" \/>\n<meta name=\"twitter:label1\" content=\"Escrito por\" \/>\n\t<meta name=\"twitter:data1\" content=\"Jos\u00e9 Carlos Marrero Gonz\u00e1lez\" \/>\n\t<meta name=\"twitter:label2\" content=\"Tiempo de lectura\" \/>\n\t<meta name=\"twitter:data2\" content=\"1 minuto\" \/>\n<script type=\"application\/ld+json\" class=\"yoast-schema-graph\">{\"@context\":\"https:\/\/schema.org\",\"@graph\":[{\"@type\":\"Article\",\"@id\":\"https:\/\/elcotarro.com\/?p=3625#article\",\"isPartOf\":{\"@id\":\"https:\/\/elcotarro.com\/?p=3625\"},\"author\":{\"name\":\"Jos\u00e9 Carlos Marrero Gonz\u00e1lez\",\"@id\":\"https:\/\/elcotarro.com\/#\/schema\/person\/af537ee7d60d15984c7e0affcd8a918b\"},\"headline\":\"EN JUNTA SUPREMA CON JAVIER MARRERO\",\"datePublished\":\"2017-01-01T11:00:48+00:00\",\"dateModified\":\"2017-01-15T17:29:22+00:00\",\"mainEntityOfPage\":{\"@id\":\"https:\/\/elcotarro.com\/?p=3625\"},\"wordCount\":270,\"commentCount\":0,\"publisher\":{\"@id\":\"https:\/\/elcotarro.com\/#organization\"},\"image\":{\"@id\":\"https:\/\/elcotarro.com\/?p=3625#primaryimage\"},\"thumbnailUrl\":\"https:\/\/elcotarro.com\/wp-content\/uploads\/2016\/12\/FOTO-6.-JAVIER-MARRERO1.jpg\",\"inLanguage\":\"es\",\"potentialAction\":[{\"@type\":\"CommentAction\",\"name\":\"Comment\",\"target\":[\"https:\/\/elcotarro.com\/?p=3625#respond\"]}]},{\"@type\":\"WebPage\",\"@id\":\"https:\/\/elcotarro.com\/?p=3625\",\"url\":\"https:\/\/elcotarro.com\/?p=3625\",\"name\":\"EN JUNTA SUPREMA CON JAVIER MARRERO - El Cotarro\",\"isPartOf\":{\"@id\":\"https:\/\/elcotarro.com\/#website\"},\"primaryImageOfPage\":{\"@id\":\"https:\/\/elcotarro.com\/?p=3625#primaryimage\"},\"image\":{\"@id\":\"https:\/\/elcotarro.com\/?p=3625#primaryimage\"},\"thumbnailUrl\":\"https:\/\/elcotarro.com\/wp-content\/uploads\/2016\/12\/FOTO-6.-JAVIER-MARRERO1.jpg\",\"datePublished\":\"2017-01-01T11:00:48+00:00\",\"dateModified\":\"2017-01-15T17:29:22+00:00\",\"breadcrumb\":{\"@id\":\"https:\/\/elcotarro.com\/?p=3625#breadcrumb\"},\"inLanguage\":\"es\",\"potentialAction\":[{\"@type\":\"ReadAction\",\"target\":[\"https:\/\/elcotarro.com\/?p=3625\"]}]},{\"@type\":\"ImageObject\",\"inLanguage\":\"es\",\"@id\":\"https:\/\/elcotarro.com\/?p=3625#primaryimage\",\"url\":\"https:\/\/elcotarro.com\/wp-content\/uploads\/2016\/12\/FOTO-6.-JAVIER-MARRERO1.jpg\",\"contentUrl\":\"https:\/\/elcotarro.com\/wp-content\/uploads\/2016\/12\/FOTO-6.-JAVIER-MARRERO1.jpg\",\"width\":598,\"height\":753},{\"@type\":\"BreadcrumbList\",\"@id\":\"https:\/\/elcotarro.com\/?p=3625#breadcrumb\",\"itemListElement\":[{\"@type\":\"ListItem\",\"position\":1,\"name\":\"Portada\",\"item\":\"https:\/\/elcotarro.com\/\"},{\"@type\":\"ListItem\",\"position\":2,\"name\":\"EN JUNTA SUPREMA CON JAVIER MARRERO\"}]},{\"@type\":\"WebSite\",\"@id\":\"https:\/\/elcotarro.com\/#website\",\"url\":\"https:\/\/elcotarro.com\/\",\"name\":\"El Cotarro\",\"description\":\"Peri\u00f3dico Digital Independiente dirigido por Jos\u00e9 Carlos Marrero\",\"publisher\":{\"@id\":\"https:\/\/elcotarro.com\/#organization\"},\"potentialAction\":[{\"@type\":\"SearchAction\",\"target\":{\"@type\":\"EntryPoint\",\"urlTemplate\":\"https:\/\/elcotarro.com\/?s={search_term_string}\"},\"query-input\":{\"@type\":\"PropertyValueSpecification\",\"valueRequired\":true,\"valueName\":\"search_term_string\"}}],\"inLanguage\":\"es\"},{\"@type\":\"Organization\",\"@id\":\"https:\/\/elcotarro.com\/#organization\",\"name\":\"El Cotarro\",\"url\":\"https:\/\/elcotarro.com\/\",\"logo\":{\"@type\":\"ImageObject\",\"inLanguage\":\"es\",\"@id\":\"https:\/\/elcotarro.com\/#\/schema\/logo\/image\/\",\"url\":\"https:\/\/elcotarro.com\/wp-content\/uploads\/2014\/09\/Cabecera_El_Cotarro_v2.jpg\",\"contentUrl\":\"https:\/\/elcotarro.com\/wp-content\/uploads\/2014\/09\/Cabecera_El_Cotarro_v2.jpg\",\"width\":3540,\"height\":441,\"caption\":\"El Cotarro\"},\"image\":{\"@id\":\"https:\/\/elcotarro.com\/#\/schema\/logo\/image\/\"},\"sameAs\":[\"https:\/\/www.facebook.com\/ElCotarro.Tenerife\"]},{\"@type\":\"Person\",\"@id\":\"https:\/\/elcotarro.com\/#\/schema\/person\/af537ee7d60d15984c7e0affcd8a918b\",\"name\":\"Jos\u00e9 Carlos Marrero Gonz\u00e1lez\",\"image\":{\"@type\":\"ImageObject\",\"inLanguage\":\"es\",\"@id\":\"https:\/\/elcotarro.com\/#\/schema\/person\/image\/\",\"url\":\"https:\/\/secure.gravatar.com\/avatar\/def4da036efb5d32c74d49c351f6dccc064dd69ad9f3aadc295c5a9a5391ca01?s=96&d=mm&r=g\",\"contentUrl\":\"https:\/\/secure.gravatar.com\/avatar\/def4da036efb5d32c74d49c351f6dccc064dd69ad9f3aadc295c5a9a5391ca01?s=96&d=mm&r=g\",\"caption\":\"Jos\u00e9 Carlos Marrero Gonz\u00e1lez\"},\"sameAs\":[\"https:\/\/elcotarro.com\"],\"url\":\"https:\/\/elcotarro.com\/?author=2\"}]}<\/script>\n<!-- \/ Yoast SEO plugin. -->","yoast_head_json":{"title":"EN JUNTA SUPREMA CON JAVIER MARRERO - El Cotarro","robots":{"index":"index","follow":"follow","max-snippet":"max-snippet:-1","max-image-preview":"max-image-preview:large","max-video-preview":"max-video-preview:-1"},"canonical":"https:\/\/elcotarro.com\/?p=3625","og_locale":"es_ES","og_type":"article","og_title":"EN JUNTA SUPREMA CON JAVIER MARRERO - El Cotarro","og_description":"Y termino refiri\u00e9ndome de nuevo a una obra de la que ya habl\u00e9 en El Cotarro hace unas semanas. Se trata de la novela escrita por Javier Marrero Fern\u00e1ndez y que, con el t\u00edtulo de \u201cNueve y media en Junta Suprema\u201d ha publicado la Baca, L\u00f3pez &amp; Westermann Editores, la empresa editorial que comanda la ... Read more","og_url":"https:\/\/elcotarro.com\/?p=3625","og_site_name":"El Cotarro","article_publisher":"https:\/\/www.facebook.com\/ElCotarro.Tenerife","article_published_time":"2017-01-01T11:00:48+00:00","article_modified_time":"2017-01-15T17:29:22+00:00","og_image":[{"url":"https:\/\/elcotarro.com\/wp-content\/uploads\/2016\/12\/FOTO-6.-JAVIER-MARRERO1.jpg","type":"","width":"","height":""}],"author":"Jos\u00e9 Carlos Marrero Gonz\u00e1lez","twitter_misc":{"Escrito por":"Jos\u00e9 Carlos Marrero Gonz\u00e1lez","Tiempo de lectura":"1 minuto"},"schema":{"@context":"https:\/\/schema.org","@graph":[{"@type":"Article","@id":"https:\/\/elcotarro.com\/?p=3625#article","isPartOf":{"@id":"https:\/\/elcotarro.com\/?p=3625"},"author":{"name":"Jos\u00e9 Carlos Marrero Gonz\u00e1lez","@id":"https:\/\/elcotarro.com\/#\/schema\/person\/af537ee7d60d15984c7e0affcd8a918b"},"headline":"EN JUNTA SUPREMA CON JAVIER MARRERO","datePublished":"2017-01-01T11:00:48+00:00","dateModified":"2017-01-15T17:29:22+00:00","mainEntityOfPage":{"@id":"https:\/\/elcotarro.com\/?p=3625"},"wordCount":270,"commentCount":0,"publisher":{"@id":"https:\/\/elcotarro.com\/#organization"},"image":{"@id":"https:\/\/elcotarro.com\/?p=3625#primaryimage"},"thumbnailUrl":"https:\/\/elcotarro.com\/wp-content\/uploads\/2016\/12\/FOTO-6.-JAVIER-MARRERO1.jpg","inLanguage":"es","potentialAction":[{"@type":"CommentAction","name":"Comment","target":["https:\/\/elcotarro.com\/?p=3625#respond"]}]},{"@type":"WebPage","@id":"https:\/\/elcotarro.com\/?p=3625","url":"https:\/\/elcotarro.com\/?p=3625","name":"EN JUNTA SUPREMA CON JAVIER MARRERO - El Cotarro","isPartOf":{"@id":"https:\/\/elcotarro.com\/#website"},"primaryImageOfPage":{"@id":"https:\/\/elcotarro.com\/?p=3625#primaryimage"},"image":{"@id":"https:\/\/elcotarro.com\/?p=3625#primaryimage"},"thumbnailUrl":"https:\/\/elcotarro.com\/wp-content\/uploads\/2016\/12\/FOTO-6.-JAVIER-MARRERO1.jpg","datePublished":"2017-01-01T11:00:48+00:00","dateModified":"2017-01-15T17:29:22+00:00","breadcrumb":{"@id":"https:\/\/elcotarro.com\/?p=3625#breadcrumb"},"inLanguage":"es","potentialAction":[{"@type":"ReadAction","target":["https:\/\/elcotarro.com\/?p=3625"]}]},{"@type":"ImageObject","inLanguage":"es","@id":"https:\/\/elcotarro.com\/?p=3625#primaryimage","url":"https:\/\/elcotarro.com\/wp-content\/uploads\/2016\/12\/FOTO-6.-JAVIER-MARRERO1.jpg","contentUrl":"https:\/\/elcotarro.com\/wp-content\/uploads\/2016\/12\/FOTO-6.-JAVIER-MARRERO1.jpg","width":598,"height":753},{"@type":"BreadcrumbList","@id":"https:\/\/elcotarro.com\/?p=3625#breadcrumb","itemListElement":[{"@type":"ListItem","position":1,"name":"Portada","item":"https:\/\/elcotarro.com\/"},{"@type":"ListItem","position":2,"name":"EN JUNTA SUPREMA CON JAVIER MARRERO"}]},{"@type":"WebSite","@id":"https:\/\/elcotarro.com\/#website","url":"https:\/\/elcotarro.com\/","name":"El Cotarro","description":"Peri\u00f3dico Digital Independiente dirigido por Jos\u00e9 Carlos Marrero","publisher":{"@id":"https:\/\/elcotarro.com\/#organization"},"potentialAction":[{"@type":"SearchAction","target":{"@type":"EntryPoint","urlTemplate":"https:\/\/elcotarro.com\/?s={search_term_string}"},"query-input":{"@type":"PropertyValueSpecification","valueRequired":true,"valueName":"search_term_string"}}],"inLanguage":"es"},{"@type":"Organization","@id":"https:\/\/elcotarro.com\/#organization","name":"El Cotarro","url":"https:\/\/elcotarro.com\/","logo":{"@type":"ImageObject","inLanguage":"es","@id":"https:\/\/elcotarro.com\/#\/schema\/logo\/image\/","url":"https:\/\/elcotarro.com\/wp-content\/uploads\/2014\/09\/Cabecera_El_Cotarro_v2.jpg","contentUrl":"https:\/\/elcotarro.com\/wp-content\/uploads\/2014\/09\/Cabecera_El_Cotarro_v2.jpg","width":3540,"height":441,"caption":"El Cotarro"},"image":{"@id":"https:\/\/elcotarro.com\/#\/schema\/logo\/image\/"},"sameAs":["https:\/\/www.facebook.com\/ElCotarro.Tenerife"]},{"@type":"Person","@id":"https:\/\/elcotarro.com\/#\/schema\/person\/af537ee7d60d15984c7e0affcd8a918b","name":"Jos\u00e9 Carlos Marrero Gonz\u00e1lez","image":{"@type":"ImageObject","inLanguage":"es","@id":"https:\/\/elcotarro.com\/#\/schema\/person\/image\/","url":"https:\/\/secure.gravatar.com\/avatar\/def4da036efb5d32c74d49c351f6dccc064dd69ad9f3aadc295c5a9a5391ca01?s=96&d=mm&r=g","contentUrl":"https:\/\/secure.gravatar.com\/avatar\/def4da036efb5d32c74d49c351f6dccc064dd69ad9f3aadc295c5a9a5391ca01?s=96&d=mm&r=g","caption":"Jos\u00e9 Carlos Marrero Gonz\u00e1lez"},"sameAs":["https:\/\/elcotarro.com"],"url":"https:\/\/elcotarro.com\/?author=2"}]}},"jetpack_featured_media_url":"","jetpack_sharing_enabled":true,"_links":{"self":[{"href":"https:\/\/elcotarro.com\/index.php?rest_route=\/wp\/v2\/posts\/3625","targetHints":{"allow":["GET"]}}],"collection":[{"href":"https:\/\/elcotarro.com\/index.php?rest_route=\/wp\/v2\/posts"}],"about":[{"href":"https:\/\/elcotarro.com\/index.php?rest_route=\/wp\/v2\/types\/post"}],"author":[{"embeddable":true,"href":"https:\/\/elcotarro.com\/index.php?rest_route=\/wp\/v2\/users\/2"}],"replies":[{"embeddable":true,"href":"https:\/\/elcotarro.com\/index.php?rest_route=%2Fwp%2Fv2%2Fcomments&post=3625"}],"version-history":[{"count":1,"href":"https:\/\/elcotarro.com\/index.php?rest_route=\/wp\/v2\/posts\/3625\/revisions"}],"predecessor-version":[{"id":3627,"href":"https:\/\/elcotarro.com\/index.php?rest_route=\/wp\/v2\/posts\/3625\/revisions\/3627"}],"wp:attachment":[{"href":"https:\/\/elcotarro.com\/index.php?rest_route=%2Fwp%2Fv2%2Fmedia&parent=3625"}],"wp:term":[{"taxonomy":"category","embeddable":true,"href":"https:\/\/elcotarro.com\/index.php?rest_route=%2Fwp%2Fv2%2Fcategories&post=3625"},{"taxonomy":"post_tag","embeddable":true,"href":"https:\/\/elcotarro.com\/index.php?rest_route=%2Fwp%2Fv2%2Ftags&post=3625"}],"curies":[{"name":"wp","href":"https:\/\/api.w.org\/{rel}","templated":true}]}}