{"id":364,"date":"2014-11-09T00:03:06","date_gmt":"2014-11-09T00:03:06","guid":{"rendered":"https:\/\/elcotarro.com\/?p=364"},"modified":"2014-11-08T22:30:30","modified_gmt":"2014-11-08T22:30:30","slug":"de-turismo-canarias-por-amor","status":"publish","type":"post","link":"https:\/\/elcotarro.com\/?p=364","title":{"rendered":"DE TURISMO A CANARIAS POR AMOR"},"content":{"rendered":"<p style=\"text-align: justify;\">\u2666\u00a0Ya hay m\u00e1s de una co\u00f1a rodando, como la de que el ministro de Industria y Turismo, el canari\u00f3n <strong>Jos\u00e9 Manuel Soria<\/strong>, estar\u00eda posicionando a nuestras islas como un destino perfecto para el llamado \u201cturismo rom\u00e1ntico\u201d o bien \u00abturismo del amor\u00bb\u2026 Porque todo apunta a que, salvo error u omisi\u00f3n, ambos pol\u00edticos del PP, hoy inmersos en la tremenda pol\u00e9mica, digamos\u2026 \u00abcorrupto-amorosa\u00bb, viajaron a Canarias para ver a su \u00abbella durmiente\u00bb con cargo, supuestamente, a los fondos p\u00fablicos del Congreso o del Senado\u2026 Y que se sepa, hasta ahora, ni uno ni el otro se han preocupado mucho por Canarias desde su esca\u00f1o en el Congreso o en el Senado\u2026 <strong>Carlos Mu\u00f1oz<\/strong> parece que ya ha dimitido y <strong>Jos\u00e9 Antonio<\/strong> <strong>Monago<\/strong>\u2026 ya veremos\u2026 \u00bfNo va a estar el personal de a pie (incluido los militantes y votantes del PP) hasta los mism\u00edsimos \u00abmonagos\u00bb y pensando que \u00abpodemos\u00bb dar un giro a esta realidad?&#8230; Como dice y canta <strong>Pablo Motos<\/strong> en \u00abEl Hormiguero\u00bb\u2026\u00a0 \u00a1dale la vuelta a la tortilla\u00bb<\/p>\n<p style=\"text-align: justify;\"><a href=\"https:\/\/elcotarro.com\/wp-content\/uploads\/2014\/11\/Jos\u00e9-Antonio-Monago-De-bombero.png\"><img loading=\"lazy\" decoding=\"async\" class=\"aligncenter wp-image-365 size-medium\" src=\"https:\/\/elcotarro.com\/wp-content\/uploads\/2014\/11\/Jos\u00e9-Antonio-Monago-De-bombero-300x234.png\" alt=\"Jos\u00e9 Antonio Monago - De bombero\" width=\"300\" height=\"234\" srcset=\"https:\/\/elcotarro.com\/wp-content\/uploads\/2014\/11\/Jos\u00e9-Antonio-Monago-De-bombero-300x234.png 300w, https:\/\/elcotarro.com\/wp-content\/uploads\/2014\/11\/Jos\u00e9-Antonio-Monago-De-bombero.png 552w\" sizes=\"auto, (max-width: 300px) 100vw, 300px\" \/><\/a><\/p>\n<p class=\"comentario\" style=\"text-align: center;\">Jos\u00e9 Antonio Monago, cuando ejerc\u00eda de bombero\u2026 Ahora tendr\u00e1 que apagar la pol\u00e9mica<\/p>\n","protected":false},"excerpt":{"rendered":"<p>\u2666\u00a0Ya hay m\u00e1s de una co\u00f1a rodando, como la de que el ministro de Industria y Turismo, el canari\u00f3n Jos\u00e9 Manuel Soria, estar\u00eda posicionando a nuestras islas como un destino perfecto para el llamado \u201cturismo rom\u00e1ntico\u201d o bien \u00abturismo del amor\u00bb\u2026 Porque todo apunta a que, salvo error u omisi\u00f3n, ambos pol\u00edticos del PP, hoy &#8230; <a class=\"read-more\" href=\"https:\/\/elcotarro.com\/?p=364\">Read more<\/a><\/p>\n","protected":false},"author":2,"featured_media":0,"comment_status":"open","ping_status":"open","sticky":false,"template":"","format":"standard","meta":{"_jetpack_memberships_contains_paid_content":false,"footnotes":""},"categories":[7],"tags":[173,174,168,175],"class_list":["post-364","post","type-post","status-publish","format-standard","hentry","category-politica","tag-carlos-munoz","tag-jose-antonio-monago","tag-jose-manuel-soria","tag-pablo-motos"],"yoast_head":"<!-- This site is optimized with the Yoast SEO plugin v27.0 - https:\/\/yoast.com\/product\/yoast-seo-wordpress\/ -->\n<title>DE TURISMO A CANARIAS POR AMOR - El Cotarro<\/title>\n<meta name=\"robots\" content=\"index, follow, max-snippet:-1, max-image-preview:large, max-video-preview:-1\" \/>\n<link rel=\"canonical\" href=\"https:\/\/elcotarro.com\/?p=364\" \/>\n<meta property=\"og:locale\" content=\"es_ES\" \/>\n<meta property=\"og:type\" content=\"article\" \/>\n<meta property=\"og:title\" content=\"DE TURISMO A CANARIAS POR AMOR - El Cotarro\" \/>\n<meta property=\"og:description\" content=\"\u2666\u00a0Ya hay m\u00e1s de una co\u00f1a rodando, como la de que el ministro de Industria y Turismo, el canari\u00f3n Jos\u00e9 Manuel Soria, estar\u00eda posicionando a nuestras islas como un destino perfecto para el llamado \u201cturismo rom\u00e1ntico\u201d o bien \u00abturismo del amor\u00bb\u2026 Porque todo apunta a que, salvo error u omisi\u00f3n, ambos pol\u00edticos del PP, hoy ... Read more\" \/>\n<meta property=\"og:url\" content=\"https:\/\/elcotarro.com\/?p=364\" \/>\n<meta property=\"og:site_name\" content=\"El Cotarro\" \/>\n<meta property=\"article:publisher\" content=\"https:\/\/www.facebook.com\/ElCotarro.Tenerife\" \/>\n<meta property=\"article:published_time\" content=\"2014-11-09T00:03:06+00:00\" \/>\n<meta name=\"author\" content=\"Jos\u00e9 Carlos Marrero Gonz\u00e1lez\" \/>\n<meta name=\"twitter:label1\" content=\"Escrito por\" \/>\n\t<meta name=\"twitter:data1\" content=\"Jos\u00e9 Carlos Marrero Gonz\u00e1lez\" \/>\n\t<meta name=\"twitter:label2\" content=\"Tiempo de lectura\" \/>\n\t<meta name=\"twitter:data2\" content=\"1 minuto\" \/>\n<script type=\"application\/ld+json\" class=\"yoast-schema-graph\">{\"@context\":\"https:\/\/schema.org\",\"@graph\":[{\"@type\":\"Article\",\"@id\":\"https:\/\/elcotarro.com\/?p=364#article\",\"isPartOf\":{\"@id\":\"https:\/\/elcotarro.com\/?p=364\"},\"author\":{\"name\":\"Jos\u00e9 Carlos Marrero Gonz\u00e1lez\",\"@id\":\"https:\/\/elcotarro.com\/#\/schema\/person\/af537ee7d60d15984c7e0affcd8a918b\"},\"headline\":\"DE TURISMO A CANARIAS POR AMOR\",\"datePublished\":\"2014-11-09T00:03:06+00:00\",\"mainEntityOfPage\":{\"@id\":\"https:\/\/elcotarro.com\/?p=364\"},\"wordCount\":201,\"commentCount\":1,\"publisher\":{\"@id\":\"https:\/\/elcotarro.com\/#organization\"},\"keywords\":[\"Carlos Mu\u00f1oz\",\"Jos\u00e9 Antonio Monago\",\"Jos\u00e9 Manuel Soria\",\"Pablo Motos\"],\"articleSection\":[\"Pol\u00edtica\"],\"inLanguage\":\"es\",\"potentialAction\":[{\"@type\":\"CommentAction\",\"name\":\"Comment\",\"target\":[\"https:\/\/elcotarro.com\/?p=364#respond\"]}]},{\"@type\":\"WebPage\",\"@id\":\"https:\/\/elcotarro.com\/?p=364\",\"url\":\"https:\/\/elcotarro.com\/?p=364\",\"name\":\"DE TURISMO A CANARIAS POR AMOR - El Cotarro\",\"isPartOf\":{\"@id\":\"https:\/\/elcotarro.com\/#website\"},\"datePublished\":\"2014-11-09T00:03:06+00:00\",\"breadcrumb\":{\"@id\":\"https:\/\/elcotarro.com\/?p=364#breadcrumb\"},\"inLanguage\":\"es\",\"potentialAction\":[{\"@type\":\"ReadAction\",\"target\":[\"https:\/\/elcotarro.com\/?p=364\"]}]},{\"@type\":\"BreadcrumbList\",\"@id\":\"https:\/\/elcotarro.com\/?p=364#breadcrumb\",\"itemListElement\":[{\"@type\":\"ListItem\",\"position\":1,\"name\":\"Portada\",\"item\":\"https:\/\/elcotarro.com\/\"},{\"@type\":\"ListItem\",\"position\":2,\"name\":\"DE TURISMO A CANARIAS POR AMOR\"}]},{\"@type\":\"WebSite\",\"@id\":\"https:\/\/elcotarro.com\/#website\",\"url\":\"https:\/\/elcotarro.com\/\",\"name\":\"El Cotarro\",\"description\":\"Peri\u00f3dico Digital Independiente dirigido por Jos\u00e9 Carlos Marrero\",\"publisher\":{\"@id\":\"https:\/\/elcotarro.com\/#organization\"},\"potentialAction\":[{\"@type\":\"SearchAction\",\"target\":{\"@type\":\"EntryPoint\",\"urlTemplate\":\"https:\/\/elcotarro.com\/?s={search_term_string}\"},\"query-input\":{\"@type\":\"PropertyValueSpecification\",\"valueRequired\":true,\"valueName\":\"search_term_string\"}}],\"inLanguage\":\"es\"},{\"@type\":\"Organization\",\"@id\":\"https:\/\/elcotarro.com\/#organization\",\"name\":\"El Cotarro\",\"url\":\"https:\/\/elcotarro.com\/\",\"logo\":{\"@type\":\"ImageObject\",\"inLanguage\":\"es\",\"@id\":\"https:\/\/elcotarro.com\/#\/schema\/logo\/image\/\",\"url\":\"https:\/\/elcotarro.com\/wp-content\/uploads\/2014\/09\/Cabecera_El_Cotarro_v2.jpg\",\"contentUrl\":\"https:\/\/elcotarro.com\/wp-content\/uploads\/2014\/09\/Cabecera_El_Cotarro_v2.jpg\",\"width\":3540,\"height\":441,\"caption\":\"El Cotarro\"},\"image\":{\"@id\":\"https:\/\/elcotarro.com\/#\/schema\/logo\/image\/\"},\"sameAs\":[\"https:\/\/www.facebook.com\/ElCotarro.Tenerife\"]},{\"@type\":\"Person\",\"@id\":\"https:\/\/elcotarro.com\/#\/schema\/person\/af537ee7d60d15984c7e0affcd8a918b\",\"name\":\"Jos\u00e9 Carlos Marrero Gonz\u00e1lez\",\"image\":{\"@type\":\"ImageObject\",\"inLanguage\":\"es\",\"@id\":\"https:\/\/elcotarro.com\/#\/schema\/person\/image\/\",\"url\":\"https:\/\/secure.gravatar.com\/avatar\/def4da036efb5d32c74d49c351f6dccc064dd69ad9f3aadc295c5a9a5391ca01?s=96&d=mm&r=g\",\"contentUrl\":\"https:\/\/secure.gravatar.com\/avatar\/def4da036efb5d32c74d49c351f6dccc064dd69ad9f3aadc295c5a9a5391ca01?s=96&d=mm&r=g\",\"caption\":\"Jos\u00e9 Carlos Marrero Gonz\u00e1lez\"},\"sameAs\":[\"https:\/\/elcotarro.com\"],\"url\":\"https:\/\/elcotarro.com\/?author=2\"}]}<\/script>\n<!-- \/ Yoast SEO plugin. -->","yoast_head_json":{"title":"DE TURISMO A CANARIAS POR AMOR - El Cotarro","robots":{"index":"index","follow":"follow","max-snippet":"max-snippet:-1","max-image-preview":"max-image-preview:large","max-video-preview":"max-video-preview:-1"},"canonical":"https:\/\/elcotarro.com\/?p=364","og_locale":"es_ES","og_type":"article","og_title":"DE TURISMO A CANARIAS POR AMOR - El Cotarro","og_description":"\u2666\u00a0Ya hay m\u00e1s de una co\u00f1a rodando, como la de que el ministro de Industria y Turismo, el canari\u00f3n Jos\u00e9 Manuel Soria, estar\u00eda posicionando a nuestras islas como un destino perfecto para el llamado \u201cturismo rom\u00e1ntico\u201d o bien \u00abturismo del amor\u00bb\u2026 Porque todo apunta a que, salvo error u omisi\u00f3n, ambos pol\u00edticos del PP, hoy ... Read more","og_url":"https:\/\/elcotarro.com\/?p=364","og_site_name":"El Cotarro","article_publisher":"https:\/\/www.facebook.com\/ElCotarro.Tenerife","article_published_time":"2014-11-09T00:03:06+00:00","author":"Jos\u00e9 Carlos Marrero Gonz\u00e1lez","twitter_misc":{"Escrito por":"Jos\u00e9 Carlos Marrero Gonz\u00e1lez","Tiempo de lectura":"1 minuto"},"schema":{"@context":"https:\/\/schema.org","@graph":[{"@type":"Article","@id":"https:\/\/elcotarro.com\/?p=364#article","isPartOf":{"@id":"https:\/\/elcotarro.com\/?p=364"},"author":{"name":"Jos\u00e9 Carlos Marrero Gonz\u00e1lez","@id":"https:\/\/elcotarro.com\/#\/schema\/person\/af537ee7d60d15984c7e0affcd8a918b"},"headline":"DE TURISMO A CANARIAS POR AMOR","datePublished":"2014-11-09T00:03:06+00:00","mainEntityOfPage":{"@id":"https:\/\/elcotarro.com\/?p=364"},"wordCount":201,"commentCount":1,"publisher":{"@id":"https:\/\/elcotarro.com\/#organization"},"keywords":["Carlos Mu\u00f1oz","Jos\u00e9 Antonio Monago","Jos\u00e9 Manuel Soria","Pablo Motos"],"articleSection":["Pol\u00edtica"],"inLanguage":"es","potentialAction":[{"@type":"CommentAction","name":"Comment","target":["https:\/\/elcotarro.com\/?p=364#respond"]}]},{"@type":"WebPage","@id":"https:\/\/elcotarro.com\/?p=364","url":"https:\/\/elcotarro.com\/?p=364","name":"DE TURISMO A CANARIAS POR AMOR - El Cotarro","isPartOf":{"@id":"https:\/\/elcotarro.com\/#website"},"datePublished":"2014-11-09T00:03:06+00:00","breadcrumb":{"@id":"https:\/\/elcotarro.com\/?p=364#breadcrumb"},"inLanguage":"es","potentialAction":[{"@type":"ReadAction","target":["https:\/\/elcotarro.com\/?p=364"]}]},{"@type":"BreadcrumbList","@id":"https:\/\/elcotarro.com\/?p=364#breadcrumb","itemListElement":[{"@type":"ListItem","position":1,"name":"Portada","item":"https:\/\/elcotarro.com\/"},{"@type":"ListItem","position":2,"name":"DE TURISMO A CANARIAS POR AMOR"}]},{"@type":"WebSite","@id":"https:\/\/elcotarro.com\/#website","url":"https:\/\/elcotarro.com\/","name":"El Cotarro","description":"Peri\u00f3dico Digital Independiente dirigido por Jos\u00e9 Carlos Marrero","publisher":{"@id":"https:\/\/elcotarro.com\/#organization"},"potentialAction":[{"@type":"SearchAction","target":{"@type":"EntryPoint","urlTemplate":"https:\/\/elcotarro.com\/?s={search_term_string}"},"query-input":{"@type":"PropertyValueSpecification","valueRequired":true,"valueName":"search_term_string"}}],"inLanguage":"es"},{"@type":"Organization","@id":"https:\/\/elcotarro.com\/#organization","name":"El Cotarro","url":"https:\/\/elcotarro.com\/","logo":{"@type":"ImageObject","inLanguage":"es","@id":"https:\/\/elcotarro.com\/#\/schema\/logo\/image\/","url":"https:\/\/elcotarro.com\/wp-content\/uploads\/2014\/09\/Cabecera_El_Cotarro_v2.jpg","contentUrl":"https:\/\/elcotarro.com\/wp-content\/uploads\/2014\/09\/Cabecera_El_Cotarro_v2.jpg","width":3540,"height":441,"caption":"El Cotarro"},"image":{"@id":"https:\/\/elcotarro.com\/#\/schema\/logo\/image\/"},"sameAs":["https:\/\/www.facebook.com\/ElCotarro.Tenerife"]},{"@type":"Person","@id":"https:\/\/elcotarro.com\/#\/schema\/person\/af537ee7d60d15984c7e0affcd8a918b","name":"Jos\u00e9 Carlos Marrero Gonz\u00e1lez","image":{"@type":"ImageObject","inLanguage":"es","@id":"https:\/\/elcotarro.com\/#\/schema\/person\/image\/","url":"https:\/\/secure.gravatar.com\/avatar\/def4da036efb5d32c74d49c351f6dccc064dd69ad9f3aadc295c5a9a5391ca01?s=96&d=mm&r=g","contentUrl":"https:\/\/secure.gravatar.com\/avatar\/def4da036efb5d32c74d49c351f6dccc064dd69ad9f3aadc295c5a9a5391ca01?s=96&d=mm&r=g","caption":"Jos\u00e9 Carlos Marrero Gonz\u00e1lez"},"sameAs":["https:\/\/elcotarro.com"],"url":"https:\/\/elcotarro.com\/?author=2"}]}},"jetpack_featured_media_url":"","jetpack_sharing_enabled":true,"_links":{"self":[{"href":"https:\/\/elcotarro.com\/index.php?rest_route=\/wp\/v2\/posts\/364","targetHints":{"allow":["GET"]}}],"collection":[{"href":"https:\/\/elcotarro.com\/index.php?rest_route=\/wp\/v2\/posts"}],"about":[{"href":"https:\/\/elcotarro.com\/index.php?rest_route=\/wp\/v2\/types\/post"}],"author":[{"embeddable":true,"href":"https:\/\/elcotarro.com\/index.php?rest_route=\/wp\/v2\/users\/2"}],"replies":[{"embeddable":true,"href":"https:\/\/elcotarro.com\/index.php?rest_route=%2Fwp%2Fv2%2Fcomments&post=364"}],"version-history":[{"count":1,"href":"https:\/\/elcotarro.com\/index.php?rest_route=\/wp\/v2\/posts\/364\/revisions"}],"predecessor-version":[{"id":366,"href":"https:\/\/elcotarro.com\/index.php?rest_route=\/wp\/v2\/posts\/364\/revisions\/366"}],"wp:attachment":[{"href":"https:\/\/elcotarro.com\/index.php?rest_route=%2Fwp%2Fv2%2Fmedia&parent=364"}],"wp:term":[{"taxonomy":"category","embeddable":true,"href":"https:\/\/elcotarro.com\/index.php?rest_route=%2Fwp%2Fv2%2Fcategories&post=364"},{"taxonomy":"post_tag","embeddable":true,"href":"https:\/\/elcotarro.com\/index.php?rest_route=%2Fwp%2Fv2%2Ftags&post=364"}],"curies":[{"name":"wp","href":"https:\/\/api.w.org\/{rel}","templated":true}]}}