{"id":3695,"date":"2017-01-22T11:05:00","date_gmt":"2017-01-22T11:05:00","guid":{"rendered":"https:\/\/elcotarro.com\/?p=3695"},"modified":"2017-01-21T12:38:22","modified_gmt":"2017-01-21T12:38:22","slug":"tenerife-aterriza-en-madridfusion","status":"publish","type":"post","link":"https:\/\/elcotarro.com\/?p=3695","title":{"rendered":"TENERIFE ATERRIZA EN MADRIDFUSI\u00d3N"},"content":{"rendered":"<p>Desde ma\u00f1ana lunes y hasta el pr\u00f3ximo mi\u00e9rcoles, Tenerife ser\u00e1 por primera vez \u201cDestino Oficial Invitado\u201d en el congreso <em>Saborea Espa\u00f1a<\/em>, que se celebrar\u00e1 dentro del marco de la XV Cumbre Internacional de Turismo \u2013 <em>MadridFusi\u00f3n<\/em> 2017, que preside el prestigioso periodista, escritor y cr\u00edtico gastron\u00f3mico, <strong>Jos\u00e9 Carlos Capel<\/strong> y dirige <strong>Lourdes Plana<\/strong>. La cocina canaria de Tenerife representa la m\u00e1xima expresi\u00f3n de lo que significa ser puente tricontinental de productos, recetas y sabores. Una apasionante realidad gastron\u00f3mica forjada por a\u00f1os de sabrosos trasiegos interculturales, que conforman una cocina rica y diversa, donde, en la actualidad, conviven el respeto a la tradici\u00f3n con la innovaci\u00f3n y la creatividad.<\/p>\n<p style=\"text-align: center\"><a href=\"https:\/\/elcotarro.com\/wp-content\/uploads\/2017\/01\/FOTO-1.-MadridFusi\u00f3n-2017.jpg\"><img loading=\"lazy\" decoding=\"async\" class=\"alignnone size-full wp-image-3696\" src=\"https:\/\/elcotarro.com\/wp-content\/uploads\/2017\/01\/FOTO-1.-MadridFusi\u00f3n-2017.jpg\" alt=\"FOTO 1.- MadridFusi\u00f3n 2017\" width=\"2500\" height=\"1663\" srcset=\"https:\/\/elcotarro.com\/wp-content\/uploads\/2017\/01\/FOTO-1.-MadridFusi\u00f3n-2017.jpg 2500w, https:\/\/elcotarro.com\/wp-content\/uploads\/2017\/01\/FOTO-1.-MadridFusi\u00f3n-2017-300x200.jpg 300w, https:\/\/elcotarro.com\/wp-content\/uploads\/2017\/01\/FOTO-1.-MadridFusi\u00f3n-2017-1024x681.jpg 1024w\" sizes=\"auto, (max-width: 2500px) 100vw, 2500px\" \/><\/a><\/p>\n<p style=\"text-align: center\"><em>De izquierda a derecha: Alberto Bernab\u00e9, Jes\u00fas Morales y Pablo Pastor durante la presentaci\u00f3n del programa de actividades con el que Tenerife intentar\u00e1 consolidarse como destino gastron\u00f3mico de primer nivel en el marco de la cumbre MadridFusi\u00f3n\/Saborea Espa\u00f1a 2017.<\/em><\/p>\n","protected":false},"excerpt":{"rendered":"<p>Desde ma\u00f1ana lunes y hasta el pr\u00f3ximo mi\u00e9rcoles, Tenerife ser\u00e1 por primera vez \u201cDestino Oficial Invitado\u201d en el congreso Saborea Espa\u00f1a, que se celebrar\u00e1 dentro del marco de la XV Cumbre Internacional de Turismo \u2013 MadridFusi\u00f3n 2017, que preside el prestigioso periodista, escritor y cr\u00edtico gastron\u00f3mico, Jos\u00e9 Carlos Capel y dirige Lourdes Plana. La cocina &#8230; <a class=\"read-more\" href=\"https:\/\/elcotarro.com\/?p=3695\">Read more<\/a><\/p>\n","protected":false},"author":2,"featured_media":0,"comment_status":"open","ping_status":"open","sticky":false,"template":"","format":"standard","meta":{"_jetpack_memberships_contains_paid_content":false,"footnotes":""},"categories":[1],"tags":[],"class_list":["post-3695","post","type-post","status-publish","format-standard","hentry","category-sin-categoria"],"yoast_head":"<!-- This site is optimized with the Yoast SEO plugin v27.0 - https:\/\/yoast.com\/product\/yoast-seo-wordpress\/ -->\n<title>TENERIFE ATERRIZA EN MADRIDFUSI\u00d3N - El Cotarro<\/title>\n<meta name=\"robots\" content=\"index, follow, max-snippet:-1, max-image-preview:large, max-video-preview:-1\" \/>\n<link rel=\"canonical\" href=\"https:\/\/elcotarro.com\/?p=3695\" \/>\n<meta property=\"og:locale\" content=\"es_ES\" \/>\n<meta property=\"og:type\" content=\"article\" \/>\n<meta property=\"og:title\" content=\"TENERIFE ATERRIZA EN MADRIDFUSI\u00d3N - El Cotarro\" \/>\n<meta property=\"og:description\" content=\"Desde ma\u00f1ana lunes y hasta el pr\u00f3ximo mi\u00e9rcoles, Tenerife ser\u00e1 por primera vez \u201cDestino Oficial Invitado\u201d en el congreso Saborea Espa\u00f1a, que se celebrar\u00e1 dentro del marco de la XV Cumbre Internacional de Turismo \u2013 MadridFusi\u00f3n 2017, que preside el prestigioso periodista, escritor y cr\u00edtico gastron\u00f3mico, Jos\u00e9 Carlos Capel y dirige Lourdes Plana. La cocina ... Read more\" \/>\n<meta property=\"og:url\" content=\"https:\/\/elcotarro.com\/?p=3695\" \/>\n<meta property=\"og:site_name\" content=\"El Cotarro\" \/>\n<meta property=\"article:publisher\" content=\"https:\/\/www.facebook.com\/ElCotarro.Tenerife\" \/>\n<meta property=\"article:published_time\" content=\"2017-01-22T11:05:00+00:00\" \/>\n<meta name=\"author\" content=\"Jos\u00e9 Carlos Marrero Gonz\u00e1lez\" \/>\n<meta name=\"twitter:label1\" content=\"Escrito por\" \/>\n\t<meta name=\"twitter:data1\" content=\"Jos\u00e9 Carlos Marrero Gonz\u00e1lez\" \/>\n\t<meta name=\"twitter:label2\" content=\"Tiempo de lectura\" \/>\n\t<meta name=\"twitter:data2\" content=\"1 minuto\" \/>\n<script type=\"application\/ld+json\" class=\"yoast-schema-graph\">{\"@context\":\"https:\/\/schema.org\",\"@graph\":[{\"@type\":\"Article\",\"@id\":\"https:\/\/elcotarro.com\/?p=3695#article\",\"isPartOf\":{\"@id\":\"https:\/\/elcotarro.com\/?p=3695\"},\"author\":{\"name\":\"Jos\u00e9 Carlos Marrero Gonz\u00e1lez\",\"@id\":\"https:\/\/elcotarro.com\/#\/schema\/person\/af537ee7d60d15984c7e0affcd8a918b\"},\"headline\":\"TENERIFE ATERRIZA EN MADRIDFUSI\u00d3N\",\"datePublished\":\"2017-01-22T11:05:00+00:00\",\"mainEntityOfPage\":{\"@id\":\"https:\/\/elcotarro.com\/?p=3695\"},\"wordCount\":168,\"commentCount\":0,\"publisher\":{\"@id\":\"https:\/\/elcotarro.com\/#organization\"},\"inLanguage\":\"es\",\"potentialAction\":[{\"@type\":\"CommentAction\",\"name\":\"Comment\",\"target\":[\"https:\/\/elcotarro.com\/?p=3695#respond\"]}]},{\"@type\":\"WebPage\",\"@id\":\"https:\/\/elcotarro.com\/?p=3695\",\"url\":\"https:\/\/elcotarro.com\/?p=3695\",\"name\":\"TENERIFE ATERRIZA EN MADRIDFUSI\u00d3N - El Cotarro\",\"isPartOf\":{\"@id\":\"https:\/\/elcotarro.com\/#website\"},\"datePublished\":\"2017-01-22T11:05:00+00:00\",\"breadcrumb\":{\"@id\":\"https:\/\/elcotarro.com\/?p=3695#breadcrumb\"},\"inLanguage\":\"es\",\"potentialAction\":[{\"@type\":\"ReadAction\",\"target\":[\"https:\/\/elcotarro.com\/?p=3695\"]}]},{\"@type\":\"BreadcrumbList\",\"@id\":\"https:\/\/elcotarro.com\/?p=3695#breadcrumb\",\"itemListElement\":[{\"@type\":\"ListItem\",\"position\":1,\"name\":\"Portada\",\"item\":\"https:\/\/elcotarro.com\/\"},{\"@type\":\"ListItem\",\"position\":2,\"name\":\"TENERIFE ATERRIZA EN MADRIDFUSI\u00d3N\"}]},{\"@type\":\"WebSite\",\"@id\":\"https:\/\/elcotarro.com\/#website\",\"url\":\"https:\/\/elcotarro.com\/\",\"name\":\"El Cotarro\",\"description\":\"Peri\u00f3dico Digital Independiente dirigido por Jos\u00e9 Carlos Marrero\",\"publisher\":{\"@id\":\"https:\/\/elcotarro.com\/#organization\"},\"potentialAction\":[{\"@type\":\"SearchAction\",\"target\":{\"@type\":\"EntryPoint\",\"urlTemplate\":\"https:\/\/elcotarro.com\/?s={search_term_string}\"},\"query-input\":{\"@type\":\"PropertyValueSpecification\",\"valueRequired\":true,\"valueName\":\"search_term_string\"}}],\"inLanguage\":\"es\"},{\"@type\":\"Organization\",\"@id\":\"https:\/\/elcotarro.com\/#organization\",\"name\":\"El Cotarro\",\"url\":\"https:\/\/elcotarro.com\/\",\"logo\":{\"@type\":\"ImageObject\",\"inLanguage\":\"es\",\"@id\":\"https:\/\/elcotarro.com\/#\/schema\/logo\/image\/\",\"url\":\"https:\/\/elcotarro.com\/wp-content\/uploads\/2014\/09\/Cabecera_El_Cotarro_v2.jpg\",\"contentUrl\":\"https:\/\/elcotarro.com\/wp-content\/uploads\/2014\/09\/Cabecera_El_Cotarro_v2.jpg\",\"width\":3540,\"height\":441,\"caption\":\"El Cotarro\"},\"image\":{\"@id\":\"https:\/\/elcotarro.com\/#\/schema\/logo\/image\/\"},\"sameAs\":[\"https:\/\/www.facebook.com\/ElCotarro.Tenerife\"]},{\"@type\":\"Person\",\"@id\":\"https:\/\/elcotarro.com\/#\/schema\/person\/af537ee7d60d15984c7e0affcd8a918b\",\"name\":\"Jos\u00e9 Carlos Marrero Gonz\u00e1lez\",\"image\":{\"@type\":\"ImageObject\",\"inLanguage\":\"es\",\"@id\":\"https:\/\/elcotarro.com\/#\/schema\/person\/image\/\",\"url\":\"https:\/\/secure.gravatar.com\/avatar\/def4da036efb5d32c74d49c351f6dccc064dd69ad9f3aadc295c5a9a5391ca01?s=96&d=mm&r=g\",\"contentUrl\":\"https:\/\/secure.gravatar.com\/avatar\/def4da036efb5d32c74d49c351f6dccc064dd69ad9f3aadc295c5a9a5391ca01?s=96&d=mm&r=g\",\"caption\":\"Jos\u00e9 Carlos Marrero Gonz\u00e1lez\"},\"sameAs\":[\"https:\/\/elcotarro.com\"],\"url\":\"https:\/\/elcotarro.com\/?author=2\"}]}<\/script>\n<!-- \/ Yoast SEO plugin. -->","yoast_head_json":{"title":"TENERIFE ATERRIZA EN MADRIDFUSI\u00d3N - El Cotarro","robots":{"index":"index","follow":"follow","max-snippet":"max-snippet:-1","max-image-preview":"max-image-preview:large","max-video-preview":"max-video-preview:-1"},"canonical":"https:\/\/elcotarro.com\/?p=3695","og_locale":"es_ES","og_type":"article","og_title":"TENERIFE ATERRIZA EN MADRIDFUSI\u00d3N - El Cotarro","og_description":"Desde ma\u00f1ana lunes y hasta el pr\u00f3ximo mi\u00e9rcoles, Tenerife ser\u00e1 por primera vez \u201cDestino Oficial Invitado\u201d en el congreso Saborea Espa\u00f1a, que se celebrar\u00e1 dentro del marco de la XV Cumbre Internacional de Turismo \u2013 MadridFusi\u00f3n 2017, que preside el prestigioso periodista, escritor y cr\u00edtico gastron\u00f3mico, Jos\u00e9 Carlos Capel y dirige Lourdes Plana. La cocina ... Read more","og_url":"https:\/\/elcotarro.com\/?p=3695","og_site_name":"El Cotarro","article_publisher":"https:\/\/www.facebook.com\/ElCotarro.Tenerife","article_published_time":"2017-01-22T11:05:00+00:00","author":"Jos\u00e9 Carlos Marrero Gonz\u00e1lez","twitter_misc":{"Escrito por":"Jos\u00e9 Carlos Marrero Gonz\u00e1lez","Tiempo de lectura":"1 minuto"},"schema":{"@context":"https:\/\/schema.org","@graph":[{"@type":"Article","@id":"https:\/\/elcotarro.com\/?p=3695#article","isPartOf":{"@id":"https:\/\/elcotarro.com\/?p=3695"},"author":{"name":"Jos\u00e9 Carlos Marrero Gonz\u00e1lez","@id":"https:\/\/elcotarro.com\/#\/schema\/person\/af537ee7d60d15984c7e0affcd8a918b"},"headline":"TENERIFE ATERRIZA EN MADRIDFUSI\u00d3N","datePublished":"2017-01-22T11:05:00+00:00","mainEntityOfPage":{"@id":"https:\/\/elcotarro.com\/?p=3695"},"wordCount":168,"commentCount":0,"publisher":{"@id":"https:\/\/elcotarro.com\/#organization"},"inLanguage":"es","potentialAction":[{"@type":"CommentAction","name":"Comment","target":["https:\/\/elcotarro.com\/?p=3695#respond"]}]},{"@type":"WebPage","@id":"https:\/\/elcotarro.com\/?p=3695","url":"https:\/\/elcotarro.com\/?p=3695","name":"TENERIFE ATERRIZA EN MADRIDFUSI\u00d3N - El Cotarro","isPartOf":{"@id":"https:\/\/elcotarro.com\/#website"},"datePublished":"2017-01-22T11:05:00+00:00","breadcrumb":{"@id":"https:\/\/elcotarro.com\/?p=3695#breadcrumb"},"inLanguage":"es","potentialAction":[{"@type":"ReadAction","target":["https:\/\/elcotarro.com\/?p=3695"]}]},{"@type":"BreadcrumbList","@id":"https:\/\/elcotarro.com\/?p=3695#breadcrumb","itemListElement":[{"@type":"ListItem","position":1,"name":"Portada","item":"https:\/\/elcotarro.com\/"},{"@type":"ListItem","position":2,"name":"TENERIFE ATERRIZA EN MADRIDFUSI\u00d3N"}]},{"@type":"WebSite","@id":"https:\/\/elcotarro.com\/#website","url":"https:\/\/elcotarro.com\/","name":"El Cotarro","description":"Peri\u00f3dico Digital Independiente dirigido por Jos\u00e9 Carlos Marrero","publisher":{"@id":"https:\/\/elcotarro.com\/#organization"},"potentialAction":[{"@type":"SearchAction","target":{"@type":"EntryPoint","urlTemplate":"https:\/\/elcotarro.com\/?s={search_term_string}"},"query-input":{"@type":"PropertyValueSpecification","valueRequired":true,"valueName":"search_term_string"}}],"inLanguage":"es"},{"@type":"Organization","@id":"https:\/\/elcotarro.com\/#organization","name":"El Cotarro","url":"https:\/\/elcotarro.com\/","logo":{"@type":"ImageObject","inLanguage":"es","@id":"https:\/\/elcotarro.com\/#\/schema\/logo\/image\/","url":"https:\/\/elcotarro.com\/wp-content\/uploads\/2014\/09\/Cabecera_El_Cotarro_v2.jpg","contentUrl":"https:\/\/elcotarro.com\/wp-content\/uploads\/2014\/09\/Cabecera_El_Cotarro_v2.jpg","width":3540,"height":441,"caption":"El Cotarro"},"image":{"@id":"https:\/\/elcotarro.com\/#\/schema\/logo\/image\/"},"sameAs":["https:\/\/www.facebook.com\/ElCotarro.Tenerife"]},{"@type":"Person","@id":"https:\/\/elcotarro.com\/#\/schema\/person\/af537ee7d60d15984c7e0affcd8a918b","name":"Jos\u00e9 Carlos Marrero Gonz\u00e1lez","image":{"@type":"ImageObject","inLanguage":"es","@id":"https:\/\/elcotarro.com\/#\/schema\/person\/image\/","url":"https:\/\/secure.gravatar.com\/avatar\/def4da036efb5d32c74d49c351f6dccc064dd69ad9f3aadc295c5a9a5391ca01?s=96&d=mm&r=g","contentUrl":"https:\/\/secure.gravatar.com\/avatar\/def4da036efb5d32c74d49c351f6dccc064dd69ad9f3aadc295c5a9a5391ca01?s=96&d=mm&r=g","caption":"Jos\u00e9 Carlos Marrero Gonz\u00e1lez"},"sameAs":["https:\/\/elcotarro.com"],"url":"https:\/\/elcotarro.com\/?author=2"}]}},"jetpack_featured_media_url":"","jetpack_sharing_enabled":true,"_links":{"self":[{"href":"https:\/\/elcotarro.com\/index.php?rest_route=\/wp\/v2\/posts\/3695","targetHints":{"allow":["GET"]}}],"collection":[{"href":"https:\/\/elcotarro.com\/index.php?rest_route=\/wp\/v2\/posts"}],"about":[{"href":"https:\/\/elcotarro.com\/index.php?rest_route=\/wp\/v2\/types\/post"}],"author":[{"embeddable":true,"href":"https:\/\/elcotarro.com\/index.php?rest_route=\/wp\/v2\/users\/2"}],"replies":[{"embeddable":true,"href":"https:\/\/elcotarro.com\/index.php?rest_route=%2Fwp%2Fv2%2Fcomments&post=3695"}],"version-history":[{"count":1,"href":"https:\/\/elcotarro.com\/index.php?rest_route=\/wp\/v2\/posts\/3695\/revisions"}],"predecessor-version":[{"id":3697,"href":"https:\/\/elcotarro.com\/index.php?rest_route=\/wp\/v2\/posts\/3695\/revisions\/3697"}],"wp:attachment":[{"href":"https:\/\/elcotarro.com\/index.php?rest_route=%2Fwp%2Fv2%2Fmedia&parent=3695"}],"wp:term":[{"taxonomy":"category","embeddable":true,"href":"https:\/\/elcotarro.com\/index.php?rest_route=%2Fwp%2Fv2%2Fcategories&post=3695"},{"taxonomy":"post_tag","embeddable":true,"href":"https:\/\/elcotarro.com\/index.php?rest_route=%2Fwp%2Fv2%2Ftags&post=3695"}],"curies":[{"name":"wp","href":"https:\/\/api.w.org\/{rel}","templated":true}]}}