{"id":3701,"date":"2017-01-22T11:03:31","date_gmt":"2017-01-22T11:03:31","guid":{"rendered":"https:\/\/elcotarro.com\/?p=3701"},"modified":"2017-01-21T12:40:09","modified_gmt":"2017-01-21T12:40:09","slug":"el-espiritu-sigue-en-saborea-tenerife","status":"publish","type":"post","link":"https:\/\/elcotarro.com\/?p=3701","title":{"rendered":"EL ESP\u00cdRITU SIGUE EN SABOREA TENERIFE"},"content":{"rendered":"<p>Creo que aquella experiencia pionera, fue germen de lo que hoy en d\u00eda es el club de producto <em>Saborea Tenerife<\/em> y estimo que, sin duda, fue la semilla para la cosecha de las 5 estrellas Michelin de las que, en la actualidad, con todo orgullo y merecimiento, puede presumir nuestra isla. Hoy, el esp\u00edritu del Plan sigue vivo dentro de <em>Saborea Tenerife<\/em>, potenciado desde el mismo Cabildo Insular, presidido ahora por <strong>Carlos Alonso<\/strong>. En la v\u00edspera del comienzo de <em>MadridFusi\u00f3n<\/em> 2017, si me lo permiten, me gustar\u00eda dedicar <strong><em>El Cotarro<\/em><\/strong> de hoy a la memoria y en homenaje a <strong>Manuel Iglesias<\/strong> y <strong>Chela<\/strong>, as\u00ed como al chef <strong>Mariano Rodr\u00edguez<\/strong> (quien fuera copropietario y Jefe de Cocina del restaurante <em>Pancho<\/em>, en la Playa de La Arena) y que nos dej\u00f3 el a\u00f1o 2007, justo dos a\u00f1os despu\u00e9s de que, en la tercera edici\u00f3n de <em>MadridFusi\u00f3n<\/em>, nuestra isla triunfara protagonizando uno de los dos grandes almuerzos que, para 900 personas se serv\u00edan en cada edici\u00f3n de la cumbre.<\/p>\n<p style=\"text-align: center\"><a href=\"https:\/\/elcotarro.com\/wp-content\/uploads\/2017\/01\/FOTO-3.-Presentaci\u00f3n-Madrid-Fusi\u00f3n-2005.jpg\"><img loading=\"lazy\" decoding=\"async\" class=\"alignnone size-full wp-image-3702\" src=\"https:\/\/elcotarro.com\/wp-content\/uploads\/2017\/01\/FOTO-3.-Presentaci\u00f3n-Madrid-Fusi\u00f3n-2005.jpg\" alt=\"FOTO 3.- Presentaci\u00f3n Madrid Fusi\u00f3n 2005\" width=\"2304\" height=\"1728\" srcset=\"https:\/\/elcotarro.com\/wp-content\/uploads\/2017\/01\/FOTO-3.-Presentaci\u00f3n-Madrid-Fusi\u00f3n-2005.jpg 2304w, https:\/\/elcotarro.com\/wp-content\/uploads\/2017\/01\/FOTO-3.-Presentaci\u00f3n-Madrid-Fusi\u00f3n-2005-300x225.jpg 300w, https:\/\/elcotarro.com\/wp-content\/uploads\/2017\/01\/FOTO-3.-Presentaci\u00f3n-Madrid-Fusi\u00f3n-2005-1024x768.jpg 1024w\" sizes=\"auto, (max-width: 2304px) 100vw, 2304px\" \/><\/a><\/p>\n<p style=\"text-align: center\"><em>Vista m\u00e1s de cerca de parte de las cocineras y cocineros que protagonizaron la sabrosa haza\u00f1a en MadridFusi\u00f3n 2005 con el lema \u201cTenerife, una isla con sabor\u201d<\/em><\/p>\n","protected":false},"excerpt":{"rendered":"<p>Creo que aquella experiencia pionera, fue germen de lo que hoy en d\u00eda es el club de producto Saborea Tenerife y estimo que, sin duda, fue la semilla para la cosecha de las 5 estrellas Michelin de las que, en la actualidad, con todo orgullo y merecimiento, puede presumir nuestra isla. Hoy, el esp\u00edritu del &#8230; <a class=\"read-more\" href=\"https:\/\/elcotarro.com\/?p=3701\">Read more<\/a><\/p>\n","protected":false},"author":2,"featured_media":0,"comment_status":"open","ping_status":"open","sticky":false,"template":"","format":"standard","meta":{"_jetpack_memberships_contains_paid_content":false,"footnotes":""},"categories":[1],"tags":[],"class_list":["post-3701","post","type-post","status-publish","format-standard","hentry","category-sin-categoria"],"yoast_head":"<!-- This site is optimized with the Yoast SEO plugin v27.0 - https:\/\/yoast.com\/product\/yoast-seo-wordpress\/ -->\n<title>EL ESP\u00cdRITU SIGUE EN SABOREA TENERIFE - El Cotarro<\/title>\n<meta name=\"robots\" content=\"index, follow, max-snippet:-1, max-image-preview:large, max-video-preview:-1\" \/>\n<link rel=\"canonical\" href=\"https:\/\/elcotarro.com\/?p=3701\" \/>\n<meta property=\"og:locale\" content=\"es_ES\" \/>\n<meta property=\"og:type\" content=\"article\" \/>\n<meta property=\"og:title\" content=\"EL ESP\u00cdRITU SIGUE EN SABOREA TENERIFE - El Cotarro\" \/>\n<meta property=\"og:description\" content=\"Creo que aquella experiencia pionera, fue germen de lo que hoy en d\u00eda es el club de producto Saborea Tenerife y estimo que, sin duda, fue la semilla para la cosecha de las 5 estrellas Michelin de las que, en la actualidad, con todo orgullo y merecimiento, puede presumir nuestra isla. Hoy, el esp\u00edritu del ... Read more\" \/>\n<meta property=\"og:url\" content=\"https:\/\/elcotarro.com\/?p=3701\" \/>\n<meta property=\"og:site_name\" content=\"El Cotarro\" \/>\n<meta property=\"article:publisher\" content=\"https:\/\/www.facebook.com\/ElCotarro.Tenerife\" \/>\n<meta property=\"article:published_time\" content=\"2017-01-22T11:03:31+00:00\" \/>\n<meta name=\"author\" content=\"Jos\u00e9 Carlos Marrero Gonz\u00e1lez\" \/>\n<meta name=\"twitter:label1\" content=\"Escrito por\" \/>\n\t<meta name=\"twitter:data1\" content=\"Jos\u00e9 Carlos Marrero Gonz\u00e1lez\" \/>\n\t<meta name=\"twitter:label2\" content=\"Tiempo de lectura\" \/>\n\t<meta name=\"twitter:data2\" content=\"1 minuto\" \/>\n<script type=\"application\/ld+json\" class=\"yoast-schema-graph\">{\"@context\":\"https:\/\/schema.org\",\"@graph\":[{\"@type\":\"Article\",\"@id\":\"https:\/\/elcotarro.com\/?p=3701#article\",\"isPartOf\":{\"@id\":\"https:\/\/elcotarro.com\/?p=3701\"},\"author\":{\"name\":\"Jos\u00e9 Carlos Marrero Gonz\u00e1lez\",\"@id\":\"https:\/\/elcotarro.com\/#\/schema\/person\/af537ee7d60d15984c7e0affcd8a918b\"},\"headline\":\"EL ESP\u00cdRITU SIGUE EN SABOREA TENERIFE\",\"datePublished\":\"2017-01-22T11:03:31+00:00\",\"mainEntityOfPage\":{\"@id\":\"https:\/\/elcotarro.com\/?p=3701\"},\"wordCount\":211,\"commentCount\":0,\"publisher\":{\"@id\":\"https:\/\/elcotarro.com\/#organization\"},\"inLanguage\":\"es\",\"potentialAction\":[{\"@type\":\"CommentAction\",\"name\":\"Comment\",\"target\":[\"https:\/\/elcotarro.com\/?p=3701#respond\"]}]},{\"@type\":\"WebPage\",\"@id\":\"https:\/\/elcotarro.com\/?p=3701\",\"url\":\"https:\/\/elcotarro.com\/?p=3701\",\"name\":\"EL ESP\u00cdRITU SIGUE EN SABOREA TENERIFE - El Cotarro\",\"isPartOf\":{\"@id\":\"https:\/\/elcotarro.com\/#website\"},\"datePublished\":\"2017-01-22T11:03:31+00:00\",\"breadcrumb\":{\"@id\":\"https:\/\/elcotarro.com\/?p=3701#breadcrumb\"},\"inLanguage\":\"es\",\"potentialAction\":[{\"@type\":\"ReadAction\",\"target\":[\"https:\/\/elcotarro.com\/?p=3701\"]}]},{\"@type\":\"BreadcrumbList\",\"@id\":\"https:\/\/elcotarro.com\/?p=3701#breadcrumb\",\"itemListElement\":[{\"@type\":\"ListItem\",\"position\":1,\"name\":\"Portada\",\"item\":\"https:\/\/elcotarro.com\/\"},{\"@type\":\"ListItem\",\"position\":2,\"name\":\"EL ESP\u00cdRITU SIGUE EN SABOREA TENERIFE\"}]},{\"@type\":\"WebSite\",\"@id\":\"https:\/\/elcotarro.com\/#website\",\"url\":\"https:\/\/elcotarro.com\/\",\"name\":\"El Cotarro\",\"description\":\"Peri\u00f3dico Digital Independiente dirigido por Jos\u00e9 Carlos Marrero\",\"publisher\":{\"@id\":\"https:\/\/elcotarro.com\/#organization\"},\"potentialAction\":[{\"@type\":\"SearchAction\",\"target\":{\"@type\":\"EntryPoint\",\"urlTemplate\":\"https:\/\/elcotarro.com\/?s={search_term_string}\"},\"query-input\":{\"@type\":\"PropertyValueSpecification\",\"valueRequired\":true,\"valueName\":\"search_term_string\"}}],\"inLanguage\":\"es\"},{\"@type\":\"Organization\",\"@id\":\"https:\/\/elcotarro.com\/#organization\",\"name\":\"El Cotarro\",\"url\":\"https:\/\/elcotarro.com\/\",\"logo\":{\"@type\":\"ImageObject\",\"inLanguage\":\"es\",\"@id\":\"https:\/\/elcotarro.com\/#\/schema\/logo\/image\/\",\"url\":\"https:\/\/elcotarro.com\/wp-content\/uploads\/2014\/09\/Cabecera_El_Cotarro_v2.jpg\",\"contentUrl\":\"https:\/\/elcotarro.com\/wp-content\/uploads\/2014\/09\/Cabecera_El_Cotarro_v2.jpg\",\"width\":3540,\"height\":441,\"caption\":\"El Cotarro\"},\"image\":{\"@id\":\"https:\/\/elcotarro.com\/#\/schema\/logo\/image\/\"},\"sameAs\":[\"https:\/\/www.facebook.com\/ElCotarro.Tenerife\"]},{\"@type\":\"Person\",\"@id\":\"https:\/\/elcotarro.com\/#\/schema\/person\/af537ee7d60d15984c7e0affcd8a918b\",\"name\":\"Jos\u00e9 Carlos Marrero Gonz\u00e1lez\",\"image\":{\"@type\":\"ImageObject\",\"inLanguage\":\"es\",\"@id\":\"https:\/\/elcotarro.com\/#\/schema\/person\/image\/\",\"url\":\"https:\/\/secure.gravatar.com\/avatar\/def4da036efb5d32c74d49c351f6dccc064dd69ad9f3aadc295c5a9a5391ca01?s=96&d=mm&r=g\",\"contentUrl\":\"https:\/\/secure.gravatar.com\/avatar\/def4da036efb5d32c74d49c351f6dccc064dd69ad9f3aadc295c5a9a5391ca01?s=96&d=mm&r=g\",\"caption\":\"Jos\u00e9 Carlos Marrero Gonz\u00e1lez\"},\"sameAs\":[\"https:\/\/elcotarro.com\"],\"url\":\"https:\/\/elcotarro.com\/?author=2\"}]}<\/script>\n<!-- \/ Yoast SEO plugin. -->","yoast_head_json":{"title":"EL ESP\u00cdRITU SIGUE EN SABOREA TENERIFE - El Cotarro","robots":{"index":"index","follow":"follow","max-snippet":"max-snippet:-1","max-image-preview":"max-image-preview:large","max-video-preview":"max-video-preview:-1"},"canonical":"https:\/\/elcotarro.com\/?p=3701","og_locale":"es_ES","og_type":"article","og_title":"EL ESP\u00cdRITU SIGUE EN SABOREA TENERIFE - El Cotarro","og_description":"Creo que aquella experiencia pionera, fue germen de lo que hoy en d\u00eda es el club de producto Saborea Tenerife y estimo que, sin duda, fue la semilla para la cosecha de las 5 estrellas Michelin de las que, en la actualidad, con todo orgullo y merecimiento, puede presumir nuestra isla. Hoy, el esp\u00edritu del ... Read more","og_url":"https:\/\/elcotarro.com\/?p=3701","og_site_name":"El Cotarro","article_publisher":"https:\/\/www.facebook.com\/ElCotarro.Tenerife","article_published_time":"2017-01-22T11:03:31+00:00","author":"Jos\u00e9 Carlos Marrero Gonz\u00e1lez","twitter_misc":{"Escrito por":"Jos\u00e9 Carlos Marrero Gonz\u00e1lez","Tiempo de lectura":"1 minuto"},"schema":{"@context":"https:\/\/schema.org","@graph":[{"@type":"Article","@id":"https:\/\/elcotarro.com\/?p=3701#article","isPartOf":{"@id":"https:\/\/elcotarro.com\/?p=3701"},"author":{"name":"Jos\u00e9 Carlos Marrero Gonz\u00e1lez","@id":"https:\/\/elcotarro.com\/#\/schema\/person\/af537ee7d60d15984c7e0affcd8a918b"},"headline":"EL ESP\u00cdRITU SIGUE EN SABOREA TENERIFE","datePublished":"2017-01-22T11:03:31+00:00","mainEntityOfPage":{"@id":"https:\/\/elcotarro.com\/?p=3701"},"wordCount":211,"commentCount":0,"publisher":{"@id":"https:\/\/elcotarro.com\/#organization"},"inLanguage":"es","potentialAction":[{"@type":"CommentAction","name":"Comment","target":["https:\/\/elcotarro.com\/?p=3701#respond"]}]},{"@type":"WebPage","@id":"https:\/\/elcotarro.com\/?p=3701","url":"https:\/\/elcotarro.com\/?p=3701","name":"EL ESP\u00cdRITU SIGUE EN SABOREA TENERIFE - El Cotarro","isPartOf":{"@id":"https:\/\/elcotarro.com\/#website"},"datePublished":"2017-01-22T11:03:31+00:00","breadcrumb":{"@id":"https:\/\/elcotarro.com\/?p=3701#breadcrumb"},"inLanguage":"es","potentialAction":[{"@type":"ReadAction","target":["https:\/\/elcotarro.com\/?p=3701"]}]},{"@type":"BreadcrumbList","@id":"https:\/\/elcotarro.com\/?p=3701#breadcrumb","itemListElement":[{"@type":"ListItem","position":1,"name":"Portada","item":"https:\/\/elcotarro.com\/"},{"@type":"ListItem","position":2,"name":"EL ESP\u00cdRITU SIGUE EN SABOREA TENERIFE"}]},{"@type":"WebSite","@id":"https:\/\/elcotarro.com\/#website","url":"https:\/\/elcotarro.com\/","name":"El Cotarro","description":"Peri\u00f3dico Digital Independiente dirigido por Jos\u00e9 Carlos Marrero","publisher":{"@id":"https:\/\/elcotarro.com\/#organization"},"potentialAction":[{"@type":"SearchAction","target":{"@type":"EntryPoint","urlTemplate":"https:\/\/elcotarro.com\/?s={search_term_string}"},"query-input":{"@type":"PropertyValueSpecification","valueRequired":true,"valueName":"search_term_string"}}],"inLanguage":"es"},{"@type":"Organization","@id":"https:\/\/elcotarro.com\/#organization","name":"El Cotarro","url":"https:\/\/elcotarro.com\/","logo":{"@type":"ImageObject","inLanguage":"es","@id":"https:\/\/elcotarro.com\/#\/schema\/logo\/image\/","url":"https:\/\/elcotarro.com\/wp-content\/uploads\/2014\/09\/Cabecera_El_Cotarro_v2.jpg","contentUrl":"https:\/\/elcotarro.com\/wp-content\/uploads\/2014\/09\/Cabecera_El_Cotarro_v2.jpg","width":3540,"height":441,"caption":"El Cotarro"},"image":{"@id":"https:\/\/elcotarro.com\/#\/schema\/logo\/image\/"},"sameAs":["https:\/\/www.facebook.com\/ElCotarro.Tenerife"]},{"@type":"Person","@id":"https:\/\/elcotarro.com\/#\/schema\/person\/af537ee7d60d15984c7e0affcd8a918b","name":"Jos\u00e9 Carlos Marrero Gonz\u00e1lez","image":{"@type":"ImageObject","inLanguage":"es","@id":"https:\/\/elcotarro.com\/#\/schema\/person\/image\/","url":"https:\/\/secure.gravatar.com\/avatar\/def4da036efb5d32c74d49c351f6dccc064dd69ad9f3aadc295c5a9a5391ca01?s=96&d=mm&r=g","contentUrl":"https:\/\/secure.gravatar.com\/avatar\/def4da036efb5d32c74d49c351f6dccc064dd69ad9f3aadc295c5a9a5391ca01?s=96&d=mm&r=g","caption":"Jos\u00e9 Carlos Marrero Gonz\u00e1lez"},"sameAs":["https:\/\/elcotarro.com"],"url":"https:\/\/elcotarro.com\/?author=2"}]}},"jetpack_featured_media_url":"","jetpack_sharing_enabled":true,"_links":{"self":[{"href":"https:\/\/elcotarro.com\/index.php?rest_route=\/wp\/v2\/posts\/3701","targetHints":{"allow":["GET"]}}],"collection":[{"href":"https:\/\/elcotarro.com\/index.php?rest_route=\/wp\/v2\/posts"}],"about":[{"href":"https:\/\/elcotarro.com\/index.php?rest_route=\/wp\/v2\/types\/post"}],"author":[{"embeddable":true,"href":"https:\/\/elcotarro.com\/index.php?rest_route=\/wp\/v2\/users\/2"}],"replies":[{"embeddable":true,"href":"https:\/\/elcotarro.com\/index.php?rest_route=%2Fwp%2Fv2%2Fcomments&post=3701"}],"version-history":[{"count":1,"href":"https:\/\/elcotarro.com\/index.php?rest_route=\/wp\/v2\/posts\/3701\/revisions"}],"predecessor-version":[{"id":3703,"href":"https:\/\/elcotarro.com\/index.php?rest_route=\/wp\/v2\/posts\/3701\/revisions\/3703"}],"wp:attachment":[{"href":"https:\/\/elcotarro.com\/index.php?rest_route=%2Fwp%2Fv2%2Fmedia&parent=3701"}],"wp:term":[{"taxonomy":"category","embeddable":true,"href":"https:\/\/elcotarro.com\/index.php?rest_route=%2Fwp%2Fv2%2Fcategories&post=3701"},{"taxonomy":"post_tag","embeddable":true,"href":"https:\/\/elcotarro.com\/index.php?rest_route=%2Fwp%2Fv2%2Ftags&post=3701"}],"curies":[{"name":"wp","href":"https:\/\/api.w.org\/{rel}","templated":true}]}}