{"id":3721,"date":"2017-01-29T11:05:19","date_gmt":"2017-01-29T11:05:19","guid":{"rendered":"https:\/\/elcotarro.com\/?p=3721"},"modified":"2017-01-28T12:37:39","modified_gmt":"2017-01-28T12:37:39","slug":"triunfo-del-sabor-de-tenerife-en-mf","status":"publish","type":"post","link":"https:\/\/elcotarro.com\/?p=3721","title":{"rendered":"TRIUNFO DEL SABOR DE TENERIFE EN MF"},"content":{"rendered":"<p>Bien est\u00e1 lo que bien acaba y hay que reconocer que, con el presidente del Cabildo, <strong>Carlos Alonso<\/strong>, al frente de la expedici\u00f3n isle\u00f1a, la presencia de Tenerife en el espacio de Saborea Espa\u00f1a, dentro de la Cumbre sobre Gastronom\u00eda &#8211; <em>MadridFusi\u00f3n <\/em>2017, ha sido todo un sabroso \u00e9xito. Sin duda, todo es opinable y todo es mejorable, pero lo hecho por los equipos de las dos consejer\u00edas del Cabildo; la de Turismo liderada por Alberto Bernab\u00e9 y la de Agricultura comandada por <strong>Jes\u00fas Morales<\/strong>, dejaron muy alto el pabell\u00f3n tinerfe\u00f1o. A destacar el estreno de un atractivo v\u00eddeo que, con la canci\u00f3n <em>\u201cCuando calienta el sol\u201d<\/em> como banda sonora, vender\u00e1 las excelencias gastron\u00f3micas de nuestra isla por el mundo. Lo pueden ver en <em>YouTube <\/em>poniendo en el buscador <em>\u201cLa gastronom\u00eda de Tenerife te transporta\u201d.<\/em> Me reafirmo en lo que dije el domingo pasado: en Canarias, la isla de Tenerife sigue siendo, en lo que a gastronom\u00eda y vinos se refiere, la luz que va delante&#8230;, que es la que alumbra.<\/p>\n<p style=\"text-align: center\"><a href=\"https:\/\/elcotarro.com\/wp-content\/uploads\/2017\/01\/FOTO-1.-MADRIDFUSI\u00d3N-2017.jpg\"><img loading=\"lazy\" decoding=\"async\" class=\"alignnone size-full wp-image-3722\" src=\"https:\/\/elcotarro.com\/wp-content\/uploads\/2017\/01\/FOTO-1.-MADRIDFUSI\u00d3N-2017.jpg\" alt=\"FOTO 1.- MADRIDFUSI\u00d3N 2017\" width=\"2138\" height=\"1426\" srcset=\"https:\/\/elcotarro.com\/wp-content\/uploads\/2017\/01\/FOTO-1.-MADRIDFUSI\u00d3N-2017.jpg 2138w, https:\/\/elcotarro.com\/wp-content\/uploads\/2017\/01\/FOTO-1.-MADRIDFUSI\u00d3N-2017-300x200.jpg 300w, https:\/\/elcotarro.com\/wp-content\/uploads\/2017\/01\/FOTO-1.-MADRIDFUSI\u00d3N-2017-1024x683.jpg 1024w\" sizes=\"auto, (max-width: 2138px) 100vw, 2138px\" \/><\/a><\/p>\n<p style=\"text-align: center\"><em>Parte del equipo de nuestra isla en MadridFusi\u00f3n, con los chefs y las cantantes India Mart\u00ednez y Vanesa Mart\u00edn, junto a Carlos Alonso y los vinos de Tenerife.<\/em><\/p>\n","protected":false},"excerpt":{"rendered":"<p>Bien est\u00e1 lo que bien acaba y hay que reconocer que, con el presidente del Cabildo, Carlos Alonso, al frente de la expedici\u00f3n isle\u00f1a, la presencia de Tenerife en el espacio de Saborea Espa\u00f1a, dentro de la Cumbre sobre Gastronom\u00eda &#8211; MadridFusi\u00f3n 2017, ha sido todo un sabroso \u00e9xito. Sin duda, todo es opinable y &#8230; <a class=\"read-more\" href=\"https:\/\/elcotarro.com\/?p=3721\">Read more<\/a><\/p>\n","protected":false},"author":2,"featured_media":0,"comment_status":"open","ping_status":"open","sticky":false,"template":"","format":"standard","meta":{"_jetpack_memberships_contains_paid_content":false,"footnotes":""},"categories":[1],"tags":[],"class_list":["post-3721","post","type-post","status-publish","format-standard","hentry","category-sin-categoria"],"yoast_head":"<!-- This site is optimized with the Yoast SEO plugin v27.0 - https:\/\/yoast.com\/product\/yoast-seo-wordpress\/ -->\n<title>TRIUNFO DEL SABOR DE TENERIFE EN MF - El Cotarro<\/title>\n<meta name=\"robots\" content=\"index, follow, max-snippet:-1, max-image-preview:large, max-video-preview:-1\" \/>\n<link rel=\"canonical\" href=\"https:\/\/elcotarro.com\/?p=3721\" \/>\n<meta property=\"og:locale\" content=\"es_ES\" \/>\n<meta property=\"og:type\" content=\"article\" \/>\n<meta property=\"og:title\" content=\"TRIUNFO DEL SABOR DE TENERIFE EN MF - El Cotarro\" \/>\n<meta property=\"og:description\" content=\"Bien est\u00e1 lo que bien acaba y hay que reconocer que, con el presidente del Cabildo, Carlos Alonso, al frente de la expedici\u00f3n isle\u00f1a, la presencia de Tenerife en el espacio de Saborea Espa\u00f1a, dentro de la Cumbre sobre Gastronom\u00eda &#8211; MadridFusi\u00f3n 2017, ha sido todo un sabroso \u00e9xito. Sin duda, todo es opinable y ... Read more\" \/>\n<meta property=\"og:url\" content=\"https:\/\/elcotarro.com\/?p=3721\" \/>\n<meta property=\"og:site_name\" content=\"El Cotarro\" \/>\n<meta property=\"article:publisher\" content=\"https:\/\/www.facebook.com\/ElCotarro.Tenerife\" \/>\n<meta property=\"article:published_time\" content=\"2017-01-29T11:05:19+00:00\" \/>\n<meta name=\"author\" content=\"Jos\u00e9 Carlos Marrero Gonz\u00e1lez\" \/>\n<meta name=\"twitter:label1\" content=\"Escrito por\" \/>\n\t<meta name=\"twitter:data1\" content=\"Jos\u00e9 Carlos Marrero Gonz\u00e1lez\" \/>\n\t<meta name=\"twitter:label2\" content=\"Tiempo de lectura\" \/>\n\t<meta name=\"twitter:data2\" content=\"1 minuto\" \/>\n<script type=\"application\/ld+json\" class=\"yoast-schema-graph\">{\"@context\":\"https:\/\/schema.org\",\"@graph\":[{\"@type\":\"Article\",\"@id\":\"https:\/\/elcotarro.com\/?p=3721#article\",\"isPartOf\":{\"@id\":\"https:\/\/elcotarro.com\/?p=3721\"},\"author\":{\"name\":\"Jos\u00e9 Carlos Marrero Gonz\u00e1lez\",\"@id\":\"https:\/\/elcotarro.com\/#\/schema\/person\/af537ee7d60d15984c7e0affcd8a918b\"},\"headline\":\"TRIUNFO DEL SABOR DE TENERIFE EN MF\",\"datePublished\":\"2017-01-29T11:05:19+00:00\",\"mainEntityOfPage\":{\"@id\":\"https:\/\/elcotarro.com\/?p=3721\"},\"wordCount\":222,\"commentCount\":0,\"publisher\":{\"@id\":\"https:\/\/elcotarro.com\/#organization\"},\"inLanguage\":\"es\",\"potentialAction\":[{\"@type\":\"CommentAction\",\"name\":\"Comment\",\"target\":[\"https:\/\/elcotarro.com\/?p=3721#respond\"]}]},{\"@type\":\"WebPage\",\"@id\":\"https:\/\/elcotarro.com\/?p=3721\",\"url\":\"https:\/\/elcotarro.com\/?p=3721\",\"name\":\"TRIUNFO DEL SABOR DE TENERIFE EN MF - El Cotarro\",\"isPartOf\":{\"@id\":\"https:\/\/elcotarro.com\/#website\"},\"datePublished\":\"2017-01-29T11:05:19+00:00\",\"breadcrumb\":{\"@id\":\"https:\/\/elcotarro.com\/?p=3721#breadcrumb\"},\"inLanguage\":\"es\",\"potentialAction\":[{\"@type\":\"ReadAction\",\"target\":[\"https:\/\/elcotarro.com\/?p=3721\"]}]},{\"@type\":\"BreadcrumbList\",\"@id\":\"https:\/\/elcotarro.com\/?p=3721#breadcrumb\",\"itemListElement\":[{\"@type\":\"ListItem\",\"position\":1,\"name\":\"Portada\",\"item\":\"https:\/\/elcotarro.com\/\"},{\"@type\":\"ListItem\",\"position\":2,\"name\":\"TRIUNFO DEL SABOR DE TENERIFE EN MF\"}]},{\"@type\":\"WebSite\",\"@id\":\"https:\/\/elcotarro.com\/#website\",\"url\":\"https:\/\/elcotarro.com\/\",\"name\":\"El Cotarro\",\"description\":\"Peri\u00f3dico Digital Independiente dirigido por Jos\u00e9 Carlos Marrero\",\"publisher\":{\"@id\":\"https:\/\/elcotarro.com\/#organization\"},\"potentialAction\":[{\"@type\":\"SearchAction\",\"target\":{\"@type\":\"EntryPoint\",\"urlTemplate\":\"https:\/\/elcotarro.com\/?s={search_term_string}\"},\"query-input\":{\"@type\":\"PropertyValueSpecification\",\"valueRequired\":true,\"valueName\":\"search_term_string\"}}],\"inLanguage\":\"es\"},{\"@type\":\"Organization\",\"@id\":\"https:\/\/elcotarro.com\/#organization\",\"name\":\"El Cotarro\",\"url\":\"https:\/\/elcotarro.com\/\",\"logo\":{\"@type\":\"ImageObject\",\"inLanguage\":\"es\",\"@id\":\"https:\/\/elcotarro.com\/#\/schema\/logo\/image\/\",\"url\":\"https:\/\/elcotarro.com\/wp-content\/uploads\/2014\/09\/Cabecera_El_Cotarro_v2.jpg\",\"contentUrl\":\"https:\/\/elcotarro.com\/wp-content\/uploads\/2014\/09\/Cabecera_El_Cotarro_v2.jpg\",\"width\":3540,\"height\":441,\"caption\":\"El Cotarro\"},\"image\":{\"@id\":\"https:\/\/elcotarro.com\/#\/schema\/logo\/image\/\"},\"sameAs\":[\"https:\/\/www.facebook.com\/ElCotarro.Tenerife\"]},{\"@type\":\"Person\",\"@id\":\"https:\/\/elcotarro.com\/#\/schema\/person\/af537ee7d60d15984c7e0affcd8a918b\",\"name\":\"Jos\u00e9 Carlos Marrero Gonz\u00e1lez\",\"image\":{\"@type\":\"ImageObject\",\"inLanguage\":\"es\",\"@id\":\"https:\/\/elcotarro.com\/#\/schema\/person\/image\/\",\"url\":\"https:\/\/secure.gravatar.com\/avatar\/def4da036efb5d32c74d49c351f6dccc064dd69ad9f3aadc295c5a9a5391ca01?s=96&d=mm&r=g\",\"contentUrl\":\"https:\/\/secure.gravatar.com\/avatar\/def4da036efb5d32c74d49c351f6dccc064dd69ad9f3aadc295c5a9a5391ca01?s=96&d=mm&r=g\",\"caption\":\"Jos\u00e9 Carlos Marrero Gonz\u00e1lez\"},\"sameAs\":[\"https:\/\/elcotarro.com\"],\"url\":\"https:\/\/elcotarro.com\/?author=2\"}]}<\/script>\n<!-- \/ Yoast SEO plugin. -->","yoast_head_json":{"title":"TRIUNFO DEL SABOR DE TENERIFE EN MF - El Cotarro","robots":{"index":"index","follow":"follow","max-snippet":"max-snippet:-1","max-image-preview":"max-image-preview:large","max-video-preview":"max-video-preview:-1"},"canonical":"https:\/\/elcotarro.com\/?p=3721","og_locale":"es_ES","og_type":"article","og_title":"TRIUNFO DEL SABOR DE TENERIFE EN MF - El Cotarro","og_description":"Bien est\u00e1 lo que bien acaba y hay que reconocer que, con el presidente del Cabildo, Carlos Alonso, al frente de la expedici\u00f3n isle\u00f1a, la presencia de Tenerife en el espacio de Saborea Espa\u00f1a, dentro de la Cumbre sobre Gastronom\u00eda &#8211; MadridFusi\u00f3n 2017, ha sido todo un sabroso \u00e9xito. Sin duda, todo es opinable y ... Read more","og_url":"https:\/\/elcotarro.com\/?p=3721","og_site_name":"El Cotarro","article_publisher":"https:\/\/www.facebook.com\/ElCotarro.Tenerife","article_published_time":"2017-01-29T11:05:19+00:00","author":"Jos\u00e9 Carlos Marrero Gonz\u00e1lez","twitter_misc":{"Escrito por":"Jos\u00e9 Carlos Marrero Gonz\u00e1lez","Tiempo de lectura":"1 minuto"},"schema":{"@context":"https:\/\/schema.org","@graph":[{"@type":"Article","@id":"https:\/\/elcotarro.com\/?p=3721#article","isPartOf":{"@id":"https:\/\/elcotarro.com\/?p=3721"},"author":{"name":"Jos\u00e9 Carlos Marrero Gonz\u00e1lez","@id":"https:\/\/elcotarro.com\/#\/schema\/person\/af537ee7d60d15984c7e0affcd8a918b"},"headline":"TRIUNFO DEL SABOR DE TENERIFE EN MF","datePublished":"2017-01-29T11:05:19+00:00","mainEntityOfPage":{"@id":"https:\/\/elcotarro.com\/?p=3721"},"wordCount":222,"commentCount":0,"publisher":{"@id":"https:\/\/elcotarro.com\/#organization"},"inLanguage":"es","potentialAction":[{"@type":"CommentAction","name":"Comment","target":["https:\/\/elcotarro.com\/?p=3721#respond"]}]},{"@type":"WebPage","@id":"https:\/\/elcotarro.com\/?p=3721","url":"https:\/\/elcotarro.com\/?p=3721","name":"TRIUNFO DEL SABOR DE TENERIFE EN MF - El Cotarro","isPartOf":{"@id":"https:\/\/elcotarro.com\/#website"},"datePublished":"2017-01-29T11:05:19+00:00","breadcrumb":{"@id":"https:\/\/elcotarro.com\/?p=3721#breadcrumb"},"inLanguage":"es","potentialAction":[{"@type":"ReadAction","target":["https:\/\/elcotarro.com\/?p=3721"]}]},{"@type":"BreadcrumbList","@id":"https:\/\/elcotarro.com\/?p=3721#breadcrumb","itemListElement":[{"@type":"ListItem","position":1,"name":"Portada","item":"https:\/\/elcotarro.com\/"},{"@type":"ListItem","position":2,"name":"TRIUNFO DEL SABOR DE TENERIFE EN MF"}]},{"@type":"WebSite","@id":"https:\/\/elcotarro.com\/#website","url":"https:\/\/elcotarro.com\/","name":"El Cotarro","description":"Peri\u00f3dico Digital Independiente dirigido por Jos\u00e9 Carlos Marrero","publisher":{"@id":"https:\/\/elcotarro.com\/#organization"},"potentialAction":[{"@type":"SearchAction","target":{"@type":"EntryPoint","urlTemplate":"https:\/\/elcotarro.com\/?s={search_term_string}"},"query-input":{"@type":"PropertyValueSpecification","valueRequired":true,"valueName":"search_term_string"}}],"inLanguage":"es"},{"@type":"Organization","@id":"https:\/\/elcotarro.com\/#organization","name":"El Cotarro","url":"https:\/\/elcotarro.com\/","logo":{"@type":"ImageObject","inLanguage":"es","@id":"https:\/\/elcotarro.com\/#\/schema\/logo\/image\/","url":"https:\/\/elcotarro.com\/wp-content\/uploads\/2014\/09\/Cabecera_El_Cotarro_v2.jpg","contentUrl":"https:\/\/elcotarro.com\/wp-content\/uploads\/2014\/09\/Cabecera_El_Cotarro_v2.jpg","width":3540,"height":441,"caption":"El Cotarro"},"image":{"@id":"https:\/\/elcotarro.com\/#\/schema\/logo\/image\/"},"sameAs":["https:\/\/www.facebook.com\/ElCotarro.Tenerife"]},{"@type":"Person","@id":"https:\/\/elcotarro.com\/#\/schema\/person\/af537ee7d60d15984c7e0affcd8a918b","name":"Jos\u00e9 Carlos Marrero Gonz\u00e1lez","image":{"@type":"ImageObject","inLanguage":"es","@id":"https:\/\/elcotarro.com\/#\/schema\/person\/image\/","url":"https:\/\/secure.gravatar.com\/avatar\/def4da036efb5d32c74d49c351f6dccc064dd69ad9f3aadc295c5a9a5391ca01?s=96&d=mm&r=g","contentUrl":"https:\/\/secure.gravatar.com\/avatar\/def4da036efb5d32c74d49c351f6dccc064dd69ad9f3aadc295c5a9a5391ca01?s=96&d=mm&r=g","caption":"Jos\u00e9 Carlos Marrero Gonz\u00e1lez"},"sameAs":["https:\/\/elcotarro.com"],"url":"https:\/\/elcotarro.com\/?author=2"}]}},"jetpack_featured_media_url":"","jetpack_sharing_enabled":true,"_links":{"self":[{"href":"https:\/\/elcotarro.com\/index.php?rest_route=\/wp\/v2\/posts\/3721","targetHints":{"allow":["GET"]}}],"collection":[{"href":"https:\/\/elcotarro.com\/index.php?rest_route=\/wp\/v2\/posts"}],"about":[{"href":"https:\/\/elcotarro.com\/index.php?rest_route=\/wp\/v2\/types\/post"}],"author":[{"embeddable":true,"href":"https:\/\/elcotarro.com\/index.php?rest_route=\/wp\/v2\/users\/2"}],"replies":[{"embeddable":true,"href":"https:\/\/elcotarro.com\/index.php?rest_route=%2Fwp%2Fv2%2Fcomments&post=3721"}],"version-history":[{"count":1,"href":"https:\/\/elcotarro.com\/index.php?rest_route=\/wp\/v2\/posts\/3721\/revisions"}],"predecessor-version":[{"id":3723,"href":"https:\/\/elcotarro.com\/index.php?rest_route=\/wp\/v2\/posts\/3721\/revisions\/3723"}],"wp:attachment":[{"href":"https:\/\/elcotarro.com\/index.php?rest_route=%2Fwp%2Fv2%2Fmedia&parent=3721"}],"wp:term":[{"taxonomy":"category","embeddable":true,"href":"https:\/\/elcotarro.com\/index.php?rest_route=%2Fwp%2Fv2%2Fcategories&post=3721"},{"taxonomy":"post_tag","embeddable":true,"href":"https:\/\/elcotarro.com\/index.php?rest_route=%2Fwp%2Fv2%2Ftags&post=3721"}],"curies":[{"name":"wp","href":"https:\/\/api.w.org\/{rel}","templated":true}]}}