{"id":3809,"date":"2017-02-26T11:05:19","date_gmt":"2017-02-26T11:05:19","guid":{"rendered":"https:\/\/elcotarro.com\/?p=3809"},"modified":"2017-02-26T10:46:29","modified_gmt":"2017-02-26T10:46:29","slug":"tomas-de-armas-y-chimbesque","status":"publish","type":"post","link":"https:\/\/elcotarro.com\/?p=3809","title":{"rendered":"TOM\u00c1S DE ARMAS Y \u201cCHIMBESQUE\u201d"},"content":{"rendered":"<p>Estamos en el domingo de Carnaval y ya sabemos que los carnavales son derroche de imaginaci\u00f3n y fantas\u00eda, pero lo que les voy a contar en El Cotarro de esta jornada dominguera puede transcender la imaginaci\u00f3n y la fantas\u00eda para, a trav\u00e9s y gracias a la investigaci\u00f3n y la ciencia, demostrar una impresionante y asombrosa teor\u00eda. De confirmarse lo que les voy a contar, Tenerife contar\u00eda con un nuevo y atrayente motivo para que a\u00fan m\u00e1s turistas nacionales y extranjeros vinieran a nuestra isla. El colectivo de intelectuales, investigadores y curiosos en la materia, denominado \u201cChimbesque\u201d y que est\u00e1 coordinado por el reconocido experto en viajes tinerfe\u00f1o, <strong>Tom\u00e1s de Armas Schm\u00f6lzer<\/strong>, son los \u201cculpables\u201d de esta apasionante y revolucionaria teor\u00eda, que est\u00e1 a punto de demostrarse. Puedo adelantarles que, incluso, algunos cient\u00edficos e investigadores del Consejo Superior de Investigaciones Cient\u00edficas (CSIC) est\u00e1n al tanto de la teor\u00eda de \u201cChimbesque\u201d y sigui\u00e9ndola con curiosidad.<\/p>\n<p style=\"text-align: center\"><a href=\"https:\/\/elcotarro.com\/wp-content\/uploads\/2017\/02\/FOTO-1.-MUSEO-DE-EL-QUIJOTE-EN-G\u00dc\u00cdMAR-PLACA.jpg\"><img loading=\"lazy\" decoding=\"async\" class=\"alignnone size-full wp-image-3810\" src=\"https:\/\/elcotarro.com\/wp-content\/uploads\/2017\/02\/FOTO-1.-MUSEO-DE-EL-QUIJOTE-EN-G\u00dc\u00cdMAR-PLACA.jpg\" alt=\"FOTO 1.- MUSEO DE EL QUIJOTE EN G\u00dc\u00cdMAR - PLACA\" width=\"1936\" height=\"2592\" srcset=\"https:\/\/elcotarro.com\/wp-content\/uploads\/2017\/02\/FOTO-1.-MUSEO-DE-EL-QUIJOTE-EN-G\u00dc\u00cdMAR-PLACA.jpg 1936w, https:\/\/elcotarro.com\/wp-content\/uploads\/2017\/02\/FOTO-1.-MUSEO-DE-EL-QUIJOTE-EN-G\u00dc\u00cdMAR-PLACA-224x300.jpg 224w, https:\/\/elcotarro.com\/wp-content\/uploads\/2017\/02\/FOTO-1.-MUSEO-DE-EL-QUIJOTE-EN-G\u00dc\u00cdMAR-PLACA-765x1024.jpg 765w\" sizes=\"auto, (max-width: 1936px) 100vw, 1936px\" \/><\/a><\/p>\n<p style=\"text-align: center\"><em>Placa de la entrada al museo \u201cEl Quijote en el Mundo\u201d en el IES Mencey Acaymo de G\u00fc\u00edmar (Tenerife)<\/em><\/p>\n","protected":false},"excerpt":{"rendered":"<p>Estamos en el domingo de Carnaval y ya sabemos que los carnavales son derroche de imaginaci\u00f3n y fantas\u00eda, pero lo que les voy a contar en El Cotarro de esta jornada dominguera puede transcender la imaginaci\u00f3n y la fantas\u00eda para, a trav\u00e9s y gracias a la investigaci\u00f3n y la ciencia, demostrar una impresionante y asombrosa &#8230; <a class=\"read-more\" href=\"https:\/\/elcotarro.com\/?p=3809\">Read more<\/a><\/p>\n","protected":false},"author":2,"featured_media":0,"comment_status":"open","ping_status":"open","sticky":false,"template":"","format":"standard","meta":{"_jetpack_memberships_contains_paid_content":false,"footnotes":""},"categories":[1],"tags":[],"class_list":["post-3809","post","type-post","status-publish","format-standard","hentry","category-sin-categoria"],"yoast_head":"<!-- This site is optimized with the Yoast SEO plugin v27.0 - https:\/\/yoast.com\/product\/yoast-seo-wordpress\/ -->\n<title>TOM\u00c1S DE ARMAS Y \u201cCHIMBESQUE\u201d - El Cotarro<\/title>\n<meta name=\"robots\" content=\"index, follow, max-snippet:-1, max-image-preview:large, max-video-preview:-1\" \/>\n<link rel=\"canonical\" href=\"https:\/\/elcotarro.com\/?p=3809\" \/>\n<meta property=\"og:locale\" content=\"es_ES\" \/>\n<meta property=\"og:type\" content=\"article\" \/>\n<meta property=\"og:title\" content=\"TOM\u00c1S DE ARMAS Y \u201cCHIMBESQUE\u201d - El Cotarro\" \/>\n<meta property=\"og:description\" content=\"Estamos en el domingo de Carnaval y ya sabemos que los carnavales son derroche de imaginaci\u00f3n y fantas\u00eda, pero lo que les voy a contar en El Cotarro de esta jornada dominguera puede transcender la imaginaci\u00f3n y la fantas\u00eda para, a trav\u00e9s y gracias a la investigaci\u00f3n y la ciencia, demostrar una impresionante y asombrosa ... Read more\" \/>\n<meta property=\"og:url\" content=\"https:\/\/elcotarro.com\/?p=3809\" \/>\n<meta property=\"og:site_name\" content=\"El Cotarro\" \/>\n<meta property=\"article:publisher\" content=\"https:\/\/www.facebook.com\/ElCotarro.Tenerife\" \/>\n<meta property=\"article:published_time\" content=\"2017-02-26T11:05:19+00:00\" \/>\n<meta name=\"author\" content=\"Jos\u00e9 Carlos Marrero Gonz\u00e1lez\" \/>\n<meta name=\"twitter:label1\" content=\"Escrito por\" \/>\n\t<meta name=\"twitter:data1\" content=\"Jos\u00e9 Carlos Marrero Gonz\u00e1lez\" \/>\n\t<meta name=\"twitter:label2\" content=\"Tiempo de lectura\" \/>\n\t<meta name=\"twitter:data2\" content=\"1 minuto\" \/>\n<script type=\"application\/ld+json\" class=\"yoast-schema-graph\">{\"@context\":\"https:\/\/schema.org\",\"@graph\":[{\"@type\":\"Article\",\"@id\":\"https:\/\/elcotarro.com\/?p=3809#article\",\"isPartOf\":{\"@id\":\"https:\/\/elcotarro.com\/?p=3809\"},\"author\":{\"name\":\"Jos\u00e9 Carlos Marrero Gonz\u00e1lez\",\"@id\":\"https:\/\/elcotarro.com\/#\/schema\/person\/af537ee7d60d15984c7e0affcd8a918b\"},\"headline\":\"TOM\u00c1S DE ARMAS Y \u201cCHIMBESQUE\u201d\",\"datePublished\":\"2017-02-26T11:05:19+00:00\",\"mainEntityOfPage\":{\"@id\":\"https:\/\/elcotarro.com\/?p=3809\"},\"wordCount\":198,\"commentCount\":0,\"publisher\":{\"@id\":\"https:\/\/elcotarro.com\/#organization\"},\"inLanguage\":\"es\",\"potentialAction\":[{\"@type\":\"CommentAction\",\"name\":\"Comment\",\"target\":[\"https:\/\/elcotarro.com\/?p=3809#respond\"]}]},{\"@type\":\"WebPage\",\"@id\":\"https:\/\/elcotarro.com\/?p=3809\",\"url\":\"https:\/\/elcotarro.com\/?p=3809\",\"name\":\"TOM\u00c1S DE ARMAS Y \u201cCHIMBESQUE\u201d - El Cotarro\",\"isPartOf\":{\"@id\":\"https:\/\/elcotarro.com\/#website\"},\"datePublished\":\"2017-02-26T11:05:19+00:00\",\"breadcrumb\":{\"@id\":\"https:\/\/elcotarro.com\/?p=3809#breadcrumb\"},\"inLanguage\":\"es\",\"potentialAction\":[{\"@type\":\"ReadAction\",\"target\":[\"https:\/\/elcotarro.com\/?p=3809\"]}]},{\"@type\":\"BreadcrumbList\",\"@id\":\"https:\/\/elcotarro.com\/?p=3809#breadcrumb\",\"itemListElement\":[{\"@type\":\"ListItem\",\"position\":1,\"name\":\"Portada\",\"item\":\"https:\/\/elcotarro.com\/\"},{\"@type\":\"ListItem\",\"position\":2,\"name\":\"TOM\u00c1S DE ARMAS Y \u201cCHIMBESQUE\u201d\"}]},{\"@type\":\"WebSite\",\"@id\":\"https:\/\/elcotarro.com\/#website\",\"url\":\"https:\/\/elcotarro.com\/\",\"name\":\"El Cotarro\",\"description\":\"Peri\u00f3dico Digital Independiente dirigido por Jos\u00e9 Carlos Marrero\",\"publisher\":{\"@id\":\"https:\/\/elcotarro.com\/#organization\"},\"potentialAction\":[{\"@type\":\"SearchAction\",\"target\":{\"@type\":\"EntryPoint\",\"urlTemplate\":\"https:\/\/elcotarro.com\/?s={search_term_string}\"},\"query-input\":{\"@type\":\"PropertyValueSpecification\",\"valueRequired\":true,\"valueName\":\"search_term_string\"}}],\"inLanguage\":\"es\"},{\"@type\":\"Organization\",\"@id\":\"https:\/\/elcotarro.com\/#organization\",\"name\":\"El Cotarro\",\"url\":\"https:\/\/elcotarro.com\/\",\"logo\":{\"@type\":\"ImageObject\",\"inLanguage\":\"es\",\"@id\":\"https:\/\/elcotarro.com\/#\/schema\/logo\/image\/\",\"url\":\"https:\/\/elcotarro.com\/wp-content\/uploads\/2014\/09\/Cabecera_El_Cotarro_v2.jpg\",\"contentUrl\":\"https:\/\/elcotarro.com\/wp-content\/uploads\/2014\/09\/Cabecera_El_Cotarro_v2.jpg\",\"width\":3540,\"height\":441,\"caption\":\"El Cotarro\"},\"image\":{\"@id\":\"https:\/\/elcotarro.com\/#\/schema\/logo\/image\/\"},\"sameAs\":[\"https:\/\/www.facebook.com\/ElCotarro.Tenerife\"]},{\"@type\":\"Person\",\"@id\":\"https:\/\/elcotarro.com\/#\/schema\/person\/af537ee7d60d15984c7e0affcd8a918b\",\"name\":\"Jos\u00e9 Carlos Marrero Gonz\u00e1lez\",\"image\":{\"@type\":\"ImageObject\",\"inLanguage\":\"es\",\"@id\":\"https:\/\/elcotarro.com\/#\/schema\/person\/image\/\",\"url\":\"https:\/\/secure.gravatar.com\/avatar\/def4da036efb5d32c74d49c351f6dccc064dd69ad9f3aadc295c5a9a5391ca01?s=96&d=mm&r=g\",\"contentUrl\":\"https:\/\/secure.gravatar.com\/avatar\/def4da036efb5d32c74d49c351f6dccc064dd69ad9f3aadc295c5a9a5391ca01?s=96&d=mm&r=g\",\"caption\":\"Jos\u00e9 Carlos Marrero Gonz\u00e1lez\"},\"sameAs\":[\"https:\/\/elcotarro.com\"],\"url\":\"https:\/\/elcotarro.com\/?author=2\"}]}<\/script>\n<!-- \/ Yoast SEO plugin. -->","yoast_head_json":{"title":"TOM\u00c1S DE ARMAS Y \u201cCHIMBESQUE\u201d - El Cotarro","robots":{"index":"index","follow":"follow","max-snippet":"max-snippet:-1","max-image-preview":"max-image-preview:large","max-video-preview":"max-video-preview:-1"},"canonical":"https:\/\/elcotarro.com\/?p=3809","og_locale":"es_ES","og_type":"article","og_title":"TOM\u00c1S DE ARMAS Y \u201cCHIMBESQUE\u201d - El Cotarro","og_description":"Estamos en el domingo de Carnaval y ya sabemos que los carnavales son derroche de imaginaci\u00f3n y fantas\u00eda, pero lo que les voy a contar en El Cotarro de esta jornada dominguera puede transcender la imaginaci\u00f3n y la fantas\u00eda para, a trav\u00e9s y gracias a la investigaci\u00f3n y la ciencia, demostrar una impresionante y asombrosa ... Read more","og_url":"https:\/\/elcotarro.com\/?p=3809","og_site_name":"El Cotarro","article_publisher":"https:\/\/www.facebook.com\/ElCotarro.Tenerife","article_published_time":"2017-02-26T11:05:19+00:00","author":"Jos\u00e9 Carlos Marrero Gonz\u00e1lez","twitter_misc":{"Escrito por":"Jos\u00e9 Carlos Marrero Gonz\u00e1lez","Tiempo de lectura":"1 minuto"},"schema":{"@context":"https:\/\/schema.org","@graph":[{"@type":"Article","@id":"https:\/\/elcotarro.com\/?p=3809#article","isPartOf":{"@id":"https:\/\/elcotarro.com\/?p=3809"},"author":{"name":"Jos\u00e9 Carlos Marrero Gonz\u00e1lez","@id":"https:\/\/elcotarro.com\/#\/schema\/person\/af537ee7d60d15984c7e0affcd8a918b"},"headline":"TOM\u00c1S DE ARMAS Y \u201cCHIMBESQUE\u201d","datePublished":"2017-02-26T11:05:19+00:00","mainEntityOfPage":{"@id":"https:\/\/elcotarro.com\/?p=3809"},"wordCount":198,"commentCount":0,"publisher":{"@id":"https:\/\/elcotarro.com\/#organization"},"inLanguage":"es","potentialAction":[{"@type":"CommentAction","name":"Comment","target":["https:\/\/elcotarro.com\/?p=3809#respond"]}]},{"@type":"WebPage","@id":"https:\/\/elcotarro.com\/?p=3809","url":"https:\/\/elcotarro.com\/?p=3809","name":"TOM\u00c1S DE ARMAS Y \u201cCHIMBESQUE\u201d - El Cotarro","isPartOf":{"@id":"https:\/\/elcotarro.com\/#website"},"datePublished":"2017-02-26T11:05:19+00:00","breadcrumb":{"@id":"https:\/\/elcotarro.com\/?p=3809#breadcrumb"},"inLanguage":"es","potentialAction":[{"@type":"ReadAction","target":["https:\/\/elcotarro.com\/?p=3809"]}]},{"@type":"BreadcrumbList","@id":"https:\/\/elcotarro.com\/?p=3809#breadcrumb","itemListElement":[{"@type":"ListItem","position":1,"name":"Portada","item":"https:\/\/elcotarro.com\/"},{"@type":"ListItem","position":2,"name":"TOM\u00c1S DE ARMAS Y \u201cCHIMBESQUE\u201d"}]},{"@type":"WebSite","@id":"https:\/\/elcotarro.com\/#website","url":"https:\/\/elcotarro.com\/","name":"El Cotarro","description":"Peri\u00f3dico Digital Independiente dirigido por Jos\u00e9 Carlos Marrero","publisher":{"@id":"https:\/\/elcotarro.com\/#organization"},"potentialAction":[{"@type":"SearchAction","target":{"@type":"EntryPoint","urlTemplate":"https:\/\/elcotarro.com\/?s={search_term_string}"},"query-input":{"@type":"PropertyValueSpecification","valueRequired":true,"valueName":"search_term_string"}}],"inLanguage":"es"},{"@type":"Organization","@id":"https:\/\/elcotarro.com\/#organization","name":"El Cotarro","url":"https:\/\/elcotarro.com\/","logo":{"@type":"ImageObject","inLanguage":"es","@id":"https:\/\/elcotarro.com\/#\/schema\/logo\/image\/","url":"https:\/\/elcotarro.com\/wp-content\/uploads\/2014\/09\/Cabecera_El_Cotarro_v2.jpg","contentUrl":"https:\/\/elcotarro.com\/wp-content\/uploads\/2014\/09\/Cabecera_El_Cotarro_v2.jpg","width":3540,"height":441,"caption":"El Cotarro"},"image":{"@id":"https:\/\/elcotarro.com\/#\/schema\/logo\/image\/"},"sameAs":["https:\/\/www.facebook.com\/ElCotarro.Tenerife"]},{"@type":"Person","@id":"https:\/\/elcotarro.com\/#\/schema\/person\/af537ee7d60d15984c7e0affcd8a918b","name":"Jos\u00e9 Carlos Marrero Gonz\u00e1lez","image":{"@type":"ImageObject","inLanguage":"es","@id":"https:\/\/elcotarro.com\/#\/schema\/person\/image\/","url":"https:\/\/secure.gravatar.com\/avatar\/def4da036efb5d32c74d49c351f6dccc064dd69ad9f3aadc295c5a9a5391ca01?s=96&d=mm&r=g","contentUrl":"https:\/\/secure.gravatar.com\/avatar\/def4da036efb5d32c74d49c351f6dccc064dd69ad9f3aadc295c5a9a5391ca01?s=96&d=mm&r=g","caption":"Jos\u00e9 Carlos Marrero Gonz\u00e1lez"},"sameAs":["https:\/\/elcotarro.com"],"url":"https:\/\/elcotarro.com\/?author=2"}]}},"jetpack_featured_media_url":"","jetpack_sharing_enabled":true,"_links":{"self":[{"href":"https:\/\/elcotarro.com\/index.php?rest_route=\/wp\/v2\/posts\/3809","targetHints":{"allow":["GET"]}}],"collection":[{"href":"https:\/\/elcotarro.com\/index.php?rest_route=\/wp\/v2\/posts"}],"about":[{"href":"https:\/\/elcotarro.com\/index.php?rest_route=\/wp\/v2\/types\/post"}],"author":[{"embeddable":true,"href":"https:\/\/elcotarro.com\/index.php?rest_route=\/wp\/v2\/users\/2"}],"replies":[{"embeddable":true,"href":"https:\/\/elcotarro.com\/index.php?rest_route=%2Fwp%2Fv2%2Fcomments&post=3809"}],"version-history":[{"count":1,"href":"https:\/\/elcotarro.com\/index.php?rest_route=\/wp\/v2\/posts\/3809\/revisions"}],"predecessor-version":[{"id":3811,"href":"https:\/\/elcotarro.com\/index.php?rest_route=\/wp\/v2\/posts\/3809\/revisions\/3811"}],"wp:attachment":[{"href":"https:\/\/elcotarro.com\/index.php?rest_route=%2Fwp%2Fv2%2Fmedia&parent=3809"}],"wp:term":[{"taxonomy":"category","embeddable":true,"href":"https:\/\/elcotarro.com\/index.php?rest_route=%2Fwp%2Fv2%2Fcategories&post=3809"},{"taxonomy":"post_tag","embeddable":true,"href":"https:\/\/elcotarro.com\/index.php?rest_route=%2Fwp%2Fv2%2Ftags&post=3809"}],"curies":[{"name":"wp","href":"https:\/\/api.w.org\/{rel}","templated":true}]}}