{"id":382,"date":"2014-11-09T00:09:28","date_gmt":"2014-11-09T00:09:28","guid":{"rendered":"https:\/\/elcotarro.com\/?p=382"},"modified":"2014-11-08T22:31:28","modified_gmt":"2014-11-08T22:31:28","slug":"incomunicados-por-el-vino","status":"publish","type":"post","link":"https:\/\/elcotarro.com\/?p=382","title":{"rendered":"INCOMUNICADOS POR EL VINO"},"content":{"rendered":"<p style=\"text-align: justify;\">\u2666 El estribillo de la popular canci\u00f3n de <strong>Horacio Guarany<\/strong> titulada \u00abVolver en vino\u00bb dice que \u00absi el vino viene, viene la vida\u00bb y dice la tradici\u00f3n que el buen vino, tomado con moderaci\u00f3n, alegra los corazones, agiliza el verbo y facilita la conversaci\u00f3n\u2026 Pero cuando de pol\u00edtica se trata, parece que en Tenerife el vino produce distanciamientos, piques y hasta incomunicaci\u00f3n\u2026 Y si los m\u00e1ximos responsables del sector del vino no se hablan entre ellos, en vez de \u00abvenir la vida\u00bb lo que se barrunta es la muerte\u2026 He estado \u00faltimamente en un par de actos en los que el consejero de Agricultura del Cabildo de Tenerife, <strong>Jos\u00e9 Joaqu\u00edn Bethencourt<\/strong> <strong>Padr\u00f3n<\/strong>, y el director general del Instituto Canario de Calidad Agroalimentaria (ICCA), <strong>Alfonso\u00a0 Juan L\u00f3pez Torres<\/strong>, no se hablan y casi ni se saludan\u2026 No me gusta nada el caminar de la perrita vin\u00edcola.<\/p>\n<p style=\"text-align: justify;\"><a href=\"https:\/\/elcotarro.com\/wp-content\/uploads\/2014\/11\/Jos\u00e9-Joaqu\u00edn-Bethencourt-con-Alfondo-Juan-Torres.jpg\"><img loading=\"lazy\" decoding=\"async\" class=\"aligncenter size-full wp-image-383\" src=\"https:\/\/elcotarro.com\/wp-content\/uploads\/2014\/11\/Jos\u00e9-Joaqu\u00edn-Bethencourt-con-Alfondo-Juan-Torres.jpg\" alt=\"Jos\u00e9 Joaqu\u00edn Bethencourt con Alfondo Juan Torres\" width=\"338\" height=\"246\" srcset=\"https:\/\/elcotarro.com\/wp-content\/uploads\/2014\/11\/Jos\u00e9-Joaqu\u00edn-Bethencourt-con-Alfondo-Juan-Torres.jpg 338w, https:\/\/elcotarro.com\/wp-content\/uploads\/2014\/11\/Jos\u00e9-Joaqu\u00edn-Bethencourt-con-Alfondo-Juan-Torres-300x218.jpg 300w\" sizes=\"auto, (max-width: 338px) 100vw, 338px\" \/><\/a><\/p>\n<p class=\"comentario\" style=\"text-align: center;\"><em>Alfonso Juan L\u00f3pez Torres (a izquierda) y Jos\u00e9 Joaqu\u00edn Bethencourt\u2026 Casi ni se miran y \u00faltimamente ni se hablan\u2026. Solo se saludan por educaci\u00f3n\u2026<\/em><\/p>\n","protected":false},"excerpt":{"rendered":"<p>\u2666 El estribillo de la popular canci\u00f3n de Horacio Guarany titulada \u00abVolver en vino\u00bb dice que \u00absi el vino viene, viene la vida\u00bb y dice la tradici\u00f3n que el buen vino, tomado con moderaci\u00f3n, alegra los corazones, agiliza el verbo y facilita la conversaci\u00f3n\u2026 Pero cuando de pol\u00edtica se trata, parece que en Tenerife el &#8230; <a class=\"read-more\" href=\"https:\/\/elcotarro.com\/?p=382\">Read more<\/a><\/p>\n","protected":false},"author":2,"featured_media":0,"comment_status":"open","ping_status":"open","sticky":false,"template":"","format":"standard","meta":{"_jetpack_memberships_contains_paid_content":false,"footnotes":""},"categories":[7],"tags":[190,189,16],"class_list":["post-382","post","type-post","status-publish","format-standard","hentry","category-politica","tag-alfonso-juan-lopez-torres","tag-horacio-guarany","tag-jose-joaquin-bethencourt-padron"],"yoast_head":"<!-- This site is optimized with the Yoast SEO plugin v27.0 - https:\/\/yoast.com\/product\/yoast-seo-wordpress\/ -->\n<title>INCOMUNICADOS POR EL VINO - El Cotarro<\/title>\n<meta name=\"robots\" content=\"index, follow, max-snippet:-1, max-image-preview:large, max-video-preview:-1\" \/>\n<link rel=\"canonical\" href=\"https:\/\/elcotarro.com\/?p=382\" \/>\n<meta property=\"og:locale\" content=\"es_ES\" \/>\n<meta property=\"og:type\" content=\"article\" \/>\n<meta property=\"og:title\" content=\"INCOMUNICADOS POR EL VINO - El Cotarro\" \/>\n<meta property=\"og:description\" content=\"\u2666 El estribillo de la popular canci\u00f3n de Horacio Guarany titulada \u00abVolver en vino\u00bb dice que \u00absi el vino viene, viene la vida\u00bb y dice la tradici\u00f3n que el buen vino, tomado con moderaci\u00f3n, alegra los corazones, agiliza el verbo y facilita la conversaci\u00f3n\u2026 Pero cuando de pol\u00edtica se trata, parece que en Tenerife el ... Read more\" \/>\n<meta property=\"og:url\" content=\"https:\/\/elcotarro.com\/?p=382\" \/>\n<meta property=\"og:site_name\" content=\"El Cotarro\" \/>\n<meta property=\"article:publisher\" content=\"https:\/\/www.facebook.com\/ElCotarro.Tenerife\" \/>\n<meta property=\"article:published_time\" content=\"2014-11-09T00:09:28+00:00\" \/>\n<meta name=\"author\" content=\"Jos\u00e9 Carlos Marrero Gonz\u00e1lez\" \/>\n<meta name=\"twitter:label1\" content=\"Escrito por\" \/>\n\t<meta name=\"twitter:data1\" content=\"Jos\u00e9 Carlos Marrero Gonz\u00e1lez\" \/>\n\t<meta name=\"twitter:label2\" content=\"Tiempo de lectura\" \/>\n\t<meta name=\"twitter:data2\" content=\"1 minuto\" \/>\n<script type=\"application\/ld+json\" class=\"yoast-schema-graph\">{\"@context\":\"https:\/\/schema.org\",\"@graph\":[{\"@type\":\"Article\",\"@id\":\"https:\/\/elcotarro.com\/?p=382#article\",\"isPartOf\":{\"@id\":\"https:\/\/elcotarro.com\/?p=382\"},\"author\":{\"name\":\"Jos\u00e9 Carlos Marrero Gonz\u00e1lez\",\"@id\":\"https:\/\/elcotarro.com\/#\/schema\/person\/af537ee7d60d15984c7e0affcd8a918b\"},\"headline\":\"INCOMUNICADOS POR EL VINO\",\"datePublished\":\"2014-11-09T00:09:28+00:00\",\"mainEntityOfPage\":{\"@id\":\"https:\/\/elcotarro.com\/?p=382\"},\"wordCount\":186,\"commentCount\":1,\"publisher\":{\"@id\":\"https:\/\/elcotarro.com\/#organization\"},\"keywords\":[\"Alfonso Juan L\u00f3pez Torres\",\"Horacio Guarany\",\"Jos\u00e9 Joaqu\u00edn Bethencourt Padr\u00f3n\"],\"articleSection\":[\"Pol\u00edtica\"],\"inLanguage\":\"es\",\"potentialAction\":[{\"@type\":\"CommentAction\",\"name\":\"Comment\",\"target\":[\"https:\/\/elcotarro.com\/?p=382#respond\"]}]},{\"@type\":\"WebPage\",\"@id\":\"https:\/\/elcotarro.com\/?p=382\",\"url\":\"https:\/\/elcotarro.com\/?p=382\",\"name\":\"INCOMUNICADOS POR EL VINO - El Cotarro\",\"isPartOf\":{\"@id\":\"https:\/\/elcotarro.com\/#website\"},\"datePublished\":\"2014-11-09T00:09:28+00:00\",\"breadcrumb\":{\"@id\":\"https:\/\/elcotarro.com\/?p=382#breadcrumb\"},\"inLanguage\":\"es\",\"potentialAction\":[{\"@type\":\"ReadAction\",\"target\":[\"https:\/\/elcotarro.com\/?p=382\"]}]},{\"@type\":\"BreadcrumbList\",\"@id\":\"https:\/\/elcotarro.com\/?p=382#breadcrumb\",\"itemListElement\":[{\"@type\":\"ListItem\",\"position\":1,\"name\":\"Portada\",\"item\":\"https:\/\/elcotarro.com\/\"},{\"@type\":\"ListItem\",\"position\":2,\"name\":\"INCOMUNICADOS POR EL VINO\"}]},{\"@type\":\"WebSite\",\"@id\":\"https:\/\/elcotarro.com\/#website\",\"url\":\"https:\/\/elcotarro.com\/\",\"name\":\"El Cotarro\",\"description\":\"Peri\u00f3dico Digital Independiente dirigido por Jos\u00e9 Carlos Marrero\",\"publisher\":{\"@id\":\"https:\/\/elcotarro.com\/#organization\"},\"potentialAction\":[{\"@type\":\"SearchAction\",\"target\":{\"@type\":\"EntryPoint\",\"urlTemplate\":\"https:\/\/elcotarro.com\/?s={search_term_string}\"},\"query-input\":{\"@type\":\"PropertyValueSpecification\",\"valueRequired\":true,\"valueName\":\"search_term_string\"}}],\"inLanguage\":\"es\"},{\"@type\":\"Organization\",\"@id\":\"https:\/\/elcotarro.com\/#organization\",\"name\":\"El Cotarro\",\"url\":\"https:\/\/elcotarro.com\/\",\"logo\":{\"@type\":\"ImageObject\",\"inLanguage\":\"es\",\"@id\":\"https:\/\/elcotarro.com\/#\/schema\/logo\/image\/\",\"url\":\"https:\/\/elcotarro.com\/wp-content\/uploads\/2014\/09\/Cabecera_El_Cotarro_v2.jpg\",\"contentUrl\":\"https:\/\/elcotarro.com\/wp-content\/uploads\/2014\/09\/Cabecera_El_Cotarro_v2.jpg\",\"width\":3540,\"height\":441,\"caption\":\"El Cotarro\"},\"image\":{\"@id\":\"https:\/\/elcotarro.com\/#\/schema\/logo\/image\/\"},\"sameAs\":[\"https:\/\/www.facebook.com\/ElCotarro.Tenerife\"]},{\"@type\":\"Person\",\"@id\":\"https:\/\/elcotarro.com\/#\/schema\/person\/af537ee7d60d15984c7e0affcd8a918b\",\"name\":\"Jos\u00e9 Carlos Marrero Gonz\u00e1lez\",\"image\":{\"@type\":\"ImageObject\",\"inLanguage\":\"es\",\"@id\":\"https:\/\/elcotarro.com\/#\/schema\/person\/image\/\",\"url\":\"https:\/\/secure.gravatar.com\/avatar\/def4da036efb5d32c74d49c351f6dccc064dd69ad9f3aadc295c5a9a5391ca01?s=96&d=mm&r=g\",\"contentUrl\":\"https:\/\/secure.gravatar.com\/avatar\/def4da036efb5d32c74d49c351f6dccc064dd69ad9f3aadc295c5a9a5391ca01?s=96&d=mm&r=g\",\"caption\":\"Jos\u00e9 Carlos Marrero Gonz\u00e1lez\"},\"sameAs\":[\"https:\/\/elcotarro.com\"],\"url\":\"https:\/\/elcotarro.com\/?author=2\"}]}<\/script>\n<!-- \/ Yoast SEO plugin. -->","yoast_head_json":{"title":"INCOMUNICADOS POR EL VINO - El Cotarro","robots":{"index":"index","follow":"follow","max-snippet":"max-snippet:-1","max-image-preview":"max-image-preview:large","max-video-preview":"max-video-preview:-1"},"canonical":"https:\/\/elcotarro.com\/?p=382","og_locale":"es_ES","og_type":"article","og_title":"INCOMUNICADOS POR EL VINO - El Cotarro","og_description":"\u2666 El estribillo de la popular canci\u00f3n de Horacio Guarany titulada \u00abVolver en vino\u00bb dice que \u00absi el vino viene, viene la vida\u00bb y dice la tradici\u00f3n que el buen vino, tomado con moderaci\u00f3n, alegra los corazones, agiliza el verbo y facilita la conversaci\u00f3n\u2026 Pero cuando de pol\u00edtica se trata, parece que en Tenerife el ... Read more","og_url":"https:\/\/elcotarro.com\/?p=382","og_site_name":"El Cotarro","article_publisher":"https:\/\/www.facebook.com\/ElCotarro.Tenerife","article_published_time":"2014-11-09T00:09:28+00:00","author":"Jos\u00e9 Carlos Marrero Gonz\u00e1lez","twitter_misc":{"Escrito por":"Jos\u00e9 Carlos Marrero Gonz\u00e1lez","Tiempo de lectura":"1 minuto"},"schema":{"@context":"https:\/\/schema.org","@graph":[{"@type":"Article","@id":"https:\/\/elcotarro.com\/?p=382#article","isPartOf":{"@id":"https:\/\/elcotarro.com\/?p=382"},"author":{"name":"Jos\u00e9 Carlos Marrero Gonz\u00e1lez","@id":"https:\/\/elcotarro.com\/#\/schema\/person\/af537ee7d60d15984c7e0affcd8a918b"},"headline":"INCOMUNICADOS POR EL VINO","datePublished":"2014-11-09T00:09:28+00:00","mainEntityOfPage":{"@id":"https:\/\/elcotarro.com\/?p=382"},"wordCount":186,"commentCount":1,"publisher":{"@id":"https:\/\/elcotarro.com\/#organization"},"keywords":["Alfonso Juan L\u00f3pez Torres","Horacio Guarany","Jos\u00e9 Joaqu\u00edn Bethencourt Padr\u00f3n"],"articleSection":["Pol\u00edtica"],"inLanguage":"es","potentialAction":[{"@type":"CommentAction","name":"Comment","target":["https:\/\/elcotarro.com\/?p=382#respond"]}]},{"@type":"WebPage","@id":"https:\/\/elcotarro.com\/?p=382","url":"https:\/\/elcotarro.com\/?p=382","name":"INCOMUNICADOS POR EL VINO - El Cotarro","isPartOf":{"@id":"https:\/\/elcotarro.com\/#website"},"datePublished":"2014-11-09T00:09:28+00:00","breadcrumb":{"@id":"https:\/\/elcotarro.com\/?p=382#breadcrumb"},"inLanguage":"es","potentialAction":[{"@type":"ReadAction","target":["https:\/\/elcotarro.com\/?p=382"]}]},{"@type":"BreadcrumbList","@id":"https:\/\/elcotarro.com\/?p=382#breadcrumb","itemListElement":[{"@type":"ListItem","position":1,"name":"Portada","item":"https:\/\/elcotarro.com\/"},{"@type":"ListItem","position":2,"name":"INCOMUNICADOS POR EL VINO"}]},{"@type":"WebSite","@id":"https:\/\/elcotarro.com\/#website","url":"https:\/\/elcotarro.com\/","name":"El Cotarro","description":"Peri\u00f3dico Digital Independiente dirigido por Jos\u00e9 Carlos Marrero","publisher":{"@id":"https:\/\/elcotarro.com\/#organization"},"potentialAction":[{"@type":"SearchAction","target":{"@type":"EntryPoint","urlTemplate":"https:\/\/elcotarro.com\/?s={search_term_string}"},"query-input":{"@type":"PropertyValueSpecification","valueRequired":true,"valueName":"search_term_string"}}],"inLanguage":"es"},{"@type":"Organization","@id":"https:\/\/elcotarro.com\/#organization","name":"El Cotarro","url":"https:\/\/elcotarro.com\/","logo":{"@type":"ImageObject","inLanguage":"es","@id":"https:\/\/elcotarro.com\/#\/schema\/logo\/image\/","url":"https:\/\/elcotarro.com\/wp-content\/uploads\/2014\/09\/Cabecera_El_Cotarro_v2.jpg","contentUrl":"https:\/\/elcotarro.com\/wp-content\/uploads\/2014\/09\/Cabecera_El_Cotarro_v2.jpg","width":3540,"height":441,"caption":"El Cotarro"},"image":{"@id":"https:\/\/elcotarro.com\/#\/schema\/logo\/image\/"},"sameAs":["https:\/\/www.facebook.com\/ElCotarro.Tenerife"]},{"@type":"Person","@id":"https:\/\/elcotarro.com\/#\/schema\/person\/af537ee7d60d15984c7e0affcd8a918b","name":"Jos\u00e9 Carlos Marrero Gonz\u00e1lez","image":{"@type":"ImageObject","inLanguage":"es","@id":"https:\/\/elcotarro.com\/#\/schema\/person\/image\/","url":"https:\/\/secure.gravatar.com\/avatar\/def4da036efb5d32c74d49c351f6dccc064dd69ad9f3aadc295c5a9a5391ca01?s=96&d=mm&r=g","contentUrl":"https:\/\/secure.gravatar.com\/avatar\/def4da036efb5d32c74d49c351f6dccc064dd69ad9f3aadc295c5a9a5391ca01?s=96&d=mm&r=g","caption":"Jos\u00e9 Carlos Marrero Gonz\u00e1lez"},"sameAs":["https:\/\/elcotarro.com"],"url":"https:\/\/elcotarro.com\/?author=2"}]}},"jetpack_featured_media_url":"","jetpack_sharing_enabled":true,"_links":{"self":[{"href":"https:\/\/elcotarro.com\/index.php?rest_route=\/wp\/v2\/posts\/382","targetHints":{"allow":["GET"]}}],"collection":[{"href":"https:\/\/elcotarro.com\/index.php?rest_route=\/wp\/v2\/posts"}],"about":[{"href":"https:\/\/elcotarro.com\/index.php?rest_route=\/wp\/v2\/types\/post"}],"author":[{"embeddable":true,"href":"https:\/\/elcotarro.com\/index.php?rest_route=\/wp\/v2\/users\/2"}],"replies":[{"embeddable":true,"href":"https:\/\/elcotarro.com\/index.php?rest_route=%2Fwp%2Fv2%2Fcomments&post=382"}],"version-history":[{"count":1,"href":"https:\/\/elcotarro.com\/index.php?rest_route=\/wp\/v2\/posts\/382\/revisions"}],"predecessor-version":[{"id":384,"href":"https:\/\/elcotarro.com\/index.php?rest_route=\/wp\/v2\/posts\/382\/revisions\/384"}],"wp:attachment":[{"href":"https:\/\/elcotarro.com\/index.php?rest_route=%2Fwp%2Fv2%2Fmedia&parent=382"}],"wp:term":[{"taxonomy":"category","embeddable":true,"href":"https:\/\/elcotarro.com\/index.php?rest_route=%2Fwp%2Fv2%2Fcategories&post=382"},{"taxonomy":"post_tag","embeddable":true,"href":"https:\/\/elcotarro.com\/index.php?rest_route=%2Fwp%2Fv2%2Ftags&post=382"}],"curies":[{"name":"wp","href":"https:\/\/api.w.org\/{rel}","templated":true}]}}