{"id":3868,"date":"2017-03-12T11:00:20","date_gmt":"2017-03-12T11:00:20","guid":{"rendered":"https:\/\/elcotarro.com\/?p=3868"},"modified":"2017-03-11T11:51:29","modified_gmt":"2017-03-11T11:51:29","slug":"no-cuajamos-asociacion-regional","status":"publish","type":"post","link":"https:\/\/elcotarro.com\/?p=3868","title":{"rendered":"NO CUAJAMOS ASOCIACI\u00d3N REGIONAL"},"content":{"rendered":"<p>La nueva ACYRE Gran Canaria, constituida el pasado 25 de febrero en el hotel Santa Catalina tiene ya unos 230 miembros y, asimismo, es ya miembro de pleno derecho de la Federaci\u00f3n de Asociaciones de Cocineros y Reposteros de Espa\u00f1a (FACYRE), que preside el chef <strong>Mario Sandoval<\/strong>, y tiene representaci\u00f3n y voz propia como miembro independiente. <strong>Thomas Leeb<\/strong> cuenta ya con el incondicional apoyo institucional de los organismos p\u00fablicos de Gran Canaria como el Cabildo, Patronato de Turismo y varios ayuntamientos. Yo como periodista implicado en la gastronom\u00eda les doy la bienvenida y les deseo todo lo mejor. Pero, al mismo tiempo, lamento que, una vez m\u00e1s, no hayamos sabido desarrollar, \u201ccuajar\u201d y mantener una asociaci\u00f3n unida de \u00e1mbito regional.<\/p>\n<p style=\"text-align: center\"><a href=\"https:\/\/elcotarro.com\/wp-content\/uploads\/2017\/03\/FOTO-6.-MARIO-SANDOVAL.jpg\"><img loading=\"lazy\" decoding=\"async\" class=\"alignnone size-full wp-image-3869\" src=\"https:\/\/elcotarro.com\/wp-content\/uploads\/2017\/03\/FOTO-6.-MARIO-SANDOVAL.jpg\" alt=\"FOTO 6.- MARIO SANDOVAL\" width=\"312\" height=\"216\" srcset=\"https:\/\/elcotarro.com\/wp-content\/uploads\/2017\/03\/FOTO-6.-MARIO-SANDOVAL.jpg 312w, https:\/\/elcotarro.com\/wp-content\/uploads\/2017\/03\/FOTO-6.-MARIO-SANDOVAL-300x208.jpg 300w\" sizes=\"auto, (max-width: 312px) 100vw, 312px\" \/><\/a><\/p>\n<p style=\"text-align: center\"><em>El prestigioso chef Mario Sandoval, presidente de FACYRE<\/em><\/p>\n","protected":false},"excerpt":{"rendered":"<p>La nueva ACYRE Gran Canaria, constituida el pasado 25 de febrero en el hotel Santa Catalina tiene ya unos 230 miembros y, asimismo, es ya miembro de pleno derecho de la Federaci\u00f3n de Asociaciones de Cocineros y Reposteros de Espa\u00f1a (FACYRE), que preside el chef Mario Sandoval, y tiene representaci\u00f3n y voz propia como miembro &#8230; <a class=\"read-more\" href=\"https:\/\/elcotarro.com\/?p=3868\">Read more<\/a><\/p>\n","protected":false},"author":2,"featured_media":0,"comment_status":"open","ping_status":"open","sticky":false,"template":"","format":"standard","meta":{"_jetpack_memberships_contains_paid_content":false,"footnotes":""},"categories":[1],"tags":[],"class_list":["post-3868","post","type-post","status-publish","format-standard","hentry","category-sin-categoria"],"yoast_head":"<!-- This site is optimized with the Yoast SEO plugin v27.0 - https:\/\/yoast.com\/product\/yoast-seo-wordpress\/ -->\n<title>NO CUAJAMOS ASOCIACI\u00d3N REGIONAL - El Cotarro<\/title>\n<meta name=\"robots\" content=\"index, follow, max-snippet:-1, max-image-preview:large, max-video-preview:-1\" \/>\n<link rel=\"canonical\" href=\"https:\/\/elcotarro.com\/?p=3868\" \/>\n<meta property=\"og:locale\" content=\"es_ES\" \/>\n<meta property=\"og:type\" content=\"article\" \/>\n<meta property=\"og:title\" content=\"NO CUAJAMOS ASOCIACI\u00d3N REGIONAL - El Cotarro\" \/>\n<meta property=\"og:description\" content=\"La nueva ACYRE Gran Canaria, constituida el pasado 25 de febrero en el hotel Santa Catalina tiene ya unos 230 miembros y, asimismo, es ya miembro de pleno derecho de la Federaci\u00f3n de Asociaciones de Cocineros y Reposteros de Espa\u00f1a (FACYRE), que preside el chef Mario Sandoval, y tiene representaci\u00f3n y voz propia como miembro ... Read more\" \/>\n<meta property=\"og:url\" content=\"https:\/\/elcotarro.com\/?p=3868\" \/>\n<meta property=\"og:site_name\" content=\"El Cotarro\" \/>\n<meta property=\"article:publisher\" content=\"https:\/\/www.facebook.com\/ElCotarro.Tenerife\" \/>\n<meta property=\"article:published_time\" content=\"2017-03-12T11:00:20+00:00\" \/>\n<meta property=\"og:image\" content=\"https:\/\/elcotarro.com\/wp-content\/uploads\/2017\/03\/FOTO-6.-MARIO-SANDOVAL.jpg\" \/>\n<meta name=\"author\" content=\"Jos\u00e9 Carlos Marrero Gonz\u00e1lez\" \/>\n<meta name=\"twitter:label1\" content=\"Escrito por\" \/>\n\t<meta name=\"twitter:data1\" content=\"Jos\u00e9 Carlos Marrero Gonz\u00e1lez\" \/>\n\t<meta name=\"twitter:label2\" content=\"Tiempo de lectura\" \/>\n\t<meta name=\"twitter:data2\" content=\"1 minuto\" \/>\n<script type=\"application\/ld+json\" class=\"yoast-schema-graph\">{\"@context\":\"https:\/\/schema.org\",\"@graph\":[{\"@type\":\"Article\",\"@id\":\"https:\/\/elcotarro.com\/?p=3868#article\",\"isPartOf\":{\"@id\":\"https:\/\/elcotarro.com\/?p=3868\"},\"author\":{\"name\":\"Jos\u00e9 Carlos Marrero Gonz\u00e1lez\",\"@id\":\"https:\/\/elcotarro.com\/#\/schema\/person\/af537ee7d60d15984c7e0affcd8a918b\"},\"headline\":\"NO CUAJAMOS ASOCIACI\u00d3N REGIONAL\",\"datePublished\":\"2017-03-12T11:00:20+00:00\",\"mainEntityOfPage\":{\"@id\":\"https:\/\/elcotarro.com\/?p=3868\"},\"wordCount\":138,\"commentCount\":0,\"publisher\":{\"@id\":\"https:\/\/elcotarro.com\/#organization\"},\"image\":{\"@id\":\"https:\/\/elcotarro.com\/?p=3868#primaryimage\"},\"thumbnailUrl\":\"https:\/\/elcotarro.com\/wp-content\/uploads\/2017\/03\/FOTO-6.-MARIO-SANDOVAL.jpg\",\"inLanguage\":\"es\",\"potentialAction\":[{\"@type\":\"CommentAction\",\"name\":\"Comment\",\"target\":[\"https:\/\/elcotarro.com\/?p=3868#respond\"]}]},{\"@type\":\"WebPage\",\"@id\":\"https:\/\/elcotarro.com\/?p=3868\",\"url\":\"https:\/\/elcotarro.com\/?p=3868\",\"name\":\"NO CUAJAMOS ASOCIACI\u00d3N REGIONAL - El Cotarro\",\"isPartOf\":{\"@id\":\"https:\/\/elcotarro.com\/#website\"},\"primaryImageOfPage\":{\"@id\":\"https:\/\/elcotarro.com\/?p=3868#primaryimage\"},\"image\":{\"@id\":\"https:\/\/elcotarro.com\/?p=3868#primaryimage\"},\"thumbnailUrl\":\"https:\/\/elcotarro.com\/wp-content\/uploads\/2017\/03\/FOTO-6.-MARIO-SANDOVAL.jpg\",\"datePublished\":\"2017-03-12T11:00:20+00:00\",\"breadcrumb\":{\"@id\":\"https:\/\/elcotarro.com\/?p=3868#breadcrumb\"},\"inLanguage\":\"es\",\"potentialAction\":[{\"@type\":\"ReadAction\",\"target\":[\"https:\/\/elcotarro.com\/?p=3868\"]}]},{\"@type\":\"ImageObject\",\"inLanguage\":\"es\",\"@id\":\"https:\/\/elcotarro.com\/?p=3868#primaryimage\",\"url\":\"https:\/\/elcotarro.com\/wp-content\/uploads\/2017\/03\/FOTO-6.-MARIO-SANDOVAL.jpg\",\"contentUrl\":\"https:\/\/elcotarro.com\/wp-content\/uploads\/2017\/03\/FOTO-6.-MARIO-SANDOVAL.jpg\",\"width\":312,\"height\":216},{\"@type\":\"BreadcrumbList\",\"@id\":\"https:\/\/elcotarro.com\/?p=3868#breadcrumb\",\"itemListElement\":[{\"@type\":\"ListItem\",\"position\":1,\"name\":\"Portada\",\"item\":\"https:\/\/elcotarro.com\/\"},{\"@type\":\"ListItem\",\"position\":2,\"name\":\"NO CUAJAMOS ASOCIACI\u00d3N REGIONAL\"}]},{\"@type\":\"WebSite\",\"@id\":\"https:\/\/elcotarro.com\/#website\",\"url\":\"https:\/\/elcotarro.com\/\",\"name\":\"El Cotarro\",\"description\":\"Peri\u00f3dico Digital Independiente dirigido por Jos\u00e9 Carlos Marrero\",\"publisher\":{\"@id\":\"https:\/\/elcotarro.com\/#organization\"},\"potentialAction\":[{\"@type\":\"SearchAction\",\"target\":{\"@type\":\"EntryPoint\",\"urlTemplate\":\"https:\/\/elcotarro.com\/?s={search_term_string}\"},\"query-input\":{\"@type\":\"PropertyValueSpecification\",\"valueRequired\":true,\"valueName\":\"search_term_string\"}}],\"inLanguage\":\"es\"},{\"@type\":\"Organization\",\"@id\":\"https:\/\/elcotarro.com\/#organization\",\"name\":\"El Cotarro\",\"url\":\"https:\/\/elcotarro.com\/\",\"logo\":{\"@type\":\"ImageObject\",\"inLanguage\":\"es\",\"@id\":\"https:\/\/elcotarro.com\/#\/schema\/logo\/image\/\",\"url\":\"https:\/\/elcotarro.com\/wp-content\/uploads\/2014\/09\/Cabecera_El_Cotarro_v2.jpg\",\"contentUrl\":\"https:\/\/elcotarro.com\/wp-content\/uploads\/2014\/09\/Cabecera_El_Cotarro_v2.jpg\",\"width\":3540,\"height\":441,\"caption\":\"El Cotarro\"},\"image\":{\"@id\":\"https:\/\/elcotarro.com\/#\/schema\/logo\/image\/\"},\"sameAs\":[\"https:\/\/www.facebook.com\/ElCotarro.Tenerife\"]},{\"@type\":\"Person\",\"@id\":\"https:\/\/elcotarro.com\/#\/schema\/person\/af537ee7d60d15984c7e0affcd8a918b\",\"name\":\"Jos\u00e9 Carlos Marrero Gonz\u00e1lez\",\"image\":{\"@type\":\"ImageObject\",\"inLanguage\":\"es\",\"@id\":\"https:\/\/elcotarro.com\/#\/schema\/person\/image\/\",\"url\":\"https:\/\/secure.gravatar.com\/avatar\/def4da036efb5d32c74d49c351f6dccc064dd69ad9f3aadc295c5a9a5391ca01?s=96&d=mm&r=g\",\"contentUrl\":\"https:\/\/secure.gravatar.com\/avatar\/def4da036efb5d32c74d49c351f6dccc064dd69ad9f3aadc295c5a9a5391ca01?s=96&d=mm&r=g\",\"caption\":\"Jos\u00e9 Carlos Marrero Gonz\u00e1lez\"},\"sameAs\":[\"https:\/\/elcotarro.com\"],\"url\":\"https:\/\/elcotarro.com\/?author=2\"}]}<\/script>\n<!-- \/ Yoast SEO plugin. -->","yoast_head_json":{"title":"NO CUAJAMOS ASOCIACI\u00d3N REGIONAL - El Cotarro","robots":{"index":"index","follow":"follow","max-snippet":"max-snippet:-1","max-image-preview":"max-image-preview:large","max-video-preview":"max-video-preview:-1"},"canonical":"https:\/\/elcotarro.com\/?p=3868","og_locale":"es_ES","og_type":"article","og_title":"NO CUAJAMOS ASOCIACI\u00d3N REGIONAL - El Cotarro","og_description":"La nueva ACYRE Gran Canaria, constituida el pasado 25 de febrero en el hotel Santa Catalina tiene ya unos 230 miembros y, asimismo, es ya miembro de pleno derecho de la Federaci\u00f3n de Asociaciones de Cocineros y Reposteros de Espa\u00f1a (FACYRE), que preside el chef Mario Sandoval, y tiene representaci\u00f3n y voz propia como miembro ... Read more","og_url":"https:\/\/elcotarro.com\/?p=3868","og_site_name":"El Cotarro","article_publisher":"https:\/\/www.facebook.com\/ElCotarro.Tenerife","article_published_time":"2017-03-12T11:00:20+00:00","og_image":[{"url":"https:\/\/elcotarro.com\/wp-content\/uploads\/2017\/03\/FOTO-6.-MARIO-SANDOVAL.jpg","type":"","width":"","height":""}],"author":"Jos\u00e9 Carlos Marrero Gonz\u00e1lez","twitter_misc":{"Escrito por":"Jos\u00e9 Carlos Marrero Gonz\u00e1lez","Tiempo de lectura":"1 minuto"},"schema":{"@context":"https:\/\/schema.org","@graph":[{"@type":"Article","@id":"https:\/\/elcotarro.com\/?p=3868#article","isPartOf":{"@id":"https:\/\/elcotarro.com\/?p=3868"},"author":{"name":"Jos\u00e9 Carlos Marrero Gonz\u00e1lez","@id":"https:\/\/elcotarro.com\/#\/schema\/person\/af537ee7d60d15984c7e0affcd8a918b"},"headline":"NO CUAJAMOS ASOCIACI\u00d3N REGIONAL","datePublished":"2017-03-12T11:00:20+00:00","mainEntityOfPage":{"@id":"https:\/\/elcotarro.com\/?p=3868"},"wordCount":138,"commentCount":0,"publisher":{"@id":"https:\/\/elcotarro.com\/#organization"},"image":{"@id":"https:\/\/elcotarro.com\/?p=3868#primaryimage"},"thumbnailUrl":"https:\/\/elcotarro.com\/wp-content\/uploads\/2017\/03\/FOTO-6.-MARIO-SANDOVAL.jpg","inLanguage":"es","potentialAction":[{"@type":"CommentAction","name":"Comment","target":["https:\/\/elcotarro.com\/?p=3868#respond"]}]},{"@type":"WebPage","@id":"https:\/\/elcotarro.com\/?p=3868","url":"https:\/\/elcotarro.com\/?p=3868","name":"NO CUAJAMOS ASOCIACI\u00d3N REGIONAL - El Cotarro","isPartOf":{"@id":"https:\/\/elcotarro.com\/#website"},"primaryImageOfPage":{"@id":"https:\/\/elcotarro.com\/?p=3868#primaryimage"},"image":{"@id":"https:\/\/elcotarro.com\/?p=3868#primaryimage"},"thumbnailUrl":"https:\/\/elcotarro.com\/wp-content\/uploads\/2017\/03\/FOTO-6.-MARIO-SANDOVAL.jpg","datePublished":"2017-03-12T11:00:20+00:00","breadcrumb":{"@id":"https:\/\/elcotarro.com\/?p=3868#breadcrumb"},"inLanguage":"es","potentialAction":[{"@type":"ReadAction","target":["https:\/\/elcotarro.com\/?p=3868"]}]},{"@type":"ImageObject","inLanguage":"es","@id":"https:\/\/elcotarro.com\/?p=3868#primaryimage","url":"https:\/\/elcotarro.com\/wp-content\/uploads\/2017\/03\/FOTO-6.-MARIO-SANDOVAL.jpg","contentUrl":"https:\/\/elcotarro.com\/wp-content\/uploads\/2017\/03\/FOTO-6.-MARIO-SANDOVAL.jpg","width":312,"height":216},{"@type":"BreadcrumbList","@id":"https:\/\/elcotarro.com\/?p=3868#breadcrumb","itemListElement":[{"@type":"ListItem","position":1,"name":"Portada","item":"https:\/\/elcotarro.com\/"},{"@type":"ListItem","position":2,"name":"NO CUAJAMOS ASOCIACI\u00d3N REGIONAL"}]},{"@type":"WebSite","@id":"https:\/\/elcotarro.com\/#website","url":"https:\/\/elcotarro.com\/","name":"El Cotarro","description":"Peri\u00f3dico Digital Independiente dirigido por Jos\u00e9 Carlos Marrero","publisher":{"@id":"https:\/\/elcotarro.com\/#organization"},"potentialAction":[{"@type":"SearchAction","target":{"@type":"EntryPoint","urlTemplate":"https:\/\/elcotarro.com\/?s={search_term_string}"},"query-input":{"@type":"PropertyValueSpecification","valueRequired":true,"valueName":"search_term_string"}}],"inLanguage":"es"},{"@type":"Organization","@id":"https:\/\/elcotarro.com\/#organization","name":"El Cotarro","url":"https:\/\/elcotarro.com\/","logo":{"@type":"ImageObject","inLanguage":"es","@id":"https:\/\/elcotarro.com\/#\/schema\/logo\/image\/","url":"https:\/\/elcotarro.com\/wp-content\/uploads\/2014\/09\/Cabecera_El_Cotarro_v2.jpg","contentUrl":"https:\/\/elcotarro.com\/wp-content\/uploads\/2014\/09\/Cabecera_El_Cotarro_v2.jpg","width":3540,"height":441,"caption":"El Cotarro"},"image":{"@id":"https:\/\/elcotarro.com\/#\/schema\/logo\/image\/"},"sameAs":["https:\/\/www.facebook.com\/ElCotarro.Tenerife"]},{"@type":"Person","@id":"https:\/\/elcotarro.com\/#\/schema\/person\/af537ee7d60d15984c7e0affcd8a918b","name":"Jos\u00e9 Carlos Marrero Gonz\u00e1lez","image":{"@type":"ImageObject","inLanguage":"es","@id":"https:\/\/elcotarro.com\/#\/schema\/person\/image\/","url":"https:\/\/secure.gravatar.com\/avatar\/def4da036efb5d32c74d49c351f6dccc064dd69ad9f3aadc295c5a9a5391ca01?s=96&d=mm&r=g","contentUrl":"https:\/\/secure.gravatar.com\/avatar\/def4da036efb5d32c74d49c351f6dccc064dd69ad9f3aadc295c5a9a5391ca01?s=96&d=mm&r=g","caption":"Jos\u00e9 Carlos Marrero Gonz\u00e1lez"},"sameAs":["https:\/\/elcotarro.com"],"url":"https:\/\/elcotarro.com\/?author=2"}]}},"jetpack_featured_media_url":"","jetpack_sharing_enabled":true,"_links":{"self":[{"href":"https:\/\/elcotarro.com\/index.php?rest_route=\/wp\/v2\/posts\/3868","targetHints":{"allow":["GET"]}}],"collection":[{"href":"https:\/\/elcotarro.com\/index.php?rest_route=\/wp\/v2\/posts"}],"about":[{"href":"https:\/\/elcotarro.com\/index.php?rest_route=\/wp\/v2\/types\/post"}],"author":[{"embeddable":true,"href":"https:\/\/elcotarro.com\/index.php?rest_route=\/wp\/v2\/users\/2"}],"replies":[{"embeddable":true,"href":"https:\/\/elcotarro.com\/index.php?rest_route=%2Fwp%2Fv2%2Fcomments&post=3868"}],"version-history":[{"count":1,"href":"https:\/\/elcotarro.com\/index.php?rest_route=\/wp\/v2\/posts\/3868\/revisions"}],"predecessor-version":[{"id":3870,"href":"https:\/\/elcotarro.com\/index.php?rest_route=\/wp\/v2\/posts\/3868\/revisions\/3870"}],"wp:attachment":[{"href":"https:\/\/elcotarro.com\/index.php?rest_route=%2Fwp%2Fv2%2Fmedia&parent=3868"}],"wp:term":[{"taxonomy":"category","embeddable":true,"href":"https:\/\/elcotarro.com\/index.php?rest_route=%2Fwp%2Fv2%2Fcategories&post=3868"},{"taxonomy":"post_tag","embeddable":true,"href":"https:\/\/elcotarro.com\/index.php?rest_route=%2Fwp%2Fv2%2Ftags&post=3868"}],"curies":[{"name":"wp","href":"https:\/\/api.w.org\/{rel}","templated":true}]}}