{"id":3880,"date":"2017-03-19T11:05:40","date_gmt":"2017-03-19T11:05:40","guid":{"rendered":"https:\/\/elcotarro.com\/?p=3880"},"modified":"2017-03-18T13:06:16","modified_gmt":"2017-03-18T13:06:16","slug":"nuevo-reto-para-victor-pablo-perez","status":"publish","type":"post","link":"https:\/\/elcotarro.com\/?p=3880","title":{"rendered":"NUEVO RETO PARA V\u00cdCTOR PABLO P\u00c9REZ"},"content":{"rendered":"<p>Nos encanta abrir <strong><em>El Cotarro<\/em><\/strong> en positivo y m\u00e1s si el protagonista es \u201cuno de los nuestros\u201d como el maestro <strong>V\u00edctor Pablo P\u00e9rez<\/strong> que precisamente, el pasado mi\u00e9rcoles, celebr\u00f3 sus primeros 63 a\u00f1os de intensa, exitosa y musical vida\u2026 La prestigiosa revista <em>Scherzo<\/em>, especializada en m\u00fasica cl\u00e1sica y reconocida internacionalmente, as\u00ed como los grandes peri\u00f3dicos nacionales en sus p\u00e1ginas culturales, han destacado que nuestro ya famoso director de orquesta, <strong>V\u00edctor Pablo P\u00e9rez<\/strong>, burgal\u00e9s de nacimiento y tinerfe\u00f1o de adopci\u00f3n, asumir\u00e1 el gran reto de dirigir \u00a1nueve novenas sinfon\u00edas de nueve directores en un solo d\u00eda y con cinco orquestas distintas! Ser\u00e1 el pr\u00f3ximo 21 de junio en el Auditorio Nacional, dentro del ciclo \u201c\u00a1Solo m\u00fasica IV! \u2013 Nueve novenas\u201d evento que, de forma bienal organiza el Centro Nacional de Difusi\u00f3n Musical (CNDM) que dirige Antonio Moral.<\/p>\n<p style=\"text-align: center\"><a href=\"https:\/\/elcotarro.com\/wp-content\/uploads\/2017\/03\/FOTO-1.-V\u00cdCTOR-PABLO-P\u00c9REZ.jpg\"><img loading=\"lazy\" decoding=\"async\" class=\"alignnone size-full wp-image-3881\" src=\"https:\/\/elcotarro.com\/wp-content\/uploads\/2017\/03\/FOTO-1.-V\u00cdCTOR-PABLO-P\u00c9REZ.jpg\" alt=\"FOTO 1.- V\u00cdCTOR PABLO P\u00c9REZ\" width=\"470\" height=\"307\" srcset=\"https:\/\/elcotarro.com\/wp-content\/uploads\/2017\/03\/FOTO-1.-V\u00cdCTOR-PABLO-P\u00c9REZ.jpg 470w, https:\/\/elcotarro.com\/wp-content\/uploads\/2017\/03\/FOTO-1.-V\u00cdCTOR-PABLO-P\u00c9REZ-300x196.jpg 300w\" sizes=\"auto, (max-width: 470px) 100vw, 470px\" \/><\/a><\/p>\n<p style=\"text-align: center\"><em>El director V\u00edctor Pablo P\u00e9rez. \u00a1Todos tendremos que animarle el 24 de junio!<\/em><\/p>\n","protected":false},"excerpt":{"rendered":"<p>Nos encanta abrir El Cotarro en positivo y m\u00e1s si el protagonista es \u201cuno de los nuestros\u201d como el maestro V\u00edctor Pablo P\u00e9rez que precisamente, el pasado mi\u00e9rcoles, celebr\u00f3 sus primeros 63 a\u00f1os de intensa, exitosa y musical vida\u2026 La prestigiosa revista Scherzo, especializada en m\u00fasica cl\u00e1sica y reconocida internacionalmente, as\u00ed como los grandes peri\u00f3dicos &#8230; <a class=\"read-more\" href=\"https:\/\/elcotarro.com\/?p=3880\">Read more<\/a><\/p>\n","protected":false},"author":2,"featured_media":0,"comment_status":"open","ping_status":"open","sticky":false,"template":"","format":"standard","meta":{"_jetpack_memberships_contains_paid_content":false,"footnotes":""},"categories":[1],"tags":[],"class_list":["post-3880","post","type-post","status-publish","format-standard","hentry","category-sin-categoria"],"yoast_head":"<!-- This site is optimized with the Yoast SEO plugin v27.0 - https:\/\/yoast.com\/product\/yoast-seo-wordpress\/ -->\n<title>NUEVO RETO PARA V\u00cdCTOR PABLO P\u00c9REZ - El Cotarro<\/title>\n<meta name=\"robots\" content=\"index, follow, max-snippet:-1, max-image-preview:large, max-video-preview:-1\" \/>\n<link rel=\"canonical\" href=\"https:\/\/elcotarro.com\/?p=3880\" \/>\n<meta property=\"og:locale\" content=\"es_ES\" \/>\n<meta property=\"og:type\" content=\"article\" \/>\n<meta property=\"og:title\" content=\"NUEVO RETO PARA V\u00cdCTOR PABLO P\u00c9REZ - El Cotarro\" \/>\n<meta property=\"og:description\" content=\"Nos encanta abrir El Cotarro en positivo y m\u00e1s si el protagonista es \u201cuno de los nuestros\u201d como el maestro V\u00edctor Pablo P\u00e9rez que precisamente, el pasado mi\u00e9rcoles, celebr\u00f3 sus primeros 63 a\u00f1os de intensa, exitosa y musical vida\u2026 La prestigiosa revista Scherzo, especializada en m\u00fasica cl\u00e1sica y reconocida internacionalmente, as\u00ed como los grandes peri\u00f3dicos ... Read more\" \/>\n<meta property=\"og:url\" content=\"https:\/\/elcotarro.com\/?p=3880\" \/>\n<meta property=\"og:site_name\" content=\"El Cotarro\" \/>\n<meta property=\"article:publisher\" content=\"https:\/\/www.facebook.com\/ElCotarro.Tenerife\" \/>\n<meta property=\"article:published_time\" content=\"2017-03-19T11:05:40+00:00\" \/>\n<meta name=\"author\" content=\"Jos\u00e9 Carlos Marrero Gonz\u00e1lez\" \/>\n<meta name=\"twitter:label1\" content=\"Escrito por\" \/>\n\t<meta name=\"twitter:data1\" content=\"Jos\u00e9 Carlos Marrero Gonz\u00e1lez\" \/>\n\t<meta name=\"twitter:label2\" content=\"Tiempo de lectura\" \/>\n\t<meta name=\"twitter:data2\" content=\"1 minuto\" \/>\n<script type=\"application\/ld+json\" class=\"yoast-schema-graph\">{\"@context\":\"https:\/\/schema.org\",\"@graph\":[{\"@type\":\"Article\",\"@id\":\"https:\/\/elcotarro.com\/?p=3880#article\",\"isPartOf\":{\"@id\":\"https:\/\/elcotarro.com\/?p=3880\"},\"author\":{\"name\":\"Jos\u00e9 Carlos Marrero Gonz\u00e1lez\",\"@id\":\"https:\/\/elcotarro.com\/#\/schema\/person\/af537ee7d60d15984c7e0affcd8a918b\"},\"headline\":\"NUEVO RETO PARA V\u00cdCTOR PABLO P\u00c9REZ\",\"datePublished\":\"2017-03-19T11:05:40+00:00\",\"mainEntityOfPage\":{\"@id\":\"https:\/\/elcotarro.com\/?p=3880\"},\"wordCount\":174,\"commentCount\":0,\"publisher\":{\"@id\":\"https:\/\/elcotarro.com\/#organization\"},\"inLanguage\":\"es\",\"potentialAction\":[{\"@type\":\"CommentAction\",\"name\":\"Comment\",\"target\":[\"https:\/\/elcotarro.com\/?p=3880#respond\"]}]},{\"@type\":\"WebPage\",\"@id\":\"https:\/\/elcotarro.com\/?p=3880\",\"url\":\"https:\/\/elcotarro.com\/?p=3880\",\"name\":\"NUEVO RETO PARA V\u00cdCTOR PABLO P\u00c9REZ - El Cotarro\",\"isPartOf\":{\"@id\":\"https:\/\/elcotarro.com\/#website\"},\"datePublished\":\"2017-03-19T11:05:40+00:00\",\"breadcrumb\":{\"@id\":\"https:\/\/elcotarro.com\/?p=3880#breadcrumb\"},\"inLanguage\":\"es\",\"potentialAction\":[{\"@type\":\"ReadAction\",\"target\":[\"https:\/\/elcotarro.com\/?p=3880\"]}]},{\"@type\":\"BreadcrumbList\",\"@id\":\"https:\/\/elcotarro.com\/?p=3880#breadcrumb\",\"itemListElement\":[{\"@type\":\"ListItem\",\"position\":1,\"name\":\"Portada\",\"item\":\"https:\/\/elcotarro.com\/\"},{\"@type\":\"ListItem\",\"position\":2,\"name\":\"NUEVO RETO PARA V\u00cdCTOR PABLO P\u00c9REZ\"}]},{\"@type\":\"WebSite\",\"@id\":\"https:\/\/elcotarro.com\/#website\",\"url\":\"https:\/\/elcotarro.com\/\",\"name\":\"El Cotarro\",\"description\":\"Peri\u00f3dico Digital Independiente dirigido por Jos\u00e9 Carlos Marrero\",\"publisher\":{\"@id\":\"https:\/\/elcotarro.com\/#organization\"},\"potentialAction\":[{\"@type\":\"SearchAction\",\"target\":{\"@type\":\"EntryPoint\",\"urlTemplate\":\"https:\/\/elcotarro.com\/?s={search_term_string}\"},\"query-input\":{\"@type\":\"PropertyValueSpecification\",\"valueRequired\":true,\"valueName\":\"search_term_string\"}}],\"inLanguage\":\"es\"},{\"@type\":\"Organization\",\"@id\":\"https:\/\/elcotarro.com\/#organization\",\"name\":\"El Cotarro\",\"url\":\"https:\/\/elcotarro.com\/\",\"logo\":{\"@type\":\"ImageObject\",\"inLanguage\":\"es\",\"@id\":\"https:\/\/elcotarro.com\/#\/schema\/logo\/image\/\",\"url\":\"https:\/\/elcotarro.com\/wp-content\/uploads\/2014\/09\/Cabecera_El_Cotarro_v2.jpg\",\"contentUrl\":\"https:\/\/elcotarro.com\/wp-content\/uploads\/2014\/09\/Cabecera_El_Cotarro_v2.jpg\",\"width\":3540,\"height\":441,\"caption\":\"El Cotarro\"},\"image\":{\"@id\":\"https:\/\/elcotarro.com\/#\/schema\/logo\/image\/\"},\"sameAs\":[\"https:\/\/www.facebook.com\/ElCotarro.Tenerife\"]},{\"@type\":\"Person\",\"@id\":\"https:\/\/elcotarro.com\/#\/schema\/person\/af537ee7d60d15984c7e0affcd8a918b\",\"name\":\"Jos\u00e9 Carlos Marrero Gonz\u00e1lez\",\"image\":{\"@type\":\"ImageObject\",\"inLanguage\":\"es\",\"@id\":\"https:\/\/elcotarro.com\/#\/schema\/person\/image\/\",\"url\":\"https:\/\/secure.gravatar.com\/avatar\/def4da036efb5d32c74d49c351f6dccc064dd69ad9f3aadc295c5a9a5391ca01?s=96&d=mm&r=g\",\"contentUrl\":\"https:\/\/secure.gravatar.com\/avatar\/def4da036efb5d32c74d49c351f6dccc064dd69ad9f3aadc295c5a9a5391ca01?s=96&d=mm&r=g\",\"caption\":\"Jos\u00e9 Carlos Marrero Gonz\u00e1lez\"},\"sameAs\":[\"https:\/\/elcotarro.com\"],\"url\":\"https:\/\/elcotarro.com\/?author=2\"}]}<\/script>\n<!-- \/ Yoast SEO plugin. -->","yoast_head_json":{"title":"NUEVO RETO PARA V\u00cdCTOR PABLO P\u00c9REZ - El Cotarro","robots":{"index":"index","follow":"follow","max-snippet":"max-snippet:-1","max-image-preview":"max-image-preview:large","max-video-preview":"max-video-preview:-1"},"canonical":"https:\/\/elcotarro.com\/?p=3880","og_locale":"es_ES","og_type":"article","og_title":"NUEVO RETO PARA V\u00cdCTOR PABLO P\u00c9REZ - El Cotarro","og_description":"Nos encanta abrir El Cotarro en positivo y m\u00e1s si el protagonista es \u201cuno de los nuestros\u201d como el maestro V\u00edctor Pablo P\u00e9rez que precisamente, el pasado mi\u00e9rcoles, celebr\u00f3 sus primeros 63 a\u00f1os de intensa, exitosa y musical vida\u2026 La prestigiosa revista Scherzo, especializada en m\u00fasica cl\u00e1sica y reconocida internacionalmente, as\u00ed como los grandes peri\u00f3dicos ... Read more","og_url":"https:\/\/elcotarro.com\/?p=3880","og_site_name":"El Cotarro","article_publisher":"https:\/\/www.facebook.com\/ElCotarro.Tenerife","article_published_time":"2017-03-19T11:05:40+00:00","author":"Jos\u00e9 Carlos Marrero Gonz\u00e1lez","twitter_misc":{"Escrito por":"Jos\u00e9 Carlos Marrero Gonz\u00e1lez","Tiempo de lectura":"1 minuto"},"schema":{"@context":"https:\/\/schema.org","@graph":[{"@type":"Article","@id":"https:\/\/elcotarro.com\/?p=3880#article","isPartOf":{"@id":"https:\/\/elcotarro.com\/?p=3880"},"author":{"name":"Jos\u00e9 Carlos Marrero Gonz\u00e1lez","@id":"https:\/\/elcotarro.com\/#\/schema\/person\/af537ee7d60d15984c7e0affcd8a918b"},"headline":"NUEVO RETO PARA V\u00cdCTOR PABLO P\u00c9REZ","datePublished":"2017-03-19T11:05:40+00:00","mainEntityOfPage":{"@id":"https:\/\/elcotarro.com\/?p=3880"},"wordCount":174,"commentCount":0,"publisher":{"@id":"https:\/\/elcotarro.com\/#organization"},"inLanguage":"es","potentialAction":[{"@type":"CommentAction","name":"Comment","target":["https:\/\/elcotarro.com\/?p=3880#respond"]}]},{"@type":"WebPage","@id":"https:\/\/elcotarro.com\/?p=3880","url":"https:\/\/elcotarro.com\/?p=3880","name":"NUEVO RETO PARA V\u00cdCTOR PABLO P\u00c9REZ - El Cotarro","isPartOf":{"@id":"https:\/\/elcotarro.com\/#website"},"datePublished":"2017-03-19T11:05:40+00:00","breadcrumb":{"@id":"https:\/\/elcotarro.com\/?p=3880#breadcrumb"},"inLanguage":"es","potentialAction":[{"@type":"ReadAction","target":["https:\/\/elcotarro.com\/?p=3880"]}]},{"@type":"BreadcrumbList","@id":"https:\/\/elcotarro.com\/?p=3880#breadcrumb","itemListElement":[{"@type":"ListItem","position":1,"name":"Portada","item":"https:\/\/elcotarro.com\/"},{"@type":"ListItem","position":2,"name":"NUEVO RETO PARA V\u00cdCTOR PABLO P\u00c9REZ"}]},{"@type":"WebSite","@id":"https:\/\/elcotarro.com\/#website","url":"https:\/\/elcotarro.com\/","name":"El Cotarro","description":"Peri\u00f3dico Digital Independiente dirigido por Jos\u00e9 Carlos Marrero","publisher":{"@id":"https:\/\/elcotarro.com\/#organization"},"potentialAction":[{"@type":"SearchAction","target":{"@type":"EntryPoint","urlTemplate":"https:\/\/elcotarro.com\/?s={search_term_string}"},"query-input":{"@type":"PropertyValueSpecification","valueRequired":true,"valueName":"search_term_string"}}],"inLanguage":"es"},{"@type":"Organization","@id":"https:\/\/elcotarro.com\/#organization","name":"El Cotarro","url":"https:\/\/elcotarro.com\/","logo":{"@type":"ImageObject","inLanguage":"es","@id":"https:\/\/elcotarro.com\/#\/schema\/logo\/image\/","url":"https:\/\/elcotarro.com\/wp-content\/uploads\/2014\/09\/Cabecera_El_Cotarro_v2.jpg","contentUrl":"https:\/\/elcotarro.com\/wp-content\/uploads\/2014\/09\/Cabecera_El_Cotarro_v2.jpg","width":3540,"height":441,"caption":"El Cotarro"},"image":{"@id":"https:\/\/elcotarro.com\/#\/schema\/logo\/image\/"},"sameAs":["https:\/\/www.facebook.com\/ElCotarro.Tenerife"]},{"@type":"Person","@id":"https:\/\/elcotarro.com\/#\/schema\/person\/af537ee7d60d15984c7e0affcd8a918b","name":"Jos\u00e9 Carlos Marrero Gonz\u00e1lez","image":{"@type":"ImageObject","inLanguage":"es","@id":"https:\/\/elcotarro.com\/#\/schema\/person\/image\/","url":"https:\/\/secure.gravatar.com\/avatar\/def4da036efb5d32c74d49c351f6dccc064dd69ad9f3aadc295c5a9a5391ca01?s=96&d=mm&r=g","contentUrl":"https:\/\/secure.gravatar.com\/avatar\/def4da036efb5d32c74d49c351f6dccc064dd69ad9f3aadc295c5a9a5391ca01?s=96&d=mm&r=g","caption":"Jos\u00e9 Carlos Marrero Gonz\u00e1lez"},"sameAs":["https:\/\/elcotarro.com"],"url":"https:\/\/elcotarro.com\/?author=2"}]}},"jetpack_featured_media_url":"","jetpack_sharing_enabled":true,"_links":{"self":[{"href":"https:\/\/elcotarro.com\/index.php?rest_route=\/wp\/v2\/posts\/3880","targetHints":{"allow":["GET"]}}],"collection":[{"href":"https:\/\/elcotarro.com\/index.php?rest_route=\/wp\/v2\/posts"}],"about":[{"href":"https:\/\/elcotarro.com\/index.php?rest_route=\/wp\/v2\/types\/post"}],"author":[{"embeddable":true,"href":"https:\/\/elcotarro.com\/index.php?rest_route=\/wp\/v2\/users\/2"}],"replies":[{"embeddable":true,"href":"https:\/\/elcotarro.com\/index.php?rest_route=%2Fwp%2Fv2%2Fcomments&post=3880"}],"version-history":[{"count":1,"href":"https:\/\/elcotarro.com\/index.php?rest_route=\/wp\/v2\/posts\/3880\/revisions"}],"predecessor-version":[{"id":3882,"href":"https:\/\/elcotarro.com\/index.php?rest_route=\/wp\/v2\/posts\/3880\/revisions\/3882"}],"wp:attachment":[{"href":"https:\/\/elcotarro.com\/index.php?rest_route=%2Fwp%2Fv2%2Fmedia&parent=3880"}],"wp:term":[{"taxonomy":"category","embeddable":true,"href":"https:\/\/elcotarro.com\/index.php?rest_route=%2Fwp%2Fv2%2Fcategories&post=3880"},{"taxonomy":"post_tag","embeddable":true,"href":"https:\/\/elcotarro.com\/index.php?rest_route=%2Fwp%2Fv2%2Ftags&post=3880"}],"curies":[{"name":"wp","href":"https:\/\/api.w.org\/{rel}","templated":true}]}}