{"id":3917,"date":"2017-03-26T11:02:20","date_gmt":"2017-03-26T10:02:20","guid":{"rendered":"https:\/\/elcotarro.com\/?p=3917"},"modified":"2017-03-26T10:28:34","modified_gmt":"2017-03-26T09:28:34","slug":"nuestras-madres-y-abuelas","status":"publish","type":"post","link":"https:\/\/elcotarro.com\/?p=3917","title":{"rendered":"NUESTRAS MADRES Y ABUELAS"},"content":{"rendered":"<p>Nadie duda de que esta sabrosa realidad la comenzaron nuestras madres y abuelas en sus cocinas canarias. Entre ellas la madre de <strong>Carlos Gamonal Jim\u00e9nez<\/strong> (chef que consigui\u00f3 primera estrella Michelin de Canarias). Nadie discute que <strong>Carlos Gamonal<\/strong> (que fund\u00f3 Eurotoques en Canarias) desde las cocinas y <strong>Manuel Iglesias<\/strong> o <strong>Jos\u00e9 H. Chela<\/strong>, desde el periodismo gastron\u00f3mico, sembraron los \u00e9xitos que hoy todos cosechamos. Gente como <strong>Roberto Ucelay<\/strong> (primer presidente dela Academia de Gastronom\u00eda de Tenerife) o el chef <strong>Pablo Pastor<\/strong> (como primer presidente de ACYRE\u2008Canarias) han aportado mucho al momento que hoy saboreamos. Que nadie se alarme. El buen sabor contin\u00faa. Aqu\u00ed no hay monumento al soldado desconocido.<\/p>\n<p style=\"text-align: center\"><a href=\"https:\/\/elcotarro.com\/wp-content\/uploads\/2017\/03\/FOTO-4.-GAMONAL-PADRE-E-HIJO.jpg\"><img loading=\"lazy\" decoding=\"async\" class=\"alignnone size-full wp-image-3918\" src=\"https:\/\/elcotarro.com\/wp-content\/uploads\/2017\/03\/FOTO-4.-GAMONAL-PADRE-E-HIJO.jpg\" alt=\"FOTO 4.- GAMONAL PADRE E HIJO\" width=\"240\" height=\"264\" \/><\/a><\/p>\n<p style=\"text-align: center\"><em>Los chefs Carlos Gamonal Jim\u00e9nez (padre) junto a su hijo, Carlos Gamonal D\u00edaz<\/em><\/p>\n","protected":false},"excerpt":{"rendered":"<p>Nadie duda de que esta sabrosa realidad la comenzaron nuestras madres y abuelas en sus cocinas canarias. Entre ellas la madre de Carlos Gamonal Jim\u00e9nez (chef que consigui\u00f3 primera estrella Michelin de Canarias). Nadie discute que Carlos Gamonal (que fund\u00f3 Eurotoques en Canarias) desde las cocinas y Manuel Iglesias o Jos\u00e9 H. Chela, desde el &#8230; <a class=\"read-more\" href=\"https:\/\/elcotarro.com\/?p=3917\">Read more<\/a><\/p>\n","protected":false},"author":2,"featured_media":0,"comment_status":"open","ping_status":"open","sticky":false,"template":"","format":"standard","meta":{"_jetpack_memberships_contains_paid_content":false,"footnotes":""},"categories":[1],"tags":[],"class_list":["post-3917","post","type-post","status-publish","format-standard","hentry","category-sin-categoria"],"yoast_head":"<!-- This site is optimized with the Yoast SEO plugin v27.0 - https:\/\/yoast.com\/product\/yoast-seo-wordpress\/ -->\n<title>NUESTRAS MADRES Y ABUELAS - El Cotarro<\/title>\n<meta name=\"robots\" content=\"index, follow, max-snippet:-1, max-image-preview:large, max-video-preview:-1\" \/>\n<link rel=\"canonical\" href=\"https:\/\/elcotarro.com\/?p=3917\" \/>\n<meta property=\"og:locale\" content=\"es_ES\" \/>\n<meta property=\"og:type\" content=\"article\" \/>\n<meta property=\"og:title\" content=\"NUESTRAS MADRES Y ABUELAS - El Cotarro\" \/>\n<meta property=\"og:description\" content=\"Nadie duda de que esta sabrosa realidad la comenzaron nuestras madres y abuelas en sus cocinas canarias. Entre ellas la madre de Carlos Gamonal Jim\u00e9nez (chef que consigui\u00f3 primera estrella Michelin de Canarias). Nadie discute que Carlos Gamonal (que fund\u00f3 Eurotoques en Canarias) desde las cocinas y Manuel Iglesias o Jos\u00e9 H. Chela, desde el ... Read more\" \/>\n<meta property=\"og:url\" content=\"https:\/\/elcotarro.com\/?p=3917\" \/>\n<meta property=\"og:site_name\" content=\"El Cotarro\" \/>\n<meta property=\"article:publisher\" content=\"https:\/\/www.facebook.com\/ElCotarro.Tenerife\" \/>\n<meta property=\"article:published_time\" content=\"2017-03-26T10:02:20+00:00\" \/>\n<meta property=\"og:image\" content=\"https:\/\/elcotarro.com\/wp-content\/uploads\/2017\/03\/FOTO-4.-GAMONAL-PADRE-E-HIJO.jpg\" \/>\n<meta name=\"author\" content=\"Jos\u00e9 Carlos Marrero Gonz\u00e1lez\" \/>\n<meta name=\"twitter:label1\" content=\"Escrito por\" \/>\n\t<meta name=\"twitter:data1\" content=\"Jos\u00e9 Carlos Marrero Gonz\u00e1lez\" \/>\n\t<meta name=\"twitter:label2\" content=\"Tiempo de lectura\" \/>\n\t<meta name=\"twitter:data2\" content=\"1 minuto\" \/>\n<script type=\"application\/ld+json\" class=\"yoast-schema-graph\">{\"@context\":\"https:\/\/schema.org\",\"@graph\":[{\"@type\":\"Article\",\"@id\":\"https:\/\/elcotarro.com\/?p=3917#article\",\"isPartOf\":{\"@id\":\"https:\/\/elcotarro.com\/?p=3917\"},\"author\":{\"name\":\"Jos\u00e9 Carlos Marrero Gonz\u00e1lez\",\"@id\":\"https:\/\/elcotarro.com\/#\/schema\/person\/af537ee7d60d15984c7e0affcd8a918b\"},\"headline\":\"NUESTRAS MADRES Y ABUELAS\",\"datePublished\":\"2017-03-26T10:02:20+00:00\",\"mainEntityOfPage\":{\"@id\":\"https:\/\/elcotarro.com\/?p=3917\"},\"wordCount\":133,\"commentCount\":0,\"publisher\":{\"@id\":\"https:\/\/elcotarro.com\/#organization\"},\"image\":{\"@id\":\"https:\/\/elcotarro.com\/?p=3917#primaryimage\"},\"thumbnailUrl\":\"https:\/\/elcotarro.com\/wp-content\/uploads\/2017\/03\/FOTO-4.-GAMONAL-PADRE-E-HIJO.jpg\",\"inLanguage\":\"es\",\"potentialAction\":[{\"@type\":\"CommentAction\",\"name\":\"Comment\",\"target\":[\"https:\/\/elcotarro.com\/?p=3917#respond\"]}]},{\"@type\":\"WebPage\",\"@id\":\"https:\/\/elcotarro.com\/?p=3917\",\"url\":\"https:\/\/elcotarro.com\/?p=3917\",\"name\":\"NUESTRAS MADRES Y ABUELAS - El Cotarro\",\"isPartOf\":{\"@id\":\"https:\/\/elcotarro.com\/#website\"},\"primaryImageOfPage\":{\"@id\":\"https:\/\/elcotarro.com\/?p=3917#primaryimage\"},\"image\":{\"@id\":\"https:\/\/elcotarro.com\/?p=3917#primaryimage\"},\"thumbnailUrl\":\"https:\/\/elcotarro.com\/wp-content\/uploads\/2017\/03\/FOTO-4.-GAMONAL-PADRE-E-HIJO.jpg\",\"datePublished\":\"2017-03-26T10:02:20+00:00\",\"breadcrumb\":{\"@id\":\"https:\/\/elcotarro.com\/?p=3917#breadcrumb\"},\"inLanguage\":\"es\",\"potentialAction\":[{\"@type\":\"ReadAction\",\"target\":[\"https:\/\/elcotarro.com\/?p=3917\"]}]},{\"@type\":\"ImageObject\",\"inLanguage\":\"es\",\"@id\":\"https:\/\/elcotarro.com\/?p=3917#primaryimage\",\"url\":\"https:\/\/elcotarro.com\/wp-content\/uploads\/2017\/03\/FOTO-4.-GAMONAL-PADRE-E-HIJO.jpg\",\"contentUrl\":\"https:\/\/elcotarro.com\/wp-content\/uploads\/2017\/03\/FOTO-4.-GAMONAL-PADRE-E-HIJO.jpg\",\"width\":240,\"height\":264},{\"@type\":\"BreadcrumbList\",\"@id\":\"https:\/\/elcotarro.com\/?p=3917#breadcrumb\",\"itemListElement\":[{\"@type\":\"ListItem\",\"position\":1,\"name\":\"Portada\",\"item\":\"https:\/\/elcotarro.com\/\"},{\"@type\":\"ListItem\",\"position\":2,\"name\":\"NUESTRAS MADRES Y ABUELAS\"}]},{\"@type\":\"WebSite\",\"@id\":\"https:\/\/elcotarro.com\/#website\",\"url\":\"https:\/\/elcotarro.com\/\",\"name\":\"El Cotarro\",\"description\":\"Peri\u00f3dico Digital Independiente dirigido por Jos\u00e9 Carlos Marrero\",\"publisher\":{\"@id\":\"https:\/\/elcotarro.com\/#organization\"},\"potentialAction\":[{\"@type\":\"SearchAction\",\"target\":{\"@type\":\"EntryPoint\",\"urlTemplate\":\"https:\/\/elcotarro.com\/?s={search_term_string}\"},\"query-input\":{\"@type\":\"PropertyValueSpecification\",\"valueRequired\":true,\"valueName\":\"search_term_string\"}}],\"inLanguage\":\"es\"},{\"@type\":\"Organization\",\"@id\":\"https:\/\/elcotarro.com\/#organization\",\"name\":\"El Cotarro\",\"url\":\"https:\/\/elcotarro.com\/\",\"logo\":{\"@type\":\"ImageObject\",\"inLanguage\":\"es\",\"@id\":\"https:\/\/elcotarro.com\/#\/schema\/logo\/image\/\",\"url\":\"https:\/\/elcotarro.com\/wp-content\/uploads\/2014\/09\/Cabecera_El_Cotarro_v2.jpg\",\"contentUrl\":\"https:\/\/elcotarro.com\/wp-content\/uploads\/2014\/09\/Cabecera_El_Cotarro_v2.jpg\",\"width\":3540,\"height\":441,\"caption\":\"El Cotarro\"},\"image\":{\"@id\":\"https:\/\/elcotarro.com\/#\/schema\/logo\/image\/\"},\"sameAs\":[\"https:\/\/www.facebook.com\/ElCotarro.Tenerife\"]},{\"@type\":\"Person\",\"@id\":\"https:\/\/elcotarro.com\/#\/schema\/person\/af537ee7d60d15984c7e0affcd8a918b\",\"name\":\"Jos\u00e9 Carlos Marrero Gonz\u00e1lez\",\"image\":{\"@type\":\"ImageObject\",\"inLanguage\":\"es\",\"@id\":\"https:\/\/elcotarro.com\/#\/schema\/person\/image\/\",\"url\":\"https:\/\/secure.gravatar.com\/avatar\/def4da036efb5d32c74d49c351f6dccc064dd69ad9f3aadc295c5a9a5391ca01?s=96&d=mm&r=g\",\"contentUrl\":\"https:\/\/secure.gravatar.com\/avatar\/def4da036efb5d32c74d49c351f6dccc064dd69ad9f3aadc295c5a9a5391ca01?s=96&d=mm&r=g\",\"caption\":\"Jos\u00e9 Carlos Marrero Gonz\u00e1lez\"},\"sameAs\":[\"https:\/\/elcotarro.com\"],\"url\":\"https:\/\/elcotarro.com\/?author=2\"}]}<\/script>\n<!-- \/ Yoast SEO plugin. -->","yoast_head_json":{"title":"NUESTRAS MADRES Y ABUELAS - El Cotarro","robots":{"index":"index","follow":"follow","max-snippet":"max-snippet:-1","max-image-preview":"max-image-preview:large","max-video-preview":"max-video-preview:-1"},"canonical":"https:\/\/elcotarro.com\/?p=3917","og_locale":"es_ES","og_type":"article","og_title":"NUESTRAS MADRES Y ABUELAS - El Cotarro","og_description":"Nadie duda de que esta sabrosa realidad la comenzaron nuestras madres y abuelas en sus cocinas canarias. Entre ellas la madre de Carlos Gamonal Jim\u00e9nez (chef que consigui\u00f3 primera estrella Michelin de Canarias). Nadie discute que Carlos Gamonal (que fund\u00f3 Eurotoques en Canarias) desde las cocinas y Manuel Iglesias o Jos\u00e9 H. Chela, desde el ... Read more","og_url":"https:\/\/elcotarro.com\/?p=3917","og_site_name":"El Cotarro","article_publisher":"https:\/\/www.facebook.com\/ElCotarro.Tenerife","article_published_time":"2017-03-26T10:02:20+00:00","og_image":[{"url":"https:\/\/elcotarro.com\/wp-content\/uploads\/2017\/03\/FOTO-4.-GAMONAL-PADRE-E-HIJO.jpg","type":"","width":"","height":""}],"author":"Jos\u00e9 Carlos Marrero Gonz\u00e1lez","twitter_misc":{"Escrito por":"Jos\u00e9 Carlos Marrero Gonz\u00e1lez","Tiempo de lectura":"1 minuto"},"schema":{"@context":"https:\/\/schema.org","@graph":[{"@type":"Article","@id":"https:\/\/elcotarro.com\/?p=3917#article","isPartOf":{"@id":"https:\/\/elcotarro.com\/?p=3917"},"author":{"name":"Jos\u00e9 Carlos Marrero Gonz\u00e1lez","@id":"https:\/\/elcotarro.com\/#\/schema\/person\/af537ee7d60d15984c7e0affcd8a918b"},"headline":"NUESTRAS MADRES Y ABUELAS","datePublished":"2017-03-26T10:02:20+00:00","mainEntityOfPage":{"@id":"https:\/\/elcotarro.com\/?p=3917"},"wordCount":133,"commentCount":0,"publisher":{"@id":"https:\/\/elcotarro.com\/#organization"},"image":{"@id":"https:\/\/elcotarro.com\/?p=3917#primaryimage"},"thumbnailUrl":"https:\/\/elcotarro.com\/wp-content\/uploads\/2017\/03\/FOTO-4.-GAMONAL-PADRE-E-HIJO.jpg","inLanguage":"es","potentialAction":[{"@type":"CommentAction","name":"Comment","target":["https:\/\/elcotarro.com\/?p=3917#respond"]}]},{"@type":"WebPage","@id":"https:\/\/elcotarro.com\/?p=3917","url":"https:\/\/elcotarro.com\/?p=3917","name":"NUESTRAS MADRES Y ABUELAS - El Cotarro","isPartOf":{"@id":"https:\/\/elcotarro.com\/#website"},"primaryImageOfPage":{"@id":"https:\/\/elcotarro.com\/?p=3917#primaryimage"},"image":{"@id":"https:\/\/elcotarro.com\/?p=3917#primaryimage"},"thumbnailUrl":"https:\/\/elcotarro.com\/wp-content\/uploads\/2017\/03\/FOTO-4.-GAMONAL-PADRE-E-HIJO.jpg","datePublished":"2017-03-26T10:02:20+00:00","breadcrumb":{"@id":"https:\/\/elcotarro.com\/?p=3917#breadcrumb"},"inLanguage":"es","potentialAction":[{"@type":"ReadAction","target":["https:\/\/elcotarro.com\/?p=3917"]}]},{"@type":"ImageObject","inLanguage":"es","@id":"https:\/\/elcotarro.com\/?p=3917#primaryimage","url":"https:\/\/elcotarro.com\/wp-content\/uploads\/2017\/03\/FOTO-4.-GAMONAL-PADRE-E-HIJO.jpg","contentUrl":"https:\/\/elcotarro.com\/wp-content\/uploads\/2017\/03\/FOTO-4.-GAMONAL-PADRE-E-HIJO.jpg","width":240,"height":264},{"@type":"BreadcrumbList","@id":"https:\/\/elcotarro.com\/?p=3917#breadcrumb","itemListElement":[{"@type":"ListItem","position":1,"name":"Portada","item":"https:\/\/elcotarro.com\/"},{"@type":"ListItem","position":2,"name":"NUESTRAS MADRES Y ABUELAS"}]},{"@type":"WebSite","@id":"https:\/\/elcotarro.com\/#website","url":"https:\/\/elcotarro.com\/","name":"El Cotarro","description":"Peri\u00f3dico Digital Independiente dirigido por Jos\u00e9 Carlos Marrero","publisher":{"@id":"https:\/\/elcotarro.com\/#organization"},"potentialAction":[{"@type":"SearchAction","target":{"@type":"EntryPoint","urlTemplate":"https:\/\/elcotarro.com\/?s={search_term_string}"},"query-input":{"@type":"PropertyValueSpecification","valueRequired":true,"valueName":"search_term_string"}}],"inLanguage":"es"},{"@type":"Organization","@id":"https:\/\/elcotarro.com\/#organization","name":"El Cotarro","url":"https:\/\/elcotarro.com\/","logo":{"@type":"ImageObject","inLanguage":"es","@id":"https:\/\/elcotarro.com\/#\/schema\/logo\/image\/","url":"https:\/\/elcotarro.com\/wp-content\/uploads\/2014\/09\/Cabecera_El_Cotarro_v2.jpg","contentUrl":"https:\/\/elcotarro.com\/wp-content\/uploads\/2014\/09\/Cabecera_El_Cotarro_v2.jpg","width":3540,"height":441,"caption":"El Cotarro"},"image":{"@id":"https:\/\/elcotarro.com\/#\/schema\/logo\/image\/"},"sameAs":["https:\/\/www.facebook.com\/ElCotarro.Tenerife"]},{"@type":"Person","@id":"https:\/\/elcotarro.com\/#\/schema\/person\/af537ee7d60d15984c7e0affcd8a918b","name":"Jos\u00e9 Carlos Marrero Gonz\u00e1lez","image":{"@type":"ImageObject","inLanguage":"es","@id":"https:\/\/elcotarro.com\/#\/schema\/person\/image\/","url":"https:\/\/secure.gravatar.com\/avatar\/def4da036efb5d32c74d49c351f6dccc064dd69ad9f3aadc295c5a9a5391ca01?s=96&d=mm&r=g","contentUrl":"https:\/\/secure.gravatar.com\/avatar\/def4da036efb5d32c74d49c351f6dccc064dd69ad9f3aadc295c5a9a5391ca01?s=96&d=mm&r=g","caption":"Jos\u00e9 Carlos Marrero Gonz\u00e1lez"},"sameAs":["https:\/\/elcotarro.com"],"url":"https:\/\/elcotarro.com\/?author=2"}]}},"jetpack_featured_media_url":"","jetpack_sharing_enabled":true,"_links":{"self":[{"href":"https:\/\/elcotarro.com\/index.php?rest_route=\/wp\/v2\/posts\/3917","targetHints":{"allow":["GET"]}}],"collection":[{"href":"https:\/\/elcotarro.com\/index.php?rest_route=\/wp\/v2\/posts"}],"about":[{"href":"https:\/\/elcotarro.com\/index.php?rest_route=\/wp\/v2\/types\/post"}],"author":[{"embeddable":true,"href":"https:\/\/elcotarro.com\/index.php?rest_route=\/wp\/v2\/users\/2"}],"replies":[{"embeddable":true,"href":"https:\/\/elcotarro.com\/index.php?rest_route=%2Fwp%2Fv2%2Fcomments&post=3917"}],"version-history":[{"count":1,"href":"https:\/\/elcotarro.com\/index.php?rest_route=\/wp\/v2\/posts\/3917\/revisions"}],"predecessor-version":[{"id":3919,"href":"https:\/\/elcotarro.com\/index.php?rest_route=\/wp\/v2\/posts\/3917\/revisions\/3919"}],"wp:attachment":[{"href":"https:\/\/elcotarro.com\/index.php?rest_route=%2Fwp%2Fv2%2Fmedia&parent=3917"}],"wp:term":[{"taxonomy":"category","embeddable":true,"href":"https:\/\/elcotarro.com\/index.php?rest_route=%2Fwp%2Fv2%2Fcategories&post=3917"},{"taxonomy":"post_tag","embeddable":true,"href":"https:\/\/elcotarro.com\/index.php?rest_route=%2Fwp%2Fv2%2Ftags&post=3917"}],"curies":[{"name":"wp","href":"https:\/\/api.w.org\/{rel}","templated":true}]}}