{"id":3926,"date":"2017-03-26T10:59:36","date_gmt":"2017-03-26T09:59:36","guid":{"rendered":"https:\/\/elcotarro.com\/?p=3926"},"modified":"2017-03-26T10:32:33","modified_gmt":"2017-03-26T09:32:33","slug":"la-campana-del-cura-macario","status":"publish","type":"post","link":"https:\/\/elcotarro.com\/?p=3926","title":{"rendered":"LA CAMPA\u00d1A DEL CURA MACARIO"},"content":{"rendered":"<p>No se extra\u00f1en ustedes si por esos sures de Tenerife se encuentran en alg\u00fan restaurante un artilugio extra\u00f1o con forma de tubo de \u00f3rgano de m\u00fasica, convertido con dos candados en una hucha. Yo me lo encontr\u00e9 hace unos d\u00edas en el magn\u00edfico restaurante El Templete (en El M\u00e9dano) donde sus co-propietarios, <strong>Jos\u00e9 <\/strong>y <strong>Miguel Barrera<\/strong>, junto al chef <strong>Javier D\u00e1rias<\/strong> y el resto del equipo siempre est\u00e1n dispuestos para ayudar. El extra\u00f1o tubo-hucha no es otra cosa que parte de la \u00faltima curiosa (y eficaz) campa\u00f1a promovida por el sacerdote <strong>Macario Manuel L\u00f3pez Garc\u00eda<\/strong>, p\u00e1rroco de El M\u00e9dano y rector del espacio religioso Cueva del Santo Hermano Pedro.<\/p>\n<p style=\"text-align: center\"><a href=\"https:\/\/elcotarro.com\/wp-content\/uploads\/2017\/03\/FOTO-7.-MACARIO-L\u00d3PEZ.jpg\"><img loading=\"lazy\" decoding=\"async\" class=\"alignnone size-full wp-image-3927\" src=\"https:\/\/elcotarro.com\/wp-content\/uploads\/2017\/03\/FOTO-7.-MACARIO-L\u00d3PEZ.jpg\" alt=\"FOTO 7.- MACARIO L\u00d3PEZ\" width=\"492\" height=\"631\" srcset=\"https:\/\/elcotarro.com\/wp-content\/uploads\/2017\/03\/FOTO-7.-MACARIO-L\u00d3PEZ.jpg 492w, https:\/\/elcotarro.com\/wp-content\/uploads\/2017\/03\/FOTO-7.-MACARIO-L\u00d3PEZ-234x300.jpg 234w\" sizes=\"auto, (max-width: 492px) 100vw, 492px\" \/><\/a><\/p>\n<p style=\"text-align: center\"><em>Macario L\u00f3pez Garc\u00eda, cura p\u00e1rroco de parroquia de El M\u00e9dano<\/em><\/p>\n","protected":false},"excerpt":{"rendered":"<p>No se extra\u00f1en ustedes si por esos sures de Tenerife se encuentran en alg\u00fan restaurante un artilugio extra\u00f1o con forma de tubo de \u00f3rgano de m\u00fasica, convertido con dos candados en una hucha. Yo me lo encontr\u00e9 hace unos d\u00edas en el magn\u00edfico restaurante El Templete (en El M\u00e9dano) donde sus co-propietarios, Jos\u00e9 y Miguel &#8230; <a class=\"read-more\" href=\"https:\/\/elcotarro.com\/?p=3926\">Read more<\/a><\/p>\n","protected":false},"author":2,"featured_media":0,"comment_status":"open","ping_status":"open","sticky":false,"template":"","format":"standard","meta":{"_jetpack_memberships_contains_paid_content":false,"footnotes":""},"categories":[1],"tags":[],"class_list":["post-3926","post","type-post","status-publish","format-standard","hentry","category-sin-categoria"],"yoast_head":"<!-- This site is optimized with the Yoast SEO plugin v27.0 - https:\/\/yoast.com\/product\/yoast-seo-wordpress\/ -->\n<title>LA CAMPA\u00d1A DEL CURA MACARIO - El Cotarro<\/title>\n<meta name=\"robots\" content=\"index, follow, max-snippet:-1, max-image-preview:large, max-video-preview:-1\" \/>\n<link rel=\"canonical\" href=\"https:\/\/elcotarro.com\/?p=3926\" \/>\n<meta property=\"og:locale\" content=\"es_ES\" \/>\n<meta property=\"og:type\" content=\"article\" \/>\n<meta property=\"og:title\" content=\"LA CAMPA\u00d1A DEL CURA MACARIO - El Cotarro\" \/>\n<meta property=\"og:description\" content=\"No se extra\u00f1en ustedes si por esos sures de Tenerife se encuentran en alg\u00fan restaurante un artilugio extra\u00f1o con forma de tubo de \u00f3rgano de m\u00fasica, convertido con dos candados en una hucha. Yo me lo encontr\u00e9 hace unos d\u00edas en el magn\u00edfico restaurante El Templete (en El M\u00e9dano) donde sus co-propietarios, Jos\u00e9 y Miguel ... Read more\" \/>\n<meta property=\"og:url\" content=\"https:\/\/elcotarro.com\/?p=3926\" \/>\n<meta property=\"og:site_name\" content=\"El Cotarro\" \/>\n<meta property=\"article:publisher\" content=\"https:\/\/www.facebook.com\/ElCotarro.Tenerife\" \/>\n<meta property=\"article:published_time\" content=\"2017-03-26T09:59:36+00:00\" \/>\n<meta name=\"author\" content=\"Jos\u00e9 Carlos Marrero Gonz\u00e1lez\" \/>\n<meta name=\"twitter:label1\" content=\"Escrito por\" \/>\n\t<meta name=\"twitter:data1\" content=\"Jos\u00e9 Carlos Marrero Gonz\u00e1lez\" \/>\n\t<meta name=\"twitter:label2\" content=\"Tiempo de lectura\" \/>\n\t<meta name=\"twitter:data2\" content=\"1 minuto\" \/>\n<script type=\"application\/ld+json\" class=\"yoast-schema-graph\">{\"@context\":\"https:\/\/schema.org\",\"@graph\":[{\"@type\":\"Article\",\"@id\":\"https:\/\/elcotarro.com\/?p=3926#article\",\"isPartOf\":{\"@id\":\"https:\/\/elcotarro.com\/?p=3926\"},\"author\":{\"name\":\"Jos\u00e9 Carlos Marrero Gonz\u00e1lez\",\"@id\":\"https:\/\/elcotarro.com\/#\/schema\/person\/af537ee7d60d15984c7e0affcd8a918b\"},\"headline\":\"LA CAMPA\u00d1A DEL CURA MACARIO\",\"datePublished\":\"2017-03-26T09:59:36+00:00\",\"mainEntityOfPage\":{\"@id\":\"https:\/\/elcotarro.com\/?p=3926\"},\"wordCount\":144,\"commentCount\":0,\"publisher\":{\"@id\":\"https:\/\/elcotarro.com\/#organization\"},\"inLanguage\":\"es\",\"potentialAction\":[{\"@type\":\"CommentAction\",\"name\":\"Comment\",\"target\":[\"https:\/\/elcotarro.com\/?p=3926#respond\"]}]},{\"@type\":\"WebPage\",\"@id\":\"https:\/\/elcotarro.com\/?p=3926\",\"url\":\"https:\/\/elcotarro.com\/?p=3926\",\"name\":\"LA CAMPA\u00d1A DEL CURA MACARIO - El Cotarro\",\"isPartOf\":{\"@id\":\"https:\/\/elcotarro.com\/#website\"},\"datePublished\":\"2017-03-26T09:59:36+00:00\",\"breadcrumb\":{\"@id\":\"https:\/\/elcotarro.com\/?p=3926#breadcrumb\"},\"inLanguage\":\"es\",\"potentialAction\":[{\"@type\":\"ReadAction\",\"target\":[\"https:\/\/elcotarro.com\/?p=3926\"]}]},{\"@type\":\"BreadcrumbList\",\"@id\":\"https:\/\/elcotarro.com\/?p=3926#breadcrumb\",\"itemListElement\":[{\"@type\":\"ListItem\",\"position\":1,\"name\":\"Portada\",\"item\":\"https:\/\/elcotarro.com\/\"},{\"@type\":\"ListItem\",\"position\":2,\"name\":\"LA CAMPA\u00d1A DEL CURA MACARIO\"}]},{\"@type\":\"WebSite\",\"@id\":\"https:\/\/elcotarro.com\/#website\",\"url\":\"https:\/\/elcotarro.com\/\",\"name\":\"El Cotarro\",\"description\":\"Peri\u00f3dico Digital Independiente dirigido por Jos\u00e9 Carlos Marrero\",\"publisher\":{\"@id\":\"https:\/\/elcotarro.com\/#organization\"},\"potentialAction\":[{\"@type\":\"SearchAction\",\"target\":{\"@type\":\"EntryPoint\",\"urlTemplate\":\"https:\/\/elcotarro.com\/?s={search_term_string}\"},\"query-input\":{\"@type\":\"PropertyValueSpecification\",\"valueRequired\":true,\"valueName\":\"search_term_string\"}}],\"inLanguage\":\"es\"},{\"@type\":\"Organization\",\"@id\":\"https:\/\/elcotarro.com\/#organization\",\"name\":\"El Cotarro\",\"url\":\"https:\/\/elcotarro.com\/\",\"logo\":{\"@type\":\"ImageObject\",\"inLanguage\":\"es\",\"@id\":\"https:\/\/elcotarro.com\/#\/schema\/logo\/image\/\",\"url\":\"https:\/\/elcotarro.com\/wp-content\/uploads\/2014\/09\/Cabecera_El_Cotarro_v2.jpg\",\"contentUrl\":\"https:\/\/elcotarro.com\/wp-content\/uploads\/2014\/09\/Cabecera_El_Cotarro_v2.jpg\",\"width\":3540,\"height\":441,\"caption\":\"El Cotarro\"},\"image\":{\"@id\":\"https:\/\/elcotarro.com\/#\/schema\/logo\/image\/\"},\"sameAs\":[\"https:\/\/www.facebook.com\/ElCotarro.Tenerife\"]},{\"@type\":\"Person\",\"@id\":\"https:\/\/elcotarro.com\/#\/schema\/person\/af537ee7d60d15984c7e0affcd8a918b\",\"name\":\"Jos\u00e9 Carlos Marrero Gonz\u00e1lez\",\"image\":{\"@type\":\"ImageObject\",\"inLanguage\":\"es\",\"@id\":\"https:\/\/elcotarro.com\/#\/schema\/person\/image\/\",\"url\":\"https:\/\/secure.gravatar.com\/avatar\/def4da036efb5d32c74d49c351f6dccc064dd69ad9f3aadc295c5a9a5391ca01?s=96&d=mm&r=g\",\"contentUrl\":\"https:\/\/secure.gravatar.com\/avatar\/def4da036efb5d32c74d49c351f6dccc064dd69ad9f3aadc295c5a9a5391ca01?s=96&d=mm&r=g\",\"caption\":\"Jos\u00e9 Carlos Marrero Gonz\u00e1lez\"},\"sameAs\":[\"https:\/\/elcotarro.com\"],\"url\":\"https:\/\/elcotarro.com\/?author=2\"}]}<\/script>\n<!-- \/ Yoast SEO plugin. -->","yoast_head_json":{"title":"LA CAMPA\u00d1A DEL CURA MACARIO - El Cotarro","robots":{"index":"index","follow":"follow","max-snippet":"max-snippet:-1","max-image-preview":"max-image-preview:large","max-video-preview":"max-video-preview:-1"},"canonical":"https:\/\/elcotarro.com\/?p=3926","og_locale":"es_ES","og_type":"article","og_title":"LA CAMPA\u00d1A DEL CURA MACARIO - El Cotarro","og_description":"No se extra\u00f1en ustedes si por esos sures de Tenerife se encuentran en alg\u00fan restaurante un artilugio extra\u00f1o con forma de tubo de \u00f3rgano de m\u00fasica, convertido con dos candados en una hucha. Yo me lo encontr\u00e9 hace unos d\u00edas en el magn\u00edfico restaurante El Templete (en El M\u00e9dano) donde sus co-propietarios, Jos\u00e9 y Miguel ... Read more","og_url":"https:\/\/elcotarro.com\/?p=3926","og_site_name":"El Cotarro","article_publisher":"https:\/\/www.facebook.com\/ElCotarro.Tenerife","article_published_time":"2017-03-26T09:59:36+00:00","author":"Jos\u00e9 Carlos Marrero Gonz\u00e1lez","twitter_misc":{"Escrito por":"Jos\u00e9 Carlos Marrero Gonz\u00e1lez","Tiempo de lectura":"1 minuto"},"schema":{"@context":"https:\/\/schema.org","@graph":[{"@type":"Article","@id":"https:\/\/elcotarro.com\/?p=3926#article","isPartOf":{"@id":"https:\/\/elcotarro.com\/?p=3926"},"author":{"name":"Jos\u00e9 Carlos Marrero Gonz\u00e1lez","@id":"https:\/\/elcotarro.com\/#\/schema\/person\/af537ee7d60d15984c7e0affcd8a918b"},"headline":"LA CAMPA\u00d1A DEL CURA MACARIO","datePublished":"2017-03-26T09:59:36+00:00","mainEntityOfPage":{"@id":"https:\/\/elcotarro.com\/?p=3926"},"wordCount":144,"commentCount":0,"publisher":{"@id":"https:\/\/elcotarro.com\/#organization"},"inLanguage":"es","potentialAction":[{"@type":"CommentAction","name":"Comment","target":["https:\/\/elcotarro.com\/?p=3926#respond"]}]},{"@type":"WebPage","@id":"https:\/\/elcotarro.com\/?p=3926","url":"https:\/\/elcotarro.com\/?p=3926","name":"LA CAMPA\u00d1A DEL CURA MACARIO - El Cotarro","isPartOf":{"@id":"https:\/\/elcotarro.com\/#website"},"datePublished":"2017-03-26T09:59:36+00:00","breadcrumb":{"@id":"https:\/\/elcotarro.com\/?p=3926#breadcrumb"},"inLanguage":"es","potentialAction":[{"@type":"ReadAction","target":["https:\/\/elcotarro.com\/?p=3926"]}]},{"@type":"BreadcrumbList","@id":"https:\/\/elcotarro.com\/?p=3926#breadcrumb","itemListElement":[{"@type":"ListItem","position":1,"name":"Portada","item":"https:\/\/elcotarro.com\/"},{"@type":"ListItem","position":2,"name":"LA CAMPA\u00d1A DEL CURA MACARIO"}]},{"@type":"WebSite","@id":"https:\/\/elcotarro.com\/#website","url":"https:\/\/elcotarro.com\/","name":"El Cotarro","description":"Peri\u00f3dico Digital Independiente dirigido por Jos\u00e9 Carlos Marrero","publisher":{"@id":"https:\/\/elcotarro.com\/#organization"},"potentialAction":[{"@type":"SearchAction","target":{"@type":"EntryPoint","urlTemplate":"https:\/\/elcotarro.com\/?s={search_term_string}"},"query-input":{"@type":"PropertyValueSpecification","valueRequired":true,"valueName":"search_term_string"}}],"inLanguage":"es"},{"@type":"Organization","@id":"https:\/\/elcotarro.com\/#organization","name":"El Cotarro","url":"https:\/\/elcotarro.com\/","logo":{"@type":"ImageObject","inLanguage":"es","@id":"https:\/\/elcotarro.com\/#\/schema\/logo\/image\/","url":"https:\/\/elcotarro.com\/wp-content\/uploads\/2014\/09\/Cabecera_El_Cotarro_v2.jpg","contentUrl":"https:\/\/elcotarro.com\/wp-content\/uploads\/2014\/09\/Cabecera_El_Cotarro_v2.jpg","width":3540,"height":441,"caption":"El Cotarro"},"image":{"@id":"https:\/\/elcotarro.com\/#\/schema\/logo\/image\/"},"sameAs":["https:\/\/www.facebook.com\/ElCotarro.Tenerife"]},{"@type":"Person","@id":"https:\/\/elcotarro.com\/#\/schema\/person\/af537ee7d60d15984c7e0affcd8a918b","name":"Jos\u00e9 Carlos Marrero Gonz\u00e1lez","image":{"@type":"ImageObject","inLanguage":"es","@id":"https:\/\/elcotarro.com\/#\/schema\/person\/image\/","url":"https:\/\/secure.gravatar.com\/avatar\/def4da036efb5d32c74d49c351f6dccc064dd69ad9f3aadc295c5a9a5391ca01?s=96&d=mm&r=g","contentUrl":"https:\/\/secure.gravatar.com\/avatar\/def4da036efb5d32c74d49c351f6dccc064dd69ad9f3aadc295c5a9a5391ca01?s=96&d=mm&r=g","caption":"Jos\u00e9 Carlos Marrero Gonz\u00e1lez"},"sameAs":["https:\/\/elcotarro.com"],"url":"https:\/\/elcotarro.com\/?author=2"}]}},"jetpack_featured_media_url":"","jetpack_sharing_enabled":true,"_links":{"self":[{"href":"https:\/\/elcotarro.com\/index.php?rest_route=\/wp\/v2\/posts\/3926","targetHints":{"allow":["GET"]}}],"collection":[{"href":"https:\/\/elcotarro.com\/index.php?rest_route=\/wp\/v2\/posts"}],"about":[{"href":"https:\/\/elcotarro.com\/index.php?rest_route=\/wp\/v2\/types\/post"}],"author":[{"embeddable":true,"href":"https:\/\/elcotarro.com\/index.php?rest_route=\/wp\/v2\/users\/2"}],"replies":[{"embeddable":true,"href":"https:\/\/elcotarro.com\/index.php?rest_route=%2Fwp%2Fv2%2Fcomments&post=3926"}],"version-history":[{"count":1,"href":"https:\/\/elcotarro.com\/index.php?rest_route=\/wp\/v2\/posts\/3926\/revisions"}],"predecessor-version":[{"id":3928,"href":"https:\/\/elcotarro.com\/index.php?rest_route=\/wp\/v2\/posts\/3926\/revisions\/3928"}],"wp:attachment":[{"href":"https:\/\/elcotarro.com\/index.php?rest_route=%2Fwp%2Fv2%2Fmedia&parent=3926"}],"wp:term":[{"taxonomy":"category","embeddable":true,"href":"https:\/\/elcotarro.com\/index.php?rest_route=%2Fwp%2Fv2%2Fcategories&post=3926"},{"taxonomy":"post_tag","embeddable":true,"href":"https:\/\/elcotarro.com\/index.php?rest_route=%2Fwp%2Fv2%2Ftags&post=3926"}],"curies":[{"name":"wp","href":"https:\/\/api.w.org\/{rel}","templated":true}]}}