{"id":3944,"date":"2017-04-02T11:04:31","date_gmt":"2017-04-02T10:04:31","guid":{"rendered":"https:\/\/elcotarro.com\/?p=3944"},"modified":"2017-04-02T09:39:20","modified_gmt":"2017-04-02T08:39:20","slug":"ecologia-loro-parque-y-brunellis","status":"publish","type":"post","link":"https:\/\/elcotarro.com\/?p=3944","title":{"rendered":"ECOLOG\u00cdA, LORO PARQUE Y BRUNELLI\u2019S"},"content":{"rendered":"<p>Quiz\u00e1 no sea usual ver a todo un pr\u00edncipe (y un gran poeta, por cierto) como <strong>Enrique de Dinamarca<\/strong> (con sus 83 a\u00f1os) paseando como cualquier vecino por Punta Brava, extasiado con el embravecido mar del norte tinerfe\u00f1o, pero as\u00ed ha sido. Previamente hab\u00eda visitado en el sur la impresionante finca \u201cLa Calabacera\u201d de la familia <strong>Acevedo<\/strong>, volcada en productos agr\u00edcolas de \u201cecolog\u00eda gourmet\u201d. Camino al norte, en un soleado y espl\u00e9ndido d\u00eda, pudo ver al \u201cpadre\u201d Teide en toda su majestuosidad y ya en el Puerto de la Cruz disfrut\u00f3 de lo lindo, entre su s\u00e9quito y los amigos isle\u00f1os, de un exquisito almuerzo en el restaurante <em>Brunelli\u2019s <\/em>donde, atendiendo a la petici\u00f3n de su jefa de sala, <strong>Elena Mart\u00ednez Ortiz<\/strong> (una de las mejores ma\u00eetres de Tenerife) firm\u00f3 en el \u201cLibro de Oro\u201d del reconocido <em>steakhouse<\/em>, como lo har\u00eda m\u00e1s tarde en el del <em>Loro Parque<\/em>, tras visitarlo y quedar absolutamente encantado. El pr\u00edncipe <strong>Herni <\/strong>ha prometido volver y esperemos que lo haga con su esposa la reina <strong>Margarita de Dinamarca<\/strong>.<\/p>\n<p style=\"text-align: center\"><a href=\"https:\/\/elcotarro.com\/wp-content\/uploads\/2017\/04\/FOTO-2.-PR\u00cdNCIPE-HENRI.jpg\"><img loading=\"lazy\" decoding=\"async\" class=\"alignnone size-full wp-image-3945\" src=\"https:\/\/elcotarro.com\/wp-content\/uploads\/2017\/04\/FOTO-2.-PR\u00cdNCIPE-HENRI.jpg\" alt=\"FOTO 2.- PR\u00cdNCIPE HENRI\" width=\"2988\" height=\"5312\" srcset=\"https:\/\/elcotarro.com\/wp-content\/uploads\/2017\/04\/FOTO-2.-PR\u00cdNCIPE-HENRI.jpg 2988w, https:\/\/elcotarro.com\/wp-content\/uploads\/2017\/04\/FOTO-2.-PR\u00cdNCIPE-HENRI-169x300.jpg 169w, https:\/\/elcotarro.com\/wp-content\/uploads\/2017\/04\/FOTO-2.-PR\u00cdNCIPE-HENRI-576x1024.jpg 576w\" sizes=\"auto, (max-width: 2988px) 100vw, 2988px\" \/><\/a><\/p>\n<p style=\"text-align: center\"><em>El chef del restaurante Brunelli\u00b4s, Carlos Hern\u00e1ndez (i), el pr\u00edncipe Henri de Dinamarca y Elena Mart\u00ednez, la gran jefa de Sala del reconocido steakhouse<\/em><\/p>\n","protected":false},"excerpt":{"rendered":"<p>Quiz\u00e1 no sea usual ver a todo un pr\u00edncipe (y un gran poeta, por cierto) como Enrique de Dinamarca (con sus 83 a\u00f1os) paseando como cualquier vecino por Punta Brava, extasiado con el embravecido mar del norte tinerfe\u00f1o, pero as\u00ed ha sido. Previamente hab\u00eda visitado en el sur la impresionante finca \u201cLa Calabacera\u201d de la &#8230; <a class=\"read-more\" href=\"https:\/\/elcotarro.com\/?p=3944\">Read more<\/a><\/p>\n","protected":false},"author":2,"featured_media":0,"comment_status":"open","ping_status":"open","sticky":false,"template":"","format":"standard","meta":{"_jetpack_memberships_contains_paid_content":false,"footnotes":""},"categories":[1],"tags":[],"class_list":["post-3944","post","type-post","status-publish","format-standard","hentry","category-sin-categoria"],"yoast_head":"<!-- This site is optimized with the Yoast SEO plugin v27.0 - https:\/\/yoast.com\/product\/yoast-seo-wordpress\/ -->\n<title>ECOLOG\u00cdA, LORO PARQUE Y BRUNELLI\u2019S - El Cotarro<\/title>\n<meta name=\"robots\" content=\"index, follow, max-snippet:-1, max-image-preview:large, max-video-preview:-1\" \/>\n<link rel=\"canonical\" href=\"https:\/\/elcotarro.com\/?p=3944\" \/>\n<meta property=\"og:locale\" content=\"es_ES\" \/>\n<meta property=\"og:type\" content=\"article\" \/>\n<meta property=\"og:title\" content=\"ECOLOG\u00cdA, LORO PARQUE Y BRUNELLI\u2019S - El Cotarro\" \/>\n<meta property=\"og:description\" content=\"Quiz\u00e1 no sea usual ver a todo un pr\u00edncipe (y un gran poeta, por cierto) como Enrique de Dinamarca (con sus 83 a\u00f1os) paseando como cualquier vecino por Punta Brava, extasiado con el embravecido mar del norte tinerfe\u00f1o, pero as\u00ed ha sido. Previamente hab\u00eda visitado en el sur la impresionante finca \u201cLa Calabacera\u201d de la ... Read more\" \/>\n<meta property=\"og:url\" content=\"https:\/\/elcotarro.com\/?p=3944\" \/>\n<meta property=\"og:site_name\" content=\"El Cotarro\" \/>\n<meta property=\"article:publisher\" content=\"https:\/\/www.facebook.com\/ElCotarro.Tenerife\" \/>\n<meta property=\"article:published_time\" content=\"2017-04-02T10:04:31+00:00\" \/>\n<meta name=\"author\" content=\"Jos\u00e9 Carlos Marrero Gonz\u00e1lez\" \/>\n<meta name=\"twitter:label1\" content=\"Escrito por\" \/>\n\t<meta name=\"twitter:data1\" content=\"Jos\u00e9 Carlos Marrero Gonz\u00e1lez\" \/>\n\t<meta name=\"twitter:label2\" content=\"Tiempo de lectura\" \/>\n\t<meta name=\"twitter:data2\" content=\"1 minuto\" \/>\n<script type=\"application\/ld+json\" class=\"yoast-schema-graph\">{\"@context\":\"https:\/\/schema.org\",\"@graph\":[{\"@type\":\"Article\",\"@id\":\"https:\/\/elcotarro.com\/?p=3944#article\",\"isPartOf\":{\"@id\":\"https:\/\/elcotarro.com\/?p=3944\"},\"author\":{\"name\":\"Jos\u00e9 Carlos Marrero Gonz\u00e1lez\",\"@id\":\"https:\/\/elcotarro.com\/#\/schema\/person\/af537ee7d60d15984c7e0affcd8a918b\"},\"headline\":\"ECOLOG\u00cdA, LORO PARQUE Y BRUNELLI\u2019S\",\"datePublished\":\"2017-04-02T10:04:31+00:00\",\"mainEntityOfPage\":{\"@id\":\"https:\/\/elcotarro.com\/?p=3944\"},\"wordCount\":224,\"commentCount\":0,\"publisher\":{\"@id\":\"https:\/\/elcotarro.com\/#organization\"},\"inLanguage\":\"es\",\"potentialAction\":[{\"@type\":\"CommentAction\",\"name\":\"Comment\",\"target\":[\"https:\/\/elcotarro.com\/?p=3944#respond\"]}]},{\"@type\":\"WebPage\",\"@id\":\"https:\/\/elcotarro.com\/?p=3944\",\"url\":\"https:\/\/elcotarro.com\/?p=3944\",\"name\":\"ECOLOG\u00cdA, LORO PARQUE Y BRUNELLI\u2019S - El Cotarro\",\"isPartOf\":{\"@id\":\"https:\/\/elcotarro.com\/#website\"},\"datePublished\":\"2017-04-02T10:04:31+00:00\",\"breadcrumb\":{\"@id\":\"https:\/\/elcotarro.com\/?p=3944#breadcrumb\"},\"inLanguage\":\"es\",\"potentialAction\":[{\"@type\":\"ReadAction\",\"target\":[\"https:\/\/elcotarro.com\/?p=3944\"]}]},{\"@type\":\"BreadcrumbList\",\"@id\":\"https:\/\/elcotarro.com\/?p=3944#breadcrumb\",\"itemListElement\":[{\"@type\":\"ListItem\",\"position\":1,\"name\":\"Portada\",\"item\":\"https:\/\/elcotarro.com\/\"},{\"@type\":\"ListItem\",\"position\":2,\"name\":\"ECOLOG\u00cdA, LORO PARQUE Y BRUNELLI\u2019S\"}]},{\"@type\":\"WebSite\",\"@id\":\"https:\/\/elcotarro.com\/#website\",\"url\":\"https:\/\/elcotarro.com\/\",\"name\":\"El Cotarro\",\"description\":\"Peri\u00f3dico Digital Independiente dirigido por Jos\u00e9 Carlos Marrero\",\"publisher\":{\"@id\":\"https:\/\/elcotarro.com\/#organization\"},\"potentialAction\":[{\"@type\":\"SearchAction\",\"target\":{\"@type\":\"EntryPoint\",\"urlTemplate\":\"https:\/\/elcotarro.com\/?s={search_term_string}\"},\"query-input\":{\"@type\":\"PropertyValueSpecification\",\"valueRequired\":true,\"valueName\":\"search_term_string\"}}],\"inLanguage\":\"es\"},{\"@type\":\"Organization\",\"@id\":\"https:\/\/elcotarro.com\/#organization\",\"name\":\"El Cotarro\",\"url\":\"https:\/\/elcotarro.com\/\",\"logo\":{\"@type\":\"ImageObject\",\"inLanguage\":\"es\",\"@id\":\"https:\/\/elcotarro.com\/#\/schema\/logo\/image\/\",\"url\":\"https:\/\/elcotarro.com\/wp-content\/uploads\/2014\/09\/Cabecera_El_Cotarro_v2.jpg\",\"contentUrl\":\"https:\/\/elcotarro.com\/wp-content\/uploads\/2014\/09\/Cabecera_El_Cotarro_v2.jpg\",\"width\":3540,\"height\":441,\"caption\":\"El Cotarro\"},\"image\":{\"@id\":\"https:\/\/elcotarro.com\/#\/schema\/logo\/image\/\"},\"sameAs\":[\"https:\/\/www.facebook.com\/ElCotarro.Tenerife\"]},{\"@type\":\"Person\",\"@id\":\"https:\/\/elcotarro.com\/#\/schema\/person\/af537ee7d60d15984c7e0affcd8a918b\",\"name\":\"Jos\u00e9 Carlos Marrero Gonz\u00e1lez\",\"image\":{\"@type\":\"ImageObject\",\"inLanguage\":\"es\",\"@id\":\"https:\/\/elcotarro.com\/#\/schema\/person\/image\/\",\"url\":\"https:\/\/secure.gravatar.com\/avatar\/def4da036efb5d32c74d49c351f6dccc064dd69ad9f3aadc295c5a9a5391ca01?s=96&d=mm&r=g\",\"contentUrl\":\"https:\/\/secure.gravatar.com\/avatar\/def4da036efb5d32c74d49c351f6dccc064dd69ad9f3aadc295c5a9a5391ca01?s=96&d=mm&r=g\",\"caption\":\"Jos\u00e9 Carlos Marrero Gonz\u00e1lez\"},\"sameAs\":[\"https:\/\/elcotarro.com\"],\"url\":\"https:\/\/elcotarro.com\/?author=2\"}]}<\/script>\n<!-- \/ Yoast SEO plugin. -->","yoast_head_json":{"title":"ECOLOG\u00cdA, LORO PARQUE Y BRUNELLI\u2019S - El Cotarro","robots":{"index":"index","follow":"follow","max-snippet":"max-snippet:-1","max-image-preview":"max-image-preview:large","max-video-preview":"max-video-preview:-1"},"canonical":"https:\/\/elcotarro.com\/?p=3944","og_locale":"es_ES","og_type":"article","og_title":"ECOLOG\u00cdA, LORO PARQUE Y BRUNELLI\u2019S - El Cotarro","og_description":"Quiz\u00e1 no sea usual ver a todo un pr\u00edncipe (y un gran poeta, por cierto) como Enrique de Dinamarca (con sus 83 a\u00f1os) paseando como cualquier vecino por Punta Brava, extasiado con el embravecido mar del norte tinerfe\u00f1o, pero as\u00ed ha sido. Previamente hab\u00eda visitado en el sur la impresionante finca \u201cLa Calabacera\u201d de la ... Read more","og_url":"https:\/\/elcotarro.com\/?p=3944","og_site_name":"El Cotarro","article_publisher":"https:\/\/www.facebook.com\/ElCotarro.Tenerife","article_published_time":"2017-04-02T10:04:31+00:00","author":"Jos\u00e9 Carlos Marrero Gonz\u00e1lez","twitter_misc":{"Escrito por":"Jos\u00e9 Carlos Marrero Gonz\u00e1lez","Tiempo de lectura":"1 minuto"},"schema":{"@context":"https:\/\/schema.org","@graph":[{"@type":"Article","@id":"https:\/\/elcotarro.com\/?p=3944#article","isPartOf":{"@id":"https:\/\/elcotarro.com\/?p=3944"},"author":{"name":"Jos\u00e9 Carlos Marrero Gonz\u00e1lez","@id":"https:\/\/elcotarro.com\/#\/schema\/person\/af537ee7d60d15984c7e0affcd8a918b"},"headline":"ECOLOG\u00cdA, LORO PARQUE Y BRUNELLI\u2019S","datePublished":"2017-04-02T10:04:31+00:00","mainEntityOfPage":{"@id":"https:\/\/elcotarro.com\/?p=3944"},"wordCount":224,"commentCount":0,"publisher":{"@id":"https:\/\/elcotarro.com\/#organization"},"inLanguage":"es","potentialAction":[{"@type":"CommentAction","name":"Comment","target":["https:\/\/elcotarro.com\/?p=3944#respond"]}]},{"@type":"WebPage","@id":"https:\/\/elcotarro.com\/?p=3944","url":"https:\/\/elcotarro.com\/?p=3944","name":"ECOLOG\u00cdA, LORO PARQUE Y BRUNELLI\u2019S - El Cotarro","isPartOf":{"@id":"https:\/\/elcotarro.com\/#website"},"datePublished":"2017-04-02T10:04:31+00:00","breadcrumb":{"@id":"https:\/\/elcotarro.com\/?p=3944#breadcrumb"},"inLanguage":"es","potentialAction":[{"@type":"ReadAction","target":["https:\/\/elcotarro.com\/?p=3944"]}]},{"@type":"BreadcrumbList","@id":"https:\/\/elcotarro.com\/?p=3944#breadcrumb","itemListElement":[{"@type":"ListItem","position":1,"name":"Portada","item":"https:\/\/elcotarro.com\/"},{"@type":"ListItem","position":2,"name":"ECOLOG\u00cdA, LORO PARQUE Y BRUNELLI\u2019S"}]},{"@type":"WebSite","@id":"https:\/\/elcotarro.com\/#website","url":"https:\/\/elcotarro.com\/","name":"El Cotarro","description":"Peri\u00f3dico Digital Independiente dirigido por Jos\u00e9 Carlos Marrero","publisher":{"@id":"https:\/\/elcotarro.com\/#organization"},"potentialAction":[{"@type":"SearchAction","target":{"@type":"EntryPoint","urlTemplate":"https:\/\/elcotarro.com\/?s={search_term_string}"},"query-input":{"@type":"PropertyValueSpecification","valueRequired":true,"valueName":"search_term_string"}}],"inLanguage":"es"},{"@type":"Organization","@id":"https:\/\/elcotarro.com\/#organization","name":"El Cotarro","url":"https:\/\/elcotarro.com\/","logo":{"@type":"ImageObject","inLanguage":"es","@id":"https:\/\/elcotarro.com\/#\/schema\/logo\/image\/","url":"https:\/\/elcotarro.com\/wp-content\/uploads\/2014\/09\/Cabecera_El_Cotarro_v2.jpg","contentUrl":"https:\/\/elcotarro.com\/wp-content\/uploads\/2014\/09\/Cabecera_El_Cotarro_v2.jpg","width":3540,"height":441,"caption":"El Cotarro"},"image":{"@id":"https:\/\/elcotarro.com\/#\/schema\/logo\/image\/"},"sameAs":["https:\/\/www.facebook.com\/ElCotarro.Tenerife"]},{"@type":"Person","@id":"https:\/\/elcotarro.com\/#\/schema\/person\/af537ee7d60d15984c7e0affcd8a918b","name":"Jos\u00e9 Carlos Marrero Gonz\u00e1lez","image":{"@type":"ImageObject","inLanguage":"es","@id":"https:\/\/elcotarro.com\/#\/schema\/person\/image\/","url":"https:\/\/secure.gravatar.com\/avatar\/def4da036efb5d32c74d49c351f6dccc064dd69ad9f3aadc295c5a9a5391ca01?s=96&d=mm&r=g","contentUrl":"https:\/\/secure.gravatar.com\/avatar\/def4da036efb5d32c74d49c351f6dccc064dd69ad9f3aadc295c5a9a5391ca01?s=96&d=mm&r=g","caption":"Jos\u00e9 Carlos Marrero Gonz\u00e1lez"},"sameAs":["https:\/\/elcotarro.com"],"url":"https:\/\/elcotarro.com\/?author=2"}]}},"jetpack_featured_media_url":"","jetpack_sharing_enabled":true,"_links":{"self":[{"href":"https:\/\/elcotarro.com\/index.php?rest_route=\/wp\/v2\/posts\/3944","targetHints":{"allow":["GET"]}}],"collection":[{"href":"https:\/\/elcotarro.com\/index.php?rest_route=\/wp\/v2\/posts"}],"about":[{"href":"https:\/\/elcotarro.com\/index.php?rest_route=\/wp\/v2\/types\/post"}],"author":[{"embeddable":true,"href":"https:\/\/elcotarro.com\/index.php?rest_route=\/wp\/v2\/users\/2"}],"replies":[{"embeddable":true,"href":"https:\/\/elcotarro.com\/index.php?rest_route=%2Fwp%2Fv2%2Fcomments&post=3944"}],"version-history":[{"count":1,"href":"https:\/\/elcotarro.com\/index.php?rest_route=\/wp\/v2\/posts\/3944\/revisions"}],"predecessor-version":[{"id":3946,"href":"https:\/\/elcotarro.com\/index.php?rest_route=\/wp\/v2\/posts\/3944\/revisions\/3946"}],"wp:attachment":[{"href":"https:\/\/elcotarro.com\/index.php?rest_route=%2Fwp%2Fv2%2Fmedia&parent=3944"}],"wp:term":[{"taxonomy":"category","embeddable":true,"href":"https:\/\/elcotarro.com\/index.php?rest_route=%2Fwp%2Fv2%2Fcategories&post=3944"},{"taxonomy":"post_tag","embeddable":true,"href":"https:\/\/elcotarro.com\/index.php?rest_route=%2Fwp%2Fv2%2Ftags&post=3944"}],"curies":[{"name":"wp","href":"https:\/\/api.w.org\/{rel}","templated":true}]}}