{"id":3947,"date":"2017-04-02T11:03:28","date_gmt":"2017-04-02T10:03:28","guid":{"rendered":"https:\/\/elcotarro.com\/?p=3947"},"modified":"2017-04-02T09:40:11","modified_gmt":"2017-04-02T08:40:11","slug":"confidencias-en-el-parlamento","status":"publish","type":"post","link":"https:\/\/elcotarro.com\/?p=3947","title":{"rendered":"CONFIDENCIAS EN EL PARLAMENTO"},"content":{"rendered":"<p>Mientras esto pasaba en Tenerife, por Bruselas andaba el bueno de <strong>Narvay Quintero Casta\u00f1eda<\/strong>, nuestro puntal consejero de Agricultura, Ganader\u00eda, Pesca y Aguas del Gobierno de Canarias, llevaba toda la semana con la maleta a cuestas entre Madrid y la capital de europea, en la brega para buscar las perritas para el sector primario canario. En la foto que he conseguido en exclusiva, le pueden ver con <strong>Phil Hogan<\/strong>, el todopoderoso comisario europeo de Agricultura, muy sonrientes los dos. A ver si <strong>Narvay Quintero<\/strong> le estaba convenciendo para que se \u201cmandara\u201d una buena quesadilla herre\u00f1a o un quesito majorero acompa\u00f1ado con uno de nuestros caldos, con el objetivo de que por esas Europas tengan claro que nuestros productos son muy peculiares, siempre con una impronta atl\u00e1ntica, insular y muy especial. En cualquier caso&#8230; \u00bfQu\u00e9 le estar\u00eda diciendo <strong>Narvay Quintero<\/strong> en aquella esquina, para que el irland\u00e9s <strong>Phil Hogan<\/strong> estuviera as\u00ed de sonriente y distendido?<\/p>\n<p style=\"text-align: center\"><a href=\"https:\/\/elcotarro.com\/wp-content\/uploads\/2017\/04\/FOTO-3.-NARVAY-CON-PHILL.jpg\"><img loading=\"lazy\" decoding=\"async\" class=\"alignnone size-full wp-image-3948\" src=\"https:\/\/elcotarro.com\/wp-content\/uploads\/2017\/04\/FOTO-3.-NARVAY-CON-PHILL.jpg\" alt=\"FOTO 3.- NARVAY CON PHILL\" width=\"897\" height=\"847\" srcset=\"https:\/\/elcotarro.com\/wp-content\/uploads\/2017\/04\/FOTO-3.-NARVAY-CON-PHILL.jpg 897w, https:\/\/elcotarro.com\/wp-content\/uploads\/2017\/04\/FOTO-3.-NARVAY-CON-PHILL-300x283.jpg 300w\" sizes=\"auto, (max-width: 897px) 100vw, 897px\" \/><\/a><\/p>\n<p style=\"text-align: center\"><em>El irland\u00e9s Phil Hogan (i) y el puntal Narvay Quintero, conversando en \u201cun aparte\u201d.<\/em><\/p>\n","protected":false},"excerpt":{"rendered":"<p>Mientras esto pasaba en Tenerife, por Bruselas andaba el bueno de Narvay Quintero Casta\u00f1eda, nuestro puntal consejero de Agricultura, Ganader\u00eda, Pesca y Aguas del Gobierno de Canarias, llevaba toda la semana con la maleta a cuestas entre Madrid y la capital de europea, en la brega para buscar las perritas para el sector primario canario. &#8230; <a class=\"read-more\" href=\"https:\/\/elcotarro.com\/?p=3947\">Read more<\/a><\/p>\n","protected":false},"author":2,"featured_media":0,"comment_status":"open","ping_status":"open","sticky":false,"template":"","format":"standard","meta":{"_jetpack_memberships_contains_paid_content":false,"footnotes":""},"categories":[1],"tags":[],"class_list":["post-3947","post","type-post","status-publish","format-standard","hentry","category-sin-categoria"],"yoast_head":"<!-- This site is optimized with the Yoast SEO plugin v27.0 - https:\/\/yoast.com\/product\/yoast-seo-wordpress\/ -->\n<title>CONFIDENCIAS EN EL PARLAMENTO - El Cotarro<\/title>\n<meta name=\"robots\" content=\"index, follow, max-snippet:-1, max-image-preview:large, max-video-preview:-1\" \/>\n<link rel=\"canonical\" href=\"https:\/\/elcotarro.com\/?p=3947\" \/>\n<meta property=\"og:locale\" content=\"es_ES\" \/>\n<meta property=\"og:type\" content=\"article\" \/>\n<meta property=\"og:title\" content=\"CONFIDENCIAS EN EL PARLAMENTO - El Cotarro\" \/>\n<meta property=\"og:description\" content=\"Mientras esto pasaba en Tenerife, por Bruselas andaba el bueno de Narvay Quintero Casta\u00f1eda, nuestro puntal consejero de Agricultura, Ganader\u00eda, Pesca y Aguas del Gobierno de Canarias, llevaba toda la semana con la maleta a cuestas entre Madrid y la capital de europea, en la brega para buscar las perritas para el sector primario canario. ... Read more\" \/>\n<meta property=\"og:url\" content=\"https:\/\/elcotarro.com\/?p=3947\" \/>\n<meta property=\"og:site_name\" content=\"El Cotarro\" \/>\n<meta property=\"article:publisher\" content=\"https:\/\/www.facebook.com\/ElCotarro.Tenerife\" \/>\n<meta property=\"article:published_time\" content=\"2017-04-02T10:03:28+00:00\" \/>\n<meta property=\"og:image\" content=\"https:\/\/elcotarro.com\/wp-content\/uploads\/2017\/04\/FOTO-3.-NARVAY-CON-PHILL.jpg\" \/>\n<meta name=\"author\" content=\"Jos\u00e9 Carlos Marrero Gonz\u00e1lez\" \/>\n<meta name=\"twitter:label1\" content=\"Escrito por\" \/>\n\t<meta name=\"twitter:data1\" content=\"Jos\u00e9 Carlos Marrero Gonz\u00e1lez\" \/>\n\t<meta name=\"twitter:label2\" content=\"Tiempo de lectura\" \/>\n\t<meta name=\"twitter:data2\" content=\"1 minuto\" \/>\n<script type=\"application\/ld+json\" class=\"yoast-schema-graph\">{\"@context\":\"https:\/\/schema.org\",\"@graph\":[{\"@type\":\"Article\",\"@id\":\"https:\/\/elcotarro.com\/?p=3947#article\",\"isPartOf\":{\"@id\":\"https:\/\/elcotarro.com\/?p=3947\"},\"author\":{\"name\":\"Jos\u00e9 Carlos Marrero Gonz\u00e1lez\",\"@id\":\"https:\/\/elcotarro.com\/#\/schema\/person\/af537ee7d60d15984c7e0affcd8a918b\"},\"headline\":\"CONFIDENCIAS EN EL PARLAMENTO\",\"datePublished\":\"2017-04-02T10:03:28+00:00\",\"mainEntityOfPage\":{\"@id\":\"https:\/\/elcotarro.com\/?p=3947\"},\"wordCount\":180,\"commentCount\":0,\"publisher\":{\"@id\":\"https:\/\/elcotarro.com\/#organization\"},\"image\":{\"@id\":\"https:\/\/elcotarro.com\/?p=3947#primaryimage\"},\"thumbnailUrl\":\"https:\/\/elcotarro.com\/wp-content\/uploads\/2017\/04\/FOTO-3.-NARVAY-CON-PHILL.jpg\",\"inLanguage\":\"es\",\"potentialAction\":[{\"@type\":\"CommentAction\",\"name\":\"Comment\",\"target\":[\"https:\/\/elcotarro.com\/?p=3947#respond\"]}]},{\"@type\":\"WebPage\",\"@id\":\"https:\/\/elcotarro.com\/?p=3947\",\"url\":\"https:\/\/elcotarro.com\/?p=3947\",\"name\":\"CONFIDENCIAS EN EL PARLAMENTO - El Cotarro\",\"isPartOf\":{\"@id\":\"https:\/\/elcotarro.com\/#website\"},\"primaryImageOfPage\":{\"@id\":\"https:\/\/elcotarro.com\/?p=3947#primaryimage\"},\"image\":{\"@id\":\"https:\/\/elcotarro.com\/?p=3947#primaryimage\"},\"thumbnailUrl\":\"https:\/\/elcotarro.com\/wp-content\/uploads\/2017\/04\/FOTO-3.-NARVAY-CON-PHILL.jpg\",\"datePublished\":\"2017-04-02T10:03:28+00:00\",\"breadcrumb\":{\"@id\":\"https:\/\/elcotarro.com\/?p=3947#breadcrumb\"},\"inLanguage\":\"es\",\"potentialAction\":[{\"@type\":\"ReadAction\",\"target\":[\"https:\/\/elcotarro.com\/?p=3947\"]}]},{\"@type\":\"ImageObject\",\"inLanguage\":\"es\",\"@id\":\"https:\/\/elcotarro.com\/?p=3947#primaryimage\",\"url\":\"https:\/\/elcotarro.com\/wp-content\/uploads\/2017\/04\/FOTO-3.-NARVAY-CON-PHILL.jpg\",\"contentUrl\":\"https:\/\/elcotarro.com\/wp-content\/uploads\/2017\/04\/FOTO-3.-NARVAY-CON-PHILL.jpg\",\"width\":897,\"height\":847},{\"@type\":\"BreadcrumbList\",\"@id\":\"https:\/\/elcotarro.com\/?p=3947#breadcrumb\",\"itemListElement\":[{\"@type\":\"ListItem\",\"position\":1,\"name\":\"Portada\",\"item\":\"https:\/\/elcotarro.com\/\"},{\"@type\":\"ListItem\",\"position\":2,\"name\":\"CONFIDENCIAS EN EL PARLAMENTO\"}]},{\"@type\":\"WebSite\",\"@id\":\"https:\/\/elcotarro.com\/#website\",\"url\":\"https:\/\/elcotarro.com\/\",\"name\":\"El Cotarro\",\"description\":\"Peri\u00f3dico Digital Independiente dirigido por Jos\u00e9 Carlos Marrero\",\"publisher\":{\"@id\":\"https:\/\/elcotarro.com\/#organization\"},\"potentialAction\":[{\"@type\":\"SearchAction\",\"target\":{\"@type\":\"EntryPoint\",\"urlTemplate\":\"https:\/\/elcotarro.com\/?s={search_term_string}\"},\"query-input\":{\"@type\":\"PropertyValueSpecification\",\"valueRequired\":true,\"valueName\":\"search_term_string\"}}],\"inLanguage\":\"es\"},{\"@type\":\"Organization\",\"@id\":\"https:\/\/elcotarro.com\/#organization\",\"name\":\"El Cotarro\",\"url\":\"https:\/\/elcotarro.com\/\",\"logo\":{\"@type\":\"ImageObject\",\"inLanguage\":\"es\",\"@id\":\"https:\/\/elcotarro.com\/#\/schema\/logo\/image\/\",\"url\":\"https:\/\/elcotarro.com\/wp-content\/uploads\/2014\/09\/Cabecera_El_Cotarro_v2.jpg\",\"contentUrl\":\"https:\/\/elcotarro.com\/wp-content\/uploads\/2014\/09\/Cabecera_El_Cotarro_v2.jpg\",\"width\":3540,\"height\":441,\"caption\":\"El Cotarro\"},\"image\":{\"@id\":\"https:\/\/elcotarro.com\/#\/schema\/logo\/image\/\"},\"sameAs\":[\"https:\/\/www.facebook.com\/ElCotarro.Tenerife\"]},{\"@type\":\"Person\",\"@id\":\"https:\/\/elcotarro.com\/#\/schema\/person\/af537ee7d60d15984c7e0affcd8a918b\",\"name\":\"Jos\u00e9 Carlos Marrero Gonz\u00e1lez\",\"image\":{\"@type\":\"ImageObject\",\"inLanguage\":\"es\",\"@id\":\"https:\/\/elcotarro.com\/#\/schema\/person\/image\/\",\"url\":\"https:\/\/secure.gravatar.com\/avatar\/def4da036efb5d32c74d49c351f6dccc064dd69ad9f3aadc295c5a9a5391ca01?s=96&d=mm&r=g\",\"contentUrl\":\"https:\/\/secure.gravatar.com\/avatar\/def4da036efb5d32c74d49c351f6dccc064dd69ad9f3aadc295c5a9a5391ca01?s=96&d=mm&r=g\",\"caption\":\"Jos\u00e9 Carlos Marrero Gonz\u00e1lez\"},\"sameAs\":[\"https:\/\/elcotarro.com\"],\"url\":\"https:\/\/elcotarro.com\/?author=2\"}]}<\/script>\n<!-- \/ Yoast SEO plugin. -->","yoast_head_json":{"title":"CONFIDENCIAS EN EL PARLAMENTO - El Cotarro","robots":{"index":"index","follow":"follow","max-snippet":"max-snippet:-1","max-image-preview":"max-image-preview:large","max-video-preview":"max-video-preview:-1"},"canonical":"https:\/\/elcotarro.com\/?p=3947","og_locale":"es_ES","og_type":"article","og_title":"CONFIDENCIAS EN EL PARLAMENTO - El Cotarro","og_description":"Mientras esto pasaba en Tenerife, por Bruselas andaba el bueno de Narvay Quintero Casta\u00f1eda, nuestro puntal consejero de Agricultura, Ganader\u00eda, Pesca y Aguas del Gobierno de Canarias, llevaba toda la semana con la maleta a cuestas entre Madrid y la capital de europea, en la brega para buscar las perritas para el sector primario canario. ... Read more","og_url":"https:\/\/elcotarro.com\/?p=3947","og_site_name":"El Cotarro","article_publisher":"https:\/\/www.facebook.com\/ElCotarro.Tenerife","article_published_time":"2017-04-02T10:03:28+00:00","og_image":[{"url":"https:\/\/elcotarro.com\/wp-content\/uploads\/2017\/04\/FOTO-3.-NARVAY-CON-PHILL.jpg","type":"","width":"","height":""}],"author":"Jos\u00e9 Carlos Marrero Gonz\u00e1lez","twitter_misc":{"Escrito por":"Jos\u00e9 Carlos Marrero Gonz\u00e1lez","Tiempo de lectura":"1 minuto"},"schema":{"@context":"https:\/\/schema.org","@graph":[{"@type":"Article","@id":"https:\/\/elcotarro.com\/?p=3947#article","isPartOf":{"@id":"https:\/\/elcotarro.com\/?p=3947"},"author":{"name":"Jos\u00e9 Carlos Marrero Gonz\u00e1lez","@id":"https:\/\/elcotarro.com\/#\/schema\/person\/af537ee7d60d15984c7e0affcd8a918b"},"headline":"CONFIDENCIAS EN EL PARLAMENTO","datePublished":"2017-04-02T10:03:28+00:00","mainEntityOfPage":{"@id":"https:\/\/elcotarro.com\/?p=3947"},"wordCount":180,"commentCount":0,"publisher":{"@id":"https:\/\/elcotarro.com\/#organization"},"image":{"@id":"https:\/\/elcotarro.com\/?p=3947#primaryimage"},"thumbnailUrl":"https:\/\/elcotarro.com\/wp-content\/uploads\/2017\/04\/FOTO-3.-NARVAY-CON-PHILL.jpg","inLanguage":"es","potentialAction":[{"@type":"CommentAction","name":"Comment","target":["https:\/\/elcotarro.com\/?p=3947#respond"]}]},{"@type":"WebPage","@id":"https:\/\/elcotarro.com\/?p=3947","url":"https:\/\/elcotarro.com\/?p=3947","name":"CONFIDENCIAS EN EL PARLAMENTO - El Cotarro","isPartOf":{"@id":"https:\/\/elcotarro.com\/#website"},"primaryImageOfPage":{"@id":"https:\/\/elcotarro.com\/?p=3947#primaryimage"},"image":{"@id":"https:\/\/elcotarro.com\/?p=3947#primaryimage"},"thumbnailUrl":"https:\/\/elcotarro.com\/wp-content\/uploads\/2017\/04\/FOTO-3.-NARVAY-CON-PHILL.jpg","datePublished":"2017-04-02T10:03:28+00:00","breadcrumb":{"@id":"https:\/\/elcotarro.com\/?p=3947#breadcrumb"},"inLanguage":"es","potentialAction":[{"@type":"ReadAction","target":["https:\/\/elcotarro.com\/?p=3947"]}]},{"@type":"ImageObject","inLanguage":"es","@id":"https:\/\/elcotarro.com\/?p=3947#primaryimage","url":"https:\/\/elcotarro.com\/wp-content\/uploads\/2017\/04\/FOTO-3.-NARVAY-CON-PHILL.jpg","contentUrl":"https:\/\/elcotarro.com\/wp-content\/uploads\/2017\/04\/FOTO-3.-NARVAY-CON-PHILL.jpg","width":897,"height":847},{"@type":"BreadcrumbList","@id":"https:\/\/elcotarro.com\/?p=3947#breadcrumb","itemListElement":[{"@type":"ListItem","position":1,"name":"Portada","item":"https:\/\/elcotarro.com\/"},{"@type":"ListItem","position":2,"name":"CONFIDENCIAS EN EL PARLAMENTO"}]},{"@type":"WebSite","@id":"https:\/\/elcotarro.com\/#website","url":"https:\/\/elcotarro.com\/","name":"El Cotarro","description":"Peri\u00f3dico Digital Independiente dirigido por Jos\u00e9 Carlos Marrero","publisher":{"@id":"https:\/\/elcotarro.com\/#organization"},"potentialAction":[{"@type":"SearchAction","target":{"@type":"EntryPoint","urlTemplate":"https:\/\/elcotarro.com\/?s={search_term_string}"},"query-input":{"@type":"PropertyValueSpecification","valueRequired":true,"valueName":"search_term_string"}}],"inLanguage":"es"},{"@type":"Organization","@id":"https:\/\/elcotarro.com\/#organization","name":"El Cotarro","url":"https:\/\/elcotarro.com\/","logo":{"@type":"ImageObject","inLanguage":"es","@id":"https:\/\/elcotarro.com\/#\/schema\/logo\/image\/","url":"https:\/\/elcotarro.com\/wp-content\/uploads\/2014\/09\/Cabecera_El_Cotarro_v2.jpg","contentUrl":"https:\/\/elcotarro.com\/wp-content\/uploads\/2014\/09\/Cabecera_El_Cotarro_v2.jpg","width":3540,"height":441,"caption":"El Cotarro"},"image":{"@id":"https:\/\/elcotarro.com\/#\/schema\/logo\/image\/"},"sameAs":["https:\/\/www.facebook.com\/ElCotarro.Tenerife"]},{"@type":"Person","@id":"https:\/\/elcotarro.com\/#\/schema\/person\/af537ee7d60d15984c7e0affcd8a918b","name":"Jos\u00e9 Carlos Marrero Gonz\u00e1lez","image":{"@type":"ImageObject","inLanguage":"es","@id":"https:\/\/elcotarro.com\/#\/schema\/person\/image\/","url":"https:\/\/secure.gravatar.com\/avatar\/def4da036efb5d32c74d49c351f6dccc064dd69ad9f3aadc295c5a9a5391ca01?s=96&d=mm&r=g","contentUrl":"https:\/\/secure.gravatar.com\/avatar\/def4da036efb5d32c74d49c351f6dccc064dd69ad9f3aadc295c5a9a5391ca01?s=96&d=mm&r=g","caption":"Jos\u00e9 Carlos Marrero Gonz\u00e1lez"},"sameAs":["https:\/\/elcotarro.com"],"url":"https:\/\/elcotarro.com\/?author=2"}]}},"jetpack_featured_media_url":"","jetpack_sharing_enabled":true,"_links":{"self":[{"href":"https:\/\/elcotarro.com\/index.php?rest_route=\/wp\/v2\/posts\/3947","targetHints":{"allow":["GET"]}}],"collection":[{"href":"https:\/\/elcotarro.com\/index.php?rest_route=\/wp\/v2\/posts"}],"about":[{"href":"https:\/\/elcotarro.com\/index.php?rest_route=\/wp\/v2\/types\/post"}],"author":[{"embeddable":true,"href":"https:\/\/elcotarro.com\/index.php?rest_route=\/wp\/v2\/users\/2"}],"replies":[{"embeddable":true,"href":"https:\/\/elcotarro.com\/index.php?rest_route=%2Fwp%2Fv2%2Fcomments&post=3947"}],"version-history":[{"count":1,"href":"https:\/\/elcotarro.com\/index.php?rest_route=\/wp\/v2\/posts\/3947\/revisions"}],"predecessor-version":[{"id":3949,"href":"https:\/\/elcotarro.com\/index.php?rest_route=\/wp\/v2\/posts\/3947\/revisions\/3949"}],"wp:attachment":[{"href":"https:\/\/elcotarro.com\/index.php?rest_route=%2Fwp%2Fv2%2Fmedia&parent=3947"}],"wp:term":[{"taxonomy":"category","embeddable":true,"href":"https:\/\/elcotarro.com\/index.php?rest_route=%2Fwp%2Fv2%2Fcategories&post=3947"},{"taxonomy":"post_tag","embeddable":true,"href":"https:\/\/elcotarro.com\/index.php?rest_route=%2Fwp%2Fv2%2Ftags&post=3947"}],"curies":[{"name":"wp","href":"https:\/\/api.w.org\/{rel}","templated":true}]}}