{"id":3953,"date":"2017-04-02T11:01:49","date_gmt":"2017-04-02T10:01:49","guid":{"rendered":"https:\/\/elcotarro.com\/?p=3953"},"modified":"2017-04-02T09:43:47","modified_gmt":"2017-04-02T08:43:47","slug":"de-moda-con-podemos","status":"publish","type":"post","link":"https:\/\/elcotarro.com\/?p=3953","title":{"rendered":"DE MODA CON PODEMOS"},"content":{"rendered":"<p>Aunque tengo entendido (igual me equivoco) que los pol\u00edticos de Podemos no suelen prodigarse en actos como desfiles o espect\u00e1culos de moda, lo cierto es que, por lo que se ve, no han podido resistirse al gran \u201cferi\u00f3n\u201d que ha logrado hacerse realidad y que, hasta hoy mismo, puede verse en el Recinto Ferial de Tenerife. Me refiero a la II\u2008Feria Internacional de la Moda de Tenerife, impulsada por su \u201calma p\u00e1ter\u201d,\u2008<strong>Efra\u00edn Medina<\/strong>. En el acto inaugural el presidente <strong>Carlos Alonso<\/strong> logr\u00f3 que una elegante consejera de Podemos, <strong>Milagros De la Rosa Hormiga<\/strong>, posase al lado de su compa\u00f1era de cabildo, la consejera de Coalici\u00f3n, <strong>Carmen Delia Herrera<\/strong>, el propio <strong>Efra\u00edn Medina<\/strong> y otros personajes populares como los que pueden ver en la foto (tambi\u00e9n exclusiva) que he podido conseguir. Si se fijan bien, es entra\u00f1able y hasta reconfortante ver a <strong>Carlos Alonso<\/strong> de manita con <strong>Milagros De la Rosa<\/strong>. O sea que, juntos de la mano, Podemos y Coalici\u00f3n Canaria, trabajando para y por Tenerife. Y es que, \u00a1mi rey!, lo que no se proponga y consiga <strong>Efra\u00edn Medina<\/strong>&#8230;<\/p>\n<p style=\"text-align: center\"><a href=\"https:\/\/elcotarro.com\/wp-content\/uploads\/2017\/04\/FOTO-5.-TENERIFE-MODA.jpg\"><img loading=\"lazy\" decoding=\"async\" class=\"alignnone size-full wp-image-3954\" src=\"https:\/\/elcotarro.com\/wp-content\/uploads\/2017\/04\/FOTO-5.-TENERIFE-MODA.jpg\" alt=\"FOTO 5.- TENERIFE MODA\" width=\"1599\" height=\"1066\" srcset=\"https:\/\/elcotarro.com\/wp-content\/uploads\/2017\/04\/FOTO-5.-TENERIFE-MODA.jpg 1599w, https:\/\/elcotarro.com\/wp-content\/uploads\/2017\/04\/FOTO-5.-TENERIFE-MODA-300x200.jpg 300w, https:\/\/elcotarro.com\/wp-content\/uploads\/2017\/04\/FOTO-5.-TENERIFE-MODA-1024x683.jpg 1024w\" sizes=\"auto, (max-width: 1599px) 100vw, 1599px\" \/><\/a><\/p>\n<p style=\"text-align: center\"><em>\u00c1lvaro Hern\u00e1ndez (Bloguero), Carmen Delia Herrera (CC) Milagros De la Rosa (Podemos), Carlos Alonso, Pablo Sicilia (ex-jugador del Tete) y Efra\u00edn Medina.<\/em><\/p>\n<p style=\"text-align: center\"><a href=\"http:\/\/www.careca.es\/\" target=\"_blank\"><img loading=\"lazy\" decoding=\"async\" class=\"size-full wp-image-2216 aligncenter\" src=\"https:\/\/elcotarro.com\/wp-content\/uploads\/2016\/07\/InsulacafeElCotarro.jpg\" alt=\"Bnn_Careca\" width=\"750\" height=\"150\" \/><\/a><\/p>\n","protected":false},"excerpt":{"rendered":"<p>Aunque tengo entendido (igual me equivoco) que los pol\u00edticos de Podemos no suelen prodigarse en actos como desfiles o espect\u00e1culos de moda, lo cierto es que, por lo que se ve, no han podido resistirse al gran \u201cferi\u00f3n\u201d que ha logrado hacerse realidad y que, hasta hoy mismo, puede verse en el Recinto Ferial de &#8230; <a class=\"read-more\" href=\"https:\/\/elcotarro.com\/?p=3953\">Read more<\/a><\/p>\n","protected":false},"author":2,"featured_media":0,"comment_status":"open","ping_status":"open","sticky":false,"template":"","format":"standard","meta":{"_jetpack_memberships_contains_paid_content":false,"footnotes":""},"categories":[1],"tags":[],"class_list":["post-3953","post","type-post","status-publish","format-standard","hentry","category-sin-categoria"],"yoast_head":"<!-- This site is optimized with the Yoast SEO plugin v27.0 - https:\/\/yoast.com\/product\/yoast-seo-wordpress\/ -->\n<title>DE MODA CON PODEMOS - El Cotarro<\/title>\n<meta name=\"robots\" content=\"index, follow, max-snippet:-1, max-image-preview:large, max-video-preview:-1\" \/>\n<link rel=\"canonical\" href=\"https:\/\/elcotarro.com\/?p=3953\" \/>\n<meta property=\"og:locale\" content=\"es_ES\" \/>\n<meta property=\"og:type\" content=\"article\" \/>\n<meta property=\"og:title\" content=\"DE MODA CON PODEMOS - El Cotarro\" \/>\n<meta property=\"og:description\" content=\"Aunque tengo entendido (igual me equivoco) que los pol\u00edticos de Podemos no suelen prodigarse en actos como desfiles o espect\u00e1culos de moda, lo cierto es que, por lo que se ve, no han podido resistirse al gran \u201cferi\u00f3n\u201d que ha logrado hacerse realidad y que, hasta hoy mismo, puede verse en el Recinto Ferial de ... Read more\" \/>\n<meta property=\"og:url\" content=\"https:\/\/elcotarro.com\/?p=3953\" \/>\n<meta property=\"og:site_name\" content=\"El Cotarro\" \/>\n<meta property=\"article:publisher\" content=\"https:\/\/www.facebook.com\/ElCotarro.Tenerife\" \/>\n<meta property=\"article:published_time\" content=\"2017-04-02T10:01:49+00:00\" \/>\n<meta property=\"og:image\" content=\"https:\/\/elcotarro.com\/wp-content\/uploads\/2017\/04\/FOTO-5.-TENERIFE-MODA.jpg\" \/>\n<meta name=\"author\" content=\"Jos\u00e9 Carlos Marrero Gonz\u00e1lez\" \/>\n<meta name=\"twitter:label1\" content=\"Escrito por\" \/>\n\t<meta name=\"twitter:data1\" content=\"Jos\u00e9 Carlos Marrero Gonz\u00e1lez\" \/>\n\t<meta name=\"twitter:label2\" content=\"Tiempo de lectura\" \/>\n\t<meta name=\"twitter:data2\" content=\"1 minuto\" \/>\n<script type=\"application\/ld+json\" class=\"yoast-schema-graph\">{\"@context\":\"https:\/\/schema.org\",\"@graph\":[{\"@type\":\"Article\",\"@id\":\"https:\/\/elcotarro.com\/?p=3953#article\",\"isPartOf\":{\"@id\":\"https:\/\/elcotarro.com\/?p=3953\"},\"author\":{\"name\":\"Jos\u00e9 Carlos Marrero Gonz\u00e1lez\",\"@id\":\"https:\/\/elcotarro.com\/#\/schema\/person\/af537ee7d60d15984c7e0affcd8a918b\"},\"headline\":\"DE MODA CON PODEMOS\",\"datePublished\":\"2017-04-02T10:01:49+00:00\",\"mainEntityOfPage\":{\"@id\":\"https:\/\/elcotarro.com\/?p=3953\"},\"wordCount\":222,\"commentCount\":0,\"publisher\":{\"@id\":\"https:\/\/elcotarro.com\/#organization\"},\"image\":{\"@id\":\"https:\/\/elcotarro.com\/?p=3953#primaryimage\"},\"thumbnailUrl\":\"https:\/\/elcotarro.com\/wp-content\/uploads\/2017\/04\/FOTO-5.-TENERIFE-MODA.jpg\",\"inLanguage\":\"es\",\"potentialAction\":[{\"@type\":\"CommentAction\",\"name\":\"Comment\",\"target\":[\"https:\/\/elcotarro.com\/?p=3953#respond\"]}]},{\"@type\":\"WebPage\",\"@id\":\"https:\/\/elcotarro.com\/?p=3953\",\"url\":\"https:\/\/elcotarro.com\/?p=3953\",\"name\":\"DE MODA CON PODEMOS - El Cotarro\",\"isPartOf\":{\"@id\":\"https:\/\/elcotarro.com\/#website\"},\"primaryImageOfPage\":{\"@id\":\"https:\/\/elcotarro.com\/?p=3953#primaryimage\"},\"image\":{\"@id\":\"https:\/\/elcotarro.com\/?p=3953#primaryimage\"},\"thumbnailUrl\":\"https:\/\/elcotarro.com\/wp-content\/uploads\/2017\/04\/FOTO-5.-TENERIFE-MODA.jpg\",\"datePublished\":\"2017-04-02T10:01:49+00:00\",\"breadcrumb\":{\"@id\":\"https:\/\/elcotarro.com\/?p=3953#breadcrumb\"},\"inLanguage\":\"es\",\"potentialAction\":[{\"@type\":\"ReadAction\",\"target\":[\"https:\/\/elcotarro.com\/?p=3953\"]}]},{\"@type\":\"ImageObject\",\"inLanguage\":\"es\",\"@id\":\"https:\/\/elcotarro.com\/?p=3953#primaryimage\",\"url\":\"https:\/\/elcotarro.com\/wp-content\/uploads\/2017\/04\/FOTO-5.-TENERIFE-MODA.jpg\",\"contentUrl\":\"https:\/\/elcotarro.com\/wp-content\/uploads\/2017\/04\/FOTO-5.-TENERIFE-MODA.jpg\",\"width\":1599,\"height\":1066},{\"@type\":\"BreadcrumbList\",\"@id\":\"https:\/\/elcotarro.com\/?p=3953#breadcrumb\",\"itemListElement\":[{\"@type\":\"ListItem\",\"position\":1,\"name\":\"Portada\",\"item\":\"https:\/\/elcotarro.com\/\"},{\"@type\":\"ListItem\",\"position\":2,\"name\":\"DE MODA CON PODEMOS\"}]},{\"@type\":\"WebSite\",\"@id\":\"https:\/\/elcotarro.com\/#website\",\"url\":\"https:\/\/elcotarro.com\/\",\"name\":\"El Cotarro\",\"description\":\"Peri\u00f3dico Digital Independiente dirigido por Jos\u00e9 Carlos Marrero\",\"publisher\":{\"@id\":\"https:\/\/elcotarro.com\/#organization\"},\"potentialAction\":[{\"@type\":\"SearchAction\",\"target\":{\"@type\":\"EntryPoint\",\"urlTemplate\":\"https:\/\/elcotarro.com\/?s={search_term_string}\"},\"query-input\":{\"@type\":\"PropertyValueSpecification\",\"valueRequired\":true,\"valueName\":\"search_term_string\"}}],\"inLanguage\":\"es\"},{\"@type\":\"Organization\",\"@id\":\"https:\/\/elcotarro.com\/#organization\",\"name\":\"El Cotarro\",\"url\":\"https:\/\/elcotarro.com\/\",\"logo\":{\"@type\":\"ImageObject\",\"inLanguage\":\"es\",\"@id\":\"https:\/\/elcotarro.com\/#\/schema\/logo\/image\/\",\"url\":\"https:\/\/elcotarro.com\/wp-content\/uploads\/2014\/09\/Cabecera_El_Cotarro_v2.jpg\",\"contentUrl\":\"https:\/\/elcotarro.com\/wp-content\/uploads\/2014\/09\/Cabecera_El_Cotarro_v2.jpg\",\"width\":3540,\"height\":441,\"caption\":\"El Cotarro\"},\"image\":{\"@id\":\"https:\/\/elcotarro.com\/#\/schema\/logo\/image\/\"},\"sameAs\":[\"https:\/\/www.facebook.com\/ElCotarro.Tenerife\"]},{\"@type\":\"Person\",\"@id\":\"https:\/\/elcotarro.com\/#\/schema\/person\/af537ee7d60d15984c7e0affcd8a918b\",\"name\":\"Jos\u00e9 Carlos Marrero Gonz\u00e1lez\",\"image\":{\"@type\":\"ImageObject\",\"inLanguage\":\"es\",\"@id\":\"https:\/\/elcotarro.com\/#\/schema\/person\/image\/\",\"url\":\"https:\/\/secure.gravatar.com\/avatar\/def4da036efb5d32c74d49c351f6dccc064dd69ad9f3aadc295c5a9a5391ca01?s=96&d=mm&r=g\",\"contentUrl\":\"https:\/\/secure.gravatar.com\/avatar\/def4da036efb5d32c74d49c351f6dccc064dd69ad9f3aadc295c5a9a5391ca01?s=96&d=mm&r=g\",\"caption\":\"Jos\u00e9 Carlos Marrero Gonz\u00e1lez\"},\"sameAs\":[\"https:\/\/elcotarro.com\"],\"url\":\"https:\/\/elcotarro.com\/?author=2\"}]}<\/script>\n<!-- \/ Yoast SEO plugin. -->","yoast_head_json":{"title":"DE MODA CON PODEMOS - El Cotarro","robots":{"index":"index","follow":"follow","max-snippet":"max-snippet:-1","max-image-preview":"max-image-preview:large","max-video-preview":"max-video-preview:-1"},"canonical":"https:\/\/elcotarro.com\/?p=3953","og_locale":"es_ES","og_type":"article","og_title":"DE MODA CON PODEMOS - El Cotarro","og_description":"Aunque tengo entendido (igual me equivoco) que los pol\u00edticos de Podemos no suelen prodigarse en actos como desfiles o espect\u00e1culos de moda, lo cierto es que, por lo que se ve, no han podido resistirse al gran \u201cferi\u00f3n\u201d que ha logrado hacerse realidad y que, hasta hoy mismo, puede verse en el Recinto Ferial de ... Read more","og_url":"https:\/\/elcotarro.com\/?p=3953","og_site_name":"El Cotarro","article_publisher":"https:\/\/www.facebook.com\/ElCotarro.Tenerife","article_published_time":"2017-04-02T10:01:49+00:00","og_image":[{"url":"https:\/\/elcotarro.com\/wp-content\/uploads\/2017\/04\/FOTO-5.-TENERIFE-MODA.jpg","type":"","width":"","height":""}],"author":"Jos\u00e9 Carlos Marrero Gonz\u00e1lez","twitter_misc":{"Escrito por":"Jos\u00e9 Carlos Marrero Gonz\u00e1lez","Tiempo de lectura":"1 minuto"},"schema":{"@context":"https:\/\/schema.org","@graph":[{"@type":"Article","@id":"https:\/\/elcotarro.com\/?p=3953#article","isPartOf":{"@id":"https:\/\/elcotarro.com\/?p=3953"},"author":{"name":"Jos\u00e9 Carlos Marrero Gonz\u00e1lez","@id":"https:\/\/elcotarro.com\/#\/schema\/person\/af537ee7d60d15984c7e0affcd8a918b"},"headline":"DE MODA CON PODEMOS","datePublished":"2017-04-02T10:01:49+00:00","mainEntityOfPage":{"@id":"https:\/\/elcotarro.com\/?p=3953"},"wordCount":222,"commentCount":0,"publisher":{"@id":"https:\/\/elcotarro.com\/#organization"},"image":{"@id":"https:\/\/elcotarro.com\/?p=3953#primaryimage"},"thumbnailUrl":"https:\/\/elcotarro.com\/wp-content\/uploads\/2017\/04\/FOTO-5.-TENERIFE-MODA.jpg","inLanguage":"es","potentialAction":[{"@type":"CommentAction","name":"Comment","target":["https:\/\/elcotarro.com\/?p=3953#respond"]}]},{"@type":"WebPage","@id":"https:\/\/elcotarro.com\/?p=3953","url":"https:\/\/elcotarro.com\/?p=3953","name":"DE MODA CON PODEMOS - El Cotarro","isPartOf":{"@id":"https:\/\/elcotarro.com\/#website"},"primaryImageOfPage":{"@id":"https:\/\/elcotarro.com\/?p=3953#primaryimage"},"image":{"@id":"https:\/\/elcotarro.com\/?p=3953#primaryimage"},"thumbnailUrl":"https:\/\/elcotarro.com\/wp-content\/uploads\/2017\/04\/FOTO-5.-TENERIFE-MODA.jpg","datePublished":"2017-04-02T10:01:49+00:00","breadcrumb":{"@id":"https:\/\/elcotarro.com\/?p=3953#breadcrumb"},"inLanguage":"es","potentialAction":[{"@type":"ReadAction","target":["https:\/\/elcotarro.com\/?p=3953"]}]},{"@type":"ImageObject","inLanguage":"es","@id":"https:\/\/elcotarro.com\/?p=3953#primaryimage","url":"https:\/\/elcotarro.com\/wp-content\/uploads\/2017\/04\/FOTO-5.-TENERIFE-MODA.jpg","contentUrl":"https:\/\/elcotarro.com\/wp-content\/uploads\/2017\/04\/FOTO-5.-TENERIFE-MODA.jpg","width":1599,"height":1066},{"@type":"BreadcrumbList","@id":"https:\/\/elcotarro.com\/?p=3953#breadcrumb","itemListElement":[{"@type":"ListItem","position":1,"name":"Portada","item":"https:\/\/elcotarro.com\/"},{"@type":"ListItem","position":2,"name":"DE MODA CON PODEMOS"}]},{"@type":"WebSite","@id":"https:\/\/elcotarro.com\/#website","url":"https:\/\/elcotarro.com\/","name":"El Cotarro","description":"Peri\u00f3dico Digital Independiente dirigido por Jos\u00e9 Carlos Marrero","publisher":{"@id":"https:\/\/elcotarro.com\/#organization"},"potentialAction":[{"@type":"SearchAction","target":{"@type":"EntryPoint","urlTemplate":"https:\/\/elcotarro.com\/?s={search_term_string}"},"query-input":{"@type":"PropertyValueSpecification","valueRequired":true,"valueName":"search_term_string"}}],"inLanguage":"es"},{"@type":"Organization","@id":"https:\/\/elcotarro.com\/#organization","name":"El Cotarro","url":"https:\/\/elcotarro.com\/","logo":{"@type":"ImageObject","inLanguage":"es","@id":"https:\/\/elcotarro.com\/#\/schema\/logo\/image\/","url":"https:\/\/elcotarro.com\/wp-content\/uploads\/2014\/09\/Cabecera_El_Cotarro_v2.jpg","contentUrl":"https:\/\/elcotarro.com\/wp-content\/uploads\/2014\/09\/Cabecera_El_Cotarro_v2.jpg","width":3540,"height":441,"caption":"El Cotarro"},"image":{"@id":"https:\/\/elcotarro.com\/#\/schema\/logo\/image\/"},"sameAs":["https:\/\/www.facebook.com\/ElCotarro.Tenerife"]},{"@type":"Person","@id":"https:\/\/elcotarro.com\/#\/schema\/person\/af537ee7d60d15984c7e0affcd8a918b","name":"Jos\u00e9 Carlos Marrero Gonz\u00e1lez","image":{"@type":"ImageObject","inLanguage":"es","@id":"https:\/\/elcotarro.com\/#\/schema\/person\/image\/","url":"https:\/\/secure.gravatar.com\/avatar\/def4da036efb5d32c74d49c351f6dccc064dd69ad9f3aadc295c5a9a5391ca01?s=96&d=mm&r=g","contentUrl":"https:\/\/secure.gravatar.com\/avatar\/def4da036efb5d32c74d49c351f6dccc064dd69ad9f3aadc295c5a9a5391ca01?s=96&d=mm&r=g","caption":"Jos\u00e9 Carlos Marrero Gonz\u00e1lez"},"sameAs":["https:\/\/elcotarro.com"],"url":"https:\/\/elcotarro.com\/?author=2"}]}},"jetpack_featured_media_url":"","jetpack_sharing_enabled":true,"_links":{"self":[{"href":"https:\/\/elcotarro.com\/index.php?rest_route=\/wp\/v2\/posts\/3953","targetHints":{"allow":["GET"]}}],"collection":[{"href":"https:\/\/elcotarro.com\/index.php?rest_route=\/wp\/v2\/posts"}],"about":[{"href":"https:\/\/elcotarro.com\/index.php?rest_route=\/wp\/v2\/types\/post"}],"author":[{"embeddable":true,"href":"https:\/\/elcotarro.com\/index.php?rest_route=\/wp\/v2\/users\/2"}],"replies":[{"embeddable":true,"href":"https:\/\/elcotarro.com\/index.php?rest_route=%2Fwp%2Fv2%2Fcomments&post=3953"}],"version-history":[{"count":1,"href":"https:\/\/elcotarro.com\/index.php?rest_route=\/wp\/v2\/posts\/3953\/revisions"}],"predecessor-version":[{"id":3955,"href":"https:\/\/elcotarro.com\/index.php?rest_route=\/wp\/v2\/posts\/3953\/revisions\/3955"}],"wp:attachment":[{"href":"https:\/\/elcotarro.com\/index.php?rest_route=%2Fwp%2Fv2%2Fmedia&parent=3953"}],"wp:term":[{"taxonomy":"category","embeddable":true,"href":"https:\/\/elcotarro.com\/index.php?rest_route=%2Fwp%2Fv2%2Fcategories&post=3953"},{"taxonomy":"post_tag","embeddable":true,"href":"https:\/\/elcotarro.com\/index.php?rest_route=%2Fwp%2Fv2%2Ftags&post=3953"}],"curies":[{"name":"wp","href":"https:\/\/api.w.org\/{rel}","templated":true}]}}