{"id":3964,"date":"2017-04-09T11:04:05","date_gmt":"2017-04-09T10:04:05","guid":{"rendered":"https:\/\/elcotarro.com\/?p=3964"},"modified":"2017-04-09T10:31:16","modified_gmt":"2017-04-09T09:31:16","slug":"brindis-apuesta-por-la-d-o-tenerife","status":"publish","type":"post","link":"https:\/\/elcotarro.com\/?p=3964","title":{"rendered":"BRINDIS-APUESTA POR LA D.O. TENERIFE"},"content":{"rendered":"<p>Todos le cantaron el cumplea\u00f1os feliz a la D.O. Tacoronte, cuyo consejo preside actualmente el bodeguero Esteban Reyes y que tiene como gerente a la puntal Mary Paz Gil. Entre todos convirtieron a nuestra isla por unos d\u00edas en la capital espa\u00f1ola de la vid y el vino. Pero hubo m\u00e1s\u2026 El cumplea\u00f1os de Tacoronte-Acentejo sirvi\u00f3 para reunir a mucha gente del sector y, desde el respeto m\u00e1s absoluto a la autonom\u00eda de dicha veterana D.O. y a las cuatro restantes de nuestra isla (Valle de La Orotava, Abona, Ycoden-Daute-Isora y Valle de G\u00fc\u00edmar) la celebraci\u00f3n sirvi\u00f3 tambi\u00e9n para brindar por todos los vinos de Tenerife y para apostar por la nueva D.O.P. Tenerife por la que est\u00e1 luchando el Cabildo Insular con <strong>Carlos Alonso<\/strong> al frente y con <strong>Jes\u00fas Morales Mart\u00ednez<\/strong> (Consejero insular de Agricultura, Ganader\u00eda y Pesca) como motor del proyecto.<\/p>\n<p style=\"text-align: center\"><a href=\"https:\/\/elcotarro.com\/wp-content\/uploads\/2017\/04\/FOTO-2.-BRINDIS-POR-TENERIFE.jpg\"><img loading=\"lazy\" decoding=\"async\" class=\"alignnone size-full wp-image-3965\" src=\"https:\/\/elcotarro.com\/wp-content\/uploads\/2017\/04\/FOTO-2.-BRINDIS-POR-TENERIFE.jpg\" alt=\"FOTO 2.- BRINDIS POR TENERIFE\" width=\"1331\" height=\"998\" srcset=\"https:\/\/elcotarro.com\/wp-content\/uploads\/2017\/04\/FOTO-2.-BRINDIS-POR-TENERIFE.jpg 1331w, https:\/\/elcotarro.com\/wp-content\/uploads\/2017\/04\/FOTO-2.-BRINDIS-POR-TENERIFE-300x225.jpg 300w, https:\/\/elcotarro.com\/wp-content\/uploads\/2017\/04\/FOTO-2.-BRINDIS-POR-TENERIFE-1024x768.jpg 1024w\" sizes=\"auto, (max-width: 1331px) 100vw, 1331px\" \/><\/a><\/p>\n<p style=\"text-align: center\"><em>De izquierda a derecha: \u00c1lvaro D\u00e1vila (alcalde de Tacoronte), Jos\u00e9 Alberto D\u00edaz (Alcalde de La Laguna), Carlos Alonso, David Palacios (presidente de la CECRV), Haroldo Mart\u00edn (Alcalde de La Victoria), Jes\u00fas Morales, Esteban Reyes, Mariano P\u00e9rez (Alcalde de El Sauzal) y Jos\u00e9 D\u00edaz-Flores (director general del ICCA) todos brindando con vino de Tenerife y apostando por el \u201cTenerife Wine\u201d<\/em><\/p>\n","protected":false},"excerpt":{"rendered":"<p>Todos le cantaron el cumplea\u00f1os feliz a la D.O. Tacoronte, cuyo consejo preside actualmente el bodeguero Esteban Reyes y que tiene como gerente a la puntal Mary Paz Gil. Entre todos convirtieron a nuestra isla por unos d\u00edas en la capital espa\u00f1ola de la vid y el vino. Pero hubo m\u00e1s\u2026 El cumplea\u00f1os de Tacoronte-Acentejo &#8230; <a class=\"read-more\" href=\"https:\/\/elcotarro.com\/?p=3964\">Read more<\/a><\/p>\n","protected":false},"author":2,"featured_media":0,"comment_status":"open","ping_status":"open","sticky":false,"template":"","format":"standard","meta":{"_jetpack_memberships_contains_paid_content":false,"footnotes":""},"categories":[1],"tags":[],"class_list":["post-3964","post","type-post","status-publish","format-standard","hentry","category-sin-categoria"],"yoast_head":"<!-- This site is optimized with the Yoast SEO plugin v27.0 - https:\/\/yoast.com\/product\/yoast-seo-wordpress\/ -->\n<title>BRINDIS-APUESTA POR LA D.O. TENERIFE - El Cotarro<\/title>\n<meta name=\"robots\" content=\"index, follow, max-snippet:-1, max-image-preview:large, max-video-preview:-1\" \/>\n<link rel=\"canonical\" href=\"https:\/\/elcotarro.com\/?p=3964\" \/>\n<meta property=\"og:locale\" content=\"es_ES\" \/>\n<meta property=\"og:type\" content=\"article\" \/>\n<meta property=\"og:title\" content=\"BRINDIS-APUESTA POR LA D.O. TENERIFE - El Cotarro\" \/>\n<meta property=\"og:description\" content=\"Todos le cantaron el cumplea\u00f1os feliz a la D.O. Tacoronte, cuyo consejo preside actualmente el bodeguero Esteban Reyes y que tiene como gerente a la puntal Mary Paz Gil. Entre todos convirtieron a nuestra isla por unos d\u00edas en la capital espa\u00f1ola de la vid y el vino. Pero hubo m\u00e1s\u2026 El cumplea\u00f1os de Tacoronte-Acentejo ... Read more\" \/>\n<meta property=\"og:url\" content=\"https:\/\/elcotarro.com\/?p=3964\" \/>\n<meta property=\"og:site_name\" content=\"El Cotarro\" \/>\n<meta property=\"article:publisher\" content=\"https:\/\/www.facebook.com\/ElCotarro.Tenerife\" \/>\n<meta property=\"article:published_time\" content=\"2017-04-09T10:04:05+00:00\" \/>\n<meta property=\"og:image\" content=\"https:\/\/elcotarro.com\/wp-content\/uploads\/2017\/04\/FOTO-2.-BRINDIS-POR-TENERIFE.jpg\" \/>\n<meta name=\"author\" content=\"Jos\u00e9 Carlos Marrero Gonz\u00e1lez\" \/>\n<meta name=\"twitter:label1\" content=\"Escrito por\" \/>\n\t<meta name=\"twitter:data1\" content=\"Jos\u00e9 Carlos Marrero Gonz\u00e1lez\" \/>\n\t<meta name=\"twitter:label2\" content=\"Tiempo de lectura\" \/>\n\t<meta name=\"twitter:data2\" content=\"1 minuto\" \/>\n<script type=\"application\/ld+json\" class=\"yoast-schema-graph\">{\"@context\":\"https:\/\/schema.org\",\"@graph\":[{\"@type\":\"Article\",\"@id\":\"https:\/\/elcotarro.com\/?p=3964#article\",\"isPartOf\":{\"@id\":\"https:\/\/elcotarro.com\/?p=3964\"},\"author\":{\"name\":\"Jos\u00e9 Carlos Marrero Gonz\u00e1lez\",\"@id\":\"https:\/\/elcotarro.com\/#\/schema\/person\/af537ee7d60d15984c7e0affcd8a918b\"},\"headline\":\"BRINDIS-APUESTA POR LA D.O. TENERIFE\",\"datePublished\":\"2017-04-09T10:04:05+00:00\",\"mainEntityOfPage\":{\"@id\":\"https:\/\/elcotarro.com\/?p=3964\"},\"wordCount\":231,\"commentCount\":0,\"publisher\":{\"@id\":\"https:\/\/elcotarro.com\/#organization\"},\"image\":{\"@id\":\"https:\/\/elcotarro.com\/?p=3964#primaryimage\"},\"thumbnailUrl\":\"https:\/\/elcotarro.com\/wp-content\/uploads\/2017\/04\/FOTO-2.-BRINDIS-POR-TENERIFE.jpg\",\"inLanguage\":\"es\",\"potentialAction\":[{\"@type\":\"CommentAction\",\"name\":\"Comment\",\"target\":[\"https:\/\/elcotarro.com\/?p=3964#respond\"]}]},{\"@type\":\"WebPage\",\"@id\":\"https:\/\/elcotarro.com\/?p=3964\",\"url\":\"https:\/\/elcotarro.com\/?p=3964\",\"name\":\"BRINDIS-APUESTA POR LA D.O. TENERIFE - El Cotarro\",\"isPartOf\":{\"@id\":\"https:\/\/elcotarro.com\/#website\"},\"primaryImageOfPage\":{\"@id\":\"https:\/\/elcotarro.com\/?p=3964#primaryimage\"},\"image\":{\"@id\":\"https:\/\/elcotarro.com\/?p=3964#primaryimage\"},\"thumbnailUrl\":\"https:\/\/elcotarro.com\/wp-content\/uploads\/2017\/04\/FOTO-2.-BRINDIS-POR-TENERIFE.jpg\",\"datePublished\":\"2017-04-09T10:04:05+00:00\",\"breadcrumb\":{\"@id\":\"https:\/\/elcotarro.com\/?p=3964#breadcrumb\"},\"inLanguage\":\"es\",\"potentialAction\":[{\"@type\":\"ReadAction\",\"target\":[\"https:\/\/elcotarro.com\/?p=3964\"]}]},{\"@type\":\"ImageObject\",\"inLanguage\":\"es\",\"@id\":\"https:\/\/elcotarro.com\/?p=3964#primaryimage\",\"url\":\"https:\/\/elcotarro.com\/wp-content\/uploads\/2017\/04\/FOTO-2.-BRINDIS-POR-TENERIFE.jpg\",\"contentUrl\":\"https:\/\/elcotarro.com\/wp-content\/uploads\/2017\/04\/FOTO-2.-BRINDIS-POR-TENERIFE.jpg\",\"width\":1331,\"height\":998},{\"@type\":\"BreadcrumbList\",\"@id\":\"https:\/\/elcotarro.com\/?p=3964#breadcrumb\",\"itemListElement\":[{\"@type\":\"ListItem\",\"position\":1,\"name\":\"Portada\",\"item\":\"https:\/\/elcotarro.com\/\"},{\"@type\":\"ListItem\",\"position\":2,\"name\":\"BRINDIS-APUESTA POR LA D.O. TENERIFE\"}]},{\"@type\":\"WebSite\",\"@id\":\"https:\/\/elcotarro.com\/#website\",\"url\":\"https:\/\/elcotarro.com\/\",\"name\":\"El Cotarro\",\"description\":\"Peri\u00f3dico Digital Independiente dirigido por Jos\u00e9 Carlos Marrero\",\"publisher\":{\"@id\":\"https:\/\/elcotarro.com\/#organization\"},\"potentialAction\":[{\"@type\":\"SearchAction\",\"target\":{\"@type\":\"EntryPoint\",\"urlTemplate\":\"https:\/\/elcotarro.com\/?s={search_term_string}\"},\"query-input\":{\"@type\":\"PropertyValueSpecification\",\"valueRequired\":true,\"valueName\":\"search_term_string\"}}],\"inLanguage\":\"es\"},{\"@type\":\"Organization\",\"@id\":\"https:\/\/elcotarro.com\/#organization\",\"name\":\"El Cotarro\",\"url\":\"https:\/\/elcotarro.com\/\",\"logo\":{\"@type\":\"ImageObject\",\"inLanguage\":\"es\",\"@id\":\"https:\/\/elcotarro.com\/#\/schema\/logo\/image\/\",\"url\":\"https:\/\/elcotarro.com\/wp-content\/uploads\/2014\/09\/Cabecera_El_Cotarro_v2.jpg\",\"contentUrl\":\"https:\/\/elcotarro.com\/wp-content\/uploads\/2014\/09\/Cabecera_El_Cotarro_v2.jpg\",\"width\":3540,\"height\":441,\"caption\":\"El Cotarro\"},\"image\":{\"@id\":\"https:\/\/elcotarro.com\/#\/schema\/logo\/image\/\"},\"sameAs\":[\"https:\/\/www.facebook.com\/ElCotarro.Tenerife\"]},{\"@type\":\"Person\",\"@id\":\"https:\/\/elcotarro.com\/#\/schema\/person\/af537ee7d60d15984c7e0affcd8a918b\",\"name\":\"Jos\u00e9 Carlos Marrero Gonz\u00e1lez\",\"image\":{\"@type\":\"ImageObject\",\"inLanguage\":\"es\",\"@id\":\"https:\/\/elcotarro.com\/#\/schema\/person\/image\/\",\"url\":\"https:\/\/secure.gravatar.com\/avatar\/def4da036efb5d32c74d49c351f6dccc064dd69ad9f3aadc295c5a9a5391ca01?s=96&d=mm&r=g\",\"contentUrl\":\"https:\/\/secure.gravatar.com\/avatar\/def4da036efb5d32c74d49c351f6dccc064dd69ad9f3aadc295c5a9a5391ca01?s=96&d=mm&r=g\",\"caption\":\"Jos\u00e9 Carlos Marrero Gonz\u00e1lez\"},\"sameAs\":[\"https:\/\/elcotarro.com\"],\"url\":\"https:\/\/elcotarro.com\/?author=2\"}]}<\/script>\n<!-- \/ Yoast SEO plugin. -->","yoast_head_json":{"title":"BRINDIS-APUESTA POR LA D.O. TENERIFE - El Cotarro","robots":{"index":"index","follow":"follow","max-snippet":"max-snippet:-1","max-image-preview":"max-image-preview:large","max-video-preview":"max-video-preview:-1"},"canonical":"https:\/\/elcotarro.com\/?p=3964","og_locale":"es_ES","og_type":"article","og_title":"BRINDIS-APUESTA POR LA D.O. TENERIFE - El Cotarro","og_description":"Todos le cantaron el cumplea\u00f1os feliz a la D.O. Tacoronte, cuyo consejo preside actualmente el bodeguero Esteban Reyes y que tiene como gerente a la puntal Mary Paz Gil. Entre todos convirtieron a nuestra isla por unos d\u00edas en la capital espa\u00f1ola de la vid y el vino. Pero hubo m\u00e1s\u2026 El cumplea\u00f1os de Tacoronte-Acentejo ... Read more","og_url":"https:\/\/elcotarro.com\/?p=3964","og_site_name":"El Cotarro","article_publisher":"https:\/\/www.facebook.com\/ElCotarro.Tenerife","article_published_time":"2017-04-09T10:04:05+00:00","og_image":[{"url":"https:\/\/elcotarro.com\/wp-content\/uploads\/2017\/04\/FOTO-2.-BRINDIS-POR-TENERIFE.jpg","type":"","width":"","height":""}],"author":"Jos\u00e9 Carlos Marrero Gonz\u00e1lez","twitter_misc":{"Escrito por":"Jos\u00e9 Carlos Marrero Gonz\u00e1lez","Tiempo de lectura":"1 minuto"},"schema":{"@context":"https:\/\/schema.org","@graph":[{"@type":"Article","@id":"https:\/\/elcotarro.com\/?p=3964#article","isPartOf":{"@id":"https:\/\/elcotarro.com\/?p=3964"},"author":{"name":"Jos\u00e9 Carlos Marrero Gonz\u00e1lez","@id":"https:\/\/elcotarro.com\/#\/schema\/person\/af537ee7d60d15984c7e0affcd8a918b"},"headline":"BRINDIS-APUESTA POR LA D.O. TENERIFE","datePublished":"2017-04-09T10:04:05+00:00","mainEntityOfPage":{"@id":"https:\/\/elcotarro.com\/?p=3964"},"wordCount":231,"commentCount":0,"publisher":{"@id":"https:\/\/elcotarro.com\/#organization"},"image":{"@id":"https:\/\/elcotarro.com\/?p=3964#primaryimage"},"thumbnailUrl":"https:\/\/elcotarro.com\/wp-content\/uploads\/2017\/04\/FOTO-2.-BRINDIS-POR-TENERIFE.jpg","inLanguage":"es","potentialAction":[{"@type":"CommentAction","name":"Comment","target":["https:\/\/elcotarro.com\/?p=3964#respond"]}]},{"@type":"WebPage","@id":"https:\/\/elcotarro.com\/?p=3964","url":"https:\/\/elcotarro.com\/?p=3964","name":"BRINDIS-APUESTA POR LA D.O. TENERIFE - El Cotarro","isPartOf":{"@id":"https:\/\/elcotarro.com\/#website"},"primaryImageOfPage":{"@id":"https:\/\/elcotarro.com\/?p=3964#primaryimage"},"image":{"@id":"https:\/\/elcotarro.com\/?p=3964#primaryimage"},"thumbnailUrl":"https:\/\/elcotarro.com\/wp-content\/uploads\/2017\/04\/FOTO-2.-BRINDIS-POR-TENERIFE.jpg","datePublished":"2017-04-09T10:04:05+00:00","breadcrumb":{"@id":"https:\/\/elcotarro.com\/?p=3964#breadcrumb"},"inLanguage":"es","potentialAction":[{"@type":"ReadAction","target":["https:\/\/elcotarro.com\/?p=3964"]}]},{"@type":"ImageObject","inLanguage":"es","@id":"https:\/\/elcotarro.com\/?p=3964#primaryimage","url":"https:\/\/elcotarro.com\/wp-content\/uploads\/2017\/04\/FOTO-2.-BRINDIS-POR-TENERIFE.jpg","contentUrl":"https:\/\/elcotarro.com\/wp-content\/uploads\/2017\/04\/FOTO-2.-BRINDIS-POR-TENERIFE.jpg","width":1331,"height":998},{"@type":"BreadcrumbList","@id":"https:\/\/elcotarro.com\/?p=3964#breadcrumb","itemListElement":[{"@type":"ListItem","position":1,"name":"Portada","item":"https:\/\/elcotarro.com\/"},{"@type":"ListItem","position":2,"name":"BRINDIS-APUESTA POR LA D.O. TENERIFE"}]},{"@type":"WebSite","@id":"https:\/\/elcotarro.com\/#website","url":"https:\/\/elcotarro.com\/","name":"El Cotarro","description":"Peri\u00f3dico Digital Independiente dirigido por Jos\u00e9 Carlos Marrero","publisher":{"@id":"https:\/\/elcotarro.com\/#organization"},"potentialAction":[{"@type":"SearchAction","target":{"@type":"EntryPoint","urlTemplate":"https:\/\/elcotarro.com\/?s={search_term_string}"},"query-input":{"@type":"PropertyValueSpecification","valueRequired":true,"valueName":"search_term_string"}}],"inLanguage":"es"},{"@type":"Organization","@id":"https:\/\/elcotarro.com\/#organization","name":"El Cotarro","url":"https:\/\/elcotarro.com\/","logo":{"@type":"ImageObject","inLanguage":"es","@id":"https:\/\/elcotarro.com\/#\/schema\/logo\/image\/","url":"https:\/\/elcotarro.com\/wp-content\/uploads\/2014\/09\/Cabecera_El_Cotarro_v2.jpg","contentUrl":"https:\/\/elcotarro.com\/wp-content\/uploads\/2014\/09\/Cabecera_El_Cotarro_v2.jpg","width":3540,"height":441,"caption":"El Cotarro"},"image":{"@id":"https:\/\/elcotarro.com\/#\/schema\/logo\/image\/"},"sameAs":["https:\/\/www.facebook.com\/ElCotarro.Tenerife"]},{"@type":"Person","@id":"https:\/\/elcotarro.com\/#\/schema\/person\/af537ee7d60d15984c7e0affcd8a918b","name":"Jos\u00e9 Carlos Marrero Gonz\u00e1lez","image":{"@type":"ImageObject","inLanguage":"es","@id":"https:\/\/elcotarro.com\/#\/schema\/person\/image\/","url":"https:\/\/secure.gravatar.com\/avatar\/def4da036efb5d32c74d49c351f6dccc064dd69ad9f3aadc295c5a9a5391ca01?s=96&d=mm&r=g","contentUrl":"https:\/\/secure.gravatar.com\/avatar\/def4da036efb5d32c74d49c351f6dccc064dd69ad9f3aadc295c5a9a5391ca01?s=96&d=mm&r=g","caption":"Jos\u00e9 Carlos Marrero Gonz\u00e1lez"},"sameAs":["https:\/\/elcotarro.com"],"url":"https:\/\/elcotarro.com\/?author=2"}]}},"jetpack_featured_media_url":"","jetpack_sharing_enabled":true,"_links":{"self":[{"href":"https:\/\/elcotarro.com\/index.php?rest_route=\/wp\/v2\/posts\/3964","targetHints":{"allow":["GET"]}}],"collection":[{"href":"https:\/\/elcotarro.com\/index.php?rest_route=\/wp\/v2\/posts"}],"about":[{"href":"https:\/\/elcotarro.com\/index.php?rest_route=\/wp\/v2\/types\/post"}],"author":[{"embeddable":true,"href":"https:\/\/elcotarro.com\/index.php?rest_route=\/wp\/v2\/users\/2"}],"replies":[{"embeddable":true,"href":"https:\/\/elcotarro.com\/index.php?rest_route=%2Fwp%2Fv2%2Fcomments&post=3964"}],"version-history":[{"count":1,"href":"https:\/\/elcotarro.com\/index.php?rest_route=\/wp\/v2\/posts\/3964\/revisions"}],"predecessor-version":[{"id":3966,"href":"https:\/\/elcotarro.com\/index.php?rest_route=\/wp\/v2\/posts\/3964\/revisions\/3966"}],"wp:attachment":[{"href":"https:\/\/elcotarro.com\/index.php?rest_route=%2Fwp%2Fv2%2Fmedia&parent=3964"}],"wp:term":[{"taxonomy":"category","embeddable":true,"href":"https:\/\/elcotarro.com\/index.php?rest_route=%2Fwp%2Fv2%2Fcategories&post=3964"},{"taxonomy":"post_tag","embeddable":true,"href":"https:\/\/elcotarro.com\/index.php?rest_route=%2Fwp%2Fv2%2Ftags&post=3964"}],"curies":[{"name":"wp","href":"https:\/\/api.w.org\/{rel}","templated":true}]}}