{"id":3976,"date":"2017-04-09T11:00:10","date_gmt":"2017-04-09T10:00:10","guid":{"rendered":"https:\/\/elcotarro.com\/?p=3976"},"modified":"2017-04-09T10:36:18","modified_gmt":"2017-04-09T09:36:18","slug":"puede-cambiar-la-vida-de-un-chef","status":"publish","type":"post","link":"https:\/\/elcotarro.com\/?p=3976","title":{"rendered":"PUEDE CAMBIAR LA VIDA DE UN CHEF"},"content":{"rendered":"<p>Perm\u00edtanme que hoy termine haciendo un favor a todas las cocineras y cocineros de Canarias, record\u00e1ndoles que el pasado 1 de abril se abri\u00f3 el plazo de inscripci\u00f3n de los distintos campeonatos que se van a celebrar dentro de dicho 4\u00ba Sal\u00f3n Gastron\u00f3mico de Canarias. Entre ellos estar\u00e1 el 13\u00ba Campeonato Regional Absoluto de Cocineros de Canarias \u2013 Gran Premio Cabildo de Tenerife (que como he dicho gan\u00f3 el tinerfe\u00f1o <strong>Eduardo Dom\u00ednguez De Le\u00f3n)<\/strong>, el 6\u00ba Campeonato de Cortadores de Jam\u00f3n de Canarias &#8211; Gran Premio Montesano (que el a\u00f1o pasado gan\u00f3 el grancanario <strong>Carlos Lista Gonz\u00e1lez<\/strong>), el\u00a0 4\u00ba Campeonato de Bocadillos Canarios de Autor &#8211; Gran Premio Ingap\u00e1n Canarias (que el a\u00f1o pasado gan\u00f3 el paisano\u00a0 <strong>Andrea Ravasio<\/strong>), el 4\u00ba Campeonato de J\u00f3venes Cocineros de Canarias \u2013 Gran Premio Binter (que el a\u00f1o pasado gan\u00f3 el tinerfe\u00f1o <strong>Mois\u00e9s Alberto Amador Cruz<\/strong> (alumno del Hotel Escuela Santa Cruz, de HECANSA) porque este \u00faltimo campeonato est\u00e1\u00a0 reservado exclusivamente para el alumnado de los centros formativos de Cocina y Hosteler\u00eda que prestan su labor docente en Canarias) y el 2\u00ba Campeonato Regional Absoluto de Pasteler\u00eda de Canarias \u2013 Gran Premio Grupo Harinalia (que el a\u00f1o pasado en su primera edici\u00f3n gan\u00f3 la tinerfe\u00f1a <strong>Ana Cristina Garc\u00eda<\/strong>) y que ser\u00e1 el dulce \u201cbroche de oro\u201d al 4\u00ba Sal\u00f3n Gastron\u00f3mico. Adem\u00e1s, no hay que olvidarlo, cuatro campeonatos de bebidas y de cocteler\u00eda. \u00a1Ah\u00ed es nada!<\/p>\n<p style=\"text-align: center\"><a href=\"https:\/\/elcotarro.com\/wp-content\/uploads\/2017\/04\/FOTO-6.-PODIO-CHEFS-2016.jpg\"><img loading=\"lazy\" decoding=\"async\" class=\"alignnone size-full wp-image-3977\" src=\"https:\/\/elcotarro.com\/wp-content\/uploads\/2017\/04\/FOTO-6.-PODIO-CHEFS-2016.jpg\" alt=\"FOTO 6.- PODIO CHEFS 2016\" width=\"2500\" height=\"1669\" srcset=\"https:\/\/elcotarro.com\/wp-content\/uploads\/2017\/04\/FOTO-6.-PODIO-CHEFS-2016.jpg 2500w, https:\/\/elcotarro.com\/wp-content\/uploads\/2017\/04\/FOTO-6.-PODIO-CHEFS-2016-300x200.jpg 300w, https:\/\/elcotarro.com\/wp-content\/uploads\/2017\/04\/FOTO-6.-PODIO-CHEFS-2016-1024x684.jpg 1024w\" sizes=\"auto, (max-width: 2500px) 100vw, 2500px\" \/><\/a><\/p>\n<p style=\"text-align: center\"><em>Podio del 12\u00ba Campeonato Regional Absoluto de Cocineros de Canarias &#8211; GastroCanarias 2016. De izquierda a derecha: Joao Faraco\u2008(2\u00ba clasificado), Eduardo Dom\u00ednguez De Le\u00f3n (Campe\u00f3n), Abel Ferr\u00e1ndiz (3er. clasificado) y Eduardo Garc\u00eda (Mejor ayudante de Cocina) \u00a1Hoy todos triunfan en sus trabajos!<\/em><\/p>\n","protected":false},"excerpt":{"rendered":"<p>Perm\u00edtanme que hoy termine haciendo un favor a todas las cocineras y cocineros de Canarias, record\u00e1ndoles que el pasado 1 de abril se abri\u00f3 el plazo de inscripci\u00f3n de los distintos campeonatos que se van a celebrar dentro de dicho 4\u00ba Sal\u00f3n Gastron\u00f3mico de Canarias. Entre ellos estar\u00e1 el 13\u00ba Campeonato Regional Absoluto de Cocineros &#8230; <a class=\"read-more\" href=\"https:\/\/elcotarro.com\/?p=3976\">Read more<\/a><\/p>\n","protected":false},"author":2,"featured_media":0,"comment_status":"open","ping_status":"open","sticky":false,"template":"","format":"standard","meta":{"_jetpack_memberships_contains_paid_content":false,"footnotes":""},"categories":[1],"tags":[],"class_list":["post-3976","post","type-post","status-publish","format-standard","hentry","category-sin-categoria"],"yoast_head":"<!-- This site is optimized with the Yoast SEO plugin v27.0 - https:\/\/yoast.com\/product\/yoast-seo-wordpress\/ -->\n<title>PUEDE CAMBIAR LA VIDA DE UN CHEF - El Cotarro<\/title>\n<meta name=\"robots\" content=\"index, follow, max-snippet:-1, max-image-preview:large, max-video-preview:-1\" \/>\n<link rel=\"canonical\" href=\"https:\/\/elcotarro.com\/?p=3976\" \/>\n<meta property=\"og:locale\" content=\"es_ES\" \/>\n<meta property=\"og:type\" content=\"article\" \/>\n<meta property=\"og:title\" content=\"PUEDE CAMBIAR LA VIDA DE UN CHEF - El Cotarro\" \/>\n<meta property=\"og:description\" content=\"Perm\u00edtanme que hoy termine haciendo un favor a todas las cocineras y cocineros de Canarias, record\u00e1ndoles que el pasado 1 de abril se abri\u00f3 el plazo de inscripci\u00f3n de los distintos campeonatos que se van a celebrar dentro de dicho 4\u00ba Sal\u00f3n Gastron\u00f3mico de Canarias. Entre ellos estar\u00e1 el 13\u00ba Campeonato Regional Absoluto de Cocineros ... Read more\" \/>\n<meta property=\"og:url\" content=\"https:\/\/elcotarro.com\/?p=3976\" \/>\n<meta property=\"og:site_name\" content=\"El Cotarro\" \/>\n<meta property=\"article:publisher\" content=\"https:\/\/www.facebook.com\/ElCotarro.Tenerife\" \/>\n<meta property=\"article:published_time\" content=\"2017-04-09T10:00:10+00:00\" \/>\n<meta property=\"og:image\" content=\"https:\/\/elcotarro.com\/wp-content\/uploads\/2017\/04\/FOTO-6.-PODIO-CHEFS-2016.jpg\" \/>\n<meta name=\"author\" content=\"Jos\u00e9 Carlos Marrero Gonz\u00e1lez\" \/>\n<meta name=\"twitter:label1\" content=\"Escrito por\" \/>\n\t<meta name=\"twitter:data1\" content=\"Jos\u00e9 Carlos Marrero Gonz\u00e1lez\" \/>\n\t<meta name=\"twitter:label2\" content=\"Tiempo de lectura\" \/>\n\t<meta name=\"twitter:data2\" content=\"1 minuto\" \/>\n<script type=\"application\/ld+json\" class=\"yoast-schema-graph\">{\"@context\":\"https:\/\/schema.org\",\"@graph\":[{\"@type\":\"Article\",\"@id\":\"https:\/\/elcotarro.com\/?p=3976#article\",\"isPartOf\":{\"@id\":\"https:\/\/elcotarro.com\/?p=3976\"},\"author\":{\"name\":\"Jos\u00e9 Carlos Marrero Gonz\u00e1lez\",\"@id\":\"https:\/\/elcotarro.com\/#\/schema\/person\/af537ee7d60d15984c7e0affcd8a918b\"},\"headline\":\"PUEDE CAMBIAR LA VIDA DE UN CHEF\",\"datePublished\":\"2017-04-09T10:00:10+00:00\",\"mainEntityOfPage\":{\"@id\":\"https:\/\/elcotarro.com\/?p=3976\"},\"wordCount\":299,\"commentCount\":0,\"publisher\":{\"@id\":\"https:\/\/elcotarro.com\/#organization\"},\"image\":{\"@id\":\"https:\/\/elcotarro.com\/?p=3976#primaryimage\"},\"thumbnailUrl\":\"https:\/\/elcotarro.com\/wp-content\/uploads\/2017\/04\/FOTO-6.-PODIO-CHEFS-2016.jpg\",\"inLanguage\":\"es\",\"potentialAction\":[{\"@type\":\"CommentAction\",\"name\":\"Comment\",\"target\":[\"https:\/\/elcotarro.com\/?p=3976#respond\"]}]},{\"@type\":\"WebPage\",\"@id\":\"https:\/\/elcotarro.com\/?p=3976\",\"url\":\"https:\/\/elcotarro.com\/?p=3976\",\"name\":\"PUEDE CAMBIAR LA VIDA DE UN CHEF - El Cotarro\",\"isPartOf\":{\"@id\":\"https:\/\/elcotarro.com\/#website\"},\"primaryImageOfPage\":{\"@id\":\"https:\/\/elcotarro.com\/?p=3976#primaryimage\"},\"image\":{\"@id\":\"https:\/\/elcotarro.com\/?p=3976#primaryimage\"},\"thumbnailUrl\":\"https:\/\/elcotarro.com\/wp-content\/uploads\/2017\/04\/FOTO-6.-PODIO-CHEFS-2016.jpg\",\"datePublished\":\"2017-04-09T10:00:10+00:00\",\"breadcrumb\":{\"@id\":\"https:\/\/elcotarro.com\/?p=3976#breadcrumb\"},\"inLanguage\":\"es\",\"potentialAction\":[{\"@type\":\"ReadAction\",\"target\":[\"https:\/\/elcotarro.com\/?p=3976\"]}]},{\"@type\":\"ImageObject\",\"inLanguage\":\"es\",\"@id\":\"https:\/\/elcotarro.com\/?p=3976#primaryimage\",\"url\":\"https:\/\/elcotarro.com\/wp-content\/uploads\/2017\/04\/FOTO-6.-PODIO-CHEFS-2016.jpg\",\"contentUrl\":\"https:\/\/elcotarro.com\/wp-content\/uploads\/2017\/04\/FOTO-6.-PODIO-CHEFS-2016.jpg\",\"width\":2500,\"height\":1669},{\"@type\":\"BreadcrumbList\",\"@id\":\"https:\/\/elcotarro.com\/?p=3976#breadcrumb\",\"itemListElement\":[{\"@type\":\"ListItem\",\"position\":1,\"name\":\"Portada\",\"item\":\"https:\/\/elcotarro.com\/\"},{\"@type\":\"ListItem\",\"position\":2,\"name\":\"PUEDE CAMBIAR LA VIDA DE UN CHEF\"}]},{\"@type\":\"WebSite\",\"@id\":\"https:\/\/elcotarro.com\/#website\",\"url\":\"https:\/\/elcotarro.com\/\",\"name\":\"El Cotarro\",\"description\":\"Peri\u00f3dico Digital Independiente dirigido por Jos\u00e9 Carlos Marrero\",\"publisher\":{\"@id\":\"https:\/\/elcotarro.com\/#organization\"},\"potentialAction\":[{\"@type\":\"SearchAction\",\"target\":{\"@type\":\"EntryPoint\",\"urlTemplate\":\"https:\/\/elcotarro.com\/?s={search_term_string}\"},\"query-input\":{\"@type\":\"PropertyValueSpecification\",\"valueRequired\":true,\"valueName\":\"search_term_string\"}}],\"inLanguage\":\"es\"},{\"@type\":\"Organization\",\"@id\":\"https:\/\/elcotarro.com\/#organization\",\"name\":\"El Cotarro\",\"url\":\"https:\/\/elcotarro.com\/\",\"logo\":{\"@type\":\"ImageObject\",\"inLanguage\":\"es\",\"@id\":\"https:\/\/elcotarro.com\/#\/schema\/logo\/image\/\",\"url\":\"https:\/\/elcotarro.com\/wp-content\/uploads\/2014\/09\/Cabecera_El_Cotarro_v2.jpg\",\"contentUrl\":\"https:\/\/elcotarro.com\/wp-content\/uploads\/2014\/09\/Cabecera_El_Cotarro_v2.jpg\",\"width\":3540,\"height\":441,\"caption\":\"El Cotarro\"},\"image\":{\"@id\":\"https:\/\/elcotarro.com\/#\/schema\/logo\/image\/\"},\"sameAs\":[\"https:\/\/www.facebook.com\/ElCotarro.Tenerife\"]},{\"@type\":\"Person\",\"@id\":\"https:\/\/elcotarro.com\/#\/schema\/person\/af537ee7d60d15984c7e0affcd8a918b\",\"name\":\"Jos\u00e9 Carlos Marrero Gonz\u00e1lez\",\"image\":{\"@type\":\"ImageObject\",\"inLanguage\":\"es\",\"@id\":\"https:\/\/elcotarro.com\/#\/schema\/person\/image\/\",\"url\":\"https:\/\/secure.gravatar.com\/avatar\/def4da036efb5d32c74d49c351f6dccc064dd69ad9f3aadc295c5a9a5391ca01?s=96&d=mm&r=g\",\"contentUrl\":\"https:\/\/secure.gravatar.com\/avatar\/def4da036efb5d32c74d49c351f6dccc064dd69ad9f3aadc295c5a9a5391ca01?s=96&d=mm&r=g\",\"caption\":\"Jos\u00e9 Carlos Marrero Gonz\u00e1lez\"},\"sameAs\":[\"https:\/\/elcotarro.com\"],\"url\":\"https:\/\/elcotarro.com\/?author=2\"}]}<\/script>\n<!-- \/ Yoast SEO plugin. -->","yoast_head_json":{"title":"PUEDE CAMBIAR LA VIDA DE UN CHEF - El Cotarro","robots":{"index":"index","follow":"follow","max-snippet":"max-snippet:-1","max-image-preview":"max-image-preview:large","max-video-preview":"max-video-preview:-1"},"canonical":"https:\/\/elcotarro.com\/?p=3976","og_locale":"es_ES","og_type":"article","og_title":"PUEDE CAMBIAR LA VIDA DE UN CHEF - El Cotarro","og_description":"Perm\u00edtanme que hoy termine haciendo un favor a todas las cocineras y cocineros de Canarias, record\u00e1ndoles que el pasado 1 de abril se abri\u00f3 el plazo de inscripci\u00f3n de los distintos campeonatos que se van a celebrar dentro de dicho 4\u00ba Sal\u00f3n Gastron\u00f3mico de Canarias. Entre ellos estar\u00e1 el 13\u00ba Campeonato Regional Absoluto de Cocineros ... Read more","og_url":"https:\/\/elcotarro.com\/?p=3976","og_site_name":"El Cotarro","article_publisher":"https:\/\/www.facebook.com\/ElCotarro.Tenerife","article_published_time":"2017-04-09T10:00:10+00:00","og_image":[{"url":"https:\/\/elcotarro.com\/wp-content\/uploads\/2017\/04\/FOTO-6.-PODIO-CHEFS-2016.jpg","type":"","width":"","height":""}],"author":"Jos\u00e9 Carlos Marrero Gonz\u00e1lez","twitter_misc":{"Escrito por":"Jos\u00e9 Carlos Marrero Gonz\u00e1lez","Tiempo de lectura":"1 minuto"},"schema":{"@context":"https:\/\/schema.org","@graph":[{"@type":"Article","@id":"https:\/\/elcotarro.com\/?p=3976#article","isPartOf":{"@id":"https:\/\/elcotarro.com\/?p=3976"},"author":{"name":"Jos\u00e9 Carlos Marrero Gonz\u00e1lez","@id":"https:\/\/elcotarro.com\/#\/schema\/person\/af537ee7d60d15984c7e0affcd8a918b"},"headline":"PUEDE CAMBIAR LA VIDA DE UN CHEF","datePublished":"2017-04-09T10:00:10+00:00","mainEntityOfPage":{"@id":"https:\/\/elcotarro.com\/?p=3976"},"wordCount":299,"commentCount":0,"publisher":{"@id":"https:\/\/elcotarro.com\/#organization"},"image":{"@id":"https:\/\/elcotarro.com\/?p=3976#primaryimage"},"thumbnailUrl":"https:\/\/elcotarro.com\/wp-content\/uploads\/2017\/04\/FOTO-6.-PODIO-CHEFS-2016.jpg","inLanguage":"es","potentialAction":[{"@type":"CommentAction","name":"Comment","target":["https:\/\/elcotarro.com\/?p=3976#respond"]}]},{"@type":"WebPage","@id":"https:\/\/elcotarro.com\/?p=3976","url":"https:\/\/elcotarro.com\/?p=3976","name":"PUEDE CAMBIAR LA VIDA DE UN CHEF - El Cotarro","isPartOf":{"@id":"https:\/\/elcotarro.com\/#website"},"primaryImageOfPage":{"@id":"https:\/\/elcotarro.com\/?p=3976#primaryimage"},"image":{"@id":"https:\/\/elcotarro.com\/?p=3976#primaryimage"},"thumbnailUrl":"https:\/\/elcotarro.com\/wp-content\/uploads\/2017\/04\/FOTO-6.-PODIO-CHEFS-2016.jpg","datePublished":"2017-04-09T10:00:10+00:00","breadcrumb":{"@id":"https:\/\/elcotarro.com\/?p=3976#breadcrumb"},"inLanguage":"es","potentialAction":[{"@type":"ReadAction","target":["https:\/\/elcotarro.com\/?p=3976"]}]},{"@type":"ImageObject","inLanguage":"es","@id":"https:\/\/elcotarro.com\/?p=3976#primaryimage","url":"https:\/\/elcotarro.com\/wp-content\/uploads\/2017\/04\/FOTO-6.-PODIO-CHEFS-2016.jpg","contentUrl":"https:\/\/elcotarro.com\/wp-content\/uploads\/2017\/04\/FOTO-6.-PODIO-CHEFS-2016.jpg","width":2500,"height":1669},{"@type":"BreadcrumbList","@id":"https:\/\/elcotarro.com\/?p=3976#breadcrumb","itemListElement":[{"@type":"ListItem","position":1,"name":"Portada","item":"https:\/\/elcotarro.com\/"},{"@type":"ListItem","position":2,"name":"PUEDE CAMBIAR LA VIDA DE UN CHEF"}]},{"@type":"WebSite","@id":"https:\/\/elcotarro.com\/#website","url":"https:\/\/elcotarro.com\/","name":"El Cotarro","description":"Peri\u00f3dico Digital Independiente dirigido por Jos\u00e9 Carlos Marrero","publisher":{"@id":"https:\/\/elcotarro.com\/#organization"},"potentialAction":[{"@type":"SearchAction","target":{"@type":"EntryPoint","urlTemplate":"https:\/\/elcotarro.com\/?s={search_term_string}"},"query-input":{"@type":"PropertyValueSpecification","valueRequired":true,"valueName":"search_term_string"}}],"inLanguage":"es"},{"@type":"Organization","@id":"https:\/\/elcotarro.com\/#organization","name":"El Cotarro","url":"https:\/\/elcotarro.com\/","logo":{"@type":"ImageObject","inLanguage":"es","@id":"https:\/\/elcotarro.com\/#\/schema\/logo\/image\/","url":"https:\/\/elcotarro.com\/wp-content\/uploads\/2014\/09\/Cabecera_El_Cotarro_v2.jpg","contentUrl":"https:\/\/elcotarro.com\/wp-content\/uploads\/2014\/09\/Cabecera_El_Cotarro_v2.jpg","width":3540,"height":441,"caption":"El Cotarro"},"image":{"@id":"https:\/\/elcotarro.com\/#\/schema\/logo\/image\/"},"sameAs":["https:\/\/www.facebook.com\/ElCotarro.Tenerife"]},{"@type":"Person","@id":"https:\/\/elcotarro.com\/#\/schema\/person\/af537ee7d60d15984c7e0affcd8a918b","name":"Jos\u00e9 Carlos Marrero Gonz\u00e1lez","image":{"@type":"ImageObject","inLanguage":"es","@id":"https:\/\/elcotarro.com\/#\/schema\/person\/image\/","url":"https:\/\/secure.gravatar.com\/avatar\/def4da036efb5d32c74d49c351f6dccc064dd69ad9f3aadc295c5a9a5391ca01?s=96&d=mm&r=g","contentUrl":"https:\/\/secure.gravatar.com\/avatar\/def4da036efb5d32c74d49c351f6dccc064dd69ad9f3aadc295c5a9a5391ca01?s=96&d=mm&r=g","caption":"Jos\u00e9 Carlos Marrero Gonz\u00e1lez"},"sameAs":["https:\/\/elcotarro.com"],"url":"https:\/\/elcotarro.com\/?author=2"}]}},"jetpack_featured_media_url":"","jetpack_sharing_enabled":true,"_links":{"self":[{"href":"https:\/\/elcotarro.com\/index.php?rest_route=\/wp\/v2\/posts\/3976","targetHints":{"allow":["GET"]}}],"collection":[{"href":"https:\/\/elcotarro.com\/index.php?rest_route=\/wp\/v2\/posts"}],"about":[{"href":"https:\/\/elcotarro.com\/index.php?rest_route=\/wp\/v2\/types\/post"}],"author":[{"embeddable":true,"href":"https:\/\/elcotarro.com\/index.php?rest_route=\/wp\/v2\/users\/2"}],"replies":[{"embeddable":true,"href":"https:\/\/elcotarro.com\/index.php?rest_route=%2Fwp%2Fv2%2Fcomments&post=3976"}],"version-history":[{"count":1,"href":"https:\/\/elcotarro.com\/index.php?rest_route=\/wp\/v2\/posts\/3976\/revisions"}],"predecessor-version":[{"id":3978,"href":"https:\/\/elcotarro.com\/index.php?rest_route=\/wp\/v2\/posts\/3976\/revisions\/3978"}],"wp:attachment":[{"href":"https:\/\/elcotarro.com\/index.php?rest_route=%2Fwp%2Fv2%2Fmedia&parent=3976"}],"wp:term":[{"taxonomy":"category","embeddable":true,"href":"https:\/\/elcotarro.com\/index.php?rest_route=%2Fwp%2Fv2%2Fcategories&post=3976"},{"taxonomy":"post_tag","embeddable":true,"href":"https:\/\/elcotarro.com\/index.php?rest_route=%2Fwp%2Fv2%2Ftags&post=3976"}],"curies":[{"name":"wp","href":"https:\/\/api.w.org\/{rel}","templated":true}]}}