{"id":3986,"date":"2017-04-16T11:05:03","date_gmt":"2017-04-16T10:05:03","guid":{"rendered":"https:\/\/elcotarro.com\/?p=3986"},"modified":"2017-04-16T08:39:29","modified_gmt":"2017-04-16T07:39:29","slug":"no-se-pierdan-el-teide-enamorado","status":"publish","type":"post","link":"https:\/\/elcotarro.com\/?p=3986","title":{"rendered":"NO SE PIERDAN EL \u201cTEIDE ENAMORADO\u201d"},"content":{"rendered":"<p>Ya <strong>EL D\u00cdA<\/strong> se hizo eco de su presentaci\u00f3n el pasado martes en el Cabildo de Tenerife, pero no puedo resistirme a decirles que no dejen de buscarlo y verlo, bien por YouTube o por las principales redes sociales. Me refiero al v\u00eddeo que se ha grabado para conmemorar el d\u00e9cimo aniversario de la declaraci\u00f3n de nuestro Parque Nacional del Teide como Patrimonio de la Humanidad por parte de la Unesco. Un v\u00eddeo musical donde nuestro gran paisano, <strong>Celso Albelo<\/strong>, sin duda uno de los mejores tenores del mundo, interpreta la canci\u00f3n \u201cTeide enamorado\u201d compuesta por otro inmenso tinerfe\u00f1o como es <strong>Fernando Est\u00e9vez<\/strong>, primera voz y guitarra de Los Huaracheros.<\/p>\n<p style=\"text-align: center\"><a href=\"https:\/\/elcotarro.com\/wp-content\/uploads\/2017\/04\/FOTO-1.-CELSO-ALBELO.jpg\"><img loading=\"lazy\" decoding=\"async\" class=\"alignnone size-full wp-image-3987\" src=\"https:\/\/elcotarro.com\/wp-content\/uploads\/2017\/04\/FOTO-1.-CELSO-ALBELO.jpg\" alt=\"FOTO 1.- CELSO ALBELO\" width=\"1000\" height=\"560\" srcset=\"https:\/\/elcotarro.com\/wp-content\/uploads\/2017\/04\/FOTO-1.-CELSO-ALBELO.jpg 1000w, https:\/\/elcotarro.com\/wp-content\/uploads\/2017\/04\/FOTO-1.-CELSO-ALBELO-300x168.jpg 300w\" sizes=\"auto, (max-width: 1000px) 100vw, 1000px\" \/><\/a><\/p>\n<p style=\"text-align: center\"><em>El tenor tinerfe\u00f1o, Celso Albelo, interpreta el \u201cTeide enamorado\u201d de Fernando Est\u00e9vez<\/em><\/p>\n","protected":false},"excerpt":{"rendered":"<p>Ya EL D\u00cdA se hizo eco de su presentaci\u00f3n el pasado martes en el Cabildo de Tenerife, pero no puedo resistirme a decirles que no dejen de buscarlo y verlo, bien por YouTube o por las principales redes sociales. Me refiero al v\u00eddeo que se ha grabado para conmemorar el d\u00e9cimo aniversario de la declaraci\u00f3n &#8230; <a class=\"read-more\" href=\"https:\/\/elcotarro.com\/?p=3986\">Read more<\/a><\/p>\n","protected":false},"author":2,"featured_media":0,"comment_status":"open","ping_status":"open","sticky":false,"template":"","format":"standard","meta":{"_jetpack_memberships_contains_paid_content":false,"footnotes":""},"categories":[1],"tags":[],"class_list":["post-3986","post","type-post","status-publish","format-standard","hentry","category-sin-categoria"],"yoast_head":"<!-- This site is optimized with the Yoast SEO plugin v27.0 - https:\/\/yoast.com\/product\/yoast-seo-wordpress\/ -->\n<title>NO SE PIERDAN EL \u201cTEIDE ENAMORADO\u201d - El Cotarro<\/title>\n<meta name=\"robots\" content=\"index, follow, max-snippet:-1, max-image-preview:large, max-video-preview:-1\" \/>\n<link rel=\"canonical\" href=\"https:\/\/elcotarro.com\/?p=3986\" \/>\n<meta property=\"og:locale\" content=\"es_ES\" \/>\n<meta property=\"og:type\" content=\"article\" \/>\n<meta property=\"og:title\" content=\"NO SE PIERDAN EL \u201cTEIDE ENAMORADO\u201d - El Cotarro\" \/>\n<meta property=\"og:description\" content=\"Ya EL D\u00cdA se hizo eco de su presentaci\u00f3n el pasado martes en el Cabildo de Tenerife, pero no puedo resistirme a decirles que no dejen de buscarlo y verlo, bien por YouTube o por las principales redes sociales. Me refiero al v\u00eddeo que se ha grabado para conmemorar el d\u00e9cimo aniversario de la declaraci\u00f3n ... Read more\" \/>\n<meta property=\"og:url\" content=\"https:\/\/elcotarro.com\/?p=3986\" \/>\n<meta property=\"og:site_name\" content=\"El Cotarro\" \/>\n<meta property=\"article:publisher\" content=\"https:\/\/www.facebook.com\/ElCotarro.Tenerife\" \/>\n<meta property=\"article:published_time\" content=\"2017-04-16T10:05:03+00:00\" \/>\n<meta property=\"og:image\" content=\"https:\/\/elcotarro.com\/wp-content\/uploads\/2017\/04\/FOTO-1.-CELSO-ALBELO.jpg\" \/>\n<meta name=\"author\" content=\"Jos\u00e9 Carlos Marrero Gonz\u00e1lez\" \/>\n<meta name=\"twitter:label1\" content=\"Escrito por\" \/>\n\t<meta name=\"twitter:data1\" content=\"Jos\u00e9 Carlos Marrero Gonz\u00e1lez\" \/>\n\t<meta name=\"twitter:label2\" content=\"Tiempo de lectura\" \/>\n\t<meta name=\"twitter:data2\" content=\"1 minuto\" \/>\n<script type=\"application\/ld+json\" class=\"yoast-schema-graph\">{\"@context\":\"https:\/\/schema.org\",\"@graph\":[{\"@type\":\"Article\",\"@id\":\"https:\/\/elcotarro.com\/?p=3986#article\",\"isPartOf\":{\"@id\":\"https:\/\/elcotarro.com\/?p=3986\"},\"author\":{\"name\":\"Jos\u00e9 Carlos Marrero Gonz\u00e1lez\",\"@id\":\"https:\/\/elcotarro.com\/#\/schema\/person\/af537ee7d60d15984c7e0affcd8a918b\"},\"headline\":\"NO SE PIERDAN EL \u201cTEIDE ENAMORADO\u201d\",\"datePublished\":\"2017-04-16T10:05:03+00:00\",\"mainEntityOfPage\":{\"@id\":\"https:\/\/elcotarro.com\/?p=3986\"},\"wordCount\":139,\"commentCount\":0,\"publisher\":{\"@id\":\"https:\/\/elcotarro.com\/#organization\"},\"image\":{\"@id\":\"https:\/\/elcotarro.com\/?p=3986#primaryimage\"},\"thumbnailUrl\":\"https:\/\/elcotarro.com\/wp-content\/uploads\/2017\/04\/FOTO-1.-CELSO-ALBELO.jpg\",\"inLanguage\":\"es\",\"potentialAction\":[{\"@type\":\"CommentAction\",\"name\":\"Comment\",\"target\":[\"https:\/\/elcotarro.com\/?p=3986#respond\"]}]},{\"@type\":\"WebPage\",\"@id\":\"https:\/\/elcotarro.com\/?p=3986\",\"url\":\"https:\/\/elcotarro.com\/?p=3986\",\"name\":\"NO SE PIERDAN EL \u201cTEIDE ENAMORADO\u201d - El Cotarro\",\"isPartOf\":{\"@id\":\"https:\/\/elcotarro.com\/#website\"},\"primaryImageOfPage\":{\"@id\":\"https:\/\/elcotarro.com\/?p=3986#primaryimage\"},\"image\":{\"@id\":\"https:\/\/elcotarro.com\/?p=3986#primaryimage\"},\"thumbnailUrl\":\"https:\/\/elcotarro.com\/wp-content\/uploads\/2017\/04\/FOTO-1.-CELSO-ALBELO.jpg\",\"datePublished\":\"2017-04-16T10:05:03+00:00\",\"breadcrumb\":{\"@id\":\"https:\/\/elcotarro.com\/?p=3986#breadcrumb\"},\"inLanguage\":\"es\",\"potentialAction\":[{\"@type\":\"ReadAction\",\"target\":[\"https:\/\/elcotarro.com\/?p=3986\"]}]},{\"@type\":\"ImageObject\",\"inLanguage\":\"es\",\"@id\":\"https:\/\/elcotarro.com\/?p=3986#primaryimage\",\"url\":\"https:\/\/elcotarro.com\/wp-content\/uploads\/2017\/04\/FOTO-1.-CELSO-ALBELO.jpg\",\"contentUrl\":\"https:\/\/elcotarro.com\/wp-content\/uploads\/2017\/04\/FOTO-1.-CELSO-ALBELO.jpg\",\"width\":1000,\"height\":560},{\"@type\":\"BreadcrumbList\",\"@id\":\"https:\/\/elcotarro.com\/?p=3986#breadcrumb\",\"itemListElement\":[{\"@type\":\"ListItem\",\"position\":1,\"name\":\"Portada\",\"item\":\"https:\/\/elcotarro.com\/\"},{\"@type\":\"ListItem\",\"position\":2,\"name\":\"NO SE PIERDAN EL \u201cTEIDE ENAMORADO\u201d\"}]},{\"@type\":\"WebSite\",\"@id\":\"https:\/\/elcotarro.com\/#website\",\"url\":\"https:\/\/elcotarro.com\/\",\"name\":\"El Cotarro\",\"description\":\"Peri\u00f3dico Digital Independiente dirigido por Jos\u00e9 Carlos Marrero\",\"publisher\":{\"@id\":\"https:\/\/elcotarro.com\/#organization\"},\"potentialAction\":[{\"@type\":\"SearchAction\",\"target\":{\"@type\":\"EntryPoint\",\"urlTemplate\":\"https:\/\/elcotarro.com\/?s={search_term_string}\"},\"query-input\":{\"@type\":\"PropertyValueSpecification\",\"valueRequired\":true,\"valueName\":\"search_term_string\"}}],\"inLanguage\":\"es\"},{\"@type\":\"Organization\",\"@id\":\"https:\/\/elcotarro.com\/#organization\",\"name\":\"El Cotarro\",\"url\":\"https:\/\/elcotarro.com\/\",\"logo\":{\"@type\":\"ImageObject\",\"inLanguage\":\"es\",\"@id\":\"https:\/\/elcotarro.com\/#\/schema\/logo\/image\/\",\"url\":\"https:\/\/elcotarro.com\/wp-content\/uploads\/2014\/09\/Cabecera_El_Cotarro_v2.jpg\",\"contentUrl\":\"https:\/\/elcotarro.com\/wp-content\/uploads\/2014\/09\/Cabecera_El_Cotarro_v2.jpg\",\"width\":3540,\"height\":441,\"caption\":\"El Cotarro\"},\"image\":{\"@id\":\"https:\/\/elcotarro.com\/#\/schema\/logo\/image\/\"},\"sameAs\":[\"https:\/\/www.facebook.com\/ElCotarro.Tenerife\"]},{\"@type\":\"Person\",\"@id\":\"https:\/\/elcotarro.com\/#\/schema\/person\/af537ee7d60d15984c7e0affcd8a918b\",\"name\":\"Jos\u00e9 Carlos Marrero Gonz\u00e1lez\",\"image\":{\"@type\":\"ImageObject\",\"inLanguage\":\"es\",\"@id\":\"https:\/\/elcotarro.com\/#\/schema\/person\/image\/\",\"url\":\"https:\/\/secure.gravatar.com\/avatar\/def4da036efb5d32c74d49c351f6dccc064dd69ad9f3aadc295c5a9a5391ca01?s=96&d=mm&r=g\",\"contentUrl\":\"https:\/\/secure.gravatar.com\/avatar\/def4da036efb5d32c74d49c351f6dccc064dd69ad9f3aadc295c5a9a5391ca01?s=96&d=mm&r=g\",\"caption\":\"Jos\u00e9 Carlos Marrero Gonz\u00e1lez\"},\"sameAs\":[\"https:\/\/elcotarro.com\"],\"url\":\"https:\/\/elcotarro.com\/?author=2\"}]}<\/script>\n<!-- \/ Yoast SEO plugin. -->","yoast_head_json":{"title":"NO SE PIERDAN EL \u201cTEIDE ENAMORADO\u201d - El Cotarro","robots":{"index":"index","follow":"follow","max-snippet":"max-snippet:-1","max-image-preview":"max-image-preview:large","max-video-preview":"max-video-preview:-1"},"canonical":"https:\/\/elcotarro.com\/?p=3986","og_locale":"es_ES","og_type":"article","og_title":"NO SE PIERDAN EL \u201cTEIDE ENAMORADO\u201d - El Cotarro","og_description":"Ya EL D\u00cdA se hizo eco de su presentaci\u00f3n el pasado martes en el Cabildo de Tenerife, pero no puedo resistirme a decirles que no dejen de buscarlo y verlo, bien por YouTube o por las principales redes sociales. Me refiero al v\u00eddeo que se ha grabado para conmemorar el d\u00e9cimo aniversario de la declaraci\u00f3n ... Read more","og_url":"https:\/\/elcotarro.com\/?p=3986","og_site_name":"El Cotarro","article_publisher":"https:\/\/www.facebook.com\/ElCotarro.Tenerife","article_published_time":"2017-04-16T10:05:03+00:00","og_image":[{"url":"https:\/\/elcotarro.com\/wp-content\/uploads\/2017\/04\/FOTO-1.-CELSO-ALBELO.jpg","type":"","width":"","height":""}],"author":"Jos\u00e9 Carlos Marrero Gonz\u00e1lez","twitter_misc":{"Escrito por":"Jos\u00e9 Carlos Marrero Gonz\u00e1lez","Tiempo de lectura":"1 minuto"},"schema":{"@context":"https:\/\/schema.org","@graph":[{"@type":"Article","@id":"https:\/\/elcotarro.com\/?p=3986#article","isPartOf":{"@id":"https:\/\/elcotarro.com\/?p=3986"},"author":{"name":"Jos\u00e9 Carlos Marrero Gonz\u00e1lez","@id":"https:\/\/elcotarro.com\/#\/schema\/person\/af537ee7d60d15984c7e0affcd8a918b"},"headline":"NO SE PIERDAN EL \u201cTEIDE ENAMORADO\u201d","datePublished":"2017-04-16T10:05:03+00:00","mainEntityOfPage":{"@id":"https:\/\/elcotarro.com\/?p=3986"},"wordCount":139,"commentCount":0,"publisher":{"@id":"https:\/\/elcotarro.com\/#organization"},"image":{"@id":"https:\/\/elcotarro.com\/?p=3986#primaryimage"},"thumbnailUrl":"https:\/\/elcotarro.com\/wp-content\/uploads\/2017\/04\/FOTO-1.-CELSO-ALBELO.jpg","inLanguage":"es","potentialAction":[{"@type":"CommentAction","name":"Comment","target":["https:\/\/elcotarro.com\/?p=3986#respond"]}]},{"@type":"WebPage","@id":"https:\/\/elcotarro.com\/?p=3986","url":"https:\/\/elcotarro.com\/?p=3986","name":"NO SE PIERDAN EL \u201cTEIDE ENAMORADO\u201d - El Cotarro","isPartOf":{"@id":"https:\/\/elcotarro.com\/#website"},"primaryImageOfPage":{"@id":"https:\/\/elcotarro.com\/?p=3986#primaryimage"},"image":{"@id":"https:\/\/elcotarro.com\/?p=3986#primaryimage"},"thumbnailUrl":"https:\/\/elcotarro.com\/wp-content\/uploads\/2017\/04\/FOTO-1.-CELSO-ALBELO.jpg","datePublished":"2017-04-16T10:05:03+00:00","breadcrumb":{"@id":"https:\/\/elcotarro.com\/?p=3986#breadcrumb"},"inLanguage":"es","potentialAction":[{"@type":"ReadAction","target":["https:\/\/elcotarro.com\/?p=3986"]}]},{"@type":"ImageObject","inLanguage":"es","@id":"https:\/\/elcotarro.com\/?p=3986#primaryimage","url":"https:\/\/elcotarro.com\/wp-content\/uploads\/2017\/04\/FOTO-1.-CELSO-ALBELO.jpg","contentUrl":"https:\/\/elcotarro.com\/wp-content\/uploads\/2017\/04\/FOTO-1.-CELSO-ALBELO.jpg","width":1000,"height":560},{"@type":"BreadcrumbList","@id":"https:\/\/elcotarro.com\/?p=3986#breadcrumb","itemListElement":[{"@type":"ListItem","position":1,"name":"Portada","item":"https:\/\/elcotarro.com\/"},{"@type":"ListItem","position":2,"name":"NO SE PIERDAN EL \u201cTEIDE ENAMORADO\u201d"}]},{"@type":"WebSite","@id":"https:\/\/elcotarro.com\/#website","url":"https:\/\/elcotarro.com\/","name":"El Cotarro","description":"Peri\u00f3dico Digital Independiente dirigido por Jos\u00e9 Carlos Marrero","publisher":{"@id":"https:\/\/elcotarro.com\/#organization"},"potentialAction":[{"@type":"SearchAction","target":{"@type":"EntryPoint","urlTemplate":"https:\/\/elcotarro.com\/?s={search_term_string}"},"query-input":{"@type":"PropertyValueSpecification","valueRequired":true,"valueName":"search_term_string"}}],"inLanguage":"es"},{"@type":"Organization","@id":"https:\/\/elcotarro.com\/#organization","name":"El Cotarro","url":"https:\/\/elcotarro.com\/","logo":{"@type":"ImageObject","inLanguage":"es","@id":"https:\/\/elcotarro.com\/#\/schema\/logo\/image\/","url":"https:\/\/elcotarro.com\/wp-content\/uploads\/2014\/09\/Cabecera_El_Cotarro_v2.jpg","contentUrl":"https:\/\/elcotarro.com\/wp-content\/uploads\/2014\/09\/Cabecera_El_Cotarro_v2.jpg","width":3540,"height":441,"caption":"El Cotarro"},"image":{"@id":"https:\/\/elcotarro.com\/#\/schema\/logo\/image\/"},"sameAs":["https:\/\/www.facebook.com\/ElCotarro.Tenerife"]},{"@type":"Person","@id":"https:\/\/elcotarro.com\/#\/schema\/person\/af537ee7d60d15984c7e0affcd8a918b","name":"Jos\u00e9 Carlos Marrero Gonz\u00e1lez","image":{"@type":"ImageObject","inLanguage":"es","@id":"https:\/\/elcotarro.com\/#\/schema\/person\/image\/","url":"https:\/\/secure.gravatar.com\/avatar\/def4da036efb5d32c74d49c351f6dccc064dd69ad9f3aadc295c5a9a5391ca01?s=96&d=mm&r=g","contentUrl":"https:\/\/secure.gravatar.com\/avatar\/def4da036efb5d32c74d49c351f6dccc064dd69ad9f3aadc295c5a9a5391ca01?s=96&d=mm&r=g","caption":"Jos\u00e9 Carlos Marrero Gonz\u00e1lez"},"sameAs":["https:\/\/elcotarro.com"],"url":"https:\/\/elcotarro.com\/?author=2"}]}},"jetpack_featured_media_url":"","jetpack_sharing_enabled":true,"_links":{"self":[{"href":"https:\/\/elcotarro.com\/index.php?rest_route=\/wp\/v2\/posts\/3986","targetHints":{"allow":["GET"]}}],"collection":[{"href":"https:\/\/elcotarro.com\/index.php?rest_route=\/wp\/v2\/posts"}],"about":[{"href":"https:\/\/elcotarro.com\/index.php?rest_route=\/wp\/v2\/types\/post"}],"author":[{"embeddable":true,"href":"https:\/\/elcotarro.com\/index.php?rest_route=\/wp\/v2\/users\/2"}],"replies":[{"embeddable":true,"href":"https:\/\/elcotarro.com\/index.php?rest_route=%2Fwp%2Fv2%2Fcomments&post=3986"}],"version-history":[{"count":1,"href":"https:\/\/elcotarro.com\/index.php?rest_route=\/wp\/v2\/posts\/3986\/revisions"}],"predecessor-version":[{"id":3988,"href":"https:\/\/elcotarro.com\/index.php?rest_route=\/wp\/v2\/posts\/3986\/revisions\/3988"}],"wp:attachment":[{"href":"https:\/\/elcotarro.com\/index.php?rest_route=%2Fwp%2Fv2%2Fmedia&parent=3986"}],"wp:term":[{"taxonomy":"category","embeddable":true,"href":"https:\/\/elcotarro.com\/index.php?rest_route=%2Fwp%2Fv2%2Fcategories&post=3986"},{"taxonomy":"post_tag","embeddable":true,"href":"https:\/\/elcotarro.com\/index.php?rest_route=%2Fwp%2Fv2%2Ftags&post=3986"}],"curies":[{"name":"wp","href":"https:\/\/api.w.org\/{rel}","templated":true}]}}