{"id":4010,"date":"2017-04-23T11:05:07","date_gmt":"2017-04-23T10:05:07","guid":{"rendered":"https:\/\/elcotarro.com\/?p=4010"},"modified":"2017-04-23T10:48:25","modified_gmt":"2017-04-23T09:48:25","slug":"santiago-negrin-los-puso-encima","status":"publish","type":"post","link":"https:\/\/elcotarro.com\/?p=4010","title":{"rendered":"SANTIAGO NEGR\u00cdN LOS PUSO ENCIMA"},"content":{"rendered":"<p>El presidente del Consejo Rector de Radiotelevisi\u00f3n Canaria, <strong>Santiago Negr\u00edn<\/strong>, lleva sangre gomera en sus venas y en el ADN gomero est\u00e1 lo de pararse a meditar, ver el caminar de la perrita y\u2026 en la bajadita te espero. Me consta que con todas las cr\u00edticas (y alguna pu\u00f1alada pol\u00edtica) recibidas en los \u00faltimos tiempos, <strong>Santi Negr\u00edn<\/strong> estaba hasta los mism\u00edsimos timbales. Sobre todo, porque hay cosas que su esposa <strong>Flori,<\/strong> que es una muy buena persona (eso lo digo yo) y el resto de su familia, no se merecen tener que aguantar lo que han aguantado. A <strong>Santiago Negr\u00edn<\/strong> se le llen\u00f3 la cachimba, entendi\u00f3 que ten\u00eda motivos profesionales m\u00e1s que suficientes para ponerse en su sitio y plantar cara y los puso sobre la mesa en sede parlamentaria (los motivos, me refiero). No se cort\u00f3 ni con la consejera del PSOE en el Consejo Rector, <strong>Mar\u00eda Lorenzo<\/strong>, de la que dijo \u201cobstaculiza\u201d la gesti\u00f3n del ente y falta \u201ca su deber del secreto\u201d. Al final, parece que, de una manera u otra, todos los grupos (hasta de alg\u00fan modo el PSOE, que est\u00e1 entre la espada y la pared) entendieron el hartazgo de <strong>Santi Negr\u00edn<\/strong> y su valiente decisi\u00f3n.<\/p>\n<p style=\"text-align: center\"><a href=\"https:\/\/elcotarro.com\/wp-content\/uploads\/2017\/04\/FOTO-1.-SANTIAGO-NEGR\u00cdN-DORTA.jpg\"><img loading=\"lazy\" decoding=\"async\" class=\"alignnone size-full wp-image-4011\" src=\"https:\/\/elcotarro.com\/wp-content\/uploads\/2017\/04\/FOTO-1.-SANTIAGO-NEGR\u00cdN-DORTA.jpg\" alt=\"FOTO 1.- SANTIAGO NEGR\u00cdN DORTA\" width=\"800\" height=\"533\" srcset=\"https:\/\/elcotarro.com\/wp-content\/uploads\/2017\/04\/FOTO-1.-SANTIAGO-NEGR\u00cdN-DORTA.jpg 800w, https:\/\/elcotarro.com\/wp-content\/uploads\/2017\/04\/FOTO-1.-SANTIAGO-NEGR\u00cdN-DORTA-300x200.jpg 300w\" sizes=\"auto, (max-width: 800px) 100vw, 800px\" \/><\/a><\/p>\n<p style=\"text-align: center\"><em>Santiago Negr\u00edn en el atril, durante su toma de posesi\u00f3n. Detr\u00e1s, la primera por la izquierda, Mar\u00eda Lorenzo, actual \u201clatigo\u201d del presidente del Consejo Rector de RTVC.<\/em><\/p>\n","protected":false},"excerpt":{"rendered":"<p>El presidente del Consejo Rector de Radiotelevisi\u00f3n Canaria, Santiago Negr\u00edn, lleva sangre gomera en sus venas y en el ADN gomero est\u00e1 lo de pararse a meditar, ver el caminar de la perrita y\u2026 en la bajadita te espero. Me consta que con todas las cr\u00edticas (y alguna pu\u00f1alada pol\u00edtica) recibidas en los \u00faltimos tiempos, &#8230; <a class=\"read-more\" href=\"https:\/\/elcotarro.com\/?p=4010\">Read more<\/a><\/p>\n","protected":false},"author":2,"featured_media":0,"comment_status":"open","ping_status":"open","sticky":false,"template":"","format":"standard","meta":{"_jetpack_memberships_contains_paid_content":false,"footnotes":""},"categories":[1],"tags":[],"class_list":["post-4010","post","type-post","status-publish","format-standard","hentry","category-sin-categoria"],"yoast_head":"<!-- This site is optimized with the Yoast SEO plugin v27.0 - https:\/\/yoast.com\/product\/yoast-seo-wordpress\/ -->\n<title>SANTIAGO NEGR\u00cdN LOS PUSO ENCIMA - El Cotarro<\/title>\n<meta name=\"robots\" content=\"index, follow, max-snippet:-1, max-image-preview:large, max-video-preview:-1\" \/>\n<link rel=\"canonical\" href=\"https:\/\/elcotarro.com\/?p=4010\" \/>\n<meta property=\"og:locale\" content=\"es_ES\" \/>\n<meta property=\"og:type\" content=\"article\" \/>\n<meta property=\"og:title\" content=\"SANTIAGO NEGR\u00cdN LOS PUSO ENCIMA - El Cotarro\" \/>\n<meta property=\"og:description\" content=\"El presidente del Consejo Rector de Radiotelevisi\u00f3n Canaria, Santiago Negr\u00edn, lleva sangre gomera en sus venas y en el ADN gomero est\u00e1 lo de pararse a meditar, ver el caminar de la perrita y\u2026 en la bajadita te espero. Me consta que con todas las cr\u00edticas (y alguna pu\u00f1alada pol\u00edtica) recibidas en los \u00faltimos tiempos, ... Read more\" \/>\n<meta property=\"og:url\" content=\"https:\/\/elcotarro.com\/?p=4010\" \/>\n<meta property=\"og:site_name\" content=\"El Cotarro\" \/>\n<meta property=\"article:publisher\" content=\"https:\/\/www.facebook.com\/ElCotarro.Tenerife\" \/>\n<meta property=\"article:published_time\" content=\"2017-04-23T10:05:07+00:00\" \/>\n<meta name=\"author\" content=\"Jos\u00e9 Carlos Marrero Gonz\u00e1lez\" \/>\n<meta name=\"twitter:label1\" content=\"Escrito por\" \/>\n\t<meta name=\"twitter:data1\" content=\"Jos\u00e9 Carlos Marrero Gonz\u00e1lez\" \/>\n\t<meta name=\"twitter:label2\" content=\"Tiempo de lectura\" \/>\n\t<meta name=\"twitter:data2\" content=\"1 minuto\" \/>\n<script type=\"application\/ld+json\" class=\"yoast-schema-graph\">{\"@context\":\"https:\/\/schema.org\",\"@graph\":[{\"@type\":\"Article\",\"@id\":\"https:\/\/elcotarro.com\/?p=4010#article\",\"isPartOf\":{\"@id\":\"https:\/\/elcotarro.com\/?p=4010\"},\"author\":{\"name\":\"Jos\u00e9 Carlos Marrero Gonz\u00e1lez\",\"@id\":\"https:\/\/elcotarro.com\/#\/schema\/person\/af537ee7d60d15984c7e0affcd8a918b\"},\"headline\":\"SANTIAGO NEGR\u00cdN LOS PUSO ENCIMA\",\"datePublished\":\"2017-04-23T10:05:07+00:00\",\"mainEntityOfPage\":{\"@id\":\"https:\/\/elcotarro.com\/?p=4010\"},\"wordCount\":253,\"commentCount\":0,\"publisher\":{\"@id\":\"https:\/\/elcotarro.com\/#organization\"},\"inLanguage\":\"es\",\"potentialAction\":[{\"@type\":\"CommentAction\",\"name\":\"Comment\",\"target\":[\"https:\/\/elcotarro.com\/?p=4010#respond\"]}]},{\"@type\":\"WebPage\",\"@id\":\"https:\/\/elcotarro.com\/?p=4010\",\"url\":\"https:\/\/elcotarro.com\/?p=4010\",\"name\":\"SANTIAGO NEGR\u00cdN LOS PUSO ENCIMA - El Cotarro\",\"isPartOf\":{\"@id\":\"https:\/\/elcotarro.com\/#website\"},\"datePublished\":\"2017-04-23T10:05:07+00:00\",\"breadcrumb\":{\"@id\":\"https:\/\/elcotarro.com\/?p=4010#breadcrumb\"},\"inLanguage\":\"es\",\"potentialAction\":[{\"@type\":\"ReadAction\",\"target\":[\"https:\/\/elcotarro.com\/?p=4010\"]}]},{\"@type\":\"BreadcrumbList\",\"@id\":\"https:\/\/elcotarro.com\/?p=4010#breadcrumb\",\"itemListElement\":[{\"@type\":\"ListItem\",\"position\":1,\"name\":\"Portada\",\"item\":\"https:\/\/elcotarro.com\/\"},{\"@type\":\"ListItem\",\"position\":2,\"name\":\"SANTIAGO NEGR\u00cdN LOS PUSO ENCIMA\"}]},{\"@type\":\"WebSite\",\"@id\":\"https:\/\/elcotarro.com\/#website\",\"url\":\"https:\/\/elcotarro.com\/\",\"name\":\"El Cotarro\",\"description\":\"Peri\u00f3dico Digital Independiente dirigido por Jos\u00e9 Carlos Marrero\",\"publisher\":{\"@id\":\"https:\/\/elcotarro.com\/#organization\"},\"potentialAction\":[{\"@type\":\"SearchAction\",\"target\":{\"@type\":\"EntryPoint\",\"urlTemplate\":\"https:\/\/elcotarro.com\/?s={search_term_string}\"},\"query-input\":{\"@type\":\"PropertyValueSpecification\",\"valueRequired\":true,\"valueName\":\"search_term_string\"}}],\"inLanguage\":\"es\"},{\"@type\":\"Organization\",\"@id\":\"https:\/\/elcotarro.com\/#organization\",\"name\":\"El Cotarro\",\"url\":\"https:\/\/elcotarro.com\/\",\"logo\":{\"@type\":\"ImageObject\",\"inLanguage\":\"es\",\"@id\":\"https:\/\/elcotarro.com\/#\/schema\/logo\/image\/\",\"url\":\"https:\/\/elcotarro.com\/wp-content\/uploads\/2014\/09\/Cabecera_El_Cotarro_v2.jpg\",\"contentUrl\":\"https:\/\/elcotarro.com\/wp-content\/uploads\/2014\/09\/Cabecera_El_Cotarro_v2.jpg\",\"width\":3540,\"height\":441,\"caption\":\"El Cotarro\"},\"image\":{\"@id\":\"https:\/\/elcotarro.com\/#\/schema\/logo\/image\/\"},\"sameAs\":[\"https:\/\/www.facebook.com\/ElCotarro.Tenerife\"]},{\"@type\":\"Person\",\"@id\":\"https:\/\/elcotarro.com\/#\/schema\/person\/af537ee7d60d15984c7e0affcd8a918b\",\"name\":\"Jos\u00e9 Carlos Marrero Gonz\u00e1lez\",\"image\":{\"@type\":\"ImageObject\",\"inLanguage\":\"es\",\"@id\":\"https:\/\/elcotarro.com\/#\/schema\/person\/image\/\",\"url\":\"https:\/\/secure.gravatar.com\/avatar\/def4da036efb5d32c74d49c351f6dccc064dd69ad9f3aadc295c5a9a5391ca01?s=96&d=mm&r=g\",\"contentUrl\":\"https:\/\/secure.gravatar.com\/avatar\/def4da036efb5d32c74d49c351f6dccc064dd69ad9f3aadc295c5a9a5391ca01?s=96&d=mm&r=g\",\"caption\":\"Jos\u00e9 Carlos Marrero Gonz\u00e1lez\"},\"sameAs\":[\"https:\/\/elcotarro.com\"],\"url\":\"https:\/\/elcotarro.com\/?author=2\"}]}<\/script>\n<!-- \/ Yoast SEO plugin. -->","yoast_head_json":{"title":"SANTIAGO NEGR\u00cdN LOS PUSO ENCIMA - El Cotarro","robots":{"index":"index","follow":"follow","max-snippet":"max-snippet:-1","max-image-preview":"max-image-preview:large","max-video-preview":"max-video-preview:-1"},"canonical":"https:\/\/elcotarro.com\/?p=4010","og_locale":"es_ES","og_type":"article","og_title":"SANTIAGO NEGR\u00cdN LOS PUSO ENCIMA - El Cotarro","og_description":"El presidente del Consejo Rector de Radiotelevisi\u00f3n Canaria, Santiago Negr\u00edn, lleva sangre gomera en sus venas y en el ADN gomero est\u00e1 lo de pararse a meditar, ver el caminar de la perrita y\u2026 en la bajadita te espero. Me consta que con todas las cr\u00edticas (y alguna pu\u00f1alada pol\u00edtica) recibidas en los \u00faltimos tiempos, ... Read more","og_url":"https:\/\/elcotarro.com\/?p=4010","og_site_name":"El Cotarro","article_publisher":"https:\/\/www.facebook.com\/ElCotarro.Tenerife","article_published_time":"2017-04-23T10:05:07+00:00","author":"Jos\u00e9 Carlos Marrero Gonz\u00e1lez","twitter_misc":{"Escrito por":"Jos\u00e9 Carlos Marrero Gonz\u00e1lez","Tiempo de lectura":"1 minuto"},"schema":{"@context":"https:\/\/schema.org","@graph":[{"@type":"Article","@id":"https:\/\/elcotarro.com\/?p=4010#article","isPartOf":{"@id":"https:\/\/elcotarro.com\/?p=4010"},"author":{"name":"Jos\u00e9 Carlos Marrero Gonz\u00e1lez","@id":"https:\/\/elcotarro.com\/#\/schema\/person\/af537ee7d60d15984c7e0affcd8a918b"},"headline":"SANTIAGO NEGR\u00cdN LOS PUSO ENCIMA","datePublished":"2017-04-23T10:05:07+00:00","mainEntityOfPage":{"@id":"https:\/\/elcotarro.com\/?p=4010"},"wordCount":253,"commentCount":0,"publisher":{"@id":"https:\/\/elcotarro.com\/#organization"},"inLanguage":"es","potentialAction":[{"@type":"CommentAction","name":"Comment","target":["https:\/\/elcotarro.com\/?p=4010#respond"]}]},{"@type":"WebPage","@id":"https:\/\/elcotarro.com\/?p=4010","url":"https:\/\/elcotarro.com\/?p=4010","name":"SANTIAGO NEGR\u00cdN LOS PUSO ENCIMA - El Cotarro","isPartOf":{"@id":"https:\/\/elcotarro.com\/#website"},"datePublished":"2017-04-23T10:05:07+00:00","breadcrumb":{"@id":"https:\/\/elcotarro.com\/?p=4010#breadcrumb"},"inLanguage":"es","potentialAction":[{"@type":"ReadAction","target":["https:\/\/elcotarro.com\/?p=4010"]}]},{"@type":"BreadcrumbList","@id":"https:\/\/elcotarro.com\/?p=4010#breadcrumb","itemListElement":[{"@type":"ListItem","position":1,"name":"Portada","item":"https:\/\/elcotarro.com\/"},{"@type":"ListItem","position":2,"name":"SANTIAGO NEGR\u00cdN LOS PUSO ENCIMA"}]},{"@type":"WebSite","@id":"https:\/\/elcotarro.com\/#website","url":"https:\/\/elcotarro.com\/","name":"El Cotarro","description":"Peri\u00f3dico Digital Independiente dirigido por Jos\u00e9 Carlos Marrero","publisher":{"@id":"https:\/\/elcotarro.com\/#organization"},"potentialAction":[{"@type":"SearchAction","target":{"@type":"EntryPoint","urlTemplate":"https:\/\/elcotarro.com\/?s={search_term_string}"},"query-input":{"@type":"PropertyValueSpecification","valueRequired":true,"valueName":"search_term_string"}}],"inLanguage":"es"},{"@type":"Organization","@id":"https:\/\/elcotarro.com\/#organization","name":"El Cotarro","url":"https:\/\/elcotarro.com\/","logo":{"@type":"ImageObject","inLanguage":"es","@id":"https:\/\/elcotarro.com\/#\/schema\/logo\/image\/","url":"https:\/\/elcotarro.com\/wp-content\/uploads\/2014\/09\/Cabecera_El_Cotarro_v2.jpg","contentUrl":"https:\/\/elcotarro.com\/wp-content\/uploads\/2014\/09\/Cabecera_El_Cotarro_v2.jpg","width":3540,"height":441,"caption":"El Cotarro"},"image":{"@id":"https:\/\/elcotarro.com\/#\/schema\/logo\/image\/"},"sameAs":["https:\/\/www.facebook.com\/ElCotarro.Tenerife"]},{"@type":"Person","@id":"https:\/\/elcotarro.com\/#\/schema\/person\/af537ee7d60d15984c7e0affcd8a918b","name":"Jos\u00e9 Carlos Marrero Gonz\u00e1lez","image":{"@type":"ImageObject","inLanguage":"es","@id":"https:\/\/elcotarro.com\/#\/schema\/person\/image\/","url":"https:\/\/secure.gravatar.com\/avatar\/def4da036efb5d32c74d49c351f6dccc064dd69ad9f3aadc295c5a9a5391ca01?s=96&d=mm&r=g","contentUrl":"https:\/\/secure.gravatar.com\/avatar\/def4da036efb5d32c74d49c351f6dccc064dd69ad9f3aadc295c5a9a5391ca01?s=96&d=mm&r=g","caption":"Jos\u00e9 Carlos Marrero Gonz\u00e1lez"},"sameAs":["https:\/\/elcotarro.com"],"url":"https:\/\/elcotarro.com\/?author=2"}]}},"jetpack_featured_media_url":"","jetpack_sharing_enabled":true,"_links":{"self":[{"href":"https:\/\/elcotarro.com\/index.php?rest_route=\/wp\/v2\/posts\/4010","targetHints":{"allow":["GET"]}}],"collection":[{"href":"https:\/\/elcotarro.com\/index.php?rest_route=\/wp\/v2\/posts"}],"about":[{"href":"https:\/\/elcotarro.com\/index.php?rest_route=\/wp\/v2\/types\/post"}],"author":[{"embeddable":true,"href":"https:\/\/elcotarro.com\/index.php?rest_route=\/wp\/v2\/users\/2"}],"replies":[{"embeddable":true,"href":"https:\/\/elcotarro.com\/index.php?rest_route=%2Fwp%2Fv2%2Fcomments&post=4010"}],"version-history":[{"count":1,"href":"https:\/\/elcotarro.com\/index.php?rest_route=\/wp\/v2\/posts\/4010\/revisions"}],"predecessor-version":[{"id":4012,"href":"https:\/\/elcotarro.com\/index.php?rest_route=\/wp\/v2\/posts\/4010\/revisions\/4012"}],"wp:attachment":[{"href":"https:\/\/elcotarro.com\/index.php?rest_route=%2Fwp%2Fv2%2Fmedia&parent=4010"}],"wp:term":[{"taxonomy":"category","embeddable":true,"href":"https:\/\/elcotarro.com\/index.php?rest_route=%2Fwp%2Fv2%2Fcategories&post=4010"},{"taxonomy":"post_tag","embeddable":true,"href":"https:\/\/elcotarro.com\/index.php?rest_route=%2Fwp%2Fv2%2Ftags&post=4010"}],"curies":[{"name":"wp","href":"https:\/\/api.w.org\/{rel}","templated":true}]}}