{"id":4019,"date":"2017-04-23T11:02:31","date_gmt":"2017-04-23T10:02:31","guid":{"rendered":"https:\/\/elcotarro.com\/?p=4019"},"modified":"2017-04-23T10:51:37","modified_gmt":"2017-04-23T09:51:37","slug":"y-tan-solo-2-dias-para-inscribirse","status":"publish","type":"post","link":"https:\/\/elcotarro.com\/?p=4019","title":{"rendered":"Y TAN SOLO 2 D\u00cdAS PARA INSCRIBIRSE"},"content":{"rendered":"<p>\u00a1Aviso a cocineras y cocineros! En lo que se refiere a los campeonatos que se van a desarrollar dentro de GastroCanarias 2017, sepan que a las 14:00 horas de este pr\u00f3ximo martes, d\u00eda 25 de abril, est\u00e1 previsto el cierre de inscripciones para la participaci\u00f3n en alguno de los 9 campeonatos que se desarrollar\u00e1n durante los tres d\u00edas del Sal\u00f3n. Toda la informaci\u00f3n sobre los mismos, las distintas bases y los formularios de inscripci\u00f3n los encuentran en www.gastrocanarias.com o bien en www.salongastronomicodecanarias.com \u00a1Tienen solo dos d\u00edas m\u00e1s para apuntarse!.. Por cierto, el Sal\u00f3n ser\u00e1 visitado un a\u00f1o m\u00e1s por el periodista y escritor, <strong>Jos\u00e9 Carlos Capel<\/strong>, presidente de MadridFusi\u00f3n y, muy probablemente, el cr\u00edtico gastron\u00f3mico m\u00e1s influyente de Espa\u00f1a, quien vendr\u00e1 acompa\u00f1ado por la tambi\u00e9n periodista gastron\u00f3mica <strong>Julia P\u00e9rez Lozano<\/strong>, directora del portal GastroActitud. Visitantes de lujo para Tenerife.<\/p>\n<p style=\"text-align: center\"><a href=\"https:\/\/elcotarro.com\/wp-content\/uploads\/2017\/04\/FOTO-4.-VALLA-GASTROCANARIAS-2017.jpg\"><img loading=\"lazy\" decoding=\"async\" class=\"alignnone size-full wp-image-4020\" src=\"https:\/\/elcotarro.com\/wp-content\/uploads\/2017\/04\/FOTO-4.-VALLA-GASTROCANARIAS-2017.jpg\" alt=\"FOTO 4.- VALLA GASTROCANARIAS 2017\" width=\"4032\" height=\"3024\" srcset=\"https:\/\/elcotarro.com\/wp-content\/uploads\/2017\/04\/FOTO-4.-VALLA-GASTROCANARIAS-2017.jpg 4032w, https:\/\/elcotarro.com\/wp-content\/uploads\/2017\/04\/FOTO-4.-VALLA-GASTROCANARIAS-2017-300x225.jpg 300w, https:\/\/elcotarro.com\/wp-content\/uploads\/2017\/04\/FOTO-4.-VALLA-GASTROCANARIAS-2017-1024x768.jpg 1024w\" sizes=\"auto, (max-width: 4032px) 100vw, 4032px\" \/><\/a><\/p>\n<p style=\"text-align: center\"><em>Valla anunciadora de GastroCanarias 2017, que ya se puede ver por todo Tenerife.<\/em><\/p>\n","protected":false},"excerpt":{"rendered":"<p>\u00a1Aviso a cocineras y cocineros! En lo que se refiere a los campeonatos que se van a desarrollar dentro de GastroCanarias 2017, sepan que a las 14:00 horas de este pr\u00f3ximo martes, d\u00eda 25 de abril, est\u00e1 previsto el cierre de inscripciones para la participaci\u00f3n en alguno de los 9 campeonatos que se desarrollar\u00e1n durante &#8230; <a class=\"read-more\" href=\"https:\/\/elcotarro.com\/?p=4019\">Read more<\/a><\/p>\n","protected":false},"author":2,"featured_media":0,"comment_status":"open","ping_status":"open","sticky":false,"template":"","format":"standard","meta":{"_jetpack_memberships_contains_paid_content":false,"footnotes":""},"categories":[1],"tags":[],"class_list":["post-4019","post","type-post","status-publish","format-standard","hentry","category-sin-categoria"],"yoast_head":"<!-- This site is optimized with the Yoast SEO plugin v27.0 - https:\/\/yoast.com\/product\/yoast-seo-wordpress\/ -->\n<title>Y TAN SOLO 2 D\u00cdAS PARA INSCRIBIRSE - El Cotarro<\/title>\n<meta name=\"robots\" content=\"index, follow, max-snippet:-1, max-image-preview:large, max-video-preview:-1\" \/>\n<link rel=\"canonical\" href=\"https:\/\/elcotarro.com\/?p=4019\" \/>\n<meta property=\"og:locale\" content=\"es_ES\" \/>\n<meta property=\"og:type\" content=\"article\" \/>\n<meta property=\"og:title\" content=\"Y TAN SOLO 2 D\u00cdAS PARA INSCRIBIRSE - El Cotarro\" \/>\n<meta property=\"og:description\" content=\"\u00a1Aviso a cocineras y cocineros! En lo que se refiere a los campeonatos que se van a desarrollar dentro de GastroCanarias 2017, sepan que a las 14:00 horas de este pr\u00f3ximo martes, d\u00eda 25 de abril, est\u00e1 previsto el cierre de inscripciones para la participaci\u00f3n en alguno de los 9 campeonatos que se desarrollar\u00e1n durante ... Read more\" \/>\n<meta property=\"og:url\" content=\"https:\/\/elcotarro.com\/?p=4019\" \/>\n<meta property=\"og:site_name\" content=\"El Cotarro\" \/>\n<meta property=\"article:publisher\" content=\"https:\/\/www.facebook.com\/ElCotarro.Tenerife\" \/>\n<meta property=\"article:published_time\" content=\"2017-04-23T10:02:31+00:00\" \/>\n<meta property=\"og:image\" content=\"https:\/\/elcotarro.com\/wp-content\/uploads\/2017\/04\/FOTO-4.-VALLA-GASTROCANARIAS-2017.jpg\" \/>\n<meta name=\"author\" content=\"Jos\u00e9 Carlos Marrero Gonz\u00e1lez\" \/>\n<meta name=\"twitter:label1\" content=\"Escrito por\" \/>\n\t<meta name=\"twitter:data1\" content=\"Jos\u00e9 Carlos Marrero Gonz\u00e1lez\" \/>\n\t<meta name=\"twitter:label2\" content=\"Tiempo de lectura\" \/>\n\t<meta name=\"twitter:data2\" content=\"1 minuto\" \/>\n<script type=\"application\/ld+json\" class=\"yoast-schema-graph\">{\"@context\":\"https:\/\/schema.org\",\"@graph\":[{\"@type\":\"Article\",\"@id\":\"https:\/\/elcotarro.com\/?p=4019#article\",\"isPartOf\":{\"@id\":\"https:\/\/elcotarro.com\/?p=4019\"},\"author\":{\"name\":\"Jos\u00e9 Carlos Marrero Gonz\u00e1lez\",\"@id\":\"https:\/\/elcotarro.com\/#\/schema\/person\/af537ee7d60d15984c7e0affcd8a918b\"},\"headline\":\"Y TAN SOLO 2 D\u00cdAS PARA INSCRIBIRSE\",\"datePublished\":\"2017-04-23T10:02:31+00:00\",\"mainEntityOfPage\":{\"@id\":\"https:\/\/elcotarro.com\/?p=4019\"},\"wordCount\":180,\"commentCount\":0,\"publisher\":{\"@id\":\"https:\/\/elcotarro.com\/#organization\"},\"image\":{\"@id\":\"https:\/\/elcotarro.com\/?p=4019#primaryimage\"},\"thumbnailUrl\":\"https:\/\/elcotarro.com\/wp-content\/uploads\/2017\/04\/FOTO-4.-VALLA-GASTROCANARIAS-2017.jpg\",\"inLanguage\":\"es\",\"potentialAction\":[{\"@type\":\"CommentAction\",\"name\":\"Comment\",\"target\":[\"https:\/\/elcotarro.com\/?p=4019#respond\"]}]},{\"@type\":\"WebPage\",\"@id\":\"https:\/\/elcotarro.com\/?p=4019\",\"url\":\"https:\/\/elcotarro.com\/?p=4019\",\"name\":\"Y TAN SOLO 2 D\u00cdAS PARA INSCRIBIRSE - El Cotarro\",\"isPartOf\":{\"@id\":\"https:\/\/elcotarro.com\/#website\"},\"primaryImageOfPage\":{\"@id\":\"https:\/\/elcotarro.com\/?p=4019#primaryimage\"},\"image\":{\"@id\":\"https:\/\/elcotarro.com\/?p=4019#primaryimage\"},\"thumbnailUrl\":\"https:\/\/elcotarro.com\/wp-content\/uploads\/2017\/04\/FOTO-4.-VALLA-GASTROCANARIAS-2017.jpg\",\"datePublished\":\"2017-04-23T10:02:31+00:00\",\"breadcrumb\":{\"@id\":\"https:\/\/elcotarro.com\/?p=4019#breadcrumb\"},\"inLanguage\":\"es\",\"potentialAction\":[{\"@type\":\"ReadAction\",\"target\":[\"https:\/\/elcotarro.com\/?p=4019\"]}]},{\"@type\":\"ImageObject\",\"inLanguage\":\"es\",\"@id\":\"https:\/\/elcotarro.com\/?p=4019#primaryimage\",\"url\":\"https:\/\/elcotarro.com\/wp-content\/uploads\/2017\/04\/FOTO-4.-VALLA-GASTROCANARIAS-2017.jpg\",\"contentUrl\":\"https:\/\/elcotarro.com\/wp-content\/uploads\/2017\/04\/FOTO-4.-VALLA-GASTROCANARIAS-2017.jpg\",\"width\":4032,\"height\":3024},{\"@type\":\"BreadcrumbList\",\"@id\":\"https:\/\/elcotarro.com\/?p=4019#breadcrumb\",\"itemListElement\":[{\"@type\":\"ListItem\",\"position\":1,\"name\":\"Portada\",\"item\":\"https:\/\/elcotarro.com\/\"},{\"@type\":\"ListItem\",\"position\":2,\"name\":\"Y TAN SOLO 2 D\u00cdAS PARA INSCRIBIRSE\"}]},{\"@type\":\"WebSite\",\"@id\":\"https:\/\/elcotarro.com\/#website\",\"url\":\"https:\/\/elcotarro.com\/\",\"name\":\"El Cotarro\",\"description\":\"Peri\u00f3dico Digital Independiente dirigido por Jos\u00e9 Carlos Marrero\",\"publisher\":{\"@id\":\"https:\/\/elcotarro.com\/#organization\"},\"potentialAction\":[{\"@type\":\"SearchAction\",\"target\":{\"@type\":\"EntryPoint\",\"urlTemplate\":\"https:\/\/elcotarro.com\/?s={search_term_string}\"},\"query-input\":{\"@type\":\"PropertyValueSpecification\",\"valueRequired\":true,\"valueName\":\"search_term_string\"}}],\"inLanguage\":\"es\"},{\"@type\":\"Organization\",\"@id\":\"https:\/\/elcotarro.com\/#organization\",\"name\":\"El Cotarro\",\"url\":\"https:\/\/elcotarro.com\/\",\"logo\":{\"@type\":\"ImageObject\",\"inLanguage\":\"es\",\"@id\":\"https:\/\/elcotarro.com\/#\/schema\/logo\/image\/\",\"url\":\"https:\/\/elcotarro.com\/wp-content\/uploads\/2014\/09\/Cabecera_El_Cotarro_v2.jpg\",\"contentUrl\":\"https:\/\/elcotarro.com\/wp-content\/uploads\/2014\/09\/Cabecera_El_Cotarro_v2.jpg\",\"width\":3540,\"height\":441,\"caption\":\"El Cotarro\"},\"image\":{\"@id\":\"https:\/\/elcotarro.com\/#\/schema\/logo\/image\/\"},\"sameAs\":[\"https:\/\/www.facebook.com\/ElCotarro.Tenerife\"]},{\"@type\":\"Person\",\"@id\":\"https:\/\/elcotarro.com\/#\/schema\/person\/af537ee7d60d15984c7e0affcd8a918b\",\"name\":\"Jos\u00e9 Carlos Marrero Gonz\u00e1lez\",\"image\":{\"@type\":\"ImageObject\",\"inLanguage\":\"es\",\"@id\":\"https:\/\/elcotarro.com\/#\/schema\/person\/image\/\",\"url\":\"https:\/\/secure.gravatar.com\/avatar\/def4da036efb5d32c74d49c351f6dccc064dd69ad9f3aadc295c5a9a5391ca01?s=96&d=mm&r=g\",\"contentUrl\":\"https:\/\/secure.gravatar.com\/avatar\/def4da036efb5d32c74d49c351f6dccc064dd69ad9f3aadc295c5a9a5391ca01?s=96&d=mm&r=g\",\"caption\":\"Jos\u00e9 Carlos Marrero Gonz\u00e1lez\"},\"sameAs\":[\"https:\/\/elcotarro.com\"],\"url\":\"https:\/\/elcotarro.com\/?author=2\"}]}<\/script>\n<!-- \/ Yoast SEO plugin. -->","yoast_head_json":{"title":"Y TAN SOLO 2 D\u00cdAS PARA INSCRIBIRSE - El Cotarro","robots":{"index":"index","follow":"follow","max-snippet":"max-snippet:-1","max-image-preview":"max-image-preview:large","max-video-preview":"max-video-preview:-1"},"canonical":"https:\/\/elcotarro.com\/?p=4019","og_locale":"es_ES","og_type":"article","og_title":"Y TAN SOLO 2 D\u00cdAS PARA INSCRIBIRSE - El Cotarro","og_description":"\u00a1Aviso a cocineras y cocineros! En lo que se refiere a los campeonatos que se van a desarrollar dentro de GastroCanarias 2017, sepan que a las 14:00 horas de este pr\u00f3ximo martes, d\u00eda 25 de abril, est\u00e1 previsto el cierre de inscripciones para la participaci\u00f3n en alguno de los 9 campeonatos que se desarrollar\u00e1n durante ... Read more","og_url":"https:\/\/elcotarro.com\/?p=4019","og_site_name":"El Cotarro","article_publisher":"https:\/\/www.facebook.com\/ElCotarro.Tenerife","article_published_time":"2017-04-23T10:02:31+00:00","og_image":[{"url":"https:\/\/elcotarro.com\/wp-content\/uploads\/2017\/04\/FOTO-4.-VALLA-GASTROCANARIAS-2017.jpg","type":"","width":"","height":""}],"author":"Jos\u00e9 Carlos Marrero Gonz\u00e1lez","twitter_misc":{"Escrito por":"Jos\u00e9 Carlos Marrero Gonz\u00e1lez","Tiempo de lectura":"1 minuto"},"schema":{"@context":"https:\/\/schema.org","@graph":[{"@type":"Article","@id":"https:\/\/elcotarro.com\/?p=4019#article","isPartOf":{"@id":"https:\/\/elcotarro.com\/?p=4019"},"author":{"name":"Jos\u00e9 Carlos Marrero Gonz\u00e1lez","@id":"https:\/\/elcotarro.com\/#\/schema\/person\/af537ee7d60d15984c7e0affcd8a918b"},"headline":"Y TAN SOLO 2 D\u00cdAS PARA INSCRIBIRSE","datePublished":"2017-04-23T10:02:31+00:00","mainEntityOfPage":{"@id":"https:\/\/elcotarro.com\/?p=4019"},"wordCount":180,"commentCount":0,"publisher":{"@id":"https:\/\/elcotarro.com\/#organization"},"image":{"@id":"https:\/\/elcotarro.com\/?p=4019#primaryimage"},"thumbnailUrl":"https:\/\/elcotarro.com\/wp-content\/uploads\/2017\/04\/FOTO-4.-VALLA-GASTROCANARIAS-2017.jpg","inLanguage":"es","potentialAction":[{"@type":"CommentAction","name":"Comment","target":["https:\/\/elcotarro.com\/?p=4019#respond"]}]},{"@type":"WebPage","@id":"https:\/\/elcotarro.com\/?p=4019","url":"https:\/\/elcotarro.com\/?p=4019","name":"Y TAN SOLO 2 D\u00cdAS PARA INSCRIBIRSE - El Cotarro","isPartOf":{"@id":"https:\/\/elcotarro.com\/#website"},"primaryImageOfPage":{"@id":"https:\/\/elcotarro.com\/?p=4019#primaryimage"},"image":{"@id":"https:\/\/elcotarro.com\/?p=4019#primaryimage"},"thumbnailUrl":"https:\/\/elcotarro.com\/wp-content\/uploads\/2017\/04\/FOTO-4.-VALLA-GASTROCANARIAS-2017.jpg","datePublished":"2017-04-23T10:02:31+00:00","breadcrumb":{"@id":"https:\/\/elcotarro.com\/?p=4019#breadcrumb"},"inLanguage":"es","potentialAction":[{"@type":"ReadAction","target":["https:\/\/elcotarro.com\/?p=4019"]}]},{"@type":"ImageObject","inLanguage":"es","@id":"https:\/\/elcotarro.com\/?p=4019#primaryimage","url":"https:\/\/elcotarro.com\/wp-content\/uploads\/2017\/04\/FOTO-4.-VALLA-GASTROCANARIAS-2017.jpg","contentUrl":"https:\/\/elcotarro.com\/wp-content\/uploads\/2017\/04\/FOTO-4.-VALLA-GASTROCANARIAS-2017.jpg","width":4032,"height":3024},{"@type":"BreadcrumbList","@id":"https:\/\/elcotarro.com\/?p=4019#breadcrumb","itemListElement":[{"@type":"ListItem","position":1,"name":"Portada","item":"https:\/\/elcotarro.com\/"},{"@type":"ListItem","position":2,"name":"Y TAN SOLO 2 D\u00cdAS PARA INSCRIBIRSE"}]},{"@type":"WebSite","@id":"https:\/\/elcotarro.com\/#website","url":"https:\/\/elcotarro.com\/","name":"El Cotarro","description":"Peri\u00f3dico Digital Independiente dirigido por Jos\u00e9 Carlos Marrero","publisher":{"@id":"https:\/\/elcotarro.com\/#organization"},"potentialAction":[{"@type":"SearchAction","target":{"@type":"EntryPoint","urlTemplate":"https:\/\/elcotarro.com\/?s={search_term_string}"},"query-input":{"@type":"PropertyValueSpecification","valueRequired":true,"valueName":"search_term_string"}}],"inLanguage":"es"},{"@type":"Organization","@id":"https:\/\/elcotarro.com\/#organization","name":"El Cotarro","url":"https:\/\/elcotarro.com\/","logo":{"@type":"ImageObject","inLanguage":"es","@id":"https:\/\/elcotarro.com\/#\/schema\/logo\/image\/","url":"https:\/\/elcotarro.com\/wp-content\/uploads\/2014\/09\/Cabecera_El_Cotarro_v2.jpg","contentUrl":"https:\/\/elcotarro.com\/wp-content\/uploads\/2014\/09\/Cabecera_El_Cotarro_v2.jpg","width":3540,"height":441,"caption":"El Cotarro"},"image":{"@id":"https:\/\/elcotarro.com\/#\/schema\/logo\/image\/"},"sameAs":["https:\/\/www.facebook.com\/ElCotarro.Tenerife"]},{"@type":"Person","@id":"https:\/\/elcotarro.com\/#\/schema\/person\/af537ee7d60d15984c7e0affcd8a918b","name":"Jos\u00e9 Carlos Marrero Gonz\u00e1lez","image":{"@type":"ImageObject","inLanguage":"es","@id":"https:\/\/elcotarro.com\/#\/schema\/person\/image\/","url":"https:\/\/secure.gravatar.com\/avatar\/def4da036efb5d32c74d49c351f6dccc064dd69ad9f3aadc295c5a9a5391ca01?s=96&d=mm&r=g","contentUrl":"https:\/\/secure.gravatar.com\/avatar\/def4da036efb5d32c74d49c351f6dccc064dd69ad9f3aadc295c5a9a5391ca01?s=96&d=mm&r=g","caption":"Jos\u00e9 Carlos Marrero Gonz\u00e1lez"},"sameAs":["https:\/\/elcotarro.com"],"url":"https:\/\/elcotarro.com\/?author=2"}]}},"jetpack_featured_media_url":"","jetpack_sharing_enabled":true,"_links":{"self":[{"href":"https:\/\/elcotarro.com\/index.php?rest_route=\/wp\/v2\/posts\/4019","targetHints":{"allow":["GET"]}}],"collection":[{"href":"https:\/\/elcotarro.com\/index.php?rest_route=\/wp\/v2\/posts"}],"about":[{"href":"https:\/\/elcotarro.com\/index.php?rest_route=\/wp\/v2\/types\/post"}],"author":[{"embeddable":true,"href":"https:\/\/elcotarro.com\/index.php?rest_route=\/wp\/v2\/users\/2"}],"replies":[{"embeddable":true,"href":"https:\/\/elcotarro.com\/index.php?rest_route=%2Fwp%2Fv2%2Fcomments&post=4019"}],"version-history":[{"count":1,"href":"https:\/\/elcotarro.com\/index.php?rest_route=\/wp\/v2\/posts\/4019\/revisions"}],"predecessor-version":[{"id":4021,"href":"https:\/\/elcotarro.com\/index.php?rest_route=\/wp\/v2\/posts\/4019\/revisions\/4021"}],"wp:attachment":[{"href":"https:\/\/elcotarro.com\/index.php?rest_route=%2Fwp%2Fv2%2Fmedia&parent=4019"}],"wp:term":[{"taxonomy":"category","embeddable":true,"href":"https:\/\/elcotarro.com\/index.php?rest_route=%2Fwp%2Fv2%2Fcategories&post=4019"},{"taxonomy":"post_tag","embeddable":true,"href":"https:\/\/elcotarro.com\/index.php?rest_route=%2Fwp%2Fv2%2Ftags&post=4019"}],"curies":[{"name":"wp","href":"https:\/\/api.w.org\/{rel}","templated":true}]}}