{"id":4025,"date":"2017-04-23T11:00:10","date_gmt":"2017-04-23T10:00:10","guid":{"rendered":"https:\/\/elcotarro.com\/?p=4025"},"modified":"2017-04-23T10:54:42","modified_gmt":"2017-04-23T09:54:42","slug":"donativo-de-la-pena-el-gofio","status":"publish","type":"post","link":"https:\/\/elcotarro.com\/?p=4025","title":{"rendered":"DONATIVO DE LA PE\u00d1A \u201cEL GOFIO\u201d"},"content":{"rendered":"<p>Me permitir\u00e1n para terminar, hacerme eco del cumplimiento de un compromiso ya tradicional que, un a\u00f1o m\u00e1s se ha cumplido con r\u00e9cord. Me refiero al donativo que la parranda \u201cLo Divino\u201d de la lagunera pe\u00f1a \u201cEl Gofio\u201d ha hecho (creo que por quinto a\u00f1o consecutivo) a C\u00e1ritas. La parranda ensaya casi dos meses para salir siete d\u00edas por Navidad cantando villancicos. Desde hace a\u00f1os editan un cancionero con la ayuda del ayuntamiento lagunero y algunas generosas empresas. El cancionero se distribuye a cambio de un donativo y este a\u00f1o consiguieron la cifra r\u00e9cord de casi dos mil euritos. Entre los propios miembros de la parranda redondearon dicha cifra y, este pasado jueves, hicieron la entrega de los dos mil euros a C\u00e1ritas de la lagunera parroquia de San Juan. El depositario de la parranda, <strong>F\u00e9lix \u00c1lvaro Marrero<\/strong>, entreg\u00f3 el donativo al p\u00e1rroco, <strong>Manuel Bethencourt Cabrera<\/strong>, en presencia <strong>Gilberto Candelario Rocha<\/strong>, responsable parroquial de C\u00e1ritas y de <strong>Ram\u00f3n Mario Herrera<\/strong>, hermano mayor de la cofrad\u00eda de San Juan, celador de la iglesia y expropietario de la recordada taberna \u201cLa Oficina\u201d.<\/p>\n<p style=\"text-align: center\"><a href=\"https:\/\/elcotarro.com\/wp-content\/uploads\/2017\/04\/FOTO-6.-DONATIVO-A-C\u00c1RITAS.jpg\"><img loading=\"lazy\" decoding=\"async\" class=\"alignnone size-full wp-image-4026\" src=\"https:\/\/elcotarro.com\/wp-content\/uploads\/2017\/04\/FOTO-6.-DONATIVO-A-C\u00c1RITAS.jpg\" alt=\"FOTO 6.- DONATIVO A C\u00c1RITAS\" width=\"1331\" height=\"998\" srcset=\"https:\/\/elcotarro.com\/wp-content\/uploads\/2017\/04\/FOTO-6.-DONATIVO-A-C\u00c1RITAS.jpg 1331w, https:\/\/elcotarro.com\/wp-content\/uploads\/2017\/04\/FOTO-6.-DONATIVO-A-C\u00c1RITAS-300x225.jpg 300w, https:\/\/elcotarro.com\/wp-content\/uploads\/2017\/04\/FOTO-6.-DONATIVO-A-C\u00c1RITAS-1024x768.jpg 1024w\" sizes=\"auto, (max-width: 1331px) 100vw, 1331px\" \/><\/a><\/p>\n<p style=\"text-align: center\"><em>Manuel Bethencourt Cabrera, Gilberto Candelario Rocha, F\u00e9lix \u00c1lvaro Marrero S\u00e1nchez y Ram\u00f3n Mario Herrera (de izquierda a derecha), tras la entrega de los 2000 euros a C\u00e1ritas de la lagunera parroquia de San Juan<\/em><\/p>\n<p style=\"text-align: center\"><a href=\"http:\/\/www.careca.es\/\" target=\"_blank\"><img loading=\"lazy\" decoding=\"async\" class=\"size-full wp-image-2216 aligncenter\" src=\"https:\/\/elcotarro.com\/wp-content\/uploads\/2016\/07\/InsulacafeElCotarro.jpg\" alt=\"Bnn_Careca\" width=\"750\" height=\"150\" \/><\/a><\/p>\n","protected":false},"excerpt":{"rendered":"<p>Me permitir\u00e1n para terminar, hacerme eco del cumplimiento de un compromiso ya tradicional que, un a\u00f1o m\u00e1s se ha cumplido con r\u00e9cord. Me refiero al donativo que la parranda \u201cLo Divino\u201d de la lagunera pe\u00f1a \u201cEl Gofio\u201d ha hecho (creo que por quinto a\u00f1o consecutivo) a C\u00e1ritas. La parranda ensaya casi dos meses para salir &#8230; <a class=\"read-more\" href=\"https:\/\/elcotarro.com\/?p=4025\">Read more<\/a><\/p>\n","protected":false},"author":2,"featured_media":0,"comment_status":"open","ping_status":"open","sticky":false,"template":"","format":"standard","meta":{"_jetpack_memberships_contains_paid_content":false,"footnotes":""},"categories":[1],"tags":[],"class_list":["post-4025","post","type-post","status-publish","format-standard","hentry","category-sin-categoria"],"yoast_head":"<!-- This site is optimized with the Yoast SEO plugin v27.0 - https:\/\/yoast.com\/product\/yoast-seo-wordpress\/ -->\n<title>DONATIVO DE LA PE\u00d1A \u201cEL GOFIO\u201d - El Cotarro<\/title>\n<meta name=\"robots\" content=\"index, follow, max-snippet:-1, max-image-preview:large, max-video-preview:-1\" \/>\n<link rel=\"canonical\" href=\"https:\/\/elcotarro.com\/?p=4025\" \/>\n<meta property=\"og:locale\" content=\"es_ES\" \/>\n<meta property=\"og:type\" content=\"article\" \/>\n<meta property=\"og:title\" content=\"DONATIVO DE LA PE\u00d1A \u201cEL GOFIO\u201d - El Cotarro\" \/>\n<meta property=\"og:description\" content=\"Me permitir\u00e1n para terminar, hacerme eco del cumplimiento de un compromiso ya tradicional que, un a\u00f1o m\u00e1s se ha cumplido con r\u00e9cord. Me refiero al donativo que la parranda \u201cLo Divino\u201d de la lagunera pe\u00f1a \u201cEl Gofio\u201d ha hecho (creo que por quinto a\u00f1o consecutivo) a C\u00e1ritas. La parranda ensaya casi dos meses para salir ... Read more\" \/>\n<meta property=\"og:url\" content=\"https:\/\/elcotarro.com\/?p=4025\" \/>\n<meta property=\"og:site_name\" content=\"El Cotarro\" \/>\n<meta property=\"article:publisher\" content=\"https:\/\/www.facebook.com\/ElCotarro.Tenerife\" \/>\n<meta property=\"article:published_time\" content=\"2017-04-23T10:00:10+00:00\" \/>\n<meta property=\"og:image\" content=\"https:\/\/elcotarro.com\/wp-content\/uploads\/2016\/07\/InsulacafeElCotarro.jpg\" \/>\n<meta name=\"author\" content=\"Jos\u00e9 Carlos Marrero Gonz\u00e1lez\" \/>\n<meta name=\"twitter:label1\" content=\"Escrito por\" \/>\n\t<meta name=\"twitter:data1\" content=\"Jos\u00e9 Carlos Marrero Gonz\u00e1lez\" \/>\n\t<meta name=\"twitter:label2\" content=\"Tiempo de lectura\" \/>\n\t<meta name=\"twitter:data2\" content=\"1 minuto\" \/>\n<script type=\"application\/ld+json\" class=\"yoast-schema-graph\">{\"@context\":\"https:\/\/schema.org\",\"@graph\":[{\"@type\":\"Article\",\"@id\":\"https:\/\/elcotarro.com\/?p=4025#article\",\"isPartOf\":{\"@id\":\"https:\/\/elcotarro.com\/?p=4025\"},\"author\":{\"name\":\"Jos\u00e9 Carlos Marrero Gonz\u00e1lez\",\"@id\":\"https:\/\/elcotarro.com\/#\/schema\/person\/af537ee7d60d15984c7e0affcd8a918b\"},\"headline\":\"DONATIVO DE LA PE\u00d1A \u201cEL GOFIO\u201d\",\"datePublished\":\"2017-04-23T10:00:10+00:00\",\"mainEntityOfPage\":{\"@id\":\"https:\/\/elcotarro.com\/?p=4025\"},\"wordCount\":240,\"commentCount\":0,\"publisher\":{\"@id\":\"https:\/\/elcotarro.com\/#organization\"},\"image\":{\"@id\":\"https:\/\/elcotarro.com\/?p=4025#primaryimage\"},\"thumbnailUrl\":\"https:\/\/elcotarro.com\/wp-content\/uploads\/2016\/07\/InsulacafeElCotarro.jpg\",\"inLanguage\":\"es\",\"potentialAction\":[{\"@type\":\"CommentAction\",\"name\":\"Comment\",\"target\":[\"https:\/\/elcotarro.com\/?p=4025#respond\"]}]},{\"@type\":\"WebPage\",\"@id\":\"https:\/\/elcotarro.com\/?p=4025\",\"url\":\"https:\/\/elcotarro.com\/?p=4025\",\"name\":\"DONATIVO DE LA PE\u00d1A \u201cEL GOFIO\u201d - El Cotarro\",\"isPartOf\":{\"@id\":\"https:\/\/elcotarro.com\/#website\"},\"primaryImageOfPage\":{\"@id\":\"https:\/\/elcotarro.com\/?p=4025#primaryimage\"},\"image\":{\"@id\":\"https:\/\/elcotarro.com\/?p=4025#primaryimage\"},\"thumbnailUrl\":\"https:\/\/elcotarro.com\/wp-content\/uploads\/2016\/07\/InsulacafeElCotarro.jpg\",\"datePublished\":\"2017-04-23T10:00:10+00:00\",\"breadcrumb\":{\"@id\":\"https:\/\/elcotarro.com\/?p=4025#breadcrumb\"},\"inLanguage\":\"es\",\"potentialAction\":[{\"@type\":\"ReadAction\",\"target\":[\"https:\/\/elcotarro.com\/?p=4025\"]}]},{\"@type\":\"ImageObject\",\"inLanguage\":\"es\",\"@id\":\"https:\/\/elcotarro.com\/?p=4025#primaryimage\",\"url\":\"https:\/\/elcotarro.com\/wp-content\/uploads\/2016\/07\/InsulacafeElCotarro.jpg\",\"contentUrl\":\"https:\/\/elcotarro.com\/wp-content\/uploads\/2016\/07\/InsulacafeElCotarro.jpg\",\"width\":750,\"height\":153},{\"@type\":\"BreadcrumbList\",\"@id\":\"https:\/\/elcotarro.com\/?p=4025#breadcrumb\",\"itemListElement\":[{\"@type\":\"ListItem\",\"position\":1,\"name\":\"Portada\",\"item\":\"https:\/\/elcotarro.com\/\"},{\"@type\":\"ListItem\",\"position\":2,\"name\":\"DONATIVO DE LA PE\u00d1A \u201cEL GOFIO\u201d\"}]},{\"@type\":\"WebSite\",\"@id\":\"https:\/\/elcotarro.com\/#website\",\"url\":\"https:\/\/elcotarro.com\/\",\"name\":\"El Cotarro\",\"description\":\"Peri\u00f3dico Digital Independiente dirigido por Jos\u00e9 Carlos Marrero\",\"publisher\":{\"@id\":\"https:\/\/elcotarro.com\/#organization\"},\"potentialAction\":[{\"@type\":\"SearchAction\",\"target\":{\"@type\":\"EntryPoint\",\"urlTemplate\":\"https:\/\/elcotarro.com\/?s={search_term_string}\"},\"query-input\":{\"@type\":\"PropertyValueSpecification\",\"valueRequired\":true,\"valueName\":\"search_term_string\"}}],\"inLanguage\":\"es\"},{\"@type\":\"Organization\",\"@id\":\"https:\/\/elcotarro.com\/#organization\",\"name\":\"El Cotarro\",\"url\":\"https:\/\/elcotarro.com\/\",\"logo\":{\"@type\":\"ImageObject\",\"inLanguage\":\"es\",\"@id\":\"https:\/\/elcotarro.com\/#\/schema\/logo\/image\/\",\"url\":\"https:\/\/elcotarro.com\/wp-content\/uploads\/2014\/09\/Cabecera_El_Cotarro_v2.jpg\",\"contentUrl\":\"https:\/\/elcotarro.com\/wp-content\/uploads\/2014\/09\/Cabecera_El_Cotarro_v2.jpg\",\"width\":3540,\"height\":441,\"caption\":\"El Cotarro\"},\"image\":{\"@id\":\"https:\/\/elcotarro.com\/#\/schema\/logo\/image\/\"},\"sameAs\":[\"https:\/\/www.facebook.com\/ElCotarro.Tenerife\"]},{\"@type\":\"Person\",\"@id\":\"https:\/\/elcotarro.com\/#\/schema\/person\/af537ee7d60d15984c7e0affcd8a918b\",\"name\":\"Jos\u00e9 Carlos Marrero Gonz\u00e1lez\",\"image\":{\"@type\":\"ImageObject\",\"inLanguage\":\"es\",\"@id\":\"https:\/\/elcotarro.com\/#\/schema\/person\/image\/\",\"url\":\"https:\/\/secure.gravatar.com\/avatar\/def4da036efb5d32c74d49c351f6dccc064dd69ad9f3aadc295c5a9a5391ca01?s=96&d=mm&r=g\",\"contentUrl\":\"https:\/\/secure.gravatar.com\/avatar\/def4da036efb5d32c74d49c351f6dccc064dd69ad9f3aadc295c5a9a5391ca01?s=96&d=mm&r=g\",\"caption\":\"Jos\u00e9 Carlos Marrero Gonz\u00e1lez\"},\"sameAs\":[\"https:\/\/elcotarro.com\"],\"url\":\"https:\/\/elcotarro.com\/?author=2\"}]}<\/script>\n<!-- \/ Yoast SEO plugin. -->","yoast_head_json":{"title":"DONATIVO DE LA PE\u00d1A \u201cEL GOFIO\u201d - El Cotarro","robots":{"index":"index","follow":"follow","max-snippet":"max-snippet:-1","max-image-preview":"max-image-preview:large","max-video-preview":"max-video-preview:-1"},"canonical":"https:\/\/elcotarro.com\/?p=4025","og_locale":"es_ES","og_type":"article","og_title":"DONATIVO DE LA PE\u00d1A \u201cEL GOFIO\u201d - El Cotarro","og_description":"Me permitir\u00e1n para terminar, hacerme eco del cumplimiento de un compromiso ya tradicional que, un a\u00f1o m\u00e1s se ha cumplido con r\u00e9cord. Me refiero al donativo que la parranda \u201cLo Divino\u201d de la lagunera pe\u00f1a \u201cEl Gofio\u201d ha hecho (creo que por quinto a\u00f1o consecutivo) a C\u00e1ritas. La parranda ensaya casi dos meses para salir ... Read more","og_url":"https:\/\/elcotarro.com\/?p=4025","og_site_name":"El Cotarro","article_publisher":"https:\/\/www.facebook.com\/ElCotarro.Tenerife","article_published_time":"2017-04-23T10:00:10+00:00","og_image":[{"url":"https:\/\/elcotarro.com\/wp-content\/uploads\/2016\/07\/InsulacafeElCotarro.jpg","type":"","width":"","height":""}],"author":"Jos\u00e9 Carlos Marrero Gonz\u00e1lez","twitter_misc":{"Escrito por":"Jos\u00e9 Carlos Marrero Gonz\u00e1lez","Tiempo de lectura":"1 minuto"},"schema":{"@context":"https:\/\/schema.org","@graph":[{"@type":"Article","@id":"https:\/\/elcotarro.com\/?p=4025#article","isPartOf":{"@id":"https:\/\/elcotarro.com\/?p=4025"},"author":{"name":"Jos\u00e9 Carlos Marrero Gonz\u00e1lez","@id":"https:\/\/elcotarro.com\/#\/schema\/person\/af537ee7d60d15984c7e0affcd8a918b"},"headline":"DONATIVO DE LA PE\u00d1A \u201cEL GOFIO\u201d","datePublished":"2017-04-23T10:00:10+00:00","mainEntityOfPage":{"@id":"https:\/\/elcotarro.com\/?p=4025"},"wordCount":240,"commentCount":0,"publisher":{"@id":"https:\/\/elcotarro.com\/#organization"},"image":{"@id":"https:\/\/elcotarro.com\/?p=4025#primaryimage"},"thumbnailUrl":"https:\/\/elcotarro.com\/wp-content\/uploads\/2016\/07\/InsulacafeElCotarro.jpg","inLanguage":"es","potentialAction":[{"@type":"CommentAction","name":"Comment","target":["https:\/\/elcotarro.com\/?p=4025#respond"]}]},{"@type":"WebPage","@id":"https:\/\/elcotarro.com\/?p=4025","url":"https:\/\/elcotarro.com\/?p=4025","name":"DONATIVO DE LA PE\u00d1A \u201cEL GOFIO\u201d - El Cotarro","isPartOf":{"@id":"https:\/\/elcotarro.com\/#website"},"primaryImageOfPage":{"@id":"https:\/\/elcotarro.com\/?p=4025#primaryimage"},"image":{"@id":"https:\/\/elcotarro.com\/?p=4025#primaryimage"},"thumbnailUrl":"https:\/\/elcotarro.com\/wp-content\/uploads\/2016\/07\/InsulacafeElCotarro.jpg","datePublished":"2017-04-23T10:00:10+00:00","breadcrumb":{"@id":"https:\/\/elcotarro.com\/?p=4025#breadcrumb"},"inLanguage":"es","potentialAction":[{"@type":"ReadAction","target":["https:\/\/elcotarro.com\/?p=4025"]}]},{"@type":"ImageObject","inLanguage":"es","@id":"https:\/\/elcotarro.com\/?p=4025#primaryimage","url":"https:\/\/elcotarro.com\/wp-content\/uploads\/2016\/07\/InsulacafeElCotarro.jpg","contentUrl":"https:\/\/elcotarro.com\/wp-content\/uploads\/2016\/07\/InsulacafeElCotarro.jpg","width":750,"height":153},{"@type":"BreadcrumbList","@id":"https:\/\/elcotarro.com\/?p=4025#breadcrumb","itemListElement":[{"@type":"ListItem","position":1,"name":"Portada","item":"https:\/\/elcotarro.com\/"},{"@type":"ListItem","position":2,"name":"DONATIVO DE LA PE\u00d1A \u201cEL GOFIO\u201d"}]},{"@type":"WebSite","@id":"https:\/\/elcotarro.com\/#website","url":"https:\/\/elcotarro.com\/","name":"El Cotarro","description":"Peri\u00f3dico Digital Independiente dirigido por Jos\u00e9 Carlos Marrero","publisher":{"@id":"https:\/\/elcotarro.com\/#organization"},"potentialAction":[{"@type":"SearchAction","target":{"@type":"EntryPoint","urlTemplate":"https:\/\/elcotarro.com\/?s={search_term_string}"},"query-input":{"@type":"PropertyValueSpecification","valueRequired":true,"valueName":"search_term_string"}}],"inLanguage":"es"},{"@type":"Organization","@id":"https:\/\/elcotarro.com\/#organization","name":"El Cotarro","url":"https:\/\/elcotarro.com\/","logo":{"@type":"ImageObject","inLanguage":"es","@id":"https:\/\/elcotarro.com\/#\/schema\/logo\/image\/","url":"https:\/\/elcotarro.com\/wp-content\/uploads\/2014\/09\/Cabecera_El_Cotarro_v2.jpg","contentUrl":"https:\/\/elcotarro.com\/wp-content\/uploads\/2014\/09\/Cabecera_El_Cotarro_v2.jpg","width":3540,"height":441,"caption":"El Cotarro"},"image":{"@id":"https:\/\/elcotarro.com\/#\/schema\/logo\/image\/"},"sameAs":["https:\/\/www.facebook.com\/ElCotarro.Tenerife"]},{"@type":"Person","@id":"https:\/\/elcotarro.com\/#\/schema\/person\/af537ee7d60d15984c7e0affcd8a918b","name":"Jos\u00e9 Carlos Marrero Gonz\u00e1lez","image":{"@type":"ImageObject","inLanguage":"es","@id":"https:\/\/elcotarro.com\/#\/schema\/person\/image\/","url":"https:\/\/secure.gravatar.com\/avatar\/def4da036efb5d32c74d49c351f6dccc064dd69ad9f3aadc295c5a9a5391ca01?s=96&d=mm&r=g","contentUrl":"https:\/\/secure.gravatar.com\/avatar\/def4da036efb5d32c74d49c351f6dccc064dd69ad9f3aadc295c5a9a5391ca01?s=96&d=mm&r=g","caption":"Jos\u00e9 Carlos Marrero Gonz\u00e1lez"},"sameAs":["https:\/\/elcotarro.com"],"url":"https:\/\/elcotarro.com\/?author=2"}]}},"jetpack_featured_media_url":"","jetpack_sharing_enabled":true,"_links":{"self":[{"href":"https:\/\/elcotarro.com\/index.php?rest_route=\/wp\/v2\/posts\/4025","targetHints":{"allow":["GET"]}}],"collection":[{"href":"https:\/\/elcotarro.com\/index.php?rest_route=\/wp\/v2\/posts"}],"about":[{"href":"https:\/\/elcotarro.com\/index.php?rest_route=\/wp\/v2\/types\/post"}],"author":[{"embeddable":true,"href":"https:\/\/elcotarro.com\/index.php?rest_route=\/wp\/v2\/users\/2"}],"replies":[{"embeddable":true,"href":"https:\/\/elcotarro.com\/index.php?rest_route=%2Fwp%2Fv2%2Fcomments&post=4025"}],"version-history":[{"count":1,"href":"https:\/\/elcotarro.com\/index.php?rest_route=\/wp\/v2\/posts\/4025\/revisions"}],"predecessor-version":[{"id":4027,"href":"https:\/\/elcotarro.com\/index.php?rest_route=\/wp\/v2\/posts\/4025\/revisions\/4027"}],"wp:attachment":[{"href":"https:\/\/elcotarro.com\/index.php?rest_route=%2Fwp%2Fv2%2Fmedia&parent=4025"}],"wp:term":[{"taxonomy":"category","embeddable":true,"href":"https:\/\/elcotarro.com\/index.php?rest_route=%2Fwp%2Fv2%2Fcategories&post=4025"},{"taxonomy":"post_tag","embeddable":true,"href":"https:\/\/elcotarro.com\/index.php?rest_route=%2Fwp%2Fv2%2Ftags&post=4025"}],"curies":[{"name":"wp","href":"https:\/\/api.w.org\/{rel}","templated":true}]}}