{"id":4045,"date":"2017-04-30T11:01:57","date_gmt":"2017-04-30T10:01:57","guid":{"rendered":"https:\/\/elcotarro.com\/?p=4045"},"modified":"2017-04-30T07:40:43","modified_gmt":"2017-04-30T06:40:43","slug":"20-sin-pisar-oficialmente-el-rosario","status":"publish","type":"post","link":"https:\/\/elcotarro.com\/?p=4045","title":{"rendered":"20 SIN PISAR OFICIALMENTE EL ROSARIO"},"content":{"rendered":"<p>Desde que fue <strong>Manuel Hermoso<\/strong> (el a\u00f1o 1995) hac\u00eda m\u00e1s de 20 a\u00f1os que un presidente del Gobierno de Canarias no pisaba oficialmente el municipio de El Rosario. Invitado por el alcalde <strong>Escol\u00e1stico Gil<\/strong>, lo hizo <strong>Fernando Clavijo<\/strong> este pasado jueves, acompa\u00f1ado por <strong>Carlos Alonso<\/strong> (presidente del Cabildo) y varios de sus respectivos consejeros. Escol\u00e1stico plante\u00f3 las necesidades de su municipio y de su gente y logr\u00f3 sacar el compromiso de invertir unos buenos (y merecidos) millones a los dos presidentes, destacando Tabaiba, el parking de Radazul y la rehabilitaci\u00f3n del pol\u00edgono \u201cLa Campana\u201d, donde los baches son ya socavones \u201ctragatubosdeescape\u201d<\/p>\n<p style=\"text-align: center\"><a href=\"https:\/\/elcotarro.com\/wp-content\/uploads\/2017\/04\/FOTO-5.-VISITA-A-EL-ROSARIO.jpg\"><img loading=\"lazy\" decoding=\"async\" class=\"alignnone size-full wp-image-4046\" src=\"https:\/\/elcotarro.com\/wp-content\/uploads\/2017\/04\/FOTO-5.-VISITA-A-EL-ROSARIO.jpg\" alt=\"FOTO 5.- VISITA A EL ROSARIO\" width=\"1045\" height=\"334\" srcset=\"https:\/\/elcotarro.com\/wp-content\/uploads\/2017\/04\/FOTO-5.-VISITA-A-EL-ROSARIO.jpg 1045w, https:\/\/elcotarro.com\/wp-content\/uploads\/2017\/04\/FOTO-5.-VISITA-A-EL-ROSARIO-300x96.jpg 300w, https:\/\/elcotarro.com\/wp-content\/uploads\/2017\/04\/FOTO-5.-VISITA-A-EL-ROSARIO-1024x327.jpg 1024w\" sizes=\"auto, (max-width: 1045px) 100vw, 1045px\" \/><\/a><\/p>\n<p style=\"text-align: center\"><em>Acto institucional en el ayuntamiento de El Rosario, tras la visita al municipio. En el centro el presidente del Gobierno de Canarias, Fernando Clavijo, escoltado por el presidente del Cabildo de Tenerife (d) y el alcalde de El Rosario, Escol\u00e1stico Gil (i)<\/em><\/p>\n","protected":false},"excerpt":{"rendered":"<p>Desde que fue Manuel Hermoso (el a\u00f1o 1995) hac\u00eda m\u00e1s de 20 a\u00f1os que un presidente del Gobierno de Canarias no pisaba oficialmente el municipio de El Rosario. Invitado por el alcalde Escol\u00e1stico Gil, lo hizo Fernando Clavijo este pasado jueves, acompa\u00f1ado por Carlos Alonso (presidente del Cabildo) y varios de sus respectivos consejeros. Escol\u00e1stico &#8230; <a class=\"read-more\" href=\"https:\/\/elcotarro.com\/?p=4045\">Read more<\/a><\/p>\n","protected":false},"author":2,"featured_media":0,"comment_status":"open","ping_status":"open","sticky":false,"template":"","format":"standard","meta":{"_jetpack_memberships_contains_paid_content":false,"footnotes":""},"categories":[1],"tags":[],"class_list":["post-4045","post","type-post","status-publish","format-standard","hentry","category-sin-categoria"],"yoast_head":"<!-- This site is optimized with the Yoast SEO plugin v27.0 - https:\/\/yoast.com\/product\/yoast-seo-wordpress\/ -->\n<title>20 SIN PISAR OFICIALMENTE EL ROSARIO - El Cotarro<\/title>\n<meta name=\"robots\" content=\"index, follow, max-snippet:-1, max-image-preview:large, max-video-preview:-1\" \/>\n<link rel=\"canonical\" href=\"https:\/\/elcotarro.com\/?p=4045\" \/>\n<meta property=\"og:locale\" content=\"es_ES\" \/>\n<meta property=\"og:type\" content=\"article\" \/>\n<meta property=\"og:title\" content=\"20 SIN PISAR OFICIALMENTE EL ROSARIO - El Cotarro\" \/>\n<meta property=\"og:description\" content=\"Desde que fue Manuel Hermoso (el a\u00f1o 1995) hac\u00eda m\u00e1s de 20 a\u00f1os que un presidente del Gobierno de Canarias no pisaba oficialmente el municipio de El Rosario. Invitado por el alcalde Escol\u00e1stico Gil, lo hizo Fernando Clavijo este pasado jueves, acompa\u00f1ado por Carlos Alonso (presidente del Cabildo) y varios de sus respectivos consejeros. Escol\u00e1stico ... Read more\" \/>\n<meta property=\"og:url\" content=\"https:\/\/elcotarro.com\/?p=4045\" \/>\n<meta property=\"og:site_name\" content=\"El Cotarro\" \/>\n<meta property=\"article:publisher\" content=\"https:\/\/www.facebook.com\/ElCotarro.Tenerife\" \/>\n<meta property=\"article:published_time\" content=\"2017-04-30T10:01:57+00:00\" \/>\n<meta property=\"og:image\" content=\"https:\/\/elcotarro.com\/wp-content\/uploads\/2017\/04\/FOTO-5.-VISITA-A-EL-ROSARIO.jpg\" \/>\n<meta name=\"author\" content=\"Jos\u00e9 Carlos Marrero Gonz\u00e1lez\" \/>\n<meta name=\"twitter:label1\" content=\"Escrito por\" \/>\n\t<meta name=\"twitter:data1\" content=\"Jos\u00e9 Carlos Marrero Gonz\u00e1lez\" \/>\n\t<meta name=\"twitter:label2\" content=\"Tiempo de lectura\" \/>\n\t<meta name=\"twitter:data2\" content=\"1 minuto\" \/>\n<script type=\"application\/ld+json\" class=\"yoast-schema-graph\">{\"@context\":\"https:\/\/schema.org\",\"@graph\":[{\"@type\":\"Article\",\"@id\":\"https:\/\/elcotarro.com\/?p=4045#article\",\"isPartOf\":{\"@id\":\"https:\/\/elcotarro.com\/?p=4045\"},\"author\":{\"name\":\"Jos\u00e9 Carlos Marrero Gonz\u00e1lez\",\"@id\":\"https:\/\/elcotarro.com\/#\/schema\/person\/af537ee7d60d15984c7e0affcd8a918b\"},\"headline\":\"20 SIN PISAR OFICIALMENTE EL ROSARIO\",\"datePublished\":\"2017-04-30T10:01:57+00:00\",\"mainEntityOfPage\":{\"@id\":\"https:\/\/elcotarro.com\/?p=4045\"},\"wordCount\":156,\"commentCount\":0,\"publisher\":{\"@id\":\"https:\/\/elcotarro.com\/#organization\"},\"image\":{\"@id\":\"https:\/\/elcotarro.com\/?p=4045#primaryimage\"},\"thumbnailUrl\":\"https:\/\/elcotarro.com\/wp-content\/uploads\/2017\/04\/FOTO-5.-VISITA-A-EL-ROSARIO.jpg\",\"inLanguage\":\"es\",\"potentialAction\":[{\"@type\":\"CommentAction\",\"name\":\"Comment\",\"target\":[\"https:\/\/elcotarro.com\/?p=4045#respond\"]}]},{\"@type\":\"WebPage\",\"@id\":\"https:\/\/elcotarro.com\/?p=4045\",\"url\":\"https:\/\/elcotarro.com\/?p=4045\",\"name\":\"20 SIN PISAR OFICIALMENTE EL ROSARIO - El Cotarro\",\"isPartOf\":{\"@id\":\"https:\/\/elcotarro.com\/#website\"},\"primaryImageOfPage\":{\"@id\":\"https:\/\/elcotarro.com\/?p=4045#primaryimage\"},\"image\":{\"@id\":\"https:\/\/elcotarro.com\/?p=4045#primaryimage\"},\"thumbnailUrl\":\"https:\/\/elcotarro.com\/wp-content\/uploads\/2017\/04\/FOTO-5.-VISITA-A-EL-ROSARIO.jpg\",\"datePublished\":\"2017-04-30T10:01:57+00:00\",\"breadcrumb\":{\"@id\":\"https:\/\/elcotarro.com\/?p=4045#breadcrumb\"},\"inLanguage\":\"es\",\"potentialAction\":[{\"@type\":\"ReadAction\",\"target\":[\"https:\/\/elcotarro.com\/?p=4045\"]}]},{\"@type\":\"ImageObject\",\"inLanguage\":\"es\",\"@id\":\"https:\/\/elcotarro.com\/?p=4045#primaryimage\",\"url\":\"https:\/\/elcotarro.com\/wp-content\/uploads\/2017\/04\/FOTO-5.-VISITA-A-EL-ROSARIO.jpg\",\"contentUrl\":\"https:\/\/elcotarro.com\/wp-content\/uploads\/2017\/04\/FOTO-5.-VISITA-A-EL-ROSARIO.jpg\",\"width\":1045,\"height\":334},{\"@type\":\"BreadcrumbList\",\"@id\":\"https:\/\/elcotarro.com\/?p=4045#breadcrumb\",\"itemListElement\":[{\"@type\":\"ListItem\",\"position\":1,\"name\":\"Portada\",\"item\":\"https:\/\/elcotarro.com\/\"},{\"@type\":\"ListItem\",\"position\":2,\"name\":\"20 SIN PISAR OFICIALMENTE EL ROSARIO\"}]},{\"@type\":\"WebSite\",\"@id\":\"https:\/\/elcotarro.com\/#website\",\"url\":\"https:\/\/elcotarro.com\/\",\"name\":\"El Cotarro\",\"description\":\"Peri\u00f3dico Digital Independiente dirigido por Jos\u00e9 Carlos Marrero\",\"publisher\":{\"@id\":\"https:\/\/elcotarro.com\/#organization\"},\"potentialAction\":[{\"@type\":\"SearchAction\",\"target\":{\"@type\":\"EntryPoint\",\"urlTemplate\":\"https:\/\/elcotarro.com\/?s={search_term_string}\"},\"query-input\":{\"@type\":\"PropertyValueSpecification\",\"valueRequired\":true,\"valueName\":\"search_term_string\"}}],\"inLanguage\":\"es\"},{\"@type\":\"Organization\",\"@id\":\"https:\/\/elcotarro.com\/#organization\",\"name\":\"El Cotarro\",\"url\":\"https:\/\/elcotarro.com\/\",\"logo\":{\"@type\":\"ImageObject\",\"inLanguage\":\"es\",\"@id\":\"https:\/\/elcotarro.com\/#\/schema\/logo\/image\/\",\"url\":\"https:\/\/elcotarro.com\/wp-content\/uploads\/2014\/09\/Cabecera_El_Cotarro_v2.jpg\",\"contentUrl\":\"https:\/\/elcotarro.com\/wp-content\/uploads\/2014\/09\/Cabecera_El_Cotarro_v2.jpg\",\"width\":3540,\"height\":441,\"caption\":\"El Cotarro\"},\"image\":{\"@id\":\"https:\/\/elcotarro.com\/#\/schema\/logo\/image\/\"},\"sameAs\":[\"https:\/\/www.facebook.com\/ElCotarro.Tenerife\"]},{\"@type\":\"Person\",\"@id\":\"https:\/\/elcotarro.com\/#\/schema\/person\/af537ee7d60d15984c7e0affcd8a918b\",\"name\":\"Jos\u00e9 Carlos Marrero Gonz\u00e1lez\",\"image\":{\"@type\":\"ImageObject\",\"inLanguage\":\"es\",\"@id\":\"https:\/\/elcotarro.com\/#\/schema\/person\/image\/\",\"url\":\"https:\/\/secure.gravatar.com\/avatar\/def4da036efb5d32c74d49c351f6dccc064dd69ad9f3aadc295c5a9a5391ca01?s=96&d=mm&r=g\",\"contentUrl\":\"https:\/\/secure.gravatar.com\/avatar\/def4da036efb5d32c74d49c351f6dccc064dd69ad9f3aadc295c5a9a5391ca01?s=96&d=mm&r=g\",\"caption\":\"Jos\u00e9 Carlos Marrero Gonz\u00e1lez\"},\"sameAs\":[\"https:\/\/elcotarro.com\"],\"url\":\"https:\/\/elcotarro.com\/?author=2\"}]}<\/script>\n<!-- \/ Yoast SEO plugin. -->","yoast_head_json":{"title":"20 SIN PISAR OFICIALMENTE EL ROSARIO - El Cotarro","robots":{"index":"index","follow":"follow","max-snippet":"max-snippet:-1","max-image-preview":"max-image-preview:large","max-video-preview":"max-video-preview:-1"},"canonical":"https:\/\/elcotarro.com\/?p=4045","og_locale":"es_ES","og_type":"article","og_title":"20 SIN PISAR OFICIALMENTE EL ROSARIO - El Cotarro","og_description":"Desde que fue Manuel Hermoso (el a\u00f1o 1995) hac\u00eda m\u00e1s de 20 a\u00f1os que un presidente del Gobierno de Canarias no pisaba oficialmente el municipio de El Rosario. Invitado por el alcalde Escol\u00e1stico Gil, lo hizo Fernando Clavijo este pasado jueves, acompa\u00f1ado por Carlos Alonso (presidente del Cabildo) y varios de sus respectivos consejeros. Escol\u00e1stico ... Read more","og_url":"https:\/\/elcotarro.com\/?p=4045","og_site_name":"El Cotarro","article_publisher":"https:\/\/www.facebook.com\/ElCotarro.Tenerife","article_published_time":"2017-04-30T10:01:57+00:00","og_image":[{"url":"https:\/\/elcotarro.com\/wp-content\/uploads\/2017\/04\/FOTO-5.-VISITA-A-EL-ROSARIO.jpg","type":"","width":"","height":""}],"author":"Jos\u00e9 Carlos Marrero Gonz\u00e1lez","twitter_misc":{"Escrito por":"Jos\u00e9 Carlos Marrero Gonz\u00e1lez","Tiempo de lectura":"1 minuto"},"schema":{"@context":"https:\/\/schema.org","@graph":[{"@type":"Article","@id":"https:\/\/elcotarro.com\/?p=4045#article","isPartOf":{"@id":"https:\/\/elcotarro.com\/?p=4045"},"author":{"name":"Jos\u00e9 Carlos Marrero Gonz\u00e1lez","@id":"https:\/\/elcotarro.com\/#\/schema\/person\/af537ee7d60d15984c7e0affcd8a918b"},"headline":"20 SIN PISAR OFICIALMENTE EL ROSARIO","datePublished":"2017-04-30T10:01:57+00:00","mainEntityOfPage":{"@id":"https:\/\/elcotarro.com\/?p=4045"},"wordCount":156,"commentCount":0,"publisher":{"@id":"https:\/\/elcotarro.com\/#organization"},"image":{"@id":"https:\/\/elcotarro.com\/?p=4045#primaryimage"},"thumbnailUrl":"https:\/\/elcotarro.com\/wp-content\/uploads\/2017\/04\/FOTO-5.-VISITA-A-EL-ROSARIO.jpg","inLanguage":"es","potentialAction":[{"@type":"CommentAction","name":"Comment","target":["https:\/\/elcotarro.com\/?p=4045#respond"]}]},{"@type":"WebPage","@id":"https:\/\/elcotarro.com\/?p=4045","url":"https:\/\/elcotarro.com\/?p=4045","name":"20 SIN PISAR OFICIALMENTE EL ROSARIO - El Cotarro","isPartOf":{"@id":"https:\/\/elcotarro.com\/#website"},"primaryImageOfPage":{"@id":"https:\/\/elcotarro.com\/?p=4045#primaryimage"},"image":{"@id":"https:\/\/elcotarro.com\/?p=4045#primaryimage"},"thumbnailUrl":"https:\/\/elcotarro.com\/wp-content\/uploads\/2017\/04\/FOTO-5.-VISITA-A-EL-ROSARIO.jpg","datePublished":"2017-04-30T10:01:57+00:00","breadcrumb":{"@id":"https:\/\/elcotarro.com\/?p=4045#breadcrumb"},"inLanguage":"es","potentialAction":[{"@type":"ReadAction","target":["https:\/\/elcotarro.com\/?p=4045"]}]},{"@type":"ImageObject","inLanguage":"es","@id":"https:\/\/elcotarro.com\/?p=4045#primaryimage","url":"https:\/\/elcotarro.com\/wp-content\/uploads\/2017\/04\/FOTO-5.-VISITA-A-EL-ROSARIO.jpg","contentUrl":"https:\/\/elcotarro.com\/wp-content\/uploads\/2017\/04\/FOTO-5.-VISITA-A-EL-ROSARIO.jpg","width":1045,"height":334},{"@type":"BreadcrumbList","@id":"https:\/\/elcotarro.com\/?p=4045#breadcrumb","itemListElement":[{"@type":"ListItem","position":1,"name":"Portada","item":"https:\/\/elcotarro.com\/"},{"@type":"ListItem","position":2,"name":"20 SIN PISAR OFICIALMENTE EL ROSARIO"}]},{"@type":"WebSite","@id":"https:\/\/elcotarro.com\/#website","url":"https:\/\/elcotarro.com\/","name":"El Cotarro","description":"Peri\u00f3dico Digital Independiente dirigido por Jos\u00e9 Carlos Marrero","publisher":{"@id":"https:\/\/elcotarro.com\/#organization"},"potentialAction":[{"@type":"SearchAction","target":{"@type":"EntryPoint","urlTemplate":"https:\/\/elcotarro.com\/?s={search_term_string}"},"query-input":{"@type":"PropertyValueSpecification","valueRequired":true,"valueName":"search_term_string"}}],"inLanguage":"es"},{"@type":"Organization","@id":"https:\/\/elcotarro.com\/#organization","name":"El Cotarro","url":"https:\/\/elcotarro.com\/","logo":{"@type":"ImageObject","inLanguage":"es","@id":"https:\/\/elcotarro.com\/#\/schema\/logo\/image\/","url":"https:\/\/elcotarro.com\/wp-content\/uploads\/2014\/09\/Cabecera_El_Cotarro_v2.jpg","contentUrl":"https:\/\/elcotarro.com\/wp-content\/uploads\/2014\/09\/Cabecera_El_Cotarro_v2.jpg","width":3540,"height":441,"caption":"El Cotarro"},"image":{"@id":"https:\/\/elcotarro.com\/#\/schema\/logo\/image\/"},"sameAs":["https:\/\/www.facebook.com\/ElCotarro.Tenerife"]},{"@type":"Person","@id":"https:\/\/elcotarro.com\/#\/schema\/person\/af537ee7d60d15984c7e0affcd8a918b","name":"Jos\u00e9 Carlos Marrero Gonz\u00e1lez","image":{"@type":"ImageObject","inLanguage":"es","@id":"https:\/\/elcotarro.com\/#\/schema\/person\/image\/","url":"https:\/\/secure.gravatar.com\/avatar\/def4da036efb5d32c74d49c351f6dccc064dd69ad9f3aadc295c5a9a5391ca01?s=96&d=mm&r=g","contentUrl":"https:\/\/secure.gravatar.com\/avatar\/def4da036efb5d32c74d49c351f6dccc064dd69ad9f3aadc295c5a9a5391ca01?s=96&d=mm&r=g","caption":"Jos\u00e9 Carlos Marrero Gonz\u00e1lez"},"sameAs":["https:\/\/elcotarro.com"],"url":"https:\/\/elcotarro.com\/?author=2"}]}},"jetpack_featured_media_url":"","jetpack_sharing_enabled":true,"_links":{"self":[{"href":"https:\/\/elcotarro.com\/index.php?rest_route=\/wp\/v2\/posts\/4045","targetHints":{"allow":["GET"]}}],"collection":[{"href":"https:\/\/elcotarro.com\/index.php?rest_route=\/wp\/v2\/posts"}],"about":[{"href":"https:\/\/elcotarro.com\/index.php?rest_route=\/wp\/v2\/types\/post"}],"author":[{"embeddable":true,"href":"https:\/\/elcotarro.com\/index.php?rest_route=\/wp\/v2\/users\/2"}],"replies":[{"embeddable":true,"href":"https:\/\/elcotarro.com\/index.php?rest_route=%2Fwp%2Fv2%2Fcomments&post=4045"}],"version-history":[{"count":1,"href":"https:\/\/elcotarro.com\/index.php?rest_route=\/wp\/v2\/posts\/4045\/revisions"}],"predecessor-version":[{"id":4047,"href":"https:\/\/elcotarro.com\/index.php?rest_route=\/wp\/v2\/posts\/4045\/revisions\/4047"}],"wp:attachment":[{"href":"https:\/\/elcotarro.com\/index.php?rest_route=%2Fwp%2Fv2%2Fmedia&parent=4045"}],"wp:term":[{"taxonomy":"category","embeddable":true,"href":"https:\/\/elcotarro.com\/index.php?rest_route=%2Fwp%2Fv2%2Fcategories&post=4045"},{"taxonomy":"post_tag","embeddable":true,"href":"https:\/\/elcotarro.com\/index.php?rest_route=%2Fwp%2Fv2%2Ftags&post=4045"}],"curies":[{"name":"wp","href":"https:\/\/api.w.org\/{rel}","templated":true}]}}