{"id":4054,"date":"2017-04-30T10:58:29","date_gmt":"2017-04-30T09:58:29","guid":{"rendered":"https:\/\/elcotarro.com\/?p=4054"},"modified":"2017-04-30T07:44:28","modified_gmt":"2017-04-30T06:44:28","slug":"andres-orozco-del-toscal-a-anaza","status":"publish","type":"post","link":"https:\/\/elcotarro.com\/?p=4054","title":{"rendered":"ANDR\u00c9S OROZCO, DEL TOSCAL A A\u00d1AZA"},"content":{"rendered":"<p>Tremendo gesto el de <strong>Andr\u00e9s Orozco Mu\u00f1oz<\/strong> con su preg\u00f3n de las Fiestas de Mayo 2017 de Santa Cruz de Tenerife. Bajo el t\u00edtulo de <em>\u201cSanta Cruz, ciudad comprometida\u201d<\/em> <strong>Andr\u00e9s Orozco<\/strong> (toscalero de nacimiento) resalt\u00f3 el esp\u00edritu social y solidario de la capital chicharrera destacando, de forma especial, la espectacular labor que est\u00e1 llevando a cabo el sacerdote <strong>Jos\u00e9 Hern\u00e1ndez<\/strong> (para todos, <strong>Pepe \u201cel cura de A\u00f1aza\u201d<\/strong>). Recomiendo a todos que busquen en internet y lean el preg\u00f3n en <strong>Andr\u00e9s Orozco<\/strong>. Es, sencillamente, una gozada. Como lo fue el momento final del mismo en el que el pregonero apost\u00f3 por la juventud del municipio y pidi\u00f3 que subieran al escenario los chicos y chicas componentes del coro <em>A\u00f1aza Gospel Kids Choir<\/em> que, dirigido por el joven y entusiasta <strong>Ezequiel Barrios<\/strong>, constituy\u00f3 un simp\u00e1tico, alegre, musical y muy gratificante broche de oro. Un punto al alcalde Berm\u00fadez y la concejala de Fiestas, <strong>Gladys de Le\u00f3n<\/strong> (recup\u00e9rate pronto de esa pu\u00f1etera neumon\u00eda) por la elecci\u00f3n del pregonero y felicidades a <strong>Andr\u00e9s Orozco<\/strong> por \u201csu\u201d espl\u00e9ndido preg\u00f3n<\/p>\n<p style=\"text-align: center\"><a href=\"https:\/\/elcotarro.com\/wp-content\/uploads\/2017\/04\/FOTO-8.-BERM\u00daDEZ-Y-OROZCO.jpg\"><img loading=\"lazy\" decoding=\"async\" class=\"alignnone size-full wp-image-4055\" src=\"https:\/\/elcotarro.com\/wp-content\/uploads\/2017\/04\/FOTO-8.-BERM\u00daDEZ-Y-OROZCO.jpg\" alt=\"FOTO 8.- BERM\u00daDEZ Y OROZCO\" width=\"472\" height=\"446\" srcset=\"https:\/\/elcotarro.com\/wp-content\/uploads\/2017\/04\/FOTO-8.-BERM\u00daDEZ-Y-OROZCO.jpg 472w, https:\/\/elcotarro.com\/wp-content\/uploads\/2017\/04\/FOTO-8.-BERM\u00daDEZ-Y-OROZCO-300x283.jpg 300w\" sizes=\"auto, (max-width: 472px) 100vw, 472px\" \/><\/a><\/p>\n<p style=\"text-align: center\"><em>Jos\u00e9 Manuel Berm\u00fadez (i) junto al pregonero 2017, Andr\u00e9s Orozco Mu\u00f1oz.<\/em><\/p>\n","protected":false},"excerpt":{"rendered":"<p>Tremendo gesto el de Andr\u00e9s Orozco Mu\u00f1oz con su preg\u00f3n de las Fiestas de Mayo 2017 de Santa Cruz de Tenerife. Bajo el t\u00edtulo de \u201cSanta Cruz, ciudad comprometida\u201d Andr\u00e9s Orozco (toscalero de nacimiento) resalt\u00f3 el esp\u00edritu social y solidario de la capital chicharrera destacando, de forma especial, la espectacular labor que est\u00e1 llevando a &#8230; <a class=\"read-more\" href=\"https:\/\/elcotarro.com\/?p=4054\">Read more<\/a><\/p>\n","protected":false},"author":2,"featured_media":0,"comment_status":"open","ping_status":"open","sticky":false,"template":"","format":"standard","meta":{"_jetpack_memberships_contains_paid_content":false,"footnotes":""},"categories":[1],"tags":[],"class_list":["post-4054","post","type-post","status-publish","format-standard","hentry","category-sin-categoria"],"yoast_head":"<!-- This site is optimized with the Yoast SEO plugin v27.0 - https:\/\/yoast.com\/product\/yoast-seo-wordpress\/ -->\n<title>ANDR\u00c9S OROZCO, DEL TOSCAL A A\u00d1AZA - El Cotarro<\/title>\n<meta name=\"robots\" content=\"index, follow, max-snippet:-1, max-image-preview:large, max-video-preview:-1\" \/>\n<link rel=\"canonical\" href=\"https:\/\/elcotarro.com\/?p=4054\" \/>\n<meta property=\"og:locale\" content=\"es_ES\" \/>\n<meta property=\"og:type\" content=\"article\" \/>\n<meta property=\"og:title\" content=\"ANDR\u00c9S OROZCO, DEL TOSCAL A A\u00d1AZA - El Cotarro\" \/>\n<meta property=\"og:description\" content=\"Tremendo gesto el de Andr\u00e9s Orozco Mu\u00f1oz con su preg\u00f3n de las Fiestas de Mayo 2017 de Santa Cruz de Tenerife. Bajo el t\u00edtulo de \u201cSanta Cruz, ciudad comprometida\u201d Andr\u00e9s Orozco (toscalero de nacimiento) resalt\u00f3 el esp\u00edritu social y solidario de la capital chicharrera destacando, de forma especial, la espectacular labor que est\u00e1 llevando a ... Read more\" \/>\n<meta property=\"og:url\" content=\"https:\/\/elcotarro.com\/?p=4054\" \/>\n<meta property=\"og:site_name\" content=\"El Cotarro\" \/>\n<meta property=\"article:publisher\" content=\"https:\/\/www.facebook.com\/ElCotarro.Tenerife\" \/>\n<meta property=\"article:published_time\" content=\"2017-04-30T09:58:29+00:00\" \/>\n<meta name=\"author\" content=\"Jos\u00e9 Carlos Marrero Gonz\u00e1lez\" \/>\n<meta name=\"twitter:label1\" content=\"Escrito por\" \/>\n\t<meta name=\"twitter:data1\" content=\"Jos\u00e9 Carlos Marrero Gonz\u00e1lez\" \/>\n\t<meta name=\"twitter:label2\" content=\"Tiempo de lectura\" \/>\n\t<meta name=\"twitter:data2\" content=\"1 minuto\" \/>\n<script type=\"application\/ld+json\" class=\"yoast-schema-graph\">{\"@context\":\"https:\/\/schema.org\",\"@graph\":[{\"@type\":\"Article\",\"@id\":\"https:\/\/elcotarro.com\/?p=4054#article\",\"isPartOf\":{\"@id\":\"https:\/\/elcotarro.com\/?p=4054\"},\"author\":{\"name\":\"Jos\u00e9 Carlos Marrero Gonz\u00e1lez\",\"@id\":\"https:\/\/elcotarro.com\/#\/schema\/person\/af537ee7d60d15984c7e0affcd8a918b\"},\"headline\":\"ANDR\u00c9S OROZCO, DEL TOSCAL A A\u00d1AZA\",\"datePublished\":\"2017-04-30T09:58:29+00:00\",\"mainEntityOfPage\":{\"@id\":\"https:\/\/elcotarro.com\/?p=4054\"},\"wordCount\":215,\"commentCount\":0,\"publisher\":{\"@id\":\"https:\/\/elcotarro.com\/#organization\"},\"inLanguage\":\"es\",\"potentialAction\":[{\"@type\":\"CommentAction\",\"name\":\"Comment\",\"target\":[\"https:\/\/elcotarro.com\/?p=4054#respond\"]}]},{\"@type\":\"WebPage\",\"@id\":\"https:\/\/elcotarro.com\/?p=4054\",\"url\":\"https:\/\/elcotarro.com\/?p=4054\",\"name\":\"ANDR\u00c9S OROZCO, DEL TOSCAL A A\u00d1AZA - El Cotarro\",\"isPartOf\":{\"@id\":\"https:\/\/elcotarro.com\/#website\"},\"datePublished\":\"2017-04-30T09:58:29+00:00\",\"breadcrumb\":{\"@id\":\"https:\/\/elcotarro.com\/?p=4054#breadcrumb\"},\"inLanguage\":\"es\",\"potentialAction\":[{\"@type\":\"ReadAction\",\"target\":[\"https:\/\/elcotarro.com\/?p=4054\"]}]},{\"@type\":\"BreadcrumbList\",\"@id\":\"https:\/\/elcotarro.com\/?p=4054#breadcrumb\",\"itemListElement\":[{\"@type\":\"ListItem\",\"position\":1,\"name\":\"Portada\",\"item\":\"https:\/\/elcotarro.com\/\"},{\"@type\":\"ListItem\",\"position\":2,\"name\":\"ANDR\u00c9S OROZCO, DEL TOSCAL A A\u00d1AZA\"}]},{\"@type\":\"WebSite\",\"@id\":\"https:\/\/elcotarro.com\/#website\",\"url\":\"https:\/\/elcotarro.com\/\",\"name\":\"El Cotarro\",\"description\":\"Peri\u00f3dico Digital Independiente dirigido por Jos\u00e9 Carlos Marrero\",\"publisher\":{\"@id\":\"https:\/\/elcotarro.com\/#organization\"},\"potentialAction\":[{\"@type\":\"SearchAction\",\"target\":{\"@type\":\"EntryPoint\",\"urlTemplate\":\"https:\/\/elcotarro.com\/?s={search_term_string}\"},\"query-input\":{\"@type\":\"PropertyValueSpecification\",\"valueRequired\":true,\"valueName\":\"search_term_string\"}}],\"inLanguage\":\"es\"},{\"@type\":\"Organization\",\"@id\":\"https:\/\/elcotarro.com\/#organization\",\"name\":\"El Cotarro\",\"url\":\"https:\/\/elcotarro.com\/\",\"logo\":{\"@type\":\"ImageObject\",\"inLanguage\":\"es\",\"@id\":\"https:\/\/elcotarro.com\/#\/schema\/logo\/image\/\",\"url\":\"https:\/\/elcotarro.com\/wp-content\/uploads\/2014\/09\/Cabecera_El_Cotarro_v2.jpg\",\"contentUrl\":\"https:\/\/elcotarro.com\/wp-content\/uploads\/2014\/09\/Cabecera_El_Cotarro_v2.jpg\",\"width\":3540,\"height\":441,\"caption\":\"El Cotarro\"},\"image\":{\"@id\":\"https:\/\/elcotarro.com\/#\/schema\/logo\/image\/\"},\"sameAs\":[\"https:\/\/www.facebook.com\/ElCotarro.Tenerife\"]},{\"@type\":\"Person\",\"@id\":\"https:\/\/elcotarro.com\/#\/schema\/person\/af537ee7d60d15984c7e0affcd8a918b\",\"name\":\"Jos\u00e9 Carlos Marrero Gonz\u00e1lez\",\"image\":{\"@type\":\"ImageObject\",\"inLanguage\":\"es\",\"@id\":\"https:\/\/elcotarro.com\/#\/schema\/person\/image\/\",\"url\":\"https:\/\/secure.gravatar.com\/avatar\/def4da036efb5d32c74d49c351f6dccc064dd69ad9f3aadc295c5a9a5391ca01?s=96&d=mm&r=g\",\"contentUrl\":\"https:\/\/secure.gravatar.com\/avatar\/def4da036efb5d32c74d49c351f6dccc064dd69ad9f3aadc295c5a9a5391ca01?s=96&d=mm&r=g\",\"caption\":\"Jos\u00e9 Carlos Marrero Gonz\u00e1lez\"},\"sameAs\":[\"https:\/\/elcotarro.com\"],\"url\":\"https:\/\/elcotarro.com\/?author=2\"}]}<\/script>\n<!-- \/ Yoast SEO plugin. -->","yoast_head_json":{"title":"ANDR\u00c9S OROZCO, DEL TOSCAL A A\u00d1AZA - El Cotarro","robots":{"index":"index","follow":"follow","max-snippet":"max-snippet:-1","max-image-preview":"max-image-preview:large","max-video-preview":"max-video-preview:-1"},"canonical":"https:\/\/elcotarro.com\/?p=4054","og_locale":"es_ES","og_type":"article","og_title":"ANDR\u00c9S OROZCO, DEL TOSCAL A A\u00d1AZA - El Cotarro","og_description":"Tremendo gesto el de Andr\u00e9s Orozco Mu\u00f1oz con su preg\u00f3n de las Fiestas de Mayo 2017 de Santa Cruz de Tenerife. Bajo el t\u00edtulo de \u201cSanta Cruz, ciudad comprometida\u201d Andr\u00e9s Orozco (toscalero de nacimiento) resalt\u00f3 el esp\u00edritu social y solidario de la capital chicharrera destacando, de forma especial, la espectacular labor que est\u00e1 llevando a ... Read more","og_url":"https:\/\/elcotarro.com\/?p=4054","og_site_name":"El Cotarro","article_publisher":"https:\/\/www.facebook.com\/ElCotarro.Tenerife","article_published_time":"2017-04-30T09:58:29+00:00","author":"Jos\u00e9 Carlos Marrero Gonz\u00e1lez","twitter_misc":{"Escrito por":"Jos\u00e9 Carlos Marrero Gonz\u00e1lez","Tiempo de lectura":"1 minuto"},"schema":{"@context":"https:\/\/schema.org","@graph":[{"@type":"Article","@id":"https:\/\/elcotarro.com\/?p=4054#article","isPartOf":{"@id":"https:\/\/elcotarro.com\/?p=4054"},"author":{"name":"Jos\u00e9 Carlos Marrero Gonz\u00e1lez","@id":"https:\/\/elcotarro.com\/#\/schema\/person\/af537ee7d60d15984c7e0affcd8a918b"},"headline":"ANDR\u00c9S OROZCO, DEL TOSCAL A A\u00d1AZA","datePublished":"2017-04-30T09:58:29+00:00","mainEntityOfPage":{"@id":"https:\/\/elcotarro.com\/?p=4054"},"wordCount":215,"commentCount":0,"publisher":{"@id":"https:\/\/elcotarro.com\/#organization"},"inLanguage":"es","potentialAction":[{"@type":"CommentAction","name":"Comment","target":["https:\/\/elcotarro.com\/?p=4054#respond"]}]},{"@type":"WebPage","@id":"https:\/\/elcotarro.com\/?p=4054","url":"https:\/\/elcotarro.com\/?p=4054","name":"ANDR\u00c9S OROZCO, DEL TOSCAL A A\u00d1AZA - El Cotarro","isPartOf":{"@id":"https:\/\/elcotarro.com\/#website"},"datePublished":"2017-04-30T09:58:29+00:00","breadcrumb":{"@id":"https:\/\/elcotarro.com\/?p=4054#breadcrumb"},"inLanguage":"es","potentialAction":[{"@type":"ReadAction","target":["https:\/\/elcotarro.com\/?p=4054"]}]},{"@type":"BreadcrumbList","@id":"https:\/\/elcotarro.com\/?p=4054#breadcrumb","itemListElement":[{"@type":"ListItem","position":1,"name":"Portada","item":"https:\/\/elcotarro.com\/"},{"@type":"ListItem","position":2,"name":"ANDR\u00c9S OROZCO, DEL TOSCAL A A\u00d1AZA"}]},{"@type":"WebSite","@id":"https:\/\/elcotarro.com\/#website","url":"https:\/\/elcotarro.com\/","name":"El Cotarro","description":"Peri\u00f3dico Digital Independiente dirigido por Jos\u00e9 Carlos Marrero","publisher":{"@id":"https:\/\/elcotarro.com\/#organization"},"potentialAction":[{"@type":"SearchAction","target":{"@type":"EntryPoint","urlTemplate":"https:\/\/elcotarro.com\/?s={search_term_string}"},"query-input":{"@type":"PropertyValueSpecification","valueRequired":true,"valueName":"search_term_string"}}],"inLanguage":"es"},{"@type":"Organization","@id":"https:\/\/elcotarro.com\/#organization","name":"El Cotarro","url":"https:\/\/elcotarro.com\/","logo":{"@type":"ImageObject","inLanguage":"es","@id":"https:\/\/elcotarro.com\/#\/schema\/logo\/image\/","url":"https:\/\/elcotarro.com\/wp-content\/uploads\/2014\/09\/Cabecera_El_Cotarro_v2.jpg","contentUrl":"https:\/\/elcotarro.com\/wp-content\/uploads\/2014\/09\/Cabecera_El_Cotarro_v2.jpg","width":3540,"height":441,"caption":"El Cotarro"},"image":{"@id":"https:\/\/elcotarro.com\/#\/schema\/logo\/image\/"},"sameAs":["https:\/\/www.facebook.com\/ElCotarro.Tenerife"]},{"@type":"Person","@id":"https:\/\/elcotarro.com\/#\/schema\/person\/af537ee7d60d15984c7e0affcd8a918b","name":"Jos\u00e9 Carlos Marrero Gonz\u00e1lez","image":{"@type":"ImageObject","inLanguage":"es","@id":"https:\/\/elcotarro.com\/#\/schema\/person\/image\/","url":"https:\/\/secure.gravatar.com\/avatar\/def4da036efb5d32c74d49c351f6dccc064dd69ad9f3aadc295c5a9a5391ca01?s=96&d=mm&r=g","contentUrl":"https:\/\/secure.gravatar.com\/avatar\/def4da036efb5d32c74d49c351f6dccc064dd69ad9f3aadc295c5a9a5391ca01?s=96&d=mm&r=g","caption":"Jos\u00e9 Carlos Marrero Gonz\u00e1lez"},"sameAs":["https:\/\/elcotarro.com"],"url":"https:\/\/elcotarro.com\/?author=2"}]}},"jetpack_featured_media_url":"","jetpack_sharing_enabled":true,"_links":{"self":[{"href":"https:\/\/elcotarro.com\/index.php?rest_route=\/wp\/v2\/posts\/4054","targetHints":{"allow":["GET"]}}],"collection":[{"href":"https:\/\/elcotarro.com\/index.php?rest_route=\/wp\/v2\/posts"}],"about":[{"href":"https:\/\/elcotarro.com\/index.php?rest_route=\/wp\/v2\/types\/post"}],"author":[{"embeddable":true,"href":"https:\/\/elcotarro.com\/index.php?rest_route=\/wp\/v2\/users\/2"}],"replies":[{"embeddable":true,"href":"https:\/\/elcotarro.com\/index.php?rest_route=%2Fwp%2Fv2%2Fcomments&post=4054"}],"version-history":[{"count":1,"href":"https:\/\/elcotarro.com\/index.php?rest_route=\/wp\/v2\/posts\/4054\/revisions"}],"predecessor-version":[{"id":4056,"href":"https:\/\/elcotarro.com\/index.php?rest_route=\/wp\/v2\/posts\/4054\/revisions\/4056"}],"wp:attachment":[{"href":"https:\/\/elcotarro.com\/index.php?rest_route=%2Fwp%2Fv2%2Fmedia&parent=4054"}],"wp:term":[{"taxonomy":"category","embeddable":true,"href":"https:\/\/elcotarro.com\/index.php?rest_route=%2Fwp%2Fv2%2Fcategories&post=4054"},{"taxonomy":"post_tag","embeddable":true,"href":"https:\/\/elcotarro.com\/index.php?rest_route=%2Fwp%2Fv2%2Ftags&post=4054"}],"curies":[{"name":"wp","href":"https:\/\/api.w.org\/{rel}","templated":true}]}}