{"id":4057,"date":"2017-04-30T10:57:37","date_gmt":"2017-04-30T09:57:37","guid":{"rendered":"https:\/\/elcotarro.com\/?p=4057"},"modified":"2017-04-30T07:46:19","modified_gmt":"2017-04-30T06:46:19","slug":"iv-certamen-de-tunas-de-santa-cruz","status":"publish","type":"post","link":"https:\/\/elcotarro.com\/?p=4057","title":{"rendered":"IV CERTAMEN DE TUNAS DE SANTA CRUZ"},"content":{"rendered":"<p>Y para terminar, ya metidos en fiestas y tras la romer\u00eda de San Marcos de hoy, en Tegueste, no se pierdan el programa de actos de las Fiestas de Mayo 2017 que pueden consultar en www.fiestasdesantacruz.com Pero, por aquello de tuno s\u00faperveterano, perm\u00edtanme recomendarles disfrutar el IV\u2008Certamen Internacional de Tunas \u201cCiudad de Santa Cruz de Tenerife\u201d que, organizado por nuestra decana Tuna de Medicina de la Universidad de La Laguna, se desarrollar\u00e1 entre el viernes y s\u00e1bado pr\u00f3ximos en la capital chicharrera. En esta edici\u00f3n contar\u00e1 como tunas invitadas a la de Ciencias de Granada, Derecho de C\u00f3rdoba, Medicina de Murcia, Universidad de Las Palmas y la Femenina de Distrito de la ULL. \u00a1No se lo pierdan!<\/p>\n<p style=\"text-align: center\"><a href=\"https:\/\/elcotarro.com\/wp-content\/uploads\/2017\/04\/FOTO-9.-TUNA-MEDICINA.jpg\"><img loading=\"lazy\" decoding=\"async\" class=\"alignnone size-full wp-image-4058\" src=\"https:\/\/elcotarro.com\/wp-content\/uploads\/2017\/04\/FOTO-9.-TUNA-MEDICINA.jpg\" alt=\"FOTO 9.- TUNA MEDICINA\" width=\"1869\" height=\"827\" srcset=\"https:\/\/elcotarro.com\/wp-content\/uploads\/2017\/04\/FOTO-9.-TUNA-MEDICINA.jpg 1869w, https:\/\/elcotarro.com\/wp-content\/uploads\/2017\/04\/FOTO-9.-TUNA-MEDICINA-300x133.jpg 300w, https:\/\/elcotarro.com\/wp-content\/uploads\/2017\/04\/FOTO-9.-TUNA-MEDICINA-1024x453.jpg 1024w\" sizes=\"auto, (max-width: 1869px) 100vw, 1869px\" \/><\/a><\/p>\n<p style=\"text-align: center\"><em>Muy Ilustre, Decana y Andariega Tuna de Medicina de la Universidad de La Laguna.<\/em><\/p>\n<p style=\"text-align: center\"><a href=\"http:\/\/www.careca.es\/\" target=\"_blank\"><img loading=\"lazy\" decoding=\"async\" class=\"size-full wp-image-2216 aligncenter\" src=\"https:\/\/elcotarro.com\/wp-content\/uploads\/2016\/07\/InsulacafeElCotarro.jpg\" alt=\"Bnn_Careca\" width=\"750\" height=\"150\" \/><\/a><\/p>\n","protected":false},"excerpt":{"rendered":"<p>Y para terminar, ya metidos en fiestas y tras la romer\u00eda de San Marcos de hoy, en Tegueste, no se pierdan el programa de actos de las Fiestas de Mayo 2017 que pueden consultar en www.fiestasdesantacruz.com Pero, por aquello de tuno s\u00faperveterano, perm\u00edtanme recomendarles disfrutar el IV\u2008Certamen Internacional de Tunas \u201cCiudad de Santa Cruz de &#8230; <a class=\"read-more\" href=\"https:\/\/elcotarro.com\/?p=4057\">Read more<\/a><\/p>\n","protected":false},"author":2,"featured_media":0,"comment_status":"open","ping_status":"open","sticky":false,"template":"","format":"standard","meta":{"_jetpack_memberships_contains_paid_content":false,"footnotes":""},"categories":[1],"tags":[],"class_list":["post-4057","post","type-post","status-publish","format-standard","hentry","category-sin-categoria"],"yoast_head":"<!-- This site is optimized with the Yoast SEO plugin v27.0 - https:\/\/yoast.com\/product\/yoast-seo-wordpress\/ -->\n<title>IV CERTAMEN DE TUNAS DE SANTA CRUZ - El Cotarro<\/title>\n<meta name=\"robots\" content=\"index, follow, max-snippet:-1, max-image-preview:large, max-video-preview:-1\" \/>\n<link rel=\"canonical\" href=\"https:\/\/elcotarro.com\/?p=4057\" \/>\n<meta property=\"og:locale\" content=\"es_ES\" \/>\n<meta property=\"og:type\" content=\"article\" \/>\n<meta property=\"og:title\" content=\"IV CERTAMEN DE TUNAS DE SANTA CRUZ - El Cotarro\" \/>\n<meta property=\"og:description\" content=\"Y para terminar, ya metidos en fiestas y tras la romer\u00eda de San Marcos de hoy, en Tegueste, no se pierdan el programa de actos de las Fiestas de Mayo 2017 que pueden consultar en www.fiestasdesantacruz.com Pero, por aquello de tuno s\u00faperveterano, perm\u00edtanme recomendarles disfrutar el IV\u2008Certamen Internacional de Tunas \u201cCiudad de Santa Cruz de ... Read more\" \/>\n<meta property=\"og:url\" content=\"https:\/\/elcotarro.com\/?p=4057\" \/>\n<meta property=\"og:site_name\" content=\"El Cotarro\" \/>\n<meta property=\"article:publisher\" content=\"https:\/\/www.facebook.com\/ElCotarro.Tenerife\" \/>\n<meta property=\"article:published_time\" content=\"2017-04-30T09:57:37+00:00\" \/>\n<meta property=\"og:image\" content=\"https:\/\/elcotarro.com\/wp-content\/uploads\/2017\/04\/FOTO-9.-TUNA-MEDICINA.jpg\" \/>\n<meta name=\"author\" content=\"Jos\u00e9 Carlos Marrero Gonz\u00e1lez\" \/>\n<meta name=\"twitter:label1\" content=\"Escrito por\" \/>\n\t<meta name=\"twitter:data1\" content=\"Jos\u00e9 Carlos Marrero Gonz\u00e1lez\" \/>\n\t<meta name=\"twitter:label2\" content=\"Tiempo de lectura\" \/>\n\t<meta name=\"twitter:data2\" content=\"1 minuto\" \/>\n<script type=\"application\/ld+json\" class=\"yoast-schema-graph\">{\"@context\":\"https:\/\/schema.org\",\"@graph\":[{\"@type\":\"Article\",\"@id\":\"https:\/\/elcotarro.com\/?p=4057#article\",\"isPartOf\":{\"@id\":\"https:\/\/elcotarro.com\/?p=4057\"},\"author\":{\"name\":\"Jos\u00e9 Carlos Marrero Gonz\u00e1lez\",\"@id\":\"https:\/\/elcotarro.com\/#\/schema\/person\/af537ee7d60d15984c7e0affcd8a918b\"},\"headline\":\"IV CERTAMEN DE TUNAS DE SANTA CRUZ\",\"datePublished\":\"2017-04-30T09:57:37+00:00\",\"mainEntityOfPage\":{\"@id\":\"https:\/\/elcotarro.com\/?p=4057\"},\"wordCount\":147,\"commentCount\":0,\"publisher\":{\"@id\":\"https:\/\/elcotarro.com\/#organization\"},\"image\":{\"@id\":\"https:\/\/elcotarro.com\/?p=4057#primaryimage\"},\"thumbnailUrl\":\"https:\/\/elcotarro.com\/wp-content\/uploads\/2017\/04\/FOTO-9.-TUNA-MEDICINA.jpg\",\"inLanguage\":\"es\",\"potentialAction\":[{\"@type\":\"CommentAction\",\"name\":\"Comment\",\"target\":[\"https:\/\/elcotarro.com\/?p=4057#respond\"]}]},{\"@type\":\"WebPage\",\"@id\":\"https:\/\/elcotarro.com\/?p=4057\",\"url\":\"https:\/\/elcotarro.com\/?p=4057\",\"name\":\"IV CERTAMEN DE TUNAS DE SANTA CRUZ - El Cotarro\",\"isPartOf\":{\"@id\":\"https:\/\/elcotarro.com\/#website\"},\"primaryImageOfPage\":{\"@id\":\"https:\/\/elcotarro.com\/?p=4057#primaryimage\"},\"image\":{\"@id\":\"https:\/\/elcotarro.com\/?p=4057#primaryimage\"},\"thumbnailUrl\":\"https:\/\/elcotarro.com\/wp-content\/uploads\/2017\/04\/FOTO-9.-TUNA-MEDICINA.jpg\",\"datePublished\":\"2017-04-30T09:57:37+00:00\",\"breadcrumb\":{\"@id\":\"https:\/\/elcotarro.com\/?p=4057#breadcrumb\"},\"inLanguage\":\"es\",\"potentialAction\":[{\"@type\":\"ReadAction\",\"target\":[\"https:\/\/elcotarro.com\/?p=4057\"]}]},{\"@type\":\"ImageObject\",\"inLanguage\":\"es\",\"@id\":\"https:\/\/elcotarro.com\/?p=4057#primaryimage\",\"url\":\"https:\/\/elcotarro.com\/wp-content\/uploads\/2017\/04\/FOTO-9.-TUNA-MEDICINA.jpg\",\"contentUrl\":\"https:\/\/elcotarro.com\/wp-content\/uploads\/2017\/04\/FOTO-9.-TUNA-MEDICINA.jpg\",\"width\":1869,\"height\":827},{\"@type\":\"BreadcrumbList\",\"@id\":\"https:\/\/elcotarro.com\/?p=4057#breadcrumb\",\"itemListElement\":[{\"@type\":\"ListItem\",\"position\":1,\"name\":\"Portada\",\"item\":\"https:\/\/elcotarro.com\/\"},{\"@type\":\"ListItem\",\"position\":2,\"name\":\"IV CERTAMEN DE TUNAS DE SANTA CRUZ\"}]},{\"@type\":\"WebSite\",\"@id\":\"https:\/\/elcotarro.com\/#website\",\"url\":\"https:\/\/elcotarro.com\/\",\"name\":\"El Cotarro\",\"description\":\"Peri\u00f3dico Digital Independiente dirigido por Jos\u00e9 Carlos Marrero\",\"publisher\":{\"@id\":\"https:\/\/elcotarro.com\/#organization\"},\"potentialAction\":[{\"@type\":\"SearchAction\",\"target\":{\"@type\":\"EntryPoint\",\"urlTemplate\":\"https:\/\/elcotarro.com\/?s={search_term_string}\"},\"query-input\":{\"@type\":\"PropertyValueSpecification\",\"valueRequired\":true,\"valueName\":\"search_term_string\"}}],\"inLanguage\":\"es\"},{\"@type\":\"Organization\",\"@id\":\"https:\/\/elcotarro.com\/#organization\",\"name\":\"El Cotarro\",\"url\":\"https:\/\/elcotarro.com\/\",\"logo\":{\"@type\":\"ImageObject\",\"inLanguage\":\"es\",\"@id\":\"https:\/\/elcotarro.com\/#\/schema\/logo\/image\/\",\"url\":\"https:\/\/elcotarro.com\/wp-content\/uploads\/2014\/09\/Cabecera_El_Cotarro_v2.jpg\",\"contentUrl\":\"https:\/\/elcotarro.com\/wp-content\/uploads\/2014\/09\/Cabecera_El_Cotarro_v2.jpg\",\"width\":3540,\"height\":441,\"caption\":\"El Cotarro\"},\"image\":{\"@id\":\"https:\/\/elcotarro.com\/#\/schema\/logo\/image\/\"},\"sameAs\":[\"https:\/\/www.facebook.com\/ElCotarro.Tenerife\"]},{\"@type\":\"Person\",\"@id\":\"https:\/\/elcotarro.com\/#\/schema\/person\/af537ee7d60d15984c7e0affcd8a918b\",\"name\":\"Jos\u00e9 Carlos Marrero Gonz\u00e1lez\",\"image\":{\"@type\":\"ImageObject\",\"inLanguage\":\"es\",\"@id\":\"https:\/\/elcotarro.com\/#\/schema\/person\/image\/\",\"url\":\"https:\/\/secure.gravatar.com\/avatar\/def4da036efb5d32c74d49c351f6dccc064dd69ad9f3aadc295c5a9a5391ca01?s=96&d=mm&r=g\",\"contentUrl\":\"https:\/\/secure.gravatar.com\/avatar\/def4da036efb5d32c74d49c351f6dccc064dd69ad9f3aadc295c5a9a5391ca01?s=96&d=mm&r=g\",\"caption\":\"Jos\u00e9 Carlos Marrero Gonz\u00e1lez\"},\"sameAs\":[\"https:\/\/elcotarro.com\"],\"url\":\"https:\/\/elcotarro.com\/?author=2\"}]}<\/script>\n<!-- \/ Yoast SEO plugin. -->","yoast_head_json":{"title":"IV CERTAMEN DE TUNAS DE SANTA CRUZ - El Cotarro","robots":{"index":"index","follow":"follow","max-snippet":"max-snippet:-1","max-image-preview":"max-image-preview:large","max-video-preview":"max-video-preview:-1"},"canonical":"https:\/\/elcotarro.com\/?p=4057","og_locale":"es_ES","og_type":"article","og_title":"IV CERTAMEN DE TUNAS DE SANTA CRUZ - El Cotarro","og_description":"Y para terminar, ya metidos en fiestas y tras la romer\u00eda de San Marcos de hoy, en Tegueste, no se pierdan el programa de actos de las Fiestas de Mayo 2017 que pueden consultar en www.fiestasdesantacruz.com Pero, por aquello de tuno s\u00faperveterano, perm\u00edtanme recomendarles disfrutar el IV\u2008Certamen Internacional de Tunas \u201cCiudad de Santa Cruz de ... Read more","og_url":"https:\/\/elcotarro.com\/?p=4057","og_site_name":"El Cotarro","article_publisher":"https:\/\/www.facebook.com\/ElCotarro.Tenerife","article_published_time":"2017-04-30T09:57:37+00:00","og_image":[{"url":"https:\/\/elcotarro.com\/wp-content\/uploads\/2017\/04\/FOTO-9.-TUNA-MEDICINA.jpg","type":"","width":"","height":""}],"author":"Jos\u00e9 Carlos Marrero Gonz\u00e1lez","twitter_misc":{"Escrito por":"Jos\u00e9 Carlos Marrero Gonz\u00e1lez","Tiempo de lectura":"1 minuto"},"schema":{"@context":"https:\/\/schema.org","@graph":[{"@type":"Article","@id":"https:\/\/elcotarro.com\/?p=4057#article","isPartOf":{"@id":"https:\/\/elcotarro.com\/?p=4057"},"author":{"name":"Jos\u00e9 Carlos Marrero Gonz\u00e1lez","@id":"https:\/\/elcotarro.com\/#\/schema\/person\/af537ee7d60d15984c7e0affcd8a918b"},"headline":"IV CERTAMEN DE TUNAS DE SANTA CRUZ","datePublished":"2017-04-30T09:57:37+00:00","mainEntityOfPage":{"@id":"https:\/\/elcotarro.com\/?p=4057"},"wordCount":147,"commentCount":0,"publisher":{"@id":"https:\/\/elcotarro.com\/#organization"},"image":{"@id":"https:\/\/elcotarro.com\/?p=4057#primaryimage"},"thumbnailUrl":"https:\/\/elcotarro.com\/wp-content\/uploads\/2017\/04\/FOTO-9.-TUNA-MEDICINA.jpg","inLanguage":"es","potentialAction":[{"@type":"CommentAction","name":"Comment","target":["https:\/\/elcotarro.com\/?p=4057#respond"]}]},{"@type":"WebPage","@id":"https:\/\/elcotarro.com\/?p=4057","url":"https:\/\/elcotarro.com\/?p=4057","name":"IV CERTAMEN DE TUNAS DE SANTA CRUZ - El Cotarro","isPartOf":{"@id":"https:\/\/elcotarro.com\/#website"},"primaryImageOfPage":{"@id":"https:\/\/elcotarro.com\/?p=4057#primaryimage"},"image":{"@id":"https:\/\/elcotarro.com\/?p=4057#primaryimage"},"thumbnailUrl":"https:\/\/elcotarro.com\/wp-content\/uploads\/2017\/04\/FOTO-9.-TUNA-MEDICINA.jpg","datePublished":"2017-04-30T09:57:37+00:00","breadcrumb":{"@id":"https:\/\/elcotarro.com\/?p=4057#breadcrumb"},"inLanguage":"es","potentialAction":[{"@type":"ReadAction","target":["https:\/\/elcotarro.com\/?p=4057"]}]},{"@type":"ImageObject","inLanguage":"es","@id":"https:\/\/elcotarro.com\/?p=4057#primaryimage","url":"https:\/\/elcotarro.com\/wp-content\/uploads\/2017\/04\/FOTO-9.-TUNA-MEDICINA.jpg","contentUrl":"https:\/\/elcotarro.com\/wp-content\/uploads\/2017\/04\/FOTO-9.-TUNA-MEDICINA.jpg","width":1869,"height":827},{"@type":"BreadcrumbList","@id":"https:\/\/elcotarro.com\/?p=4057#breadcrumb","itemListElement":[{"@type":"ListItem","position":1,"name":"Portada","item":"https:\/\/elcotarro.com\/"},{"@type":"ListItem","position":2,"name":"IV CERTAMEN DE TUNAS DE SANTA CRUZ"}]},{"@type":"WebSite","@id":"https:\/\/elcotarro.com\/#website","url":"https:\/\/elcotarro.com\/","name":"El Cotarro","description":"Peri\u00f3dico Digital Independiente dirigido por Jos\u00e9 Carlos Marrero","publisher":{"@id":"https:\/\/elcotarro.com\/#organization"},"potentialAction":[{"@type":"SearchAction","target":{"@type":"EntryPoint","urlTemplate":"https:\/\/elcotarro.com\/?s={search_term_string}"},"query-input":{"@type":"PropertyValueSpecification","valueRequired":true,"valueName":"search_term_string"}}],"inLanguage":"es"},{"@type":"Organization","@id":"https:\/\/elcotarro.com\/#organization","name":"El Cotarro","url":"https:\/\/elcotarro.com\/","logo":{"@type":"ImageObject","inLanguage":"es","@id":"https:\/\/elcotarro.com\/#\/schema\/logo\/image\/","url":"https:\/\/elcotarro.com\/wp-content\/uploads\/2014\/09\/Cabecera_El_Cotarro_v2.jpg","contentUrl":"https:\/\/elcotarro.com\/wp-content\/uploads\/2014\/09\/Cabecera_El_Cotarro_v2.jpg","width":3540,"height":441,"caption":"El Cotarro"},"image":{"@id":"https:\/\/elcotarro.com\/#\/schema\/logo\/image\/"},"sameAs":["https:\/\/www.facebook.com\/ElCotarro.Tenerife"]},{"@type":"Person","@id":"https:\/\/elcotarro.com\/#\/schema\/person\/af537ee7d60d15984c7e0affcd8a918b","name":"Jos\u00e9 Carlos Marrero Gonz\u00e1lez","image":{"@type":"ImageObject","inLanguage":"es","@id":"https:\/\/elcotarro.com\/#\/schema\/person\/image\/","url":"https:\/\/secure.gravatar.com\/avatar\/def4da036efb5d32c74d49c351f6dccc064dd69ad9f3aadc295c5a9a5391ca01?s=96&d=mm&r=g","contentUrl":"https:\/\/secure.gravatar.com\/avatar\/def4da036efb5d32c74d49c351f6dccc064dd69ad9f3aadc295c5a9a5391ca01?s=96&d=mm&r=g","caption":"Jos\u00e9 Carlos Marrero Gonz\u00e1lez"},"sameAs":["https:\/\/elcotarro.com"],"url":"https:\/\/elcotarro.com\/?author=2"}]}},"jetpack_featured_media_url":"","jetpack_sharing_enabled":true,"_links":{"self":[{"href":"https:\/\/elcotarro.com\/index.php?rest_route=\/wp\/v2\/posts\/4057","targetHints":{"allow":["GET"]}}],"collection":[{"href":"https:\/\/elcotarro.com\/index.php?rest_route=\/wp\/v2\/posts"}],"about":[{"href":"https:\/\/elcotarro.com\/index.php?rest_route=\/wp\/v2\/types\/post"}],"author":[{"embeddable":true,"href":"https:\/\/elcotarro.com\/index.php?rest_route=\/wp\/v2\/users\/2"}],"replies":[{"embeddable":true,"href":"https:\/\/elcotarro.com\/index.php?rest_route=%2Fwp%2Fv2%2Fcomments&post=4057"}],"version-history":[{"count":1,"href":"https:\/\/elcotarro.com\/index.php?rest_route=\/wp\/v2\/posts\/4057\/revisions"}],"predecessor-version":[{"id":4059,"href":"https:\/\/elcotarro.com\/index.php?rest_route=\/wp\/v2\/posts\/4057\/revisions\/4059"}],"wp:attachment":[{"href":"https:\/\/elcotarro.com\/index.php?rest_route=%2Fwp%2Fv2%2Fmedia&parent=4057"}],"wp:term":[{"taxonomy":"category","embeddable":true,"href":"https:\/\/elcotarro.com\/index.php?rest_route=%2Fwp%2Fv2%2Fcategories&post=4057"},{"taxonomy":"post_tag","embeddable":true,"href":"https:\/\/elcotarro.com\/index.php?rest_route=%2Fwp%2Fv2%2Ftags&post=4057"}],"curies":[{"name":"wp","href":"https:\/\/api.w.org\/{rel}","templated":true}]}}