{"id":4064,"date":"2017-05-07T11:05:47","date_gmt":"2017-05-07T10:05:47","guid":{"rendered":"https:\/\/elcotarro.com\/?p=4064"},"modified":"2017-05-07T10:37:58","modified_gmt":"2017-05-07T09:37:58","slug":"la-laguna-y-colima-hermanadas","status":"publish","type":"post","link":"https:\/\/elcotarro.com\/?p=4064","title":{"rendered":"LA LAGUNA Y COLIMA&#8230; HERMANADAS"},"content":{"rendered":"<p>El alcalde de La Laguna ha estado siete d\u00edas fuera del municipio y no ha pasado nada. Ni mociones de censura, ni disturbios callejeros ni nada&#8230; Est\u00e1 claro que, a\u00fan en minor\u00eda, parece que <strong>Jos\u00e9 Alberto D\u00edaz Dom\u00ednguez<\/strong> tiene el territorio controlado. Tanto que fue a hermanarse con otro territorio amigo, como lo es la localidad de Colima (capital del estado del mismo nombre), al oeste de M\u00e9xico. La culpable (estoy seguro) ha sido <strong>Mar\u00eda \u00c1ngeles Baca Herrej\u00f3n<\/strong>, la incansable c\u00f3nsul honoraria de M\u00e9xico en Tenerife. Y es que <strong>\u00c1ngela Baca<\/strong> lleva casi 20 a\u00f1os fomentando el intercambio cultural entre ambas ciudades y ya tocaba hermanarse. Por ello <strong>Jos\u00e9 Alberto D\u00edaz<\/strong>, alcalde lagunero y <strong>H\u00e9ctor Ins\u00faa Garc\u00eda<\/strong>, regidor de Colima, firmaron el documento de hermanamiento con la presencia de la propia <strong>\u00c1ngela Baca<\/strong> como testigo.<\/p>\n<p style=\"text-align: center\"><a href=\"https:\/\/elcotarro.com\/wp-content\/uploads\/2017\/05\/FOTO-1.-HERMANAMIENTO1.jpg\"><img loading=\"lazy\" decoding=\"async\" class=\"alignnone size-full wp-image-4066\" src=\"https:\/\/elcotarro.com\/wp-content\/uploads\/2017\/05\/FOTO-1.-HERMANAMIENTO1.jpg\" alt=\"FOTO 1.- HERMANAMIENTO\" width=\"795\" height=\"618\" srcset=\"https:\/\/elcotarro.com\/wp-content\/uploads\/2017\/05\/FOTO-1.-HERMANAMIENTO1.jpg 795w, https:\/\/elcotarro.com\/wp-content\/uploads\/2017\/05\/FOTO-1.-HERMANAMIENTO1-300x233.jpg 300w\" sizes=\"auto, (max-width: 795px) 100vw, 795px\" \/><\/a><\/p>\n<p style=\"text-align: center\"><em>Jos\u00e9 Alberto D\u00edaz, alcalde de La Laguna (i), H\u00e9ctor Ins\u00faa, regidor de Colima (c) y la c\u00f3nsul de M\u00e9xico en Tenerife, \u00c1ngeles Baca, impulsora del hermanamiento.<\/em><\/p>\n","protected":false},"excerpt":{"rendered":"<p>El alcalde de La Laguna ha estado siete d\u00edas fuera del municipio y no ha pasado nada. Ni mociones de censura, ni disturbios callejeros ni nada&#8230; Est\u00e1 claro que, a\u00fan en minor\u00eda, parece que Jos\u00e9 Alberto D\u00edaz Dom\u00ednguez tiene el territorio controlado. Tanto que fue a hermanarse con otro territorio amigo, como lo es la &#8230; <a class=\"read-more\" href=\"https:\/\/elcotarro.com\/?p=4064\">Read more<\/a><\/p>\n","protected":false},"author":2,"featured_media":0,"comment_status":"open","ping_status":"open","sticky":false,"template":"","format":"standard","meta":{"_jetpack_memberships_contains_paid_content":false,"footnotes":""},"categories":[1],"tags":[],"class_list":["post-4064","post","type-post","status-publish","format-standard","hentry","category-sin-categoria"],"yoast_head":"<!-- This site is optimized with the Yoast SEO plugin v27.0 - https:\/\/yoast.com\/product\/yoast-seo-wordpress\/ -->\n<title>LA LAGUNA Y COLIMA... HERMANADAS - El Cotarro<\/title>\n<meta name=\"robots\" content=\"index, follow, max-snippet:-1, max-image-preview:large, max-video-preview:-1\" \/>\n<link rel=\"canonical\" href=\"https:\/\/elcotarro.com\/?p=4064\" \/>\n<meta property=\"og:locale\" content=\"es_ES\" \/>\n<meta property=\"og:type\" content=\"article\" \/>\n<meta property=\"og:title\" content=\"LA LAGUNA Y COLIMA... HERMANADAS - El Cotarro\" \/>\n<meta property=\"og:description\" content=\"El alcalde de La Laguna ha estado siete d\u00edas fuera del municipio y no ha pasado nada. Ni mociones de censura, ni disturbios callejeros ni nada&#8230; Est\u00e1 claro que, a\u00fan en minor\u00eda, parece que Jos\u00e9 Alberto D\u00edaz Dom\u00ednguez tiene el territorio controlado. Tanto que fue a hermanarse con otro territorio amigo, como lo es la ... Read more\" \/>\n<meta property=\"og:url\" content=\"https:\/\/elcotarro.com\/?p=4064\" \/>\n<meta property=\"og:site_name\" content=\"El Cotarro\" \/>\n<meta property=\"article:publisher\" content=\"https:\/\/www.facebook.com\/ElCotarro.Tenerife\" \/>\n<meta property=\"article:published_time\" content=\"2017-05-07T10:05:47+00:00\" \/>\n<meta property=\"og:image\" content=\"https:\/\/elcotarro.com\/wp-content\/uploads\/2017\/05\/FOTO-1.-HERMANAMIENTO1.jpg\" \/>\n<meta name=\"author\" content=\"Jos\u00e9 Carlos Marrero Gonz\u00e1lez\" \/>\n<meta name=\"twitter:label1\" content=\"Escrito por\" \/>\n\t<meta name=\"twitter:data1\" content=\"Jos\u00e9 Carlos Marrero Gonz\u00e1lez\" \/>\n\t<meta name=\"twitter:label2\" content=\"Tiempo de lectura\" \/>\n\t<meta name=\"twitter:data2\" content=\"1 minuto\" \/>\n<script type=\"application\/ld+json\" class=\"yoast-schema-graph\">{\"@context\":\"https:\/\/schema.org\",\"@graph\":[{\"@type\":\"Article\",\"@id\":\"https:\/\/elcotarro.com\/?p=4064#article\",\"isPartOf\":{\"@id\":\"https:\/\/elcotarro.com\/?p=4064\"},\"author\":{\"name\":\"Jos\u00e9 Carlos Marrero Gonz\u00e1lez\",\"@id\":\"https:\/\/elcotarro.com\/#\/schema\/person\/af537ee7d60d15984c7e0affcd8a918b\"},\"headline\":\"LA LAGUNA Y COLIMA&#8230; HERMANADAS\",\"datePublished\":\"2017-05-07T10:05:47+00:00\",\"mainEntityOfPage\":{\"@id\":\"https:\/\/elcotarro.com\/?p=4064\"},\"wordCount\":185,\"commentCount\":0,\"publisher\":{\"@id\":\"https:\/\/elcotarro.com\/#organization\"},\"image\":{\"@id\":\"https:\/\/elcotarro.com\/?p=4064#primaryimage\"},\"thumbnailUrl\":\"https:\/\/elcotarro.com\/wp-content\/uploads\/2017\/05\/FOTO-1.-HERMANAMIENTO1.jpg\",\"inLanguage\":\"es\",\"potentialAction\":[{\"@type\":\"CommentAction\",\"name\":\"Comment\",\"target\":[\"https:\/\/elcotarro.com\/?p=4064#respond\"]}]},{\"@type\":\"WebPage\",\"@id\":\"https:\/\/elcotarro.com\/?p=4064\",\"url\":\"https:\/\/elcotarro.com\/?p=4064\",\"name\":\"LA LAGUNA Y COLIMA... HERMANADAS - El Cotarro\",\"isPartOf\":{\"@id\":\"https:\/\/elcotarro.com\/#website\"},\"primaryImageOfPage\":{\"@id\":\"https:\/\/elcotarro.com\/?p=4064#primaryimage\"},\"image\":{\"@id\":\"https:\/\/elcotarro.com\/?p=4064#primaryimage\"},\"thumbnailUrl\":\"https:\/\/elcotarro.com\/wp-content\/uploads\/2017\/05\/FOTO-1.-HERMANAMIENTO1.jpg\",\"datePublished\":\"2017-05-07T10:05:47+00:00\",\"breadcrumb\":{\"@id\":\"https:\/\/elcotarro.com\/?p=4064#breadcrumb\"},\"inLanguage\":\"es\",\"potentialAction\":[{\"@type\":\"ReadAction\",\"target\":[\"https:\/\/elcotarro.com\/?p=4064\"]}]},{\"@type\":\"ImageObject\",\"inLanguage\":\"es\",\"@id\":\"https:\/\/elcotarro.com\/?p=4064#primaryimage\",\"url\":\"https:\/\/elcotarro.com\/wp-content\/uploads\/2017\/05\/FOTO-1.-HERMANAMIENTO1.jpg\",\"contentUrl\":\"https:\/\/elcotarro.com\/wp-content\/uploads\/2017\/05\/FOTO-1.-HERMANAMIENTO1.jpg\",\"width\":795,\"height\":618},{\"@type\":\"BreadcrumbList\",\"@id\":\"https:\/\/elcotarro.com\/?p=4064#breadcrumb\",\"itemListElement\":[{\"@type\":\"ListItem\",\"position\":1,\"name\":\"Portada\",\"item\":\"https:\/\/elcotarro.com\/\"},{\"@type\":\"ListItem\",\"position\":2,\"name\":\"LA LAGUNA Y COLIMA&#8230; HERMANADAS\"}]},{\"@type\":\"WebSite\",\"@id\":\"https:\/\/elcotarro.com\/#website\",\"url\":\"https:\/\/elcotarro.com\/\",\"name\":\"El Cotarro\",\"description\":\"Peri\u00f3dico Digital Independiente dirigido por Jos\u00e9 Carlos Marrero\",\"publisher\":{\"@id\":\"https:\/\/elcotarro.com\/#organization\"},\"potentialAction\":[{\"@type\":\"SearchAction\",\"target\":{\"@type\":\"EntryPoint\",\"urlTemplate\":\"https:\/\/elcotarro.com\/?s={search_term_string}\"},\"query-input\":{\"@type\":\"PropertyValueSpecification\",\"valueRequired\":true,\"valueName\":\"search_term_string\"}}],\"inLanguage\":\"es\"},{\"@type\":\"Organization\",\"@id\":\"https:\/\/elcotarro.com\/#organization\",\"name\":\"El Cotarro\",\"url\":\"https:\/\/elcotarro.com\/\",\"logo\":{\"@type\":\"ImageObject\",\"inLanguage\":\"es\",\"@id\":\"https:\/\/elcotarro.com\/#\/schema\/logo\/image\/\",\"url\":\"https:\/\/elcotarro.com\/wp-content\/uploads\/2014\/09\/Cabecera_El_Cotarro_v2.jpg\",\"contentUrl\":\"https:\/\/elcotarro.com\/wp-content\/uploads\/2014\/09\/Cabecera_El_Cotarro_v2.jpg\",\"width\":3540,\"height\":441,\"caption\":\"El Cotarro\"},\"image\":{\"@id\":\"https:\/\/elcotarro.com\/#\/schema\/logo\/image\/\"},\"sameAs\":[\"https:\/\/www.facebook.com\/ElCotarro.Tenerife\"]},{\"@type\":\"Person\",\"@id\":\"https:\/\/elcotarro.com\/#\/schema\/person\/af537ee7d60d15984c7e0affcd8a918b\",\"name\":\"Jos\u00e9 Carlos Marrero Gonz\u00e1lez\",\"image\":{\"@type\":\"ImageObject\",\"inLanguage\":\"es\",\"@id\":\"https:\/\/elcotarro.com\/#\/schema\/person\/image\/\",\"url\":\"https:\/\/secure.gravatar.com\/avatar\/def4da036efb5d32c74d49c351f6dccc064dd69ad9f3aadc295c5a9a5391ca01?s=96&d=mm&r=g\",\"contentUrl\":\"https:\/\/secure.gravatar.com\/avatar\/def4da036efb5d32c74d49c351f6dccc064dd69ad9f3aadc295c5a9a5391ca01?s=96&d=mm&r=g\",\"caption\":\"Jos\u00e9 Carlos Marrero Gonz\u00e1lez\"},\"sameAs\":[\"https:\/\/elcotarro.com\"],\"url\":\"https:\/\/elcotarro.com\/?author=2\"}]}<\/script>\n<!-- \/ Yoast SEO plugin. -->","yoast_head_json":{"title":"LA LAGUNA Y COLIMA... HERMANADAS - El Cotarro","robots":{"index":"index","follow":"follow","max-snippet":"max-snippet:-1","max-image-preview":"max-image-preview:large","max-video-preview":"max-video-preview:-1"},"canonical":"https:\/\/elcotarro.com\/?p=4064","og_locale":"es_ES","og_type":"article","og_title":"LA LAGUNA Y COLIMA... HERMANADAS - El Cotarro","og_description":"El alcalde de La Laguna ha estado siete d\u00edas fuera del municipio y no ha pasado nada. Ni mociones de censura, ni disturbios callejeros ni nada&#8230; Est\u00e1 claro que, a\u00fan en minor\u00eda, parece que Jos\u00e9 Alberto D\u00edaz Dom\u00ednguez tiene el territorio controlado. Tanto que fue a hermanarse con otro territorio amigo, como lo es la ... Read more","og_url":"https:\/\/elcotarro.com\/?p=4064","og_site_name":"El Cotarro","article_publisher":"https:\/\/www.facebook.com\/ElCotarro.Tenerife","article_published_time":"2017-05-07T10:05:47+00:00","og_image":[{"url":"https:\/\/elcotarro.com\/wp-content\/uploads\/2017\/05\/FOTO-1.-HERMANAMIENTO1.jpg","type":"","width":"","height":""}],"author":"Jos\u00e9 Carlos Marrero Gonz\u00e1lez","twitter_misc":{"Escrito por":"Jos\u00e9 Carlos Marrero Gonz\u00e1lez","Tiempo de lectura":"1 minuto"},"schema":{"@context":"https:\/\/schema.org","@graph":[{"@type":"Article","@id":"https:\/\/elcotarro.com\/?p=4064#article","isPartOf":{"@id":"https:\/\/elcotarro.com\/?p=4064"},"author":{"name":"Jos\u00e9 Carlos Marrero Gonz\u00e1lez","@id":"https:\/\/elcotarro.com\/#\/schema\/person\/af537ee7d60d15984c7e0affcd8a918b"},"headline":"LA LAGUNA Y COLIMA&#8230; HERMANADAS","datePublished":"2017-05-07T10:05:47+00:00","mainEntityOfPage":{"@id":"https:\/\/elcotarro.com\/?p=4064"},"wordCount":185,"commentCount":0,"publisher":{"@id":"https:\/\/elcotarro.com\/#organization"},"image":{"@id":"https:\/\/elcotarro.com\/?p=4064#primaryimage"},"thumbnailUrl":"https:\/\/elcotarro.com\/wp-content\/uploads\/2017\/05\/FOTO-1.-HERMANAMIENTO1.jpg","inLanguage":"es","potentialAction":[{"@type":"CommentAction","name":"Comment","target":["https:\/\/elcotarro.com\/?p=4064#respond"]}]},{"@type":"WebPage","@id":"https:\/\/elcotarro.com\/?p=4064","url":"https:\/\/elcotarro.com\/?p=4064","name":"LA LAGUNA Y COLIMA... HERMANADAS - El Cotarro","isPartOf":{"@id":"https:\/\/elcotarro.com\/#website"},"primaryImageOfPage":{"@id":"https:\/\/elcotarro.com\/?p=4064#primaryimage"},"image":{"@id":"https:\/\/elcotarro.com\/?p=4064#primaryimage"},"thumbnailUrl":"https:\/\/elcotarro.com\/wp-content\/uploads\/2017\/05\/FOTO-1.-HERMANAMIENTO1.jpg","datePublished":"2017-05-07T10:05:47+00:00","breadcrumb":{"@id":"https:\/\/elcotarro.com\/?p=4064#breadcrumb"},"inLanguage":"es","potentialAction":[{"@type":"ReadAction","target":["https:\/\/elcotarro.com\/?p=4064"]}]},{"@type":"ImageObject","inLanguage":"es","@id":"https:\/\/elcotarro.com\/?p=4064#primaryimage","url":"https:\/\/elcotarro.com\/wp-content\/uploads\/2017\/05\/FOTO-1.-HERMANAMIENTO1.jpg","contentUrl":"https:\/\/elcotarro.com\/wp-content\/uploads\/2017\/05\/FOTO-1.-HERMANAMIENTO1.jpg","width":795,"height":618},{"@type":"BreadcrumbList","@id":"https:\/\/elcotarro.com\/?p=4064#breadcrumb","itemListElement":[{"@type":"ListItem","position":1,"name":"Portada","item":"https:\/\/elcotarro.com\/"},{"@type":"ListItem","position":2,"name":"LA LAGUNA Y COLIMA&#8230; HERMANADAS"}]},{"@type":"WebSite","@id":"https:\/\/elcotarro.com\/#website","url":"https:\/\/elcotarro.com\/","name":"El Cotarro","description":"Peri\u00f3dico Digital Independiente dirigido por Jos\u00e9 Carlos Marrero","publisher":{"@id":"https:\/\/elcotarro.com\/#organization"},"potentialAction":[{"@type":"SearchAction","target":{"@type":"EntryPoint","urlTemplate":"https:\/\/elcotarro.com\/?s={search_term_string}"},"query-input":{"@type":"PropertyValueSpecification","valueRequired":true,"valueName":"search_term_string"}}],"inLanguage":"es"},{"@type":"Organization","@id":"https:\/\/elcotarro.com\/#organization","name":"El Cotarro","url":"https:\/\/elcotarro.com\/","logo":{"@type":"ImageObject","inLanguage":"es","@id":"https:\/\/elcotarro.com\/#\/schema\/logo\/image\/","url":"https:\/\/elcotarro.com\/wp-content\/uploads\/2014\/09\/Cabecera_El_Cotarro_v2.jpg","contentUrl":"https:\/\/elcotarro.com\/wp-content\/uploads\/2014\/09\/Cabecera_El_Cotarro_v2.jpg","width":3540,"height":441,"caption":"El Cotarro"},"image":{"@id":"https:\/\/elcotarro.com\/#\/schema\/logo\/image\/"},"sameAs":["https:\/\/www.facebook.com\/ElCotarro.Tenerife"]},{"@type":"Person","@id":"https:\/\/elcotarro.com\/#\/schema\/person\/af537ee7d60d15984c7e0affcd8a918b","name":"Jos\u00e9 Carlos Marrero Gonz\u00e1lez","image":{"@type":"ImageObject","inLanguage":"es","@id":"https:\/\/elcotarro.com\/#\/schema\/person\/image\/","url":"https:\/\/secure.gravatar.com\/avatar\/def4da036efb5d32c74d49c351f6dccc064dd69ad9f3aadc295c5a9a5391ca01?s=96&d=mm&r=g","contentUrl":"https:\/\/secure.gravatar.com\/avatar\/def4da036efb5d32c74d49c351f6dccc064dd69ad9f3aadc295c5a9a5391ca01?s=96&d=mm&r=g","caption":"Jos\u00e9 Carlos Marrero Gonz\u00e1lez"},"sameAs":["https:\/\/elcotarro.com"],"url":"https:\/\/elcotarro.com\/?author=2"}]}},"jetpack_featured_media_url":"","jetpack_sharing_enabled":true,"_links":{"self":[{"href":"https:\/\/elcotarro.com\/index.php?rest_route=\/wp\/v2\/posts\/4064","targetHints":{"allow":["GET"]}}],"collection":[{"href":"https:\/\/elcotarro.com\/index.php?rest_route=\/wp\/v2\/posts"}],"about":[{"href":"https:\/\/elcotarro.com\/index.php?rest_route=\/wp\/v2\/types\/post"}],"author":[{"embeddable":true,"href":"https:\/\/elcotarro.com\/index.php?rest_route=\/wp\/v2\/users\/2"}],"replies":[{"embeddable":true,"href":"https:\/\/elcotarro.com\/index.php?rest_route=%2Fwp%2Fv2%2Fcomments&post=4064"}],"version-history":[{"count":1,"href":"https:\/\/elcotarro.com\/index.php?rest_route=\/wp\/v2\/posts\/4064\/revisions"}],"predecessor-version":[{"id":4067,"href":"https:\/\/elcotarro.com\/index.php?rest_route=\/wp\/v2\/posts\/4064\/revisions\/4067"}],"wp:attachment":[{"href":"https:\/\/elcotarro.com\/index.php?rest_route=%2Fwp%2Fv2%2Fmedia&parent=4064"}],"wp:term":[{"taxonomy":"category","embeddable":true,"href":"https:\/\/elcotarro.com\/index.php?rest_route=%2Fwp%2Fv2%2Fcategories&post=4064"},{"taxonomy":"post_tag","embeddable":true,"href":"https:\/\/elcotarro.com\/index.php?rest_route=%2Fwp%2Fv2%2Ftags&post=4064"}],"curies":[{"name":"wp","href":"https:\/\/api.w.org\/{rel}","templated":true}]}}