{"id":4129,"date":"2017-05-21T11:01:41","date_gmt":"2017-05-21T10:01:41","guid":{"rendered":"https:\/\/elcotarro.com\/?p=4129"},"modified":"2017-05-21T08:39:54","modified_gmt":"2017-05-21T07:39:54","slug":"haciendo-pesas-con-emilio-moro","status":"publish","type":"post","link":"https:\/\/elcotarro.com\/?p=4129","title":{"rendered":"HACIENDO \u201cPESAS\u201d CON EMILIO MORO"},"content":{"rendered":"<p>Para concluir, un ejemplo de c\u00f3mo la buena gastronom\u00eda (comer bien y beber moderadamente) puede ayudar a bajar peso. Fue hace unos d\u00edas en la gran cata comentada que, organizada por <strong>To\u00f1o Armas<\/strong> (co-propietario y director de El Gusto por el Vino) y bajo el t\u00edtulo <em>\u201cMoro significa Emilio Moro\u201d<\/em>, fue dirigida por <strong>Javier Moro<\/strong> (co-propietario de Bodegas Emilio Moro y Cepa 21) Al final de la espectacular cata y como pueden ver en la foto exclusiva que les pongo, <strong>Javi Moro<\/strong> y <strong>To\u00f1o Armas<\/strong> se lanzaron a levantar \u201cpesas\u201d con dos botellas \u201cSalom\u00f3n\u201d (18 litros) de Emilio Moro. Sin duda, perdieron los kilos que horas antes hab\u00edan ganado con la comida en casa de <strong>Sagrario<\/strong>. \u00a1\u00c9chenle repudio a este gimnasio!&#8230; \u00bfEs estilo, o no es estilo?<\/p>\n<p style=\"text-align: center\"><a href=\"https:\/\/elcotarro.com\/wp-content\/uploads\/2017\/05\/FOTO-5.-EMILIO-MORO.jpg\"><img loading=\"lazy\" decoding=\"async\" class=\"alignnone size-full wp-image-4130\" src=\"https:\/\/elcotarro.com\/wp-content\/uploads\/2017\/05\/FOTO-5.-EMILIO-MORO.jpg\" alt=\"FOTO 5.- EMILIO MORO\" width=\"2016\" height=\"1512\" srcset=\"https:\/\/elcotarro.com\/wp-content\/uploads\/2017\/05\/FOTO-5.-EMILIO-MORO.jpg 2016w, https:\/\/elcotarro.com\/wp-content\/uploads\/2017\/05\/FOTO-5.-EMILIO-MORO-300x225.jpg 300w, https:\/\/elcotarro.com\/wp-content\/uploads\/2017\/05\/FOTO-5.-EMILIO-MORO-1024x768.jpg 1024w\" sizes=\"auto, (max-width: 2016px) 100vw, 2016px\" \/><\/a><\/p>\n<p style=\"text-align: center\"><em>To\u00f1o\u2008Armas (i) y Javier Moro haciendo \u201cpesas\u201d con dos \u201csalom\u00f3n\u201d de Emilio Moro.<\/em><\/p>\n<p style=\"text-align: center\"><a href=\"http:\/\/www.careca.es\/\" target=\"_blank\"><img loading=\"lazy\" decoding=\"async\" class=\"size-full wp-image-2216 aligncenter\" src=\"https:\/\/elcotarro.com\/wp-content\/uploads\/2016\/07\/InsulacafeElCotarro.jpg\" alt=\"Bnn_Careca\" width=\"750\" height=\"150\" \/><\/a><\/p>\n","protected":false},"excerpt":{"rendered":"<p>Para concluir, un ejemplo de c\u00f3mo la buena gastronom\u00eda (comer bien y beber moderadamente) puede ayudar a bajar peso. Fue hace unos d\u00edas en la gran cata comentada que, organizada por To\u00f1o Armas (co-propietario y director de El Gusto por el Vino) y bajo el t\u00edtulo \u201cMoro significa Emilio Moro\u201d, fue dirigida por Javier Moro &#8230; <a class=\"read-more\" href=\"https:\/\/elcotarro.com\/?p=4129\">Read more<\/a><\/p>\n","protected":false},"author":2,"featured_media":0,"comment_status":"open","ping_status":"open","sticky":false,"template":"","format":"standard","meta":{"_jetpack_memberships_contains_paid_content":false,"footnotes":""},"categories":[1],"tags":[],"class_list":["post-4129","post","type-post","status-publish","format-standard","hentry","category-sin-categoria"],"yoast_head":"<!-- This site is optimized with the Yoast SEO plugin v27.0 - https:\/\/yoast.com\/product\/yoast-seo-wordpress\/ -->\n<title>HACIENDO \u201cPESAS\u201d CON EMILIO MORO - El Cotarro<\/title>\n<meta name=\"robots\" content=\"index, follow, max-snippet:-1, max-image-preview:large, max-video-preview:-1\" \/>\n<link rel=\"canonical\" href=\"https:\/\/elcotarro.com\/?p=4129\" \/>\n<meta property=\"og:locale\" content=\"es_ES\" \/>\n<meta property=\"og:type\" content=\"article\" \/>\n<meta property=\"og:title\" content=\"HACIENDO \u201cPESAS\u201d CON EMILIO MORO - El Cotarro\" \/>\n<meta property=\"og:description\" content=\"Para concluir, un ejemplo de c\u00f3mo la buena gastronom\u00eda (comer bien y beber moderadamente) puede ayudar a bajar peso. Fue hace unos d\u00edas en la gran cata comentada que, organizada por To\u00f1o Armas (co-propietario y director de El Gusto por el Vino) y bajo el t\u00edtulo \u201cMoro significa Emilio Moro\u201d, fue dirigida por Javier Moro ... Read more\" \/>\n<meta property=\"og:url\" content=\"https:\/\/elcotarro.com\/?p=4129\" \/>\n<meta property=\"og:site_name\" content=\"El Cotarro\" \/>\n<meta property=\"article:publisher\" content=\"https:\/\/www.facebook.com\/ElCotarro.Tenerife\" \/>\n<meta property=\"article:published_time\" content=\"2017-05-21T10:01:41+00:00\" \/>\n<meta property=\"og:image\" content=\"https:\/\/elcotarro.com\/wp-content\/uploads\/2017\/05\/FOTO-5.-EMILIO-MORO.jpg\" \/>\n<meta name=\"author\" content=\"Jos\u00e9 Carlos Marrero Gonz\u00e1lez\" \/>\n<meta name=\"twitter:label1\" content=\"Escrito por\" \/>\n\t<meta name=\"twitter:data1\" content=\"Jos\u00e9 Carlos Marrero Gonz\u00e1lez\" \/>\n\t<meta name=\"twitter:label2\" content=\"Tiempo de lectura\" \/>\n\t<meta name=\"twitter:data2\" content=\"1 minuto\" \/>\n<script type=\"application\/ld+json\" class=\"yoast-schema-graph\">{\"@context\":\"https:\/\/schema.org\",\"@graph\":[{\"@type\":\"Article\",\"@id\":\"https:\/\/elcotarro.com\/?p=4129#article\",\"isPartOf\":{\"@id\":\"https:\/\/elcotarro.com\/?p=4129\"},\"author\":{\"name\":\"Jos\u00e9 Carlos Marrero Gonz\u00e1lez\",\"@id\":\"https:\/\/elcotarro.com\/#\/schema\/person\/af537ee7d60d15984c7e0affcd8a918b\"},\"headline\":\"HACIENDO \u201cPESAS\u201d CON EMILIO MORO\",\"datePublished\":\"2017-05-21T10:01:41+00:00\",\"mainEntityOfPage\":{\"@id\":\"https:\/\/elcotarro.com\/?p=4129\"},\"wordCount\":154,\"commentCount\":0,\"publisher\":{\"@id\":\"https:\/\/elcotarro.com\/#organization\"},\"image\":{\"@id\":\"https:\/\/elcotarro.com\/?p=4129#primaryimage\"},\"thumbnailUrl\":\"https:\/\/elcotarro.com\/wp-content\/uploads\/2017\/05\/FOTO-5.-EMILIO-MORO.jpg\",\"inLanguage\":\"es\",\"potentialAction\":[{\"@type\":\"CommentAction\",\"name\":\"Comment\",\"target\":[\"https:\/\/elcotarro.com\/?p=4129#respond\"]}]},{\"@type\":\"WebPage\",\"@id\":\"https:\/\/elcotarro.com\/?p=4129\",\"url\":\"https:\/\/elcotarro.com\/?p=4129\",\"name\":\"HACIENDO \u201cPESAS\u201d CON EMILIO MORO - El Cotarro\",\"isPartOf\":{\"@id\":\"https:\/\/elcotarro.com\/#website\"},\"primaryImageOfPage\":{\"@id\":\"https:\/\/elcotarro.com\/?p=4129#primaryimage\"},\"image\":{\"@id\":\"https:\/\/elcotarro.com\/?p=4129#primaryimage\"},\"thumbnailUrl\":\"https:\/\/elcotarro.com\/wp-content\/uploads\/2017\/05\/FOTO-5.-EMILIO-MORO.jpg\",\"datePublished\":\"2017-05-21T10:01:41+00:00\",\"breadcrumb\":{\"@id\":\"https:\/\/elcotarro.com\/?p=4129#breadcrumb\"},\"inLanguage\":\"es\",\"potentialAction\":[{\"@type\":\"ReadAction\",\"target\":[\"https:\/\/elcotarro.com\/?p=4129\"]}]},{\"@type\":\"ImageObject\",\"inLanguage\":\"es\",\"@id\":\"https:\/\/elcotarro.com\/?p=4129#primaryimage\",\"url\":\"https:\/\/elcotarro.com\/wp-content\/uploads\/2017\/05\/FOTO-5.-EMILIO-MORO.jpg\",\"contentUrl\":\"https:\/\/elcotarro.com\/wp-content\/uploads\/2017\/05\/FOTO-5.-EMILIO-MORO.jpg\",\"width\":2016,\"height\":1512},{\"@type\":\"BreadcrumbList\",\"@id\":\"https:\/\/elcotarro.com\/?p=4129#breadcrumb\",\"itemListElement\":[{\"@type\":\"ListItem\",\"position\":1,\"name\":\"Portada\",\"item\":\"https:\/\/elcotarro.com\/\"},{\"@type\":\"ListItem\",\"position\":2,\"name\":\"HACIENDO \u201cPESAS\u201d CON EMILIO MORO\"}]},{\"@type\":\"WebSite\",\"@id\":\"https:\/\/elcotarro.com\/#website\",\"url\":\"https:\/\/elcotarro.com\/\",\"name\":\"El Cotarro\",\"description\":\"Peri\u00f3dico Digital Independiente dirigido por Jos\u00e9 Carlos Marrero\",\"publisher\":{\"@id\":\"https:\/\/elcotarro.com\/#organization\"},\"potentialAction\":[{\"@type\":\"SearchAction\",\"target\":{\"@type\":\"EntryPoint\",\"urlTemplate\":\"https:\/\/elcotarro.com\/?s={search_term_string}\"},\"query-input\":{\"@type\":\"PropertyValueSpecification\",\"valueRequired\":true,\"valueName\":\"search_term_string\"}}],\"inLanguage\":\"es\"},{\"@type\":\"Organization\",\"@id\":\"https:\/\/elcotarro.com\/#organization\",\"name\":\"El Cotarro\",\"url\":\"https:\/\/elcotarro.com\/\",\"logo\":{\"@type\":\"ImageObject\",\"inLanguage\":\"es\",\"@id\":\"https:\/\/elcotarro.com\/#\/schema\/logo\/image\/\",\"url\":\"https:\/\/elcotarro.com\/wp-content\/uploads\/2014\/09\/Cabecera_El_Cotarro_v2.jpg\",\"contentUrl\":\"https:\/\/elcotarro.com\/wp-content\/uploads\/2014\/09\/Cabecera_El_Cotarro_v2.jpg\",\"width\":3540,\"height\":441,\"caption\":\"El Cotarro\"},\"image\":{\"@id\":\"https:\/\/elcotarro.com\/#\/schema\/logo\/image\/\"},\"sameAs\":[\"https:\/\/www.facebook.com\/ElCotarro.Tenerife\"]},{\"@type\":\"Person\",\"@id\":\"https:\/\/elcotarro.com\/#\/schema\/person\/af537ee7d60d15984c7e0affcd8a918b\",\"name\":\"Jos\u00e9 Carlos Marrero Gonz\u00e1lez\",\"image\":{\"@type\":\"ImageObject\",\"inLanguage\":\"es\",\"@id\":\"https:\/\/elcotarro.com\/#\/schema\/person\/image\/\",\"url\":\"https:\/\/secure.gravatar.com\/avatar\/def4da036efb5d32c74d49c351f6dccc064dd69ad9f3aadc295c5a9a5391ca01?s=96&d=mm&r=g\",\"contentUrl\":\"https:\/\/secure.gravatar.com\/avatar\/def4da036efb5d32c74d49c351f6dccc064dd69ad9f3aadc295c5a9a5391ca01?s=96&d=mm&r=g\",\"caption\":\"Jos\u00e9 Carlos Marrero Gonz\u00e1lez\"},\"sameAs\":[\"https:\/\/elcotarro.com\"],\"url\":\"https:\/\/elcotarro.com\/?author=2\"}]}<\/script>\n<!-- \/ Yoast SEO plugin. -->","yoast_head_json":{"title":"HACIENDO \u201cPESAS\u201d CON EMILIO MORO - El Cotarro","robots":{"index":"index","follow":"follow","max-snippet":"max-snippet:-1","max-image-preview":"max-image-preview:large","max-video-preview":"max-video-preview:-1"},"canonical":"https:\/\/elcotarro.com\/?p=4129","og_locale":"es_ES","og_type":"article","og_title":"HACIENDO \u201cPESAS\u201d CON EMILIO MORO - El Cotarro","og_description":"Para concluir, un ejemplo de c\u00f3mo la buena gastronom\u00eda (comer bien y beber moderadamente) puede ayudar a bajar peso. Fue hace unos d\u00edas en la gran cata comentada que, organizada por To\u00f1o Armas (co-propietario y director de El Gusto por el Vino) y bajo el t\u00edtulo \u201cMoro significa Emilio Moro\u201d, fue dirigida por Javier Moro ... Read more","og_url":"https:\/\/elcotarro.com\/?p=4129","og_site_name":"El Cotarro","article_publisher":"https:\/\/www.facebook.com\/ElCotarro.Tenerife","article_published_time":"2017-05-21T10:01:41+00:00","og_image":[{"url":"https:\/\/elcotarro.com\/wp-content\/uploads\/2017\/05\/FOTO-5.-EMILIO-MORO.jpg","type":"","width":"","height":""}],"author":"Jos\u00e9 Carlos Marrero Gonz\u00e1lez","twitter_misc":{"Escrito por":"Jos\u00e9 Carlos Marrero Gonz\u00e1lez","Tiempo de lectura":"1 minuto"},"schema":{"@context":"https:\/\/schema.org","@graph":[{"@type":"Article","@id":"https:\/\/elcotarro.com\/?p=4129#article","isPartOf":{"@id":"https:\/\/elcotarro.com\/?p=4129"},"author":{"name":"Jos\u00e9 Carlos Marrero Gonz\u00e1lez","@id":"https:\/\/elcotarro.com\/#\/schema\/person\/af537ee7d60d15984c7e0affcd8a918b"},"headline":"HACIENDO \u201cPESAS\u201d CON EMILIO MORO","datePublished":"2017-05-21T10:01:41+00:00","mainEntityOfPage":{"@id":"https:\/\/elcotarro.com\/?p=4129"},"wordCount":154,"commentCount":0,"publisher":{"@id":"https:\/\/elcotarro.com\/#organization"},"image":{"@id":"https:\/\/elcotarro.com\/?p=4129#primaryimage"},"thumbnailUrl":"https:\/\/elcotarro.com\/wp-content\/uploads\/2017\/05\/FOTO-5.-EMILIO-MORO.jpg","inLanguage":"es","potentialAction":[{"@type":"CommentAction","name":"Comment","target":["https:\/\/elcotarro.com\/?p=4129#respond"]}]},{"@type":"WebPage","@id":"https:\/\/elcotarro.com\/?p=4129","url":"https:\/\/elcotarro.com\/?p=4129","name":"HACIENDO \u201cPESAS\u201d CON EMILIO MORO - El Cotarro","isPartOf":{"@id":"https:\/\/elcotarro.com\/#website"},"primaryImageOfPage":{"@id":"https:\/\/elcotarro.com\/?p=4129#primaryimage"},"image":{"@id":"https:\/\/elcotarro.com\/?p=4129#primaryimage"},"thumbnailUrl":"https:\/\/elcotarro.com\/wp-content\/uploads\/2017\/05\/FOTO-5.-EMILIO-MORO.jpg","datePublished":"2017-05-21T10:01:41+00:00","breadcrumb":{"@id":"https:\/\/elcotarro.com\/?p=4129#breadcrumb"},"inLanguage":"es","potentialAction":[{"@type":"ReadAction","target":["https:\/\/elcotarro.com\/?p=4129"]}]},{"@type":"ImageObject","inLanguage":"es","@id":"https:\/\/elcotarro.com\/?p=4129#primaryimage","url":"https:\/\/elcotarro.com\/wp-content\/uploads\/2017\/05\/FOTO-5.-EMILIO-MORO.jpg","contentUrl":"https:\/\/elcotarro.com\/wp-content\/uploads\/2017\/05\/FOTO-5.-EMILIO-MORO.jpg","width":2016,"height":1512},{"@type":"BreadcrumbList","@id":"https:\/\/elcotarro.com\/?p=4129#breadcrumb","itemListElement":[{"@type":"ListItem","position":1,"name":"Portada","item":"https:\/\/elcotarro.com\/"},{"@type":"ListItem","position":2,"name":"HACIENDO \u201cPESAS\u201d CON EMILIO MORO"}]},{"@type":"WebSite","@id":"https:\/\/elcotarro.com\/#website","url":"https:\/\/elcotarro.com\/","name":"El Cotarro","description":"Peri\u00f3dico Digital Independiente dirigido por Jos\u00e9 Carlos Marrero","publisher":{"@id":"https:\/\/elcotarro.com\/#organization"},"potentialAction":[{"@type":"SearchAction","target":{"@type":"EntryPoint","urlTemplate":"https:\/\/elcotarro.com\/?s={search_term_string}"},"query-input":{"@type":"PropertyValueSpecification","valueRequired":true,"valueName":"search_term_string"}}],"inLanguage":"es"},{"@type":"Organization","@id":"https:\/\/elcotarro.com\/#organization","name":"El Cotarro","url":"https:\/\/elcotarro.com\/","logo":{"@type":"ImageObject","inLanguage":"es","@id":"https:\/\/elcotarro.com\/#\/schema\/logo\/image\/","url":"https:\/\/elcotarro.com\/wp-content\/uploads\/2014\/09\/Cabecera_El_Cotarro_v2.jpg","contentUrl":"https:\/\/elcotarro.com\/wp-content\/uploads\/2014\/09\/Cabecera_El_Cotarro_v2.jpg","width":3540,"height":441,"caption":"El Cotarro"},"image":{"@id":"https:\/\/elcotarro.com\/#\/schema\/logo\/image\/"},"sameAs":["https:\/\/www.facebook.com\/ElCotarro.Tenerife"]},{"@type":"Person","@id":"https:\/\/elcotarro.com\/#\/schema\/person\/af537ee7d60d15984c7e0affcd8a918b","name":"Jos\u00e9 Carlos Marrero Gonz\u00e1lez","image":{"@type":"ImageObject","inLanguage":"es","@id":"https:\/\/elcotarro.com\/#\/schema\/person\/image\/","url":"https:\/\/secure.gravatar.com\/avatar\/def4da036efb5d32c74d49c351f6dccc064dd69ad9f3aadc295c5a9a5391ca01?s=96&d=mm&r=g","contentUrl":"https:\/\/secure.gravatar.com\/avatar\/def4da036efb5d32c74d49c351f6dccc064dd69ad9f3aadc295c5a9a5391ca01?s=96&d=mm&r=g","caption":"Jos\u00e9 Carlos Marrero Gonz\u00e1lez"},"sameAs":["https:\/\/elcotarro.com"],"url":"https:\/\/elcotarro.com\/?author=2"}]}},"jetpack_featured_media_url":"","jetpack_sharing_enabled":true,"_links":{"self":[{"href":"https:\/\/elcotarro.com\/index.php?rest_route=\/wp\/v2\/posts\/4129","targetHints":{"allow":["GET"]}}],"collection":[{"href":"https:\/\/elcotarro.com\/index.php?rest_route=\/wp\/v2\/posts"}],"about":[{"href":"https:\/\/elcotarro.com\/index.php?rest_route=\/wp\/v2\/types\/post"}],"author":[{"embeddable":true,"href":"https:\/\/elcotarro.com\/index.php?rest_route=\/wp\/v2\/users\/2"}],"replies":[{"embeddable":true,"href":"https:\/\/elcotarro.com\/index.php?rest_route=%2Fwp%2Fv2%2Fcomments&post=4129"}],"version-history":[{"count":1,"href":"https:\/\/elcotarro.com\/index.php?rest_route=\/wp\/v2\/posts\/4129\/revisions"}],"predecessor-version":[{"id":4131,"href":"https:\/\/elcotarro.com\/index.php?rest_route=\/wp\/v2\/posts\/4129\/revisions\/4131"}],"wp:attachment":[{"href":"https:\/\/elcotarro.com\/index.php?rest_route=%2Fwp%2Fv2%2Fmedia&parent=4129"}],"wp:term":[{"taxonomy":"category","embeddable":true,"href":"https:\/\/elcotarro.com\/index.php?rest_route=%2Fwp%2Fv2%2Fcategories&post=4129"},{"taxonomy":"post_tag","embeddable":true,"href":"https:\/\/elcotarro.com\/index.php?rest_route=%2Fwp%2Fv2%2Ftags&post=4129"}],"curies":[{"name":"wp","href":"https:\/\/api.w.org\/{rel}","templated":true}]}}