{"id":4141,"date":"2017-05-28T11:04:42","date_gmt":"2017-05-28T10:04:42","guid":{"rendered":"https:\/\/elcotarro.com\/?p=4141"},"modified":"2017-05-28T10:06:44","modified_gmt":"2017-05-28T09:06:44","slug":"presidencial-atracon-de-jamon","status":"publish","type":"post","link":"https:\/\/elcotarro.com\/?p=4141","title":{"rendered":"PRESIDENCIAL ATRAC\u00d3N DE JAM\u00d3N"},"content":{"rendered":"<p>Creo que el presidente <strong>Carlos Alonso<\/strong> tiene cada vez m\u00e1s claro qui\u00e9n es qui\u00e9n en el sector tinerfe\u00f1o y canario de la gastronom\u00eda y, por ello, \u00e9l mismo, as\u00ed como, entre otros, sus consejeros <strong>Efra\u00edn Medina<\/strong> (Desarrollo Econ\u00f3mico), <strong>Jes\u00fas Morales<\/strong> (Agricultura) y <strong>Alberto Bernab\u00e9<\/strong> (Turismo) cambiaron sus apretadas agendas para estar presentes en muchas de las actividades del Sal\u00f3n. <strong>Carlos Alonso<\/strong> hasta dej\u00f3 de comer m\u00e1s de un d\u00eda para mover reuniones anteriormente previstas, pero a la vista de la foto que les pongo en exclusiva, recuper\u00f3 de largo las prote\u00ednas mientras el jurado del 6\u00ba Campeonato Regional de Corte de Jam\u00f3n de Canarias &#8211; Gran Premio Montesano deliberaba su fallo. Un \u201cdesmayadito\u201d <strong>Carlos Alonso<\/strong> se \u201cmand\u00f3\u201d \u00e9l solito (y \u201ca secas\u201d) un tremendo plato de jam\u00f3n Ib\u00e9rico de Montesano que, a juzgar por la carita del presidente, le sent\u00f3 de maravilla.<\/p>\n<p style=\"text-align: center\"><a href=\"https:\/\/elcotarro.com\/wp-content\/uploads\/2017\/05\/FOTO-2.-CARLOS-ALONSO.jpg\"><img loading=\"lazy\" decoding=\"async\" class=\"alignnone size-full wp-image-4142\" src=\"https:\/\/elcotarro.com\/wp-content\/uploads\/2017\/05\/FOTO-2.-CARLOS-ALONSO.jpg\" alt=\"FOTO 2.- CARLOS ALONSO\" width=\"4032\" height=\"3024\" srcset=\"https:\/\/elcotarro.com\/wp-content\/uploads\/2017\/05\/FOTO-2.-CARLOS-ALONSO.jpg 4032w, https:\/\/elcotarro.com\/wp-content\/uploads\/2017\/05\/FOTO-2.-CARLOS-ALONSO-300x225.jpg 300w, https:\/\/elcotarro.com\/wp-content\/uploads\/2017\/05\/FOTO-2.-CARLOS-ALONSO-1024x768.jpg 1024w\" sizes=\"auto, (max-width: 4032px) 100vw, 4032px\" \/><\/a><\/p>\n<p style=\"text-align: center\"><em>Carlos Alonso \u201cmand\u00e1ndose\u201d el jam\u00f3n Montesano, mientras el jurado delibera.<\/em><\/p>\n","protected":false},"excerpt":{"rendered":"<p>Creo que el presidente Carlos Alonso tiene cada vez m\u00e1s claro qui\u00e9n es qui\u00e9n en el sector tinerfe\u00f1o y canario de la gastronom\u00eda y, por ello, \u00e9l mismo, as\u00ed como, entre otros, sus consejeros Efra\u00edn Medina (Desarrollo Econ\u00f3mico), Jes\u00fas Morales (Agricultura) y Alberto Bernab\u00e9 (Turismo) cambiaron sus apretadas agendas para estar presentes en muchas de &#8230; <a class=\"read-more\" href=\"https:\/\/elcotarro.com\/?p=4141\">Read more<\/a><\/p>\n","protected":false},"author":2,"featured_media":0,"comment_status":"open","ping_status":"open","sticky":false,"template":"","format":"standard","meta":{"_jetpack_memberships_contains_paid_content":false,"footnotes":""},"categories":[1],"tags":[],"class_list":["post-4141","post","type-post","status-publish","format-standard","hentry","category-sin-categoria"],"yoast_head":"<!-- This site is optimized with the Yoast SEO plugin v27.0 - https:\/\/yoast.com\/product\/yoast-seo-wordpress\/ -->\n<title>PRESIDENCIAL ATRAC\u00d3N DE JAM\u00d3N - El Cotarro<\/title>\n<meta name=\"robots\" content=\"index, follow, max-snippet:-1, max-image-preview:large, max-video-preview:-1\" \/>\n<link rel=\"canonical\" href=\"https:\/\/elcotarro.com\/?p=4141\" \/>\n<meta property=\"og:locale\" content=\"es_ES\" \/>\n<meta property=\"og:type\" content=\"article\" \/>\n<meta property=\"og:title\" content=\"PRESIDENCIAL ATRAC\u00d3N DE JAM\u00d3N - El Cotarro\" \/>\n<meta property=\"og:description\" content=\"Creo que el presidente Carlos Alonso tiene cada vez m\u00e1s claro qui\u00e9n es qui\u00e9n en el sector tinerfe\u00f1o y canario de la gastronom\u00eda y, por ello, \u00e9l mismo, as\u00ed como, entre otros, sus consejeros Efra\u00edn Medina (Desarrollo Econ\u00f3mico), Jes\u00fas Morales (Agricultura) y Alberto Bernab\u00e9 (Turismo) cambiaron sus apretadas agendas para estar presentes en muchas de ... Read more\" \/>\n<meta property=\"og:url\" content=\"https:\/\/elcotarro.com\/?p=4141\" \/>\n<meta property=\"og:site_name\" content=\"El Cotarro\" \/>\n<meta property=\"article:publisher\" content=\"https:\/\/www.facebook.com\/ElCotarro.Tenerife\" \/>\n<meta property=\"article:published_time\" content=\"2017-05-28T10:04:42+00:00\" \/>\n<meta property=\"og:image\" content=\"https:\/\/elcotarro.com\/wp-content\/uploads\/2017\/05\/FOTO-2.-CARLOS-ALONSO.jpg\" \/>\n<meta name=\"author\" content=\"Jos\u00e9 Carlos Marrero Gonz\u00e1lez\" \/>\n<meta name=\"twitter:label1\" content=\"Escrito por\" \/>\n\t<meta name=\"twitter:data1\" content=\"Jos\u00e9 Carlos Marrero Gonz\u00e1lez\" \/>\n\t<meta name=\"twitter:label2\" content=\"Tiempo de lectura\" \/>\n\t<meta name=\"twitter:data2\" content=\"1 minuto\" \/>\n<script type=\"application\/ld+json\" class=\"yoast-schema-graph\">{\"@context\":\"https:\/\/schema.org\",\"@graph\":[{\"@type\":\"Article\",\"@id\":\"https:\/\/elcotarro.com\/?p=4141#article\",\"isPartOf\":{\"@id\":\"https:\/\/elcotarro.com\/?p=4141\"},\"author\":{\"name\":\"Jos\u00e9 Carlos Marrero Gonz\u00e1lez\",\"@id\":\"https:\/\/elcotarro.com\/#\/schema\/person\/af537ee7d60d15984c7e0affcd8a918b\"},\"headline\":\"PRESIDENCIAL ATRAC\u00d3N DE JAM\u00d3N\",\"datePublished\":\"2017-05-28T10:04:42+00:00\",\"mainEntityOfPage\":{\"@id\":\"https:\/\/elcotarro.com\/?p=4141\"},\"wordCount\":174,\"commentCount\":0,\"publisher\":{\"@id\":\"https:\/\/elcotarro.com\/#organization\"},\"image\":{\"@id\":\"https:\/\/elcotarro.com\/?p=4141#primaryimage\"},\"thumbnailUrl\":\"https:\/\/elcotarro.com\/wp-content\/uploads\/2017\/05\/FOTO-2.-CARLOS-ALONSO.jpg\",\"inLanguage\":\"es\",\"potentialAction\":[{\"@type\":\"CommentAction\",\"name\":\"Comment\",\"target\":[\"https:\/\/elcotarro.com\/?p=4141#respond\"]}]},{\"@type\":\"WebPage\",\"@id\":\"https:\/\/elcotarro.com\/?p=4141\",\"url\":\"https:\/\/elcotarro.com\/?p=4141\",\"name\":\"PRESIDENCIAL ATRAC\u00d3N DE JAM\u00d3N - El Cotarro\",\"isPartOf\":{\"@id\":\"https:\/\/elcotarro.com\/#website\"},\"primaryImageOfPage\":{\"@id\":\"https:\/\/elcotarro.com\/?p=4141#primaryimage\"},\"image\":{\"@id\":\"https:\/\/elcotarro.com\/?p=4141#primaryimage\"},\"thumbnailUrl\":\"https:\/\/elcotarro.com\/wp-content\/uploads\/2017\/05\/FOTO-2.-CARLOS-ALONSO.jpg\",\"datePublished\":\"2017-05-28T10:04:42+00:00\",\"breadcrumb\":{\"@id\":\"https:\/\/elcotarro.com\/?p=4141#breadcrumb\"},\"inLanguage\":\"es\",\"potentialAction\":[{\"@type\":\"ReadAction\",\"target\":[\"https:\/\/elcotarro.com\/?p=4141\"]}]},{\"@type\":\"ImageObject\",\"inLanguage\":\"es\",\"@id\":\"https:\/\/elcotarro.com\/?p=4141#primaryimage\",\"url\":\"https:\/\/elcotarro.com\/wp-content\/uploads\/2017\/05\/FOTO-2.-CARLOS-ALONSO.jpg\",\"contentUrl\":\"https:\/\/elcotarro.com\/wp-content\/uploads\/2017\/05\/FOTO-2.-CARLOS-ALONSO.jpg\",\"width\":4032,\"height\":3024},{\"@type\":\"BreadcrumbList\",\"@id\":\"https:\/\/elcotarro.com\/?p=4141#breadcrumb\",\"itemListElement\":[{\"@type\":\"ListItem\",\"position\":1,\"name\":\"Portada\",\"item\":\"https:\/\/elcotarro.com\/\"},{\"@type\":\"ListItem\",\"position\":2,\"name\":\"PRESIDENCIAL ATRAC\u00d3N DE JAM\u00d3N\"}]},{\"@type\":\"WebSite\",\"@id\":\"https:\/\/elcotarro.com\/#website\",\"url\":\"https:\/\/elcotarro.com\/\",\"name\":\"El Cotarro\",\"description\":\"Peri\u00f3dico Digital Independiente dirigido por Jos\u00e9 Carlos Marrero\",\"publisher\":{\"@id\":\"https:\/\/elcotarro.com\/#organization\"},\"potentialAction\":[{\"@type\":\"SearchAction\",\"target\":{\"@type\":\"EntryPoint\",\"urlTemplate\":\"https:\/\/elcotarro.com\/?s={search_term_string}\"},\"query-input\":{\"@type\":\"PropertyValueSpecification\",\"valueRequired\":true,\"valueName\":\"search_term_string\"}}],\"inLanguage\":\"es\"},{\"@type\":\"Organization\",\"@id\":\"https:\/\/elcotarro.com\/#organization\",\"name\":\"El Cotarro\",\"url\":\"https:\/\/elcotarro.com\/\",\"logo\":{\"@type\":\"ImageObject\",\"inLanguage\":\"es\",\"@id\":\"https:\/\/elcotarro.com\/#\/schema\/logo\/image\/\",\"url\":\"https:\/\/elcotarro.com\/wp-content\/uploads\/2014\/09\/Cabecera_El_Cotarro_v2.jpg\",\"contentUrl\":\"https:\/\/elcotarro.com\/wp-content\/uploads\/2014\/09\/Cabecera_El_Cotarro_v2.jpg\",\"width\":3540,\"height\":441,\"caption\":\"El Cotarro\"},\"image\":{\"@id\":\"https:\/\/elcotarro.com\/#\/schema\/logo\/image\/\"},\"sameAs\":[\"https:\/\/www.facebook.com\/ElCotarro.Tenerife\"]},{\"@type\":\"Person\",\"@id\":\"https:\/\/elcotarro.com\/#\/schema\/person\/af537ee7d60d15984c7e0affcd8a918b\",\"name\":\"Jos\u00e9 Carlos Marrero Gonz\u00e1lez\",\"image\":{\"@type\":\"ImageObject\",\"inLanguage\":\"es\",\"@id\":\"https:\/\/elcotarro.com\/#\/schema\/person\/image\/\",\"url\":\"https:\/\/secure.gravatar.com\/avatar\/def4da036efb5d32c74d49c351f6dccc064dd69ad9f3aadc295c5a9a5391ca01?s=96&d=mm&r=g\",\"contentUrl\":\"https:\/\/secure.gravatar.com\/avatar\/def4da036efb5d32c74d49c351f6dccc064dd69ad9f3aadc295c5a9a5391ca01?s=96&d=mm&r=g\",\"caption\":\"Jos\u00e9 Carlos Marrero Gonz\u00e1lez\"},\"sameAs\":[\"https:\/\/elcotarro.com\"],\"url\":\"https:\/\/elcotarro.com\/?author=2\"}]}<\/script>\n<!-- \/ Yoast SEO plugin. -->","yoast_head_json":{"title":"PRESIDENCIAL ATRAC\u00d3N DE JAM\u00d3N - El Cotarro","robots":{"index":"index","follow":"follow","max-snippet":"max-snippet:-1","max-image-preview":"max-image-preview:large","max-video-preview":"max-video-preview:-1"},"canonical":"https:\/\/elcotarro.com\/?p=4141","og_locale":"es_ES","og_type":"article","og_title":"PRESIDENCIAL ATRAC\u00d3N DE JAM\u00d3N - El Cotarro","og_description":"Creo que el presidente Carlos Alonso tiene cada vez m\u00e1s claro qui\u00e9n es qui\u00e9n en el sector tinerfe\u00f1o y canario de la gastronom\u00eda y, por ello, \u00e9l mismo, as\u00ed como, entre otros, sus consejeros Efra\u00edn Medina (Desarrollo Econ\u00f3mico), Jes\u00fas Morales (Agricultura) y Alberto Bernab\u00e9 (Turismo) cambiaron sus apretadas agendas para estar presentes en muchas de ... Read more","og_url":"https:\/\/elcotarro.com\/?p=4141","og_site_name":"El Cotarro","article_publisher":"https:\/\/www.facebook.com\/ElCotarro.Tenerife","article_published_time":"2017-05-28T10:04:42+00:00","og_image":[{"url":"https:\/\/elcotarro.com\/wp-content\/uploads\/2017\/05\/FOTO-2.-CARLOS-ALONSO.jpg","type":"","width":"","height":""}],"author":"Jos\u00e9 Carlos Marrero Gonz\u00e1lez","twitter_misc":{"Escrito por":"Jos\u00e9 Carlos Marrero Gonz\u00e1lez","Tiempo de lectura":"1 minuto"},"schema":{"@context":"https:\/\/schema.org","@graph":[{"@type":"Article","@id":"https:\/\/elcotarro.com\/?p=4141#article","isPartOf":{"@id":"https:\/\/elcotarro.com\/?p=4141"},"author":{"name":"Jos\u00e9 Carlos Marrero Gonz\u00e1lez","@id":"https:\/\/elcotarro.com\/#\/schema\/person\/af537ee7d60d15984c7e0affcd8a918b"},"headline":"PRESIDENCIAL ATRAC\u00d3N DE JAM\u00d3N","datePublished":"2017-05-28T10:04:42+00:00","mainEntityOfPage":{"@id":"https:\/\/elcotarro.com\/?p=4141"},"wordCount":174,"commentCount":0,"publisher":{"@id":"https:\/\/elcotarro.com\/#organization"},"image":{"@id":"https:\/\/elcotarro.com\/?p=4141#primaryimage"},"thumbnailUrl":"https:\/\/elcotarro.com\/wp-content\/uploads\/2017\/05\/FOTO-2.-CARLOS-ALONSO.jpg","inLanguage":"es","potentialAction":[{"@type":"CommentAction","name":"Comment","target":["https:\/\/elcotarro.com\/?p=4141#respond"]}]},{"@type":"WebPage","@id":"https:\/\/elcotarro.com\/?p=4141","url":"https:\/\/elcotarro.com\/?p=4141","name":"PRESIDENCIAL ATRAC\u00d3N DE JAM\u00d3N - El Cotarro","isPartOf":{"@id":"https:\/\/elcotarro.com\/#website"},"primaryImageOfPage":{"@id":"https:\/\/elcotarro.com\/?p=4141#primaryimage"},"image":{"@id":"https:\/\/elcotarro.com\/?p=4141#primaryimage"},"thumbnailUrl":"https:\/\/elcotarro.com\/wp-content\/uploads\/2017\/05\/FOTO-2.-CARLOS-ALONSO.jpg","datePublished":"2017-05-28T10:04:42+00:00","breadcrumb":{"@id":"https:\/\/elcotarro.com\/?p=4141#breadcrumb"},"inLanguage":"es","potentialAction":[{"@type":"ReadAction","target":["https:\/\/elcotarro.com\/?p=4141"]}]},{"@type":"ImageObject","inLanguage":"es","@id":"https:\/\/elcotarro.com\/?p=4141#primaryimage","url":"https:\/\/elcotarro.com\/wp-content\/uploads\/2017\/05\/FOTO-2.-CARLOS-ALONSO.jpg","contentUrl":"https:\/\/elcotarro.com\/wp-content\/uploads\/2017\/05\/FOTO-2.-CARLOS-ALONSO.jpg","width":4032,"height":3024},{"@type":"BreadcrumbList","@id":"https:\/\/elcotarro.com\/?p=4141#breadcrumb","itemListElement":[{"@type":"ListItem","position":1,"name":"Portada","item":"https:\/\/elcotarro.com\/"},{"@type":"ListItem","position":2,"name":"PRESIDENCIAL ATRAC\u00d3N DE JAM\u00d3N"}]},{"@type":"WebSite","@id":"https:\/\/elcotarro.com\/#website","url":"https:\/\/elcotarro.com\/","name":"El Cotarro","description":"Peri\u00f3dico Digital Independiente dirigido por Jos\u00e9 Carlos Marrero","publisher":{"@id":"https:\/\/elcotarro.com\/#organization"},"potentialAction":[{"@type":"SearchAction","target":{"@type":"EntryPoint","urlTemplate":"https:\/\/elcotarro.com\/?s={search_term_string}"},"query-input":{"@type":"PropertyValueSpecification","valueRequired":true,"valueName":"search_term_string"}}],"inLanguage":"es"},{"@type":"Organization","@id":"https:\/\/elcotarro.com\/#organization","name":"El Cotarro","url":"https:\/\/elcotarro.com\/","logo":{"@type":"ImageObject","inLanguage":"es","@id":"https:\/\/elcotarro.com\/#\/schema\/logo\/image\/","url":"https:\/\/elcotarro.com\/wp-content\/uploads\/2014\/09\/Cabecera_El_Cotarro_v2.jpg","contentUrl":"https:\/\/elcotarro.com\/wp-content\/uploads\/2014\/09\/Cabecera_El_Cotarro_v2.jpg","width":3540,"height":441,"caption":"El Cotarro"},"image":{"@id":"https:\/\/elcotarro.com\/#\/schema\/logo\/image\/"},"sameAs":["https:\/\/www.facebook.com\/ElCotarro.Tenerife"]},{"@type":"Person","@id":"https:\/\/elcotarro.com\/#\/schema\/person\/af537ee7d60d15984c7e0affcd8a918b","name":"Jos\u00e9 Carlos Marrero Gonz\u00e1lez","image":{"@type":"ImageObject","inLanguage":"es","@id":"https:\/\/elcotarro.com\/#\/schema\/person\/image\/","url":"https:\/\/secure.gravatar.com\/avatar\/def4da036efb5d32c74d49c351f6dccc064dd69ad9f3aadc295c5a9a5391ca01?s=96&d=mm&r=g","contentUrl":"https:\/\/secure.gravatar.com\/avatar\/def4da036efb5d32c74d49c351f6dccc064dd69ad9f3aadc295c5a9a5391ca01?s=96&d=mm&r=g","caption":"Jos\u00e9 Carlos Marrero Gonz\u00e1lez"},"sameAs":["https:\/\/elcotarro.com"],"url":"https:\/\/elcotarro.com\/?author=2"}]}},"jetpack_featured_media_url":"","jetpack_sharing_enabled":true,"_links":{"self":[{"href":"https:\/\/elcotarro.com\/index.php?rest_route=\/wp\/v2\/posts\/4141","targetHints":{"allow":["GET"]}}],"collection":[{"href":"https:\/\/elcotarro.com\/index.php?rest_route=\/wp\/v2\/posts"}],"about":[{"href":"https:\/\/elcotarro.com\/index.php?rest_route=\/wp\/v2\/types\/post"}],"author":[{"embeddable":true,"href":"https:\/\/elcotarro.com\/index.php?rest_route=\/wp\/v2\/users\/2"}],"replies":[{"embeddable":true,"href":"https:\/\/elcotarro.com\/index.php?rest_route=%2Fwp%2Fv2%2Fcomments&post=4141"}],"version-history":[{"count":1,"href":"https:\/\/elcotarro.com\/index.php?rest_route=\/wp\/v2\/posts\/4141\/revisions"}],"predecessor-version":[{"id":4143,"href":"https:\/\/elcotarro.com\/index.php?rest_route=\/wp\/v2\/posts\/4141\/revisions\/4143"}],"wp:attachment":[{"href":"https:\/\/elcotarro.com\/index.php?rest_route=%2Fwp%2Fv2%2Fmedia&parent=4141"}],"wp:term":[{"taxonomy":"category","embeddable":true,"href":"https:\/\/elcotarro.com\/index.php?rest_route=%2Fwp%2Fv2%2Fcategories&post=4141"},{"taxonomy":"post_tag","embeddable":true,"href":"https:\/\/elcotarro.com\/index.php?rest_route=%2Fwp%2Fv2%2Ftags&post=4141"}],"curies":[{"name":"wp","href":"https:\/\/api.w.org\/{rel}","templated":true}]}}